{"id":38079,"date":"2023-05-11T15:08:36","date_gmt":"2023-05-11T18:08:36","guid":{"rendered":"https:\/\/www.legistdf.gob.ar\/?p=38079"},"modified":"2023-05-11T15:08:36","modified_gmt":"2023-05-11T18:08:36","slug":"salud-urquiza-resalto-la-obra-del-sector-hemodinamia-del-hospital-loffler-de-rio-grande","status":"publish","type":"post","link":"https:\/\/www.legistdf.gob.ar\/index.php\/2023\/05\/11\/salud-urquiza-resalto-la-obra-del-sector-hemodinamia-del-hospital-loffler-de-rio-grande\/","title":{"rendered":"SALUD: Urquiza resalt\u00f3 la obra del sector hemodinamia del hospital L\u00f6ffler de R\u00edo Grande"},"content":{"rendered":"<p><span style=\"font-family: arial, helvetica, sans-serif;font-size: 14pt\"><strong><img loading=\"lazy\" decoding=\"async\" data-attachment-id=\"38081\" data-permalink=\"https:\/\/www.legistdf.gob.ar\/index.php\/2023\/05\/11\/salud-urquiza-resalto-la-obra-del-sector-hemodinamia-del-hospital-loffler-de-rio-grande\/2-279\/\" data-orig-file=\"https:\/\/www.legistdf.gob.ar\/wp-content\/uploads\/2023\/05\/2-6.jpg\" data-orig-size=\"1200,801\" data-comments-opened=\"0\" data-image-meta=\"{&quot;aperture&quot;:&quot;4&quot;,&quot;credit&quot;:&quot;&quot;,&quot;camera&quot;:&quot;NIKON D750&quot;,&quot;caption&quot;:&quot;&quot;,&quot;created_timestamp&quot;:&quot;1683734277&quot;,&quot;copyright&quot;:&quot;&quot;,&quot;focal_length&quot;:&quot;35&quot;,&quot;iso&quot;:&quot;2200&quot;,&quot;shutter_speed&quot;:&quot;0.016666666666667&quot;,&quot;title&quot;:&quot;&quot;,&quot;orientation&quot;:&quot;0&quot;}\" data-image-title=\"2\" data-image-description=\"\" data-image-caption=\"\" data-medium-file=\"https:\/\/www.legistdf.gob.ar\/wp-content\/uploads\/2023\/05\/2-6-300x200.jpg\" data-large-file=\"https:\/\/www.legistdf.gob.ar\/wp-content\/uploads\/2023\/05\/2-6-1024x684.jpg\" class=\"alignleft wp-image-38081 size-medium\" src=\"https:\/\/www.legistdf.gob.ar\/wp-content\/uploads\/2023\/05\/2-6-300x200.jpg\" alt=\"\" width=\"300\" height=\"200\" srcset=\"https:\/\/www.legistdf.gob.ar\/wp-content\/uploads\/2023\/05\/2-6-300x200.jpg 300w, https:\/\/www.legistdf.gob.ar\/wp-content\/uploads\/2023\/05\/2-6-768x513.jpg 768w, https:\/\/www.legistdf.gob.ar\/wp-content\/uploads\/2023\/05\/2-6-1024x684.jpg 1024w, https:\/\/www.legistdf.gob.ar\/wp-content\/uploads\/2023\/05\/2-6-160x107.jpg 160w, https:\/\/www.legistdf.gob.ar\/wp-content\/uploads\/2023\/05\/2-6.jpg 1200w\" sizes=\"(max-width: 300px) 100vw, 300px\" \/>R\u00edo Grande, jueves 11 de mayo de 2023.- La titular de la Legislatura fueguina, vicegobernadora M\u00f3nica Urquiza recorri\u00f3 las instalaciones del sector de hemodinamia del hospital Dr. Ernesto L\u00f6ffler de R\u00edo Grande junto al Gobernador de la Provincia, prof. Gustavo Melella. El \u00e1rea,\u00a0 dise\u00f1ada hace dos a\u00f1os, previo a la pandemia por COVID-19, buscar\u00e1 realizar estudios para dar lugar a determinados diagn\u00f3sticos coronarios y tambi\u00e9n neurol\u00f3gicos.<\/strong><\/span><\/p>\n<p>&nbsp;<\/p>\n<p><span style=\"font-family: arial, helvetica, sans-serif;font-size: 12pt\">El nuevo sector, que se espera inaugurar a la brevedad,\u00a0 est\u00e1 proyectado y en obra \u201cprevio a la pandemia por COVID-19\u201d, se\u00f1alaron m\u00e9dicos especialistas que trabajan en ese nosocomio. Se trata de dependencias que albergar\u00e1n \u00e1rea administrativa, m\u00e9dica y dep\u00f3sito. El espacio requiere de mano de obra especializada y por ese motivo, las y los facultativos son formados como cardi\u00f3logos y luego, \u201ctres a\u00f1os m\u00e1s de hemodinamia. Son m\u00e9dicos cardi\u00f3logos hemodinamistas\u201d, aclararon ayer durante la visita de las autoridades fueguinas.<\/span><\/p>\n<p>&nbsp;<\/p>\n<p><span style=\"font-family: arial, helvetica, sans-serif;font-size: 12pt\"><img loading=\"lazy\" decoding=\"async\" data-attachment-id=\"38080\" data-permalink=\"https:\/\/www.legistdf.gob.ar\/index.php\/2023\/05\/11\/salud-urquiza-resalto-la-obra-del-sector-hemodinamia-del-hospital-loffler-de-rio-grande\/1-288\/\" data-orig-file=\"https:\/\/www.legistdf.gob.ar\/wp-content\/uploads\/2023\/05\/1-6.jpg\" data-orig-size=\"1200,801\" data-comments-opened=\"0\" data-image-meta=\"{&quot;aperture&quot;:&quot;4.5&quot;,&quot;credit&quot;:&quot;&quot;,&quot;camera&quot;:&quot;NIKON D750&quot;,&quot;caption&quot;:&quot;&quot;,&quot;created_timestamp&quot;:&quot;1683732242&quot;,&quot;copyright&quot;:&quot;&quot;,&quot;focal_length&quot;:&quot;38&quot;,&quot;iso&quot;:&quot;400&quot;,&quot;shutter_speed&quot;:&quot;0.0125&quot;,&quot;title&quot;:&quot;&quot;,&quot;orientation&quot;:&quot;0&quot;}\" data-image-title=\"1\" data-image-description=\"\" data-image-caption=\"\" data-medium-file=\"https:\/\/www.legistdf.gob.ar\/wp-content\/uploads\/2023\/05\/1-6-300x200.jpg\" data-large-file=\"https:\/\/www.legistdf.gob.ar\/wp-content\/uploads\/2023\/05\/1-6-1024x684.jpg\" class=\"alignright wp-image-38080 size-medium\" src=\"https:\/\/www.legistdf.gob.ar\/wp-content\/uploads\/2023\/05\/1-6-300x200.jpg\" alt=\"\" width=\"300\" height=\"200\" srcset=\"https:\/\/www.legistdf.gob.ar\/wp-content\/uploads\/2023\/05\/1-6-300x200.jpg 300w, https:\/\/www.legistdf.gob.ar\/wp-content\/uploads\/2023\/05\/1-6-768x513.jpg 768w, https:\/\/www.legistdf.gob.ar\/wp-content\/uploads\/2023\/05\/1-6-1024x684.jpg 1024w, https:\/\/www.legistdf.gob.ar\/wp-content\/uploads\/2023\/05\/1-6-160x107.jpg 160w, https:\/\/www.legistdf.gob.ar\/wp-content\/uploads\/2023\/05\/1-6.jpg 1200w\" sizes=\"(max-width: 300px) 100vw, 300px\" \/>La Vicegobernadora de Tierra del Fuego, record\u00f3 el trabajo sanitario que llev\u00f3 adelante el personal del sistema de salud fueguino durante la cuarentena por la pandemia por COVID-19 y dijo: \u201cA pesar de ese instante de dolor e incertidumbre, continuamos proyectando una salud para todas y todos los fueguinos. Accesible y de calidad humana\u201d. As\u00ed, celebr\u00f3 el avance de la obra que contar\u00e1 con equipamiento de \u00faltima generaci\u00f3n, \u201cy profesionales altamente capacitados y formados\u201d.<\/span><\/p>\n<p>&nbsp;<\/p>\n<p><span style=\"font-family: arial, helvetica, sans-serif;font-size: 12pt\">Urquiza explic\u00f3 que se dise\u00f1\u00f3 el \u00e1rea en el hospital L\u00f6ffler, debido \u201ca la alta complejidad de las pr\u00e1cticas que se llevan adelante, la gesti\u00f3n administrativa dedicada y la necesidad de un espacio para dep\u00f3sito\u201d.<\/span><\/p>\n<p>&nbsp;<\/p>\n<p><span style=\"font-family: arial, helvetica, sans-serif;font-size: 12pt\">Cabe se\u00f1alar que el m\u00e9dico cardi\u00f3logo Julio Heiber especific\u00f3 que en el quir\u00f3fano, con el que contar\u00e1 el sector, ser\u00e1 de car\u00e1cter h\u00edbrido. Es decir, \u201cse podr\u00e1n realizar procedimientos neurol\u00f3gicos y perif\u00e9ricos\u201d, explic\u00f3 ayer a Prensa Legislativa. En este punto, ejemplific\u00f3: \u201cEstudio, diagn\u00f3stico y tratamiento de aneurisma cerebral\u201d.<\/span><\/p>\n<p>&nbsp;<\/p>\n<p><span style=\"font-family: arial, helvetica, sans-serif;font-size: 12pt\"><img loading=\"lazy\" decoding=\"async\" data-attachment-id=\"38084\" data-permalink=\"https:\/\/www.legistdf.gob.ar\/index.php\/2023\/05\/11\/salud-urquiza-resalto-la-obra-del-sector-hemodinamia-del-hospital-loffler-de-rio-grande\/5-172\/\" data-orig-file=\"https:\/\/www.legistdf.gob.ar\/wp-content\/uploads\/2023\/05\/5-3.jpg\" data-orig-size=\"1200,801\" data-comments-opened=\"0\" data-image-meta=\"{&quot;aperture&quot;:&quot;4&quot;,&quot;credit&quot;:&quot;&quot;,&quot;camera&quot;:&quot;NIKON D750&quot;,&quot;caption&quot;:&quot;&quot;,&quot;created_timestamp&quot;:&quot;1683733608&quot;,&quot;copyright&quot;:&quot;&quot;,&quot;focal_length&quot;:&quot;24&quot;,&quot;iso&quot;:&quot;450&quot;,&quot;shutter_speed&quot;:&quot;0.016666666666667&quot;,&quot;title&quot;:&quot;&quot;,&quot;orientation&quot;:&quot;0&quot;}\" data-image-title=\"5\" data-image-description=\"\" data-image-caption=\"\" data-medium-file=\"https:\/\/www.legistdf.gob.ar\/wp-content\/uploads\/2023\/05\/5-3-300x200.jpg\" data-large-file=\"https:\/\/www.legistdf.gob.ar\/wp-content\/uploads\/2023\/05\/5-3-1024x684.jpg\" class=\"alignleft wp-image-38084 size-medium\" src=\"https:\/\/www.legistdf.gob.ar\/wp-content\/uploads\/2023\/05\/5-3-300x200.jpg\" alt=\"\" width=\"300\" height=\"200\" srcset=\"https:\/\/www.legistdf.gob.ar\/wp-content\/uploads\/2023\/05\/5-3-300x200.jpg 300w, https:\/\/www.legistdf.gob.ar\/wp-content\/uploads\/2023\/05\/5-3-768x513.jpg 768w, https:\/\/www.legistdf.gob.ar\/wp-content\/uploads\/2023\/05\/5-3-1024x684.jpg 1024w, https:\/\/www.legistdf.gob.ar\/wp-content\/uploads\/2023\/05\/5-3-160x107.jpg 160w, https:\/\/www.legistdf.gob.ar\/wp-content\/uploads\/2023\/05\/5-3.jpg 1200w\" sizes=\"(max-width: 300px) 100vw, 300px\" \/>La nueva \u00e1rea, evitar\u00e1 trasladar a pacientes a Ushuaia. \u201cEn una urgencia, trasladar al paciente o al m\u00e9dico, es un riego. El paciente en estado de urgencia es m\u00e1s riesgoso y el m\u00e9dico, tambi\u00e9n\u201d. Desde la habilitaci\u00f3n del sector, podremos evitar la cordillera \u2013para viajar al sur de la Provincia-, tener el servicio 24 horas los siete d\u00edas de la semana, de car\u00e1cter p\u00fablico\u201d, grafic\u00f3 Heiber.<\/span><\/p>\n<p>&nbsp;<\/p>\n<p><span style=\"font-family: arial, helvetica, sans-serif;font-size: 12pt\">Tambi\u00e9n, recorrieron el sector de ginecolog\u00eda, donde apreciaron nuevo mobiliario para esa \u00e1rea.<\/span><\/p>\n<p>&nbsp;<\/p>\n<p><span style=\"font-family: arial, helvetica, sans-serif;font-size: 12pt\">De la visita fueron parte tambi\u00e9n, el presidente de la bancada de FORJA en la Legislatura, Federico Greve; la titular de la cartera de Salud, Judith Di Giglio;\u00a0 de Obras y Servicios P\u00fablicos, Gabriela Castillo y funcionarios t\u00e9cnicos, m\u00e9dicos y personal de enfermer\u00eda.<\/span><\/p>\n<p>&nbsp;<\/p>\n<p style=\"text-align: right\"><em>AT-AH<\/em><\/p>\n<p style=\"text-align: right\"><a href=\"https:\/\/drive.google.com\/drive\/folders\/1U7e3yE0Ky0pEdCiOrEISHOU7fymN9jE0?usp=share_link\" target=\"_blank\" rel=\"noopener noreferrer\"><em>Galer\u00eda de im\u00e1genes<\/em><\/a><\/p>\n\n\t\t<style type=\"text\/css\">\n\t\t\t#gallery-1 {\n\t\t\t\tmargin: auto;\n\t\t\t}\n\t\t\t#gallery-1 .gallery-item {\n\t\t\t\tfloat: left;\n\t\t\t\tmargin-top: 10px;\n\t\t\t\ttext-align: center;\n\t\t\t\twidth: 20%;\n\t\t\t}\n\t\t\t#gallery-1 img {\n\t\t\t\tborder: 2px solid #cfcfcf;\n\t\t\t}\n\t\t\t#gallery-1 .gallery-caption {\n\t\t\t\tmargin-left: 0;\n\t\t\t}\n\t\t\t\/* see gallery_shortcode() in wp-includes\/media.php *\/\n\t\t<\/style>\n\t\t<div data-carousel-extra='{\"blog_id\":1,\"permalink\":\"https:\\\/\\\/www.legistdf.gob.ar\\\/index.php\\\/2023\\\/05\\\/11\\\/salud-urquiza-resalto-la-obra-del-sector-hemodinamia-del-hospital-loffler-de-rio-grande\\\/\"}' id='gallery-1' class='gallery galleryid-38079 gallery-columns-5 gallery-size-thumbnail'><dl class='gallery-item'>\n\t\t\t<dt class='gallery-icon landscape'>\n\t\t\t\t<a href='https:\/\/www.legistdf.gob.ar\/index.php\/2023\/05\/11\/salud-urquiza-resalto-la-obra-del-sector-hemodinamia-del-hospital-loffler-de-rio-grande\/1-288\/'><img loading=\"lazy\" decoding=\"async\" width=\"150\" height=\"150\" src=\"https:\/\/www.legistdf.gob.ar\/wp-content\/uploads\/2023\/05\/1-6-150x150.jpg\" class=\"attachment-thumbnail size-thumbnail\" alt=\"\" srcset=\"https:\/\/www.legistdf.gob.ar\/wp-content\/uploads\/2023\/05\/1-6-150x150.jpg 150w, https:\/\/www.legistdf.gob.ar\/wp-content\/uploads\/2023\/05\/1-6-64x64.jpg 64w\" sizes=\"(max-width: 150px) 100vw, 150px\" data-attachment-id=\"38080\" data-permalink=\"https:\/\/www.legistdf.gob.ar\/index.php\/2023\/05\/11\/salud-urquiza-resalto-la-obra-del-sector-hemodinamia-del-hospital-loffler-de-rio-grande\/1-288\/\" data-orig-file=\"https:\/\/www.legistdf.gob.ar\/wp-content\/uploads\/2023\/05\/1-6.jpg\" data-orig-size=\"1200,801\" data-comments-opened=\"0\" data-image-meta=\"{&quot;aperture&quot;:&quot;4.5&quot;,&quot;credit&quot;:&quot;&quot;,&quot;camera&quot;:&quot;NIKON D750&quot;,&quot;caption&quot;:&quot;&quot;,&quot;created_timestamp&quot;:&quot;1683732242&quot;,&quot;copyright&quot;:&quot;&quot;,&quot;focal_length&quot;:&quot;38&quot;,&quot;iso&quot;:&quot;400&quot;,&quot;shutter_speed&quot;:&quot;0.0125&quot;,&quot;title&quot;:&quot;&quot;,&quot;orientation&quot;:&quot;0&quot;}\" data-image-title=\"1\" data-image-description=\"\" data-image-caption=\"\" data-medium-file=\"https:\/\/www.legistdf.gob.ar\/wp-content\/uploads\/2023\/05\/1-6-300x200.jpg\" data-large-file=\"https:\/\/www.legistdf.gob.ar\/wp-content\/uploads\/2023\/05\/1-6-1024x684.jpg\" \/><\/a>\n\t\t\t<\/dt><\/dl><dl class='gallery-item'>\n\t\t\t<dt class='gallery-icon landscape'>\n\t\t\t\t<a href='https:\/\/www.legistdf.gob.ar\/index.php\/2023\/05\/11\/salud-urquiza-resalto-la-obra-del-sector-hemodinamia-del-hospital-loffler-de-rio-grande\/2-279\/'><img loading=\"lazy\" decoding=\"async\" width=\"150\" height=\"150\" src=\"https:\/\/www.legistdf.gob.ar\/wp-content\/uploads\/2023\/05\/2-6-150x150.jpg\" class=\"attachment-thumbnail size-thumbnail\" alt=\"\" srcset=\"https:\/\/www.legistdf.gob.ar\/wp-content\/uploads\/2023\/05\/2-6-150x150.jpg 150w, https:\/\/www.legistdf.gob.ar\/wp-content\/uploads\/2023\/05\/2-6-64x64.jpg 64w\" sizes=\"(max-width: 150px) 100vw, 150px\" data-attachment-id=\"38081\" data-permalink=\"https:\/\/www.legistdf.gob.ar\/index.php\/2023\/05\/11\/salud-urquiza-resalto-la-obra-del-sector-hemodinamia-del-hospital-loffler-de-rio-grande\/2-279\/\" data-orig-file=\"https:\/\/www.legistdf.gob.ar\/wp-content\/uploads\/2023\/05\/2-6.jpg\" data-orig-size=\"1200,801\" data-comments-opened=\"0\" data-image-meta=\"{&quot;aperture&quot;:&quot;4&quot;,&quot;credit&quot;:&quot;&quot;,&quot;camera&quot;:&quot;NIKON D750&quot;,&quot;caption&quot;:&quot;&quot;,&quot;created_timestamp&quot;:&quot;1683734277&quot;,&quot;copyright&quot;:&quot;&quot;,&quot;focal_length&quot;:&quot;35&quot;,&quot;iso&quot;:&quot;2200&quot;,&quot;shutter_speed&quot;:&quot;0.016666666666667&quot;,&quot;title&quot;:&quot;&quot;,&quot;orientation&quot;:&quot;0&quot;}\" data-image-title=\"2\" data-image-description=\"\" data-image-caption=\"\" data-medium-file=\"https:\/\/www.legistdf.gob.ar\/wp-content\/uploads\/2023\/05\/2-6-300x200.jpg\" data-large-file=\"https:\/\/www.legistdf.gob.ar\/wp-content\/uploads\/2023\/05\/2-6-1024x684.jpg\" \/><\/a>\n\t\t\t<\/dt><\/dl><dl class='gallery-item'>\n\t\t\t<dt class='gallery-icon landscape'>\n\t\t\t\t<a href='https:\/\/www.legistdf.gob.ar\/index.php\/2023\/05\/11\/salud-urquiza-resalto-la-obra-del-sector-hemodinamia-del-hospital-loffler-de-rio-grande\/3-247\/'><img loading=\"lazy\" decoding=\"async\" width=\"150\" height=\"150\" src=\"https:\/\/www.legistdf.gob.ar\/wp-content\/uploads\/2023\/05\/3-6-150x150.jpg\" class=\"attachment-thumbnail size-thumbnail\" alt=\"\" srcset=\"https:\/\/www.legistdf.gob.ar\/wp-content\/uploads\/2023\/05\/3-6-150x150.jpg 150w, https:\/\/www.legistdf.gob.ar\/wp-content\/uploads\/2023\/05\/3-6-64x64.jpg 64w\" sizes=\"(max-width: 150px) 100vw, 150px\" data-attachment-id=\"38082\" data-permalink=\"https:\/\/www.legistdf.gob.ar\/index.php\/2023\/05\/11\/salud-urquiza-resalto-la-obra-del-sector-hemodinamia-del-hospital-loffler-de-rio-grande\/3-247\/\" data-orig-file=\"https:\/\/www.legistdf.gob.ar\/wp-content\/uploads\/2023\/05\/3-6.jpg\" data-orig-size=\"1200,801\" data-comments-opened=\"0\" data-image-meta=\"{&quot;aperture&quot;:&quot;4&quot;,&quot;credit&quot;:&quot;&quot;,&quot;camera&quot;:&quot;NIKON D750&quot;,&quot;caption&quot;:&quot;&quot;,&quot;created_timestamp&quot;:&quot;1683732079&quot;,&quot;copyright&quot;:&quot;&quot;,&quot;focal_length&quot;:&quot;55&quot;,&quot;iso&quot;:&quot;1000&quot;,&quot;shutter_speed&quot;:&quot;0.016666666666667&quot;,&quot;title&quot;:&quot;&quot;,&quot;orientation&quot;:&quot;0&quot;}\" data-image-title=\"3\" data-image-description=\"\" data-image-caption=\"\" data-medium-file=\"https:\/\/www.legistdf.gob.ar\/wp-content\/uploads\/2023\/05\/3-6-300x200.jpg\" data-large-file=\"https:\/\/www.legistdf.gob.ar\/wp-content\/uploads\/2023\/05\/3-6-1024x684.jpg\" \/><\/a>\n\t\t\t<\/dt><\/dl><dl class='gallery-item'>\n\t\t\t<dt class='gallery-icon landscape'>\n\t\t\t\t<a href='https:\/\/www.legistdf.gob.ar\/index.php\/2023\/05\/11\/salud-urquiza-resalto-la-obra-del-sector-hemodinamia-del-hospital-loffler-de-rio-grande\/4-207\/'><img loading=\"lazy\" decoding=\"async\" width=\"150\" height=\"150\" src=\"https:\/\/www.legistdf.gob.ar\/wp-content\/uploads\/2023\/05\/4-5-150x150.jpg\" class=\"attachment-thumbnail size-thumbnail\" alt=\"\" srcset=\"https:\/\/www.legistdf.gob.ar\/wp-content\/uploads\/2023\/05\/4-5-150x150.jpg 150w, https:\/\/www.legistdf.gob.ar\/wp-content\/uploads\/2023\/05\/4-5-64x64.jpg 64w\" sizes=\"(max-width: 150px) 100vw, 150px\" data-attachment-id=\"38083\" data-permalink=\"https:\/\/www.legistdf.gob.ar\/index.php\/2023\/05\/11\/salud-urquiza-resalto-la-obra-del-sector-hemodinamia-del-hospital-loffler-de-rio-grande\/4-207\/\" data-orig-file=\"https:\/\/www.legistdf.gob.ar\/wp-content\/uploads\/2023\/05\/4-5.jpg\" data-orig-size=\"1200,801\" data-comments-opened=\"0\" data-image-meta=\"{&quot;aperture&quot;:&quot;7.1&quot;,&quot;credit&quot;:&quot;&quot;,&quot;camera&quot;:&quot;NIKON D750&quot;,&quot;caption&quot;:&quot;&quot;,&quot;created_timestamp&quot;:&quot;1683732121&quot;,&quot;copyright&quot;:&quot;&quot;,&quot;focal_length&quot;:&quot;24&quot;,&quot;iso&quot;:&quot;400&quot;,&quot;shutter_speed&quot;:&quot;0.005&quot;,&quot;title&quot;:&quot;&quot;,&quot;orientation&quot;:&quot;0&quot;}\" data-image-title=\"4\" data-image-description=\"\" data-image-caption=\"\" data-medium-file=\"https:\/\/www.legistdf.gob.ar\/wp-content\/uploads\/2023\/05\/4-5-300x200.jpg\" data-large-file=\"https:\/\/www.legistdf.gob.ar\/wp-content\/uploads\/2023\/05\/4-5-1024x684.jpg\" \/><\/a>\n\t\t\t<\/dt><\/dl><dl class='gallery-item'>\n\t\t\t<dt class='gallery-icon landscape'>\n\t\t\t\t<a href='https:\/\/www.legistdf.gob.ar\/index.php\/2023\/05\/11\/salud-urquiza-resalto-la-obra-del-sector-hemodinamia-del-hospital-loffler-de-rio-grande\/5-172\/'><img loading=\"lazy\" decoding=\"async\" width=\"150\" height=\"150\" src=\"https:\/\/www.legistdf.gob.ar\/wp-content\/uploads\/2023\/05\/5-3-150x150.jpg\" class=\"attachment-thumbnail size-thumbnail\" alt=\"\" srcset=\"https:\/\/www.legistdf.gob.ar\/wp-content\/uploads\/2023\/05\/5-3-150x150.jpg 150w, https:\/\/www.legistdf.gob.ar\/wp-content\/uploads\/2023\/05\/5-3-64x64.jpg 64w\" sizes=\"(max-width: 150px) 100vw, 150px\" data-attachment-id=\"38084\" data-permalink=\"https:\/\/www.legistdf.gob.ar\/index.php\/2023\/05\/11\/salud-urquiza-resalto-la-obra-del-sector-hemodinamia-del-hospital-loffler-de-rio-grande\/5-172\/\" data-orig-file=\"https:\/\/www.legistdf.gob.ar\/wp-content\/uploads\/2023\/05\/5-3.jpg\" data-orig-size=\"1200,801\" data-comments-opened=\"0\" data-image-meta=\"{&quot;aperture&quot;:&quot;4&quot;,&quot;credit&quot;:&quot;&quot;,&quot;camera&quot;:&quot;NIKON D750&quot;,&quot;caption&quot;:&quot;&quot;,&quot;created_timestamp&quot;:&quot;1683733608&quot;,&quot;copyright&quot;:&quot;&quot;,&quot;focal_length&quot;:&quot;24&quot;,&quot;iso&quot;:&quot;450&quot;,&quot;shutter_speed&quot;:&quot;0.016666666666667&quot;,&quot;title&quot;:&quot;&quot;,&quot;orientation&quot;:&quot;0&quot;}\" data-image-title=\"5\" data-image-description=\"\" data-image-caption=\"\" data-medium-file=\"https:\/\/www.legistdf.gob.ar\/wp-content\/uploads\/2023\/05\/5-3-300x200.jpg\" data-large-file=\"https:\/\/www.legistdf.gob.ar\/wp-content\/uploads\/2023\/05\/5-3-1024x684.jpg\" \/><\/a>\n\t\t\t<\/dt><\/dl><br style=\"clear: both\" \/>\n\t\t<\/div>\n\n","protected":false},"excerpt":{"rendered":"<p>R\u00edo Grande, jueves 11 de mayo de 2023.- La titular de la Legislatura fueguina, vicegobernadora M\u00f3nica Urquiza recorri\u00f3 las instalaciones del sector de hemodinamia del hospital Dr. Ernesto L\u00f6ffler de R\u00edo Grande junto al Gobernador de la Provincia, prof. Gustavo Melella. El \u00e1rea,\u00a0 dise\u00f1ada hace dos a\u00f1os, previo a la pandemia por COVID-19, buscar\u00e1 realizar [&hellip;]<\/p>\n","protected":false},"author":352,"featured_media":38081,"comment_status":"closed","ping_status":"closed","sticky":false,"template":"","format":"standard","meta":{"jetpack_post_was_ever_published":false,"_jetpack_newsletter_access":"","_jetpack_dont_email_post_to_subs":false,"_jetpack_newsletter_tier_id":0,"footnotes":"","jetpack_publicize_message":"","jetpack_publicize_feature_enabled":true,"jetpack_social_post_already_shared":true,"jetpack_social_options":{"image_generator_settings":{"template":"highway","enabled":false}}},"categories":[1],"tags":[1816,78,144,96,48,79],"jetpack_publicize_connections":[],"jetpack_sharing_enabled":true,"jetpack_featured_media_url":"https:\/\/www.legistdf.gob.ar\/wp-content\/uploads\/2023\/05\/2-6.jpg","jetpack-related-posts":[],"_links":{"self":[{"href":"https:\/\/www.legistdf.gob.ar\/index.php\/wp-json\/wp\/v2\/posts\/38079"}],"collection":[{"href":"https:\/\/www.legistdf.gob.ar\/index.php\/wp-json\/wp\/v2\/posts"}],"about":[{"href":"https:\/\/www.legistdf.gob.ar\/index.php\/wp-json\/wp\/v2\/types\/post"}],"author":[{"embeddable":true,"href":"https:\/\/www.legistdf.gob.ar\/index.php\/wp-json\/wp\/v2\/users\/352"}],"replies":[{"embeddable":true,"href":"https:\/\/www.legistdf.gob.ar\/index.php\/wp-json\/wp\/v2\/comments?post=38079"}],"version-history":[{"count":1,"href":"https:\/\/www.legistdf.gob.ar\/index.php\/wp-json\/wp\/v2\/posts\/38079\/revisions"}],"predecessor-version":[{"id":38085,"href":"https:\/\/www.legistdf.gob.ar\/index.php\/wp-json\/wp\/v2\/posts\/38079\/revisions\/38085"}],"wp:featuredmedia":[{"embeddable":true,"href":"https:\/\/www.legistdf.gob.ar\/index.php\/wp-json\/wp\/v2\/media\/38081"}],"wp:attachment":[{"href":"https:\/\/www.legistdf.gob.ar\/index.php\/wp-json\/wp\/v2\/media?parent=38079"}],"wp:term":[{"taxonomy":"category","embeddable":true,"href":"https:\/\/www.legistdf.gob.ar\/index.php\/wp-json\/wp\/v2\/categories?post=38079"},{"taxonomy":"post_tag","embeddable":true,"href":"https:\/\/www.legistdf.gob.ar\/index.php\/wp-json\/wp\/v2\/tags?post=38079"}],"curies":[{"name":"wp","href":"https:\/\/api.w.org\/{rel}","templated":true}]}}