{"id":38267,"date":"2023-05-30T13:56:11","date_gmt":"2023-05-30T16:56:11","guid":{"rendered":"https:\/\/www.legistdf.gob.ar\/?p=38267"},"modified":"2023-05-30T14:23:28","modified_gmt":"2023-05-30T17:23:28","slug":"ddhh-el-comite-provincial-contra-la-tortura-sesiono-en-ushuaia","status":"publish","type":"post","link":"https:\/\/www.legistdf.gob.ar\/index.php\/2023\/05\/30\/ddhh-el-comite-provincial-contra-la-tortura-sesiono-en-ushuaia\/","title":{"rendered":"DDHH: El Comit\u00e9 provincial contra la Tortura sesion\u00f3 en Ushuaia"},"content":{"rendered":"<p><strong><span style=\"font-family: arial, helvetica, sans-serif;font-size: 14pt\"><img loading=\"lazy\" decoding=\"async\" data-attachment-id=\"37666\" data-permalink=\"https:\/\/www.legistdf.gob.ar\/index.php\/2023\/04\/13\/seguridad-el-comite-contra-la-tortura-alerta-sobre-la-sobrepoblacion-carcelaria\/img_1410\/\" data-orig-file=\"https:\/\/www.legistdf.gob.ar\/wp-content\/uploads\/2023\/04\/IMG_1410.jpg\" data-orig-size=\"1500,1000\" data-comments-opened=\"0\" data-image-meta=\"{&quot;aperture&quot;:&quot;2.8&quot;,&quot;credit&quot;:&quot;&quot;,&quot;camera&quot;:&quot;Canon EOS 6D&quot;,&quot;caption&quot;:&quot;&quot;,&quot;created_timestamp&quot;:&quot;1681301664&quot;,&quot;copyright&quot;:&quot;&quot;,&quot;focal_length&quot;:&quot;24&quot;,&quot;iso&quot;:&quot;100&quot;,&quot;shutter_speed&quot;:&quot;0.00625&quot;,&quot;title&quot;:&quot;&quot;,&quot;orientation&quot;:&quot;0&quot;}\" data-image-title=\"IMG_1410\" data-image-description=\"\" data-image-caption=\"\" data-medium-file=\"https:\/\/www.legistdf.gob.ar\/wp-content\/uploads\/2023\/04\/IMG_1410-300x200.jpg\" data-large-file=\"https:\/\/www.legistdf.gob.ar\/wp-content\/uploads\/2023\/04\/IMG_1410-1024x683.jpg\" class=\"alignleft wp-image-37666 size-medium\" src=\"https:\/\/www.legistdf.gob.ar\/wp-content\/uploads\/2023\/04\/IMG_1410-300x200.jpg\" alt=\"\" width=\"300\" height=\"200\" srcset=\"https:\/\/www.legistdf.gob.ar\/wp-content\/uploads\/2023\/04\/IMG_1410-300x200.jpg 300w, https:\/\/www.legistdf.gob.ar\/wp-content\/uploads\/2023\/04\/IMG_1410-768x512.jpg 768w, https:\/\/www.legistdf.gob.ar\/wp-content\/uploads\/2023\/04\/IMG_1410-1024x683.jpg 1024w, https:\/\/www.legistdf.gob.ar\/wp-content\/uploads\/2023\/04\/IMG_1410-160x107.jpg 160w, https:\/\/www.legistdf.gob.ar\/wp-content\/uploads\/2023\/04\/IMG_1410.jpg 1500w\" sizes=\"(max-width: 300px) 100vw, 300px\" \/>Ushuaia, martes 30 de mayo de 2023.- El legislador Pablo Villegas (MPF) presidi\u00f3 un encuentro del Comit\u00e9 de Evaluaci\u00f3n del Seguimiento y Aplicaci\u00f3n de la Convenci\u00f3n contra la Tortura y otros Tratos o Penas Crueles, Inhumanos o Degradantes (Ley provincial N\u00ba 857) donde analizaron la realidad penitenciaria de la Provincia; la apertura del Centro de formaci\u00f3n Profesional \u00a0\u201cAlas de Libertad\u201d; cuestiones relacionadas con salud mental y pr\u00f3ximas visitas de inspecci\u00f3n.<\/span><\/strong><\/p>\n<p>&nbsp;<\/p>\n<p><span style=\"font-family: arial, helvetica, sans-serif;font-size: 12pt\">Los integrantes del Comit\u00e9 local intercambiaron propuestas sobre la necesidad de trabajar en la modificaci\u00f3n de normas que hacen tanto a la situaci\u00f3n carcelaria como a la reinserci\u00f3n social de las personas privadas de libertad al momento del egreso de las unidades de detenci\u00f3n.<\/span><\/p>\n<p>&nbsp;<\/p>\n<p><span style=\"font-family: arial, helvetica, sans-serif;font-size: 12pt\"><img loading=\"lazy\" decoding=\"async\" data-attachment-id=\"37668\" data-permalink=\"https:\/\/www.legistdf.gob.ar\/index.php\/2023\/04\/13\/seguridad-el-comite-contra-la-tortura-alerta-sobre-la-sobrepoblacion-carcelaria\/img_1413\/\" data-orig-file=\"https:\/\/www.legistdf.gob.ar\/wp-content\/uploads\/2023\/04\/IMG_1413.jpg\" data-orig-size=\"1500,1000\" data-comments-opened=\"0\" data-image-meta=\"{&quot;aperture&quot;:&quot;2.8&quot;,&quot;credit&quot;:&quot;&quot;,&quot;camera&quot;:&quot;Canon EOS 6D&quot;,&quot;caption&quot;:&quot;&quot;,&quot;created_timestamp&quot;:&quot;1681301676&quot;,&quot;copyright&quot;:&quot;&quot;,&quot;focal_length&quot;:&quot;70&quot;,&quot;iso&quot;:&quot;100&quot;,&quot;shutter_speed&quot;:&quot;0.01&quot;,&quot;title&quot;:&quot;&quot;,&quot;orientation&quot;:&quot;0&quot;}\" data-image-title=\"IMG_1413\" data-image-description=\"\" data-image-caption=\"\" data-medium-file=\"https:\/\/www.legistdf.gob.ar\/wp-content\/uploads\/2023\/04\/IMG_1413-300x200.jpg\" data-large-file=\"https:\/\/www.legistdf.gob.ar\/wp-content\/uploads\/2023\/04\/IMG_1413-1024x683.jpg\" class=\"alignright wp-image-37668 size-medium\" src=\"https:\/\/www.legistdf.gob.ar\/wp-content\/uploads\/2023\/04\/IMG_1413-300x200.jpg\" alt=\"\" width=\"300\" height=\"200\" srcset=\"https:\/\/www.legistdf.gob.ar\/wp-content\/uploads\/2023\/04\/IMG_1413-300x200.jpg 300w, https:\/\/www.legistdf.gob.ar\/wp-content\/uploads\/2023\/04\/IMG_1413-768x512.jpg 768w, https:\/\/www.legistdf.gob.ar\/wp-content\/uploads\/2023\/04\/IMG_1413-1024x683.jpg 1024w, https:\/\/www.legistdf.gob.ar\/wp-content\/uploads\/2023\/04\/IMG_1413-160x107.jpg 160w, https:\/\/www.legistdf.gob.ar\/wp-content\/uploads\/2023\/04\/IMG_1413.jpg 1500w\" sizes=\"(max-width: 300px) 100vw, 300px\" \/>Tambi\u00e9n, se resolvi\u00f3 participar respecto de la invitaci\u00f3n recibida por el Comit\u00e9 Nacional para la Prevenci\u00f3n de la Tortura, que organiza el encuentro del Consejo Federal de Mecanismos Locales entre el 14 y 15 de junio en San Juan.<\/span><\/p>\n<p>&nbsp;<\/p>\n<p><span style=\"font-family: arial, helvetica, sans-serif;font-size: 12pt\">En ese encuentro est\u00e1 prevista la presentaci\u00f3n del Programa de Fortalecimiento y Asistencia a los mecanismos locales y la exposici\u00f3n de cada mecanismo local sobre el estado de situaci\u00f3n de las personas privadas de la libertad en la jurisdicci\u00f3n.<\/span><\/p>\n<p>&nbsp;<\/p>\n<p><span style=\"font-family: arial, helvetica, sans-serif;font-size: 12pt\">De la reuni\u00f3n participaron tambi\u00e9n el Dr. Gonzalo Sagastume, Anal\u00eda Castonjauregui y Mar\u00eda Florencia Villareal de manera presencial, y de manera remota, Jos\u00e9 Luis Pi\u00f1eiro, miembro del Comit\u00e9 Provincial.<\/span><\/p>\n<p>&nbsp;<\/p>\n<p style=\"text-align: right\"><em>Im\u00e1genes archivo <\/em><\/p>\n<p style=\"text-align: right\"><em>Prensa Legislativa<\/em><\/p>\n","protected":false},"excerpt":{"rendered":"<p>Ushuaia, martes 30 de mayo de 2023.- El legislador Pablo Villegas (MPF) presidi\u00f3 un encuentro del Comit\u00e9 de Evaluaci\u00f3n del Seguimiento y Aplicaci\u00f3n de la Convenci\u00f3n contra la Tortura y otros Tratos o Penas Crueles, Inhumanos o Degradantes (Ley provincial N\u00ba 857) donde analizaron la realidad penitenciaria de la Provincia; la apertura del Centro de [&hellip;]<\/p>\n","protected":false},"author":352,"featured_media":37669,"comment_status":"closed","ping_status":"closed","sticky":false,"template":"","format":"standard","meta":{"jetpack_post_was_ever_published":false,"_jetpack_newsletter_access":"","_jetpack_dont_email_post_to_subs":false,"_jetpack_newsletter_tier_id":0,"footnotes":"","jetpack_publicize_message":"","jetpack_publicize_feature_enabled":true,"jetpack_social_post_already_shared":true,"jetpack_social_options":{"image_generator_settings":{"template":"highway","enabled":false}}},"categories":[1],"tags":[2652,78,106,87],"jetpack_publicize_connections":[],"jetpack_sharing_enabled":true,"jetpack_featured_media_url":"https:\/\/www.legistdf.gob.ar\/wp-content\/uploads\/2023\/04\/IMG_1418.jpg","jetpack-related-posts":[],"_links":{"self":[{"href":"https:\/\/www.legistdf.gob.ar\/index.php\/wp-json\/wp\/v2\/posts\/38267"}],"collection":[{"href":"https:\/\/www.legistdf.gob.ar\/index.php\/wp-json\/wp\/v2\/posts"}],"about":[{"href":"https:\/\/www.legistdf.gob.ar\/index.php\/wp-json\/wp\/v2\/types\/post"}],"author":[{"embeddable":true,"href":"https:\/\/www.legistdf.gob.ar\/index.php\/wp-json\/wp\/v2\/users\/352"}],"replies":[{"embeddable":true,"href":"https:\/\/www.legistdf.gob.ar\/index.php\/wp-json\/wp\/v2\/comments?post=38267"}],"version-history":[{"count":1,"href":"https:\/\/www.legistdf.gob.ar\/index.php\/wp-json\/wp\/v2\/posts\/38267\/revisions"}],"predecessor-version":[{"id":38268,"href":"https:\/\/www.legistdf.gob.ar\/index.php\/wp-json\/wp\/v2\/posts\/38267\/revisions\/38268"}],"wp:featuredmedia":[{"embeddable":true,"href":"https:\/\/www.legistdf.gob.ar\/index.php\/wp-json\/wp\/v2\/media\/37669"}],"wp:attachment":[{"href":"https:\/\/www.legistdf.gob.ar\/index.php\/wp-json\/wp\/v2\/media?parent=38267"}],"wp:term":[{"taxonomy":"category","embeddable":true,"href":"https:\/\/www.legistdf.gob.ar\/index.php\/wp-json\/wp\/v2\/categories?post=38267"},{"taxonomy":"post_tag","embeddable":true,"href":"https:\/\/www.legistdf.gob.ar\/index.php\/wp-json\/wp\/v2\/tags?post=38267"}],"curies":[{"name":"wp","href":"https:\/\/api.w.org\/{rel}","templated":true}]}}