{"id":38269,"date":"2023-05-30T15:25:28","date_gmt":"2023-05-30T18:25:28","guid":{"rendered":"https:\/\/www.legistdf.gob.ar\/?p=38269"},"modified":"2023-05-30T15:25:28","modified_gmt":"2023-05-30T18:25:28","slug":"patagonia-tenemos-la-responsabilidad-de-transformar-nuestra-region-pidio-trentino","status":"publish","type":"post","link":"https:\/\/www.legistdf.gob.ar\/index.php\/2023\/05\/30\/patagonia-tenemos-la-responsabilidad-de-transformar-nuestra-region-pidio-trentino\/","title":{"rendered":"PATAGONIA: \u201cTenemos la responsabilidad de transformar nuestra regi\u00f3n\u201d, pidi\u00f3 Trentino"},"content":{"rendered":"<p><span style=\"font-family: arial, helvetica, sans-serif;font-size: 14pt\"><strong><img loading=\"lazy\" decoding=\"async\" data-attachment-id=\"38275\" data-permalink=\"https:\/\/www.legistdf.gob.ar\/index.php\/2023\/05\/30\/patagonia-tenemos-la-responsabilidad-de-transformar-nuestra-region-pidio-trentino\/img_1668-2\/\" data-orig-file=\"https:\/\/www.legistdf.gob.ar\/wp-content\/uploads\/2023\/05\/IMG_1668.jpg\" data-orig-size=\"1500,1000\" data-comments-opened=\"0\" data-image-meta=\"{&quot;aperture&quot;:&quot;0&quot;,&quot;credit&quot;:&quot;&quot;,&quot;camera&quot;:&quot;&quot;,&quot;caption&quot;:&quot;&quot;,&quot;created_timestamp&quot;:&quot;0&quot;,&quot;copyright&quot;:&quot;2020 TDF&quot;,&quot;focal_length&quot;:&quot;0&quot;,&quot;iso&quot;:&quot;0&quot;,&quot;shutter_speed&quot;:&quot;0&quot;,&quot;title&quot;:&quot;&quot;,&quot;orientation&quot;:&quot;0&quot;}\" data-image-title=\"IMG_1668\" data-image-description=\"\" data-image-caption=\"\" data-medium-file=\"https:\/\/www.legistdf.gob.ar\/wp-content\/uploads\/2023\/05\/IMG_1668-300x200.jpg\" data-large-file=\"https:\/\/www.legistdf.gob.ar\/wp-content\/uploads\/2023\/05\/IMG_1668-1024x683.jpg\" class=\"alignleft wp-image-38275 size-medium\" src=\"https:\/\/www.legistdf.gob.ar\/wp-content\/uploads\/2023\/05\/IMG_1668-300x200.jpg\" alt=\"\" width=\"300\" height=\"200\" srcset=\"https:\/\/www.legistdf.gob.ar\/wp-content\/uploads\/2023\/05\/IMG_1668-300x200.jpg 300w, https:\/\/www.legistdf.gob.ar\/wp-content\/uploads\/2023\/05\/IMG_1668-768x512.jpg 768w, https:\/\/www.legistdf.gob.ar\/wp-content\/uploads\/2023\/05\/IMG_1668-1024x683.jpg 1024w, https:\/\/www.legistdf.gob.ar\/wp-content\/uploads\/2023\/05\/IMG_1668-160x107.jpg 160w, https:\/\/www.legistdf.gob.ar\/wp-content\/uploads\/2023\/05\/IMG_1668.jpg 1500w\" sizes=\"(max-width: 300px) 100vw, 300px\" \/>Ushuaia, martes 30 de mayo de 2023.- El Parlamento Patag\u00f3nico renov\u00f3 sus autoridades regionales, en la segunda sesi\u00f3n del a\u00f1o, y \u2013por unanimidad- design\u00f3 a la diputada santacruce\u00f1a Laura Hindie al frente de ese cuerpo. Desde Tierra del Fuego, participaron integrantes de la Comisi\u00f3n N\u00b0 8 quienes adem\u00e1s, asistieron al encuentro de la composici\u00f3n junto a referentes de la mediana empresa de nuestro pa\u00eds. \u201cTenemos la responsabilidad de transformar nuestra Regi\u00f3n, realizamos gestiones en distintos estamentos\u201d, record\u00f3 Trentino. Se inform\u00f3 que la tercera sesi\u00f3n se concretar\u00e1, en la misma ciudad, en julio pr\u00f3ximo.<\/strong><\/span><\/p>\n<p>&nbsp;<\/p>\n<p><span style=\"font-family: arial, helvetica, sans-serif;font-size: 12pt\">El encuentro legislativo se realiz\u00f3 en la C\u00e1mara Argentina de la Mediana Empresa (CAME) en la Ciudad Aut\u00f3noma de Buenos Aires (CABA), escenario que busca tomar contacto con espacios decisorios nacionales, y viabilizar as\u00ed, distintas acciones que redunden en beneficio de las seis provincias del sur argentino.<\/span><\/p>\n<p>&nbsp;<\/p>\n<p><span style=\"font-family: arial, helvetica, sans-serif;font-size: 12pt\"><img loading=\"lazy\" decoding=\"async\" data-attachment-id=\"38273\" data-permalink=\"https:\/\/www.legistdf.gob.ar\/index.php\/2023\/05\/30\/patagonia-tenemos-la-responsabilidad-de-transformar-nuestra-region-pidio-trentino\/img_1258-4\/\" data-orig-file=\"https:\/\/www.legistdf.gob.ar\/wp-content\/uploads\/2023\/05\/IMG_1258.jpg\" data-orig-size=\"1500,1000\" data-comments-opened=\"0\" data-image-meta=\"{&quot;aperture&quot;:&quot;0&quot;,&quot;credit&quot;:&quot;&quot;,&quot;camera&quot;:&quot;&quot;,&quot;caption&quot;:&quot;&quot;,&quot;created_timestamp&quot;:&quot;0&quot;,&quot;copyright&quot;:&quot;2020 TDF&quot;,&quot;focal_length&quot;:&quot;0&quot;,&quot;iso&quot;:&quot;0&quot;,&quot;shutter_speed&quot;:&quot;0&quot;,&quot;title&quot;:&quot;&quot;,&quot;orientation&quot;:&quot;0&quot;}\" data-image-title=\"IMG_1258\" data-image-description=\"\" data-image-caption=\"\" data-medium-file=\"https:\/\/www.legistdf.gob.ar\/wp-content\/uploads\/2023\/05\/IMG_1258-300x200.jpg\" data-large-file=\"https:\/\/www.legistdf.gob.ar\/wp-content\/uploads\/2023\/05\/IMG_1258-1024x683.jpg\" class=\"alignright wp-image-38273 size-medium\" src=\"https:\/\/www.legistdf.gob.ar\/wp-content\/uploads\/2023\/05\/IMG_1258-300x200.jpg\" alt=\"\" width=\"300\" height=\"200\" srcset=\"https:\/\/www.legistdf.gob.ar\/wp-content\/uploads\/2023\/05\/IMG_1258-300x200.jpg 300w, https:\/\/www.legistdf.gob.ar\/wp-content\/uploads\/2023\/05\/IMG_1258-768x512.jpg 768w, https:\/\/www.legistdf.gob.ar\/wp-content\/uploads\/2023\/05\/IMG_1258-1024x683.jpg 1024w, https:\/\/www.legistdf.gob.ar\/wp-content\/uploads\/2023\/05\/IMG_1258-160x107.jpg 160w, https:\/\/www.legistdf.gob.ar\/wp-content\/uploads\/2023\/05\/IMG_1258.jpg 1500w\" sizes=\"(max-width: 300px) 100vw, 300px\" \/>Trentino, indic\u00f3: \u201cTenemos la responsabilidad de transformar nuestra Regi\u00f3n, realizamos gestiones en distintos estamentos, trabajamos con respeto, con unidad\u201d y destac\u00f3 que, con la mayor\u00eda de las Legisladoras y Legisladores \u201cme une la amistad. En este Parlamento tenemos el honor de tener compa\u00f1eras como ustedes de quienes aprendemos siempre\u201d. Adem\u00e1s, manifest\u00f3 que el legado de quienes integran este Parlamento es \u201ctrasladar estas acciones y gestiones para que las contin\u00faen\u201d.<\/span><\/p>\n<p>&nbsp;<\/p>\n<p><span style=\"font-family: arial, helvetica, sans-serif;font-size: 12pt\">Como corolario, la composici\u00f3n legislativa suscribi\u00f3 el <a href=\"https:\/\/parlamentopatagonico.com.ar\/declaracion-del-parlamento-patagonico-2\/\" target=\"_blank\" rel=\"noopener noreferrer\">Documento del Parlamento Patag\u00f3nico<\/a>, donde recorren los distintos ejes tem\u00e1ticos de trabajo, tales como: \u201cPoner en valor la decisi\u00f3n de los Gobernadores y Gobernadoras de las provincias patag\u00f3nicas que, en oportunidad del reciente encuentro convocado por la Confederaci\u00f3n Argentina de la Mediana Empresa, contin\u00faan alzando la voz, junto a este Parlamento, en reclamo de condiciones que pongan a nuestra regi\u00f3n, en un pie de igualdad con los grandes centros urbanos, productivos e industriales del pa\u00eds\u201d y dem\u00e1s t\u00f3picos plasmados en los distintos documentos que fueron suscriptos en la anterior gesti\u00f3n legislativa.<\/span><\/p>\n<p>&nbsp;<\/p>\n<p><span style=\"font-family: arial, helvetica, sans-serif;font-size: 12pt\">Participaron en representaci\u00f3n de Tierra del Fuego, las legisladoras Mar\u00eda Victoria Vuoto (PV); M\u00f3nica Acosta (FORJA) y Myriam Mart\u00ednez y Andrea Freites (FdT-PJ) junto a representantes de las cinco provincias que completan el bloque legislativo regional.<\/span><\/p>\n<p>&nbsp;<\/p>\n<p style=\"text-align: center\"><em>RECINTO ITINERANTE DIPUTADO MAT\u00cdAS MAZ\u00da<\/em><\/p>\n<p>&nbsp;<\/p>\n<p><strong><span style=\"font-family: arial, helvetica, sans-serif;font-size: 14pt\"><img loading=\"lazy\" decoding=\"async\" data-attachment-id=\"38272\" data-permalink=\"https:\/\/www.legistdf.gob.ar\/index.php\/2023\/05\/30\/patagonia-tenemos-la-responsabilidad-de-transformar-nuestra-region-pidio-trentino\/img_1240-3\/\" data-orig-file=\"https:\/\/www.legistdf.gob.ar\/wp-content\/uploads\/2023\/05\/IMG_1240.jpg\" data-orig-size=\"1500,1000\" data-comments-opened=\"0\" data-image-meta=\"{&quot;aperture&quot;:&quot;0&quot;,&quot;credit&quot;:&quot;&quot;,&quot;camera&quot;:&quot;&quot;,&quot;caption&quot;:&quot;&quot;,&quot;created_timestamp&quot;:&quot;0&quot;,&quot;copyright&quot;:&quot;2020 TDF&quot;,&quot;focal_length&quot;:&quot;0&quot;,&quot;iso&quot;:&quot;0&quot;,&quot;shutter_speed&quot;:&quot;0&quot;,&quot;title&quot;:&quot;&quot;,&quot;orientation&quot;:&quot;0&quot;}\" data-image-title=\"IMG_1240\" data-image-description=\"\" data-image-caption=\"\" data-medium-file=\"https:\/\/www.legistdf.gob.ar\/wp-content\/uploads\/2023\/05\/IMG_1240-300x200.jpg\" data-large-file=\"https:\/\/www.legistdf.gob.ar\/wp-content\/uploads\/2023\/05\/IMG_1240-1024x683.jpg\" class=\"alignleft wp-image-38272 size-medium\" src=\"https:\/\/www.legistdf.gob.ar\/wp-content\/uploads\/2023\/05\/IMG_1240-300x200.jpg\" alt=\"\" width=\"300\" height=\"200\" srcset=\"https:\/\/www.legistdf.gob.ar\/wp-content\/uploads\/2023\/05\/IMG_1240-300x200.jpg 300w, https:\/\/www.legistdf.gob.ar\/wp-content\/uploads\/2023\/05\/IMG_1240-768x512.jpg 768w, https:\/\/www.legistdf.gob.ar\/wp-content\/uploads\/2023\/05\/IMG_1240-1024x683.jpg 1024w, https:\/\/www.legistdf.gob.ar\/wp-content\/uploads\/2023\/05\/IMG_1240-160x107.jpg 160w, https:\/\/www.legistdf.gob.ar\/wp-content\/uploads\/2023\/05\/IMG_1240.jpg 1500w\" sizes=\"(max-width: 300px) 100vw, 300px\" \/>Con la presencia de Adamna, Oscar y Marcelo Maz\u00fa, hija y hermanos del diputado Mat\u00edas Maz\u00fa, los titulares de las Comisiones de Parlamento Patag\u00f3nico de cada Legislatura, descubrieron la placa por la que se instituye, al <a href=\"https:\/\/parlamentopatagonico.com.ar\/instituyeron-el-nombre-de-matias-mazu-al-recinto-itinerante-del-parlamento-patagonico\/\" target=\"_blank\" rel=\"noopener noreferrer\">Recinto Itinerante<\/a>, con el nombre del diputado fallecido el 17 de abril pasado.<\/span><\/strong><\/p>\n<p>&nbsp;<\/p>\n<p><span style=\"font-family: arial, helvetica, sans-serif;font-size: 12pt\">La iniciativa surgi\u00f3 desde la C\u00e1mara de Diputados de Chubut, y fue acompa\u00f1ada en forma un\u00e1nime por Legisladoras y Legisladores de toda la Patagonia. Se trata de un proyecto del diputado Roddy Ingram, que fue aprobado por unanimidad durante la labor parlamentaria, definiendo denominar \u201cMat\u00edas Maz\u00fa\u201d al recinto itinerante del Parlamento, a la vez que realizaron un homenaje con la proyecci\u00f3n de videos institucionales.<\/span><\/p>\n<p>&nbsp;<\/p>\n<p><span style=\"font-family: arial, helvetica, sans-serif;font-size: 12pt\"><img loading=\"lazy\" decoding=\"async\" data-attachment-id=\"38270\" data-permalink=\"https:\/\/www.legistdf.gob.ar\/index.php\/2023\/05\/30\/patagonia-tenemos-la-responsabilidad-de-transformar-nuestra-region-pidio-trentino\/img_1201-2\/\" data-orig-file=\"https:\/\/www.legistdf.gob.ar\/wp-content\/uploads\/2023\/05\/IMG_1201.jpg\" data-orig-size=\"1500,1000\" data-comments-opened=\"0\" data-image-meta=\"{&quot;aperture&quot;:&quot;0&quot;,&quot;credit&quot;:&quot;&quot;,&quot;camera&quot;:&quot;&quot;,&quot;caption&quot;:&quot;&quot;,&quot;created_timestamp&quot;:&quot;0&quot;,&quot;copyright&quot;:&quot;2020 TDF&quot;,&quot;focal_length&quot;:&quot;0&quot;,&quot;iso&quot;:&quot;0&quot;,&quot;shutter_speed&quot;:&quot;0&quot;,&quot;title&quot;:&quot;&quot;,&quot;orientation&quot;:&quot;0&quot;}\" data-image-title=\"IMG_1201\" data-image-description=\"\" data-image-caption=\"\" data-medium-file=\"https:\/\/www.legistdf.gob.ar\/wp-content\/uploads\/2023\/05\/IMG_1201-300x200.jpg\" data-large-file=\"https:\/\/www.legistdf.gob.ar\/wp-content\/uploads\/2023\/05\/IMG_1201-1024x683.jpg\" class=\"alignright wp-image-38270 size-medium\" src=\"https:\/\/www.legistdf.gob.ar\/wp-content\/uploads\/2023\/05\/IMG_1201-300x200.jpg\" alt=\"\" width=\"300\" height=\"200\" srcset=\"https:\/\/www.legistdf.gob.ar\/wp-content\/uploads\/2023\/05\/IMG_1201-300x200.jpg 300w, https:\/\/www.legistdf.gob.ar\/wp-content\/uploads\/2023\/05\/IMG_1201-768x512.jpg 768w, https:\/\/www.legistdf.gob.ar\/wp-content\/uploads\/2023\/05\/IMG_1201-1024x683.jpg 1024w, https:\/\/www.legistdf.gob.ar\/wp-content\/uploads\/2023\/05\/IMG_1201-160x107.jpg 160w, https:\/\/www.legistdf.gob.ar\/wp-content\/uploads\/2023\/05\/IMG_1201.jpg 1500w\" sizes=\"(max-width: 300px) 100vw, 300px\" \/>Emmanuel Trentino, calific\u00f3 a Maz\u00fa como un hombre de \u201cconsensos, que nos marc\u00f3 un camino de unidad y trabajo; nos demostr\u00f3 que se puede pelear por un objetivo, independientemente de una ideolog\u00eda partidaria. Fue un hombre que nos hizo mejores\u201d, se\u00f1al\u00f3 durante el homenaje en la sede de la CAME.<\/span><\/p>\n<p><span style=\"font-family: arial, helvetica, sans-serif;font-size: 12pt\">La nueva nominaci\u00f3n del Recinto itinerante, qued\u00f3 plasmada en el punto uno del documento firmado en Buenos Aires, y que fue ratificado por todas las Comisiones de las Legislaturas de la regi\u00f3n. Toda vez que se re\u00fanan en sesi\u00f3n, el espacio llevar\u00e1 el nombre del referente legislativo de Santa Cruz.<\/span><\/p>\n<p>&nbsp;<\/p>\n<p style=\"text-align: right\"><em>Con informaci\u00f3n de <a href=\"https:\/\/parlamentopatagonico.com.ar\/\" target=\"_blank\" rel=\"noopener noreferrer\">Parlamento Patag\u00f3nico<\/a><\/em><\/p>\n<p style=\"text-align: right\"><em><a href=\"https:\/\/drive.google.com\/drive\/folders\/1dbdZJuv8FIHncuJPSyk7GtO1Dchio5DB?usp=sharing\" target=\"_blank\" rel=\"noopener noreferrer\">Galer\u00eda de im\u00e1genes<\/a><\/em><\/p>\n\n\t\t<style type=\"text\/css\">\n\t\t\t#gallery-1 {\n\t\t\t\tmargin: auto;\n\t\t\t}\n\t\t\t#gallery-1 .gallery-item {\n\t\t\t\tfloat: left;\n\t\t\t\tmargin-top: 10px;\n\t\t\t\ttext-align: center;\n\t\t\t\twidth: 16%;\n\t\t\t}\n\t\t\t#gallery-1 img {\n\t\t\t\tborder: 2px solid #cfcfcf;\n\t\t\t}\n\t\t\t#gallery-1 .gallery-caption {\n\t\t\t\tmargin-left: 0;\n\t\t\t}\n\t\t\t\/* see gallery_shortcode() in wp-includes\/media.php *\/\n\t\t<\/style>\n\t\t<div data-carousel-extra='{\"blog_id\":1,\"permalink\":\"https:\\\/\\\/www.legistdf.gob.ar\\\/index.php\\\/2023\\\/05\\\/30\\\/patagonia-tenemos-la-responsabilidad-de-transformar-nuestra-region-pidio-trentino\\\/\"}' id='gallery-1' class='gallery galleryid-38269 gallery-columns-6 gallery-size-thumbnail'><dl class='gallery-item'>\n\t\t\t<dt class='gallery-icon landscape'>\n\t\t\t\t<a href='https:\/\/www.legistdf.gob.ar\/index.php\/2023\/05\/30\/patagonia-tenemos-la-responsabilidad-de-transformar-nuestra-region-pidio-trentino\/img_1201-2\/'><img loading=\"lazy\" decoding=\"async\" width=\"150\" height=\"150\" src=\"https:\/\/www.legistdf.gob.ar\/wp-content\/uploads\/2023\/05\/IMG_1201-150x150.jpg\" class=\"attachment-thumbnail size-thumbnail\" alt=\"\" srcset=\"https:\/\/www.legistdf.gob.ar\/wp-content\/uploads\/2023\/05\/IMG_1201-150x150.jpg 150w, https:\/\/www.legistdf.gob.ar\/wp-content\/uploads\/2023\/05\/IMG_1201-64x64.jpg 64w\" sizes=\"(max-width: 150px) 100vw, 150px\" data-attachment-id=\"38270\" data-permalink=\"https:\/\/www.legistdf.gob.ar\/index.php\/2023\/05\/30\/patagonia-tenemos-la-responsabilidad-de-transformar-nuestra-region-pidio-trentino\/img_1201-2\/\" data-orig-file=\"https:\/\/www.legistdf.gob.ar\/wp-content\/uploads\/2023\/05\/IMG_1201.jpg\" data-orig-size=\"1500,1000\" data-comments-opened=\"0\" data-image-meta=\"{&quot;aperture&quot;:&quot;0&quot;,&quot;credit&quot;:&quot;&quot;,&quot;camera&quot;:&quot;&quot;,&quot;caption&quot;:&quot;&quot;,&quot;created_timestamp&quot;:&quot;0&quot;,&quot;copyright&quot;:&quot;2020 TDF&quot;,&quot;focal_length&quot;:&quot;0&quot;,&quot;iso&quot;:&quot;0&quot;,&quot;shutter_speed&quot;:&quot;0&quot;,&quot;title&quot;:&quot;&quot;,&quot;orientation&quot;:&quot;0&quot;}\" data-image-title=\"IMG_1201\" data-image-description=\"\" data-image-caption=\"\" data-medium-file=\"https:\/\/www.legistdf.gob.ar\/wp-content\/uploads\/2023\/05\/IMG_1201-300x200.jpg\" data-large-file=\"https:\/\/www.legistdf.gob.ar\/wp-content\/uploads\/2023\/05\/IMG_1201-1024x683.jpg\" \/><\/a>\n\t\t\t<\/dt><\/dl><dl class='gallery-item'>\n\t\t\t<dt class='gallery-icon landscape'>\n\t\t\t\t<a href='https:\/\/www.legistdf.gob.ar\/index.php\/2023\/05\/30\/patagonia-tenemos-la-responsabilidad-de-transformar-nuestra-region-pidio-trentino\/img_1236-4\/'><img loading=\"lazy\" decoding=\"async\" width=\"150\" height=\"150\" src=\"https:\/\/www.legistdf.gob.ar\/wp-content\/uploads\/2023\/05\/IMG_1236-150x150.jpg\" class=\"attachment-thumbnail size-thumbnail\" alt=\"\" srcset=\"https:\/\/www.legistdf.gob.ar\/wp-content\/uploads\/2023\/05\/IMG_1236-150x150.jpg 150w, https:\/\/www.legistdf.gob.ar\/wp-content\/uploads\/2023\/05\/IMG_1236-64x64.jpg 64w\" sizes=\"(max-width: 150px) 100vw, 150px\" data-attachment-id=\"38271\" data-permalink=\"https:\/\/www.legistdf.gob.ar\/index.php\/2023\/05\/30\/patagonia-tenemos-la-responsabilidad-de-transformar-nuestra-region-pidio-trentino\/img_1236-4\/\" data-orig-file=\"https:\/\/www.legistdf.gob.ar\/wp-content\/uploads\/2023\/05\/IMG_1236.jpg\" data-orig-size=\"1500,1000\" data-comments-opened=\"0\" data-image-meta=\"{&quot;aperture&quot;:&quot;0&quot;,&quot;credit&quot;:&quot;&quot;,&quot;camera&quot;:&quot;&quot;,&quot;caption&quot;:&quot;&quot;,&quot;created_timestamp&quot;:&quot;0&quot;,&quot;copyright&quot;:&quot;2020 TDF&quot;,&quot;focal_length&quot;:&quot;0&quot;,&quot;iso&quot;:&quot;0&quot;,&quot;shutter_speed&quot;:&quot;0&quot;,&quot;title&quot;:&quot;&quot;,&quot;orientation&quot;:&quot;0&quot;}\" data-image-title=\"IMG_1236\" data-image-description=\"\" data-image-caption=\"\" data-medium-file=\"https:\/\/www.legistdf.gob.ar\/wp-content\/uploads\/2023\/05\/IMG_1236-300x200.jpg\" data-large-file=\"https:\/\/www.legistdf.gob.ar\/wp-content\/uploads\/2023\/05\/IMG_1236-1024x683.jpg\" \/><\/a>\n\t\t\t<\/dt><\/dl><dl class='gallery-item'>\n\t\t\t<dt class='gallery-icon landscape'>\n\t\t\t\t<a href='https:\/\/www.legistdf.gob.ar\/index.php\/2023\/05\/30\/patagonia-tenemos-la-responsabilidad-de-transformar-nuestra-region-pidio-trentino\/img_1240-3\/'><img loading=\"lazy\" decoding=\"async\" width=\"150\" height=\"150\" src=\"https:\/\/www.legistdf.gob.ar\/wp-content\/uploads\/2023\/05\/IMG_1240-150x150.jpg\" class=\"attachment-thumbnail size-thumbnail\" alt=\"\" srcset=\"https:\/\/www.legistdf.gob.ar\/wp-content\/uploads\/2023\/05\/IMG_1240-150x150.jpg 150w, https:\/\/www.legistdf.gob.ar\/wp-content\/uploads\/2023\/05\/IMG_1240-64x64.jpg 64w\" sizes=\"(max-width: 150px) 100vw, 150px\" data-attachment-id=\"38272\" data-permalink=\"https:\/\/www.legistdf.gob.ar\/index.php\/2023\/05\/30\/patagonia-tenemos-la-responsabilidad-de-transformar-nuestra-region-pidio-trentino\/img_1240-3\/\" data-orig-file=\"https:\/\/www.legistdf.gob.ar\/wp-content\/uploads\/2023\/05\/IMG_1240.jpg\" data-orig-size=\"1500,1000\" data-comments-opened=\"0\" data-image-meta=\"{&quot;aperture&quot;:&quot;0&quot;,&quot;credit&quot;:&quot;&quot;,&quot;camera&quot;:&quot;&quot;,&quot;caption&quot;:&quot;&quot;,&quot;created_timestamp&quot;:&quot;0&quot;,&quot;copyright&quot;:&quot;2020 TDF&quot;,&quot;focal_length&quot;:&quot;0&quot;,&quot;iso&quot;:&quot;0&quot;,&quot;shutter_speed&quot;:&quot;0&quot;,&quot;title&quot;:&quot;&quot;,&quot;orientation&quot;:&quot;0&quot;}\" data-image-title=\"IMG_1240\" data-image-description=\"\" data-image-caption=\"\" data-medium-file=\"https:\/\/www.legistdf.gob.ar\/wp-content\/uploads\/2023\/05\/IMG_1240-300x200.jpg\" data-large-file=\"https:\/\/www.legistdf.gob.ar\/wp-content\/uploads\/2023\/05\/IMG_1240-1024x683.jpg\" \/><\/a>\n\t\t\t<\/dt><\/dl><dl class='gallery-item'>\n\t\t\t<dt class='gallery-icon landscape'>\n\t\t\t\t<a href='https:\/\/www.legistdf.gob.ar\/index.php\/2023\/05\/30\/patagonia-tenemos-la-responsabilidad-de-transformar-nuestra-region-pidio-trentino\/img_1258-4\/'><img loading=\"lazy\" decoding=\"async\" width=\"150\" height=\"150\" src=\"https:\/\/www.legistdf.gob.ar\/wp-content\/uploads\/2023\/05\/IMG_1258-150x150.jpg\" class=\"attachment-thumbnail size-thumbnail\" alt=\"\" srcset=\"https:\/\/www.legistdf.gob.ar\/wp-content\/uploads\/2023\/05\/IMG_1258-150x150.jpg 150w, https:\/\/www.legistdf.gob.ar\/wp-content\/uploads\/2023\/05\/IMG_1258-64x64.jpg 64w\" sizes=\"(max-width: 150px) 100vw, 150px\" data-attachment-id=\"38273\" data-permalink=\"https:\/\/www.legistdf.gob.ar\/index.php\/2023\/05\/30\/patagonia-tenemos-la-responsabilidad-de-transformar-nuestra-region-pidio-trentino\/img_1258-4\/\" data-orig-file=\"https:\/\/www.legistdf.gob.ar\/wp-content\/uploads\/2023\/05\/IMG_1258.jpg\" data-orig-size=\"1500,1000\" data-comments-opened=\"0\" data-image-meta=\"{&quot;aperture&quot;:&quot;0&quot;,&quot;credit&quot;:&quot;&quot;,&quot;camera&quot;:&quot;&quot;,&quot;caption&quot;:&quot;&quot;,&quot;created_timestamp&quot;:&quot;0&quot;,&quot;copyright&quot;:&quot;2020 TDF&quot;,&quot;focal_length&quot;:&quot;0&quot;,&quot;iso&quot;:&quot;0&quot;,&quot;shutter_speed&quot;:&quot;0&quot;,&quot;title&quot;:&quot;&quot;,&quot;orientation&quot;:&quot;0&quot;}\" data-image-title=\"IMG_1258\" data-image-description=\"\" data-image-caption=\"\" data-medium-file=\"https:\/\/www.legistdf.gob.ar\/wp-content\/uploads\/2023\/05\/IMG_1258-300x200.jpg\" data-large-file=\"https:\/\/www.legistdf.gob.ar\/wp-content\/uploads\/2023\/05\/IMG_1258-1024x683.jpg\" \/><\/a>\n\t\t\t<\/dt><\/dl><dl class='gallery-item'>\n\t\t\t<dt class='gallery-icon landscape'>\n\t\t\t\t<a href='https:\/\/www.legistdf.gob.ar\/index.php\/2023\/05\/30\/patagonia-tenemos-la-responsabilidad-de-transformar-nuestra-region-pidio-trentino\/img_1665-3\/'><img loading=\"lazy\" decoding=\"async\" width=\"150\" height=\"150\" src=\"https:\/\/www.legistdf.gob.ar\/wp-content\/uploads\/2023\/05\/IMG_1665-150x150.jpg\" class=\"attachment-thumbnail size-thumbnail\" alt=\"\" srcset=\"https:\/\/www.legistdf.gob.ar\/wp-content\/uploads\/2023\/05\/IMG_1665-150x150.jpg 150w, https:\/\/www.legistdf.gob.ar\/wp-content\/uploads\/2023\/05\/IMG_1665-64x64.jpg 64w\" sizes=\"(max-width: 150px) 100vw, 150px\" data-attachment-id=\"38274\" data-permalink=\"https:\/\/www.legistdf.gob.ar\/index.php\/2023\/05\/30\/patagonia-tenemos-la-responsabilidad-de-transformar-nuestra-region-pidio-trentino\/img_1665-3\/\" data-orig-file=\"https:\/\/www.legistdf.gob.ar\/wp-content\/uploads\/2023\/05\/IMG_1665.jpg\" data-orig-size=\"1500,1000\" data-comments-opened=\"0\" data-image-meta=\"{&quot;aperture&quot;:&quot;0&quot;,&quot;credit&quot;:&quot;&quot;,&quot;camera&quot;:&quot;&quot;,&quot;caption&quot;:&quot;&quot;,&quot;created_timestamp&quot;:&quot;0&quot;,&quot;copyright&quot;:&quot;2020 TDF&quot;,&quot;focal_length&quot;:&quot;0&quot;,&quot;iso&quot;:&quot;0&quot;,&quot;shutter_speed&quot;:&quot;0&quot;,&quot;title&quot;:&quot;&quot;,&quot;orientation&quot;:&quot;0&quot;}\" data-image-title=\"IMG_1665\" data-image-description=\"\" data-image-caption=\"\" data-medium-file=\"https:\/\/www.legistdf.gob.ar\/wp-content\/uploads\/2023\/05\/IMG_1665-300x200.jpg\" data-large-file=\"https:\/\/www.legistdf.gob.ar\/wp-content\/uploads\/2023\/05\/IMG_1665-1024x683.jpg\" \/><\/a>\n\t\t\t<\/dt><\/dl><dl class='gallery-item'>\n\t\t\t<dt class='gallery-icon landscape'>\n\t\t\t\t<a href='https:\/\/www.legistdf.gob.ar\/index.php\/2023\/05\/30\/patagonia-tenemos-la-responsabilidad-de-transformar-nuestra-region-pidio-trentino\/img_1668-2\/'><img loading=\"lazy\" decoding=\"async\" width=\"150\" height=\"150\" src=\"https:\/\/www.legistdf.gob.ar\/wp-content\/uploads\/2023\/05\/IMG_1668-150x150.jpg\" class=\"attachment-thumbnail size-thumbnail\" alt=\"\" srcset=\"https:\/\/www.legistdf.gob.ar\/wp-content\/uploads\/2023\/05\/IMG_1668-150x150.jpg 150w, https:\/\/www.legistdf.gob.ar\/wp-content\/uploads\/2023\/05\/IMG_1668-64x64.jpg 64w\" sizes=\"(max-width: 150px) 100vw, 150px\" data-attachment-id=\"38275\" data-permalink=\"https:\/\/www.legistdf.gob.ar\/index.php\/2023\/05\/30\/patagonia-tenemos-la-responsabilidad-de-transformar-nuestra-region-pidio-trentino\/img_1668-2\/\" data-orig-file=\"https:\/\/www.legistdf.gob.ar\/wp-content\/uploads\/2023\/05\/IMG_1668.jpg\" data-orig-size=\"1500,1000\" data-comments-opened=\"0\" data-image-meta=\"{&quot;aperture&quot;:&quot;0&quot;,&quot;credit&quot;:&quot;&quot;,&quot;camera&quot;:&quot;&quot;,&quot;caption&quot;:&quot;&quot;,&quot;created_timestamp&quot;:&quot;0&quot;,&quot;copyright&quot;:&quot;2020 TDF&quot;,&quot;focal_length&quot;:&quot;0&quot;,&quot;iso&quot;:&quot;0&quot;,&quot;shutter_speed&quot;:&quot;0&quot;,&quot;title&quot;:&quot;&quot;,&quot;orientation&quot;:&quot;0&quot;}\" data-image-title=\"IMG_1668\" data-image-description=\"\" data-image-caption=\"\" data-medium-file=\"https:\/\/www.legistdf.gob.ar\/wp-content\/uploads\/2023\/05\/IMG_1668-300x200.jpg\" data-large-file=\"https:\/\/www.legistdf.gob.ar\/wp-content\/uploads\/2023\/05\/IMG_1668-1024x683.jpg\" \/><\/a>\n\t\t\t<\/dt><\/dl><br style=\"clear: both\" \/>\n\t\t<\/div>\n\n<blockquote class=\"twitter-tweet\" data-width=\"550\" data-dnt=\"true\">\n<p lang=\"es\" dir=\"ltr\">Entre el homenaje al diputado santacruce\u00f1o Mat\u00edas Maz\u00fa y revalorizar el rol institucional de la regi\u00f3n, volvi\u00f3 a sesionar el Parlamento Patag\u00f3nico. ETrentino resalt\u00f3 el rol de las Legisladoras patag\u00f3nicas y de la nueva titular del cuerpo regional.<a href=\"https:\/\/twitter.com\/ppatagonicoAR?ref_src=twsrc%5Etfw\">@ppatagonicoAR<\/a> <a href=\"https:\/\/t.co\/8QGaa2Hxwd\">pic.twitter.com\/8QGaa2Hxwd<\/a><\/p>\n<p>&mdash; Prensa Legislativa (@PrensaLegisTDF) <a href=\"https:\/\/twitter.com\/PrensaLegisTDF\/status\/1663610609072480256?ref_src=twsrc%5Etfw\">May 30, 2023<\/a><\/p><\/blockquote>\n<p><script async src=\"https:\/\/platform.twitter.com\/widgets.js\" charset=\"utf-8\"><\/script><\/p>\n","protected":false},"excerpt":{"rendered":"<p>Ushuaia, martes 30 de mayo de 2023.- El Parlamento Patag\u00f3nico renov\u00f3 sus autoridades regionales, en la segunda sesi\u00f3n del a\u00f1o, y \u2013por unanimidad- design\u00f3 a la diputada santacruce\u00f1a Laura Hindie al frente de ese cuerpo. Desde Tierra del Fuego, participaron integrantes de la Comisi\u00f3n N\u00b0 8 quienes adem\u00e1s, asistieron al encuentro de la composici\u00f3n junto [&hellip;]<\/p>\n","protected":false},"author":352,"featured_media":38275,"comment_status":"closed","ping_status":"closed","sticky":false,"template":"","format":"standard","meta":{"jetpack_post_was_ever_published":false,"_jetpack_newsletter_access":"","_jetpack_dont_email_post_to_subs":false,"_jetpack_newsletter_tier_id":0,"footnotes":"","jetpack_publicize_message":"","jetpack_publicize_feature_enabled":true,"jetpack_social_post_already_shared":true,"jetpack_social_options":{"image_generator_settings":{"template":"highway","enabled":false}}},"categories":[1],"tags":[226,1818,78,1980,117],"jetpack_publicize_connections":[],"jetpack_sharing_enabled":true,"jetpack_featured_media_url":"https:\/\/www.legistdf.gob.ar\/wp-content\/uploads\/2023\/05\/IMG_1668.jpg","jetpack-related-posts":[],"_links":{"self":[{"href":"https:\/\/www.legistdf.gob.ar\/index.php\/wp-json\/wp\/v2\/posts\/38269"}],"collection":[{"href":"https:\/\/www.legistdf.gob.ar\/index.php\/wp-json\/wp\/v2\/posts"}],"about":[{"href":"https:\/\/www.legistdf.gob.ar\/index.php\/wp-json\/wp\/v2\/types\/post"}],"author":[{"embeddable":true,"href":"https:\/\/www.legistdf.gob.ar\/index.php\/wp-json\/wp\/v2\/users\/352"}],"replies":[{"embeddable":true,"href":"https:\/\/www.legistdf.gob.ar\/index.php\/wp-json\/wp\/v2\/comments?post=38269"}],"version-history":[{"count":1,"href":"https:\/\/www.legistdf.gob.ar\/index.php\/wp-json\/wp\/v2\/posts\/38269\/revisions"}],"predecessor-version":[{"id":38276,"href":"https:\/\/www.legistdf.gob.ar\/index.php\/wp-json\/wp\/v2\/posts\/38269\/revisions\/38276"}],"wp:featuredmedia":[{"embeddable":true,"href":"https:\/\/www.legistdf.gob.ar\/index.php\/wp-json\/wp\/v2\/media\/38275"}],"wp:attachment":[{"href":"https:\/\/www.legistdf.gob.ar\/index.php\/wp-json\/wp\/v2\/media?parent=38269"}],"wp:term":[{"taxonomy":"category","embeddable":true,"href":"https:\/\/www.legistdf.gob.ar\/index.php\/wp-json\/wp\/v2\/categories?post=38269"},{"taxonomy":"post_tag","embeddable":true,"href":"https:\/\/www.legistdf.gob.ar\/index.php\/wp-json\/wp\/v2\/tags?post=38269"}],"curies":[{"name":"wp","href":"https:\/\/api.w.org\/{rel}","templated":true}]}}