{"id":38294,"date":"2023-06-01T09:00:13","date_gmt":"2023-06-01T12:00:13","guid":{"rendered":"https:\/\/www.legistdf.gob.ar\/?p=38294"},"modified":"2023-05-31T22:09:27","modified_gmt":"2023-06-01T01:09:27","slug":"educacion-la-vicegobernadora-tomo-la-promesa-de-lealtad-a-la-constitucion-fueguina-estudiantes-de-la-emei-ushuaia","status":"publish","type":"post","link":"https:\/\/www.legistdf.gob.ar\/index.php\/2023\/06\/01\/educacion-la-vicegobernadora-tomo-la-promesa-de-lealtad-a-la-constitucion-fueguina-estudiantes-de-la-emei-ushuaia\/","title":{"rendered":"EDUCACI\u00d3N: La Vicegobernadora tom\u00f3 juramento de lealtad a la Constituci\u00f3n fueguina a estudiantes de la EMEI Ushuaia"},"content":{"rendered":"<p><strong><span style=\"font-family: arial, helvetica, sans-serif;font-size: 14pt\"><img loading=\"lazy\" decoding=\"async\" data-attachment-id=\"38300\" data-permalink=\"https:\/\/www.legistdf.gob.ar\/index.php\/2023\/06\/01\/educacion-la-vicegobernadora-tomo-la-promesa-de-lealtad-a-la-constitucion-fueguina-estudiantes-de-la-emei-ushuaia\/img_3948-2\/\" data-orig-file=\"https:\/\/www.legistdf.gob.ar\/wp-content\/uploads\/2023\/05\/IMG_3948.jpg\" data-orig-size=\"1500,1000\" data-comments-opened=\"0\" data-image-meta=\"{&quot;aperture&quot;:&quot;2.8&quot;,&quot;credit&quot;:&quot;&quot;,&quot;camera&quot;:&quot;Canon EOS 6D&quot;,&quot;caption&quot;:&quot;&quot;,&quot;created_timestamp&quot;:&quot;1685557181&quot;,&quot;copyright&quot;:&quot;&quot;,&quot;focal_length&quot;:&quot;24&quot;,&quot;iso&quot;:&quot;500&quot;,&quot;shutter_speed&quot;:&quot;0.0055555555555556&quot;,&quot;title&quot;:&quot;&quot;,&quot;orientation&quot;:&quot;0&quot;}\" data-image-title=\"IMG_3948\" data-image-description=\"\" data-image-caption=\"\" data-medium-file=\"https:\/\/www.legistdf.gob.ar\/wp-content\/uploads\/2023\/05\/IMG_3948-300x200.jpg\" data-large-file=\"https:\/\/www.legistdf.gob.ar\/wp-content\/uploads\/2023\/05\/IMG_3948-1024x683.jpg\" class=\"alignleft wp-image-38300 size-medium\" src=\"https:\/\/www.legistdf.gob.ar\/wp-content\/uploads\/2023\/05\/IMG_3948-300x200.jpg\" alt=\"\" width=\"300\" height=\"200\" srcset=\"https:\/\/www.legistdf.gob.ar\/wp-content\/uploads\/2023\/05\/IMG_3948-300x200.jpg 300w, https:\/\/www.legistdf.gob.ar\/wp-content\/uploads\/2023\/05\/IMG_3948-768x512.jpg 768w, https:\/\/www.legistdf.gob.ar\/wp-content\/uploads\/2023\/05\/IMG_3948-1024x683.jpg 1024w, https:\/\/www.legistdf.gob.ar\/wp-content\/uploads\/2023\/05\/IMG_3948-160x107.jpg 160w, https:\/\/www.legistdf.gob.ar\/wp-content\/uploads\/2023\/05\/IMG_3948.jpg 1500w\" sizes=\"(max-width: 300px) 100vw, 300px\" \/>Ushuaia, jueves 1\u00b0 de junio de 2023.- Alumnas y alumnos de 6\u00b0 a\u00f1o A y B de la Escuela Modelo de Educaci\u00f3n Integral (EMEI) en Ushuaia, prometieron ayer lealtad a la Constituci\u00f3n fueguina, en el marco del 32\u00b0 aniversario de la Provincia. El acto fue presidido por autoridades institucionales, y cont\u00f3 con la presencia de la titular del Parlamento provincial, vicegobernadora M\u00f3nica Urquiza y del presidente de la bancada del MPF, legislador Pablo Villegas. La Vicegobernadora fue quien ley\u00f3 la f\u00f3rmula de promesa, a la veintena de j\u00f3venes fueguinos que cumplieron con la promesa instituida en la <a href=\"http:\/\/200.41.191.125:134\/index.php\/1549-jurar-promesa-de-lealtad-a-la-constitucion-provincial\" target=\"_blank\" rel=\"noopener noreferrer\">Ley provincial N\u00b0 1.051<\/a> de 2015.<\/span><\/strong><\/p>\n<p>&nbsp;<\/p>\n<p><span style=\"font-family: arial, helvetica, sans-serif;font-size: 12pt\">Desde la instituci\u00f3n educativa, reflexionaron en que el acto de promesa, enmarcado en la normativa provincial, \u201ces la manifestaci\u00f3n cultural y relacional que nos permite expresar nuestro af\u00e1n por buscar y garantizar una vinculaci\u00f3n fuerte y confiable para con los otros\u201d. Y que permite asimismo, visualizar y exponer la identidad: \u201cReafirma y testimonia lo declarado comprometiendo la palabra. Entran en escena el compromiso y la voluntad que garantizan que una determinada situaci\u00f3n no volver\u00e1 a suceder\u201d.<\/span><\/p>\n<p>&nbsp;<\/p>\n<p><span style=\"font-family: arial, helvetica, sans-serif;font-size: 12pt\">Al inicio del evento, las autoridades fueguinas recorrieron una exposici\u00f3n fotogr\u00e1fica elaborada por los estudiantes de sexto a\u00f1o y con posterioridad, la Legislatura fueguina hizo entrega de una bandera de ceremonias a la Instituci\u00f3n capitalina.<\/span><\/p>\n<p>&nbsp;<\/p>\n<p><span style=\"font-family: arial, helvetica, sans-serif;font-size: 12pt\"><img loading=\"lazy\" decoding=\"async\" data-attachment-id=\"38297\" data-permalink=\"https:\/\/www.legistdf.gob.ar\/index.php\/2023\/06\/01\/educacion-la-vicegobernadora-tomo-la-promesa-de-lealtad-a-la-constitucion-fueguina-estudiantes-de-la-emei-ushuaia\/img_3877\/\" data-orig-file=\"https:\/\/www.legistdf.gob.ar\/wp-content\/uploads\/2023\/05\/IMG_3877.jpg\" data-orig-size=\"1500,1000\" data-comments-opened=\"0\" data-image-meta=\"{&quot;aperture&quot;:&quot;2.8&quot;,&quot;credit&quot;:&quot;&quot;,&quot;camera&quot;:&quot;Canon EOS 6D&quot;,&quot;caption&quot;:&quot;&quot;,&quot;created_timestamp&quot;:&quot;1685554477&quot;,&quot;copyright&quot;:&quot;&quot;,&quot;focal_length&quot;:&quot;39&quot;,&quot;iso&quot;:&quot;500&quot;,&quot;shutter_speed&quot;:&quot;0.008&quot;,&quot;title&quot;:&quot;&quot;,&quot;orientation&quot;:&quot;0&quot;}\" data-image-title=\"IMG_3877\" data-image-description=\"\" data-image-caption=\"\" data-medium-file=\"https:\/\/www.legistdf.gob.ar\/wp-content\/uploads\/2023\/05\/IMG_3877-300x200.jpg\" data-large-file=\"https:\/\/www.legistdf.gob.ar\/wp-content\/uploads\/2023\/05\/IMG_3877-1024x683.jpg\" class=\"alignright wp-image-38297 size-medium\" src=\"https:\/\/www.legistdf.gob.ar\/wp-content\/uploads\/2023\/05\/IMG_3877-300x200.jpg\" alt=\"\" width=\"300\" height=\"200\" srcset=\"https:\/\/www.legistdf.gob.ar\/wp-content\/uploads\/2023\/05\/IMG_3877-300x200.jpg 300w, https:\/\/www.legistdf.gob.ar\/wp-content\/uploads\/2023\/05\/IMG_3877-768x512.jpg 768w, https:\/\/www.legistdf.gob.ar\/wp-content\/uploads\/2023\/05\/IMG_3877-1024x683.jpg 1024w, https:\/\/www.legistdf.gob.ar\/wp-content\/uploads\/2023\/05\/IMG_3877-160x107.jpg 160w, https:\/\/www.legistdf.gob.ar\/wp-content\/uploads\/2023\/05\/IMG_3877.jpg 1500w\" sizes=\"(max-width: 300px) 100vw, 300px\" \/>Tambi\u00e9n, desde la organizaci\u00f3n saludaron la misiva enviada por la legisladora Andrea Freites (FdT-PJ), quien pidi\u00f3 reflexionar sobre la importancia del texto fundacional, que nos instituy\u00f3 como \u201cuna Provincia m\u00e1s integrada a un pa\u00eds federal\u201d lo que nos permite \u201csostener la igualdad y la justicia. Construir una identidad m\u00e1s particular, desde el punto de vista geogr\u00e1fico, social y cultural\u201d<\/span><\/p>\n<p>&nbsp;<\/p>\n<p><span style=\"font-family: arial, helvetica, sans-serif;font-size: 12pt\">En tanto, el vicedirector Jos\u00e9 Luis Fern\u00e1ndez, rese\u00f1\u00f3 brevemente el camino institucional \u2013en el Congreso de la Naci\u00f3n-, del anteproyecto de Ley enviado por el expresidente Dr. Ra\u00fal Alfons\u00edn que finaliz\u00f3 con la sanci\u00f3n de la Constituci\u00f3n de Tierra del Fuego, en la capital del exterritorio Nacional.<\/span><\/p>\n<p>&nbsp;<\/p>\n<p><span style=\"font-family: arial, helvetica, sans-serif;font-size: 12pt\">A continuaci\u00f3n, la Vicegobernadora record\u00f3 que hace 32 a\u00f1os \u201cfuimos, algunos de nosotros, testigos y protagonistas privilegiados\u201d de la jura de la Carta Magna. Este momento, lo record\u00f3 como \u201cinolvidable e importante para la historia de nuestra tierra\u201d.<\/span><\/p>\n<p>&nbsp;<\/p>\n<p><span style=\"font-family: arial, helvetica, sans-serif;font-size: 12pt\"><img loading=\"lazy\" decoding=\"async\" data-attachment-id=\"38299\" data-permalink=\"https:\/\/www.legistdf.gob.ar\/index.php\/2023\/06\/01\/educacion-la-vicegobernadora-tomo-la-promesa-de-lealtad-a-la-constitucion-fueguina-estudiantes-de-la-emei-ushuaia\/img_3896-5\/\" data-orig-file=\"https:\/\/www.legistdf.gob.ar\/wp-content\/uploads\/2023\/05\/IMG_3896.jpg\" data-orig-size=\"1500,1000\" data-comments-opened=\"0\" data-image-meta=\"{&quot;aperture&quot;:&quot;2.8&quot;,&quot;credit&quot;:&quot;&quot;,&quot;camera&quot;:&quot;Canon EOS 6D&quot;,&quot;caption&quot;:&quot;&quot;,&quot;created_timestamp&quot;:&quot;1685556470&quot;,&quot;copyright&quot;:&quot;&quot;,&quot;focal_length&quot;:&quot;24&quot;,&quot;iso&quot;:&quot;500&quot;,&quot;shutter_speed&quot;:&quot;0.00625&quot;,&quot;title&quot;:&quot;&quot;,&quot;orientation&quot;:&quot;0&quot;}\" data-image-title=\"IMG_3896\" data-image-description=\"\" data-image-caption=\"\" data-medium-file=\"https:\/\/www.legistdf.gob.ar\/wp-content\/uploads\/2023\/05\/IMG_3896-300x200.jpg\" data-large-file=\"https:\/\/www.legistdf.gob.ar\/wp-content\/uploads\/2023\/05\/IMG_3896-1024x683.jpg\" class=\"alignleft wp-image-38299 size-medium\" src=\"https:\/\/www.legistdf.gob.ar\/wp-content\/uploads\/2023\/05\/IMG_3896-300x200.jpg\" alt=\"\" width=\"300\" height=\"200\" srcset=\"https:\/\/www.legistdf.gob.ar\/wp-content\/uploads\/2023\/05\/IMG_3896-300x200.jpg 300w, https:\/\/www.legistdf.gob.ar\/wp-content\/uploads\/2023\/05\/IMG_3896-768x512.jpg 768w, https:\/\/www.legistdf.gob.ar\/wp-content\/uploads\/2023\/05\/IMG_3896-1024x683.jpg 1024w, https:\/\/www.legistdf.gob.ar\/wp-content\/uploads\/2023\/05\/IMG_3896-160x107.jpg 160w, https:\/\/www.legistdf.gob.ar\/wp-content\/uploads\/2023\/05\/IMG_3896.jpg 1500w\" sizes=\"(max-width: 300px) 100vw, 300px\" \/>En tanto, dijo que el texto fundacional, \u201cmadre de todas las leyes\u201d, traza los cimientos para el desarrollo como sociedad en todos los \u00e1mbitos. As\u00ed, encomend\u00f3 a que \u201csu conocimiento pleno y su promesa de lealtad, enriquece a nuestros j\u00f3venes y otorga las herramientas necesarias para su desarrollo de vida plena\u201d.<\/span><\/p>\n<p>&nbsp;<\/p>\n<p><span style=\"font-family: arial, helvetica, sans-serif;font-size: 12pt\">Al finalizar, pidi\u00f3 a las y los estudiantes: \u201cProm\u00e9tanse a s\u00ed mismos, respetar los preceptos de la Constituci\u00f3n, a respetar al otro y a los dem\u00e1s. Es posible hacerlo con pasi\u00f3n y defendiendo ideales, pero h\u00e1ganlo comprometi\u00e9ndose a que esa b\u00fasqueda tenga el mismo \u00e1nimo con el que los Constituyentes provinciales elaboraron la Carta Magna fueguina, que es un orgullo para todos\u201d, cerr\u00f3.<\/span><\/p>\n<p style=\"text-align: right\"><em>AT<\/em><\/p>\n<p style=\"text-align: right\"><em><a href=\"https:\/\/drive.google.com\/drive\/folders\/1kQ30zjuwamvscriRLxzM1ePKjrCftX8p?usp=drive_link\" target=\"_blank\" rel=\"noopener noreferrer\">Galer\u00eda de im\u00e1genes<\/a><\/em><\/p>\n\n\t\t<style type=\"text\/css\">\n\t\t\t#gallery-1 {\n\t\t\t\tmargin: auto;\n\t\t\t}\n\t\t\t#gallery-1 .gallery-item {\n\t\t\t\tfloat: left;\n\t\t\t\tmargin-top: 10px;\n\t\t\t\ttext-align: center;\n\t\t\t\twidth: 16%;\n\t\t\t}\n\t\t\t#gallery-1 img {\n\t\t\t\tborder: 2px solid #cfcfcf;\n\t\t\t}\n\t\t\t#gallery-1 .gallery-caption {\n\t\t\t\tmargin-left: 0;\n\t\t\t}\n\t\t\t\/* see gallery_shortcode() in wp-includes\/media.php *\/\n\t\t<\/style>\n\t\t<div data-carousel-extra='{\"blog_id\":1,\"permalink\":\"https:\\\/\\\/www.legistdf.gob.ar\\\/index.php\\\/2023\\\/06\\\/01\\\/educacion-la-vicegobernadora-tomo-la-promesa-de-lealtad-a-la-constitucion-fueguina-estudiantes-de-la-emei-ushuaia\\\/\"}' id='gallery-1' class='gallery galleryid-38294 gallery-columns-6 gallery-size-thumbnail'><dl class='gallery-item'>\n\t\t\t<dt class='gallery-icon landscape'>\n\t\t\t\t<a href='https:\/\/www.legistdf.gob.ar\/index.php\/2023\/06\/01\/educacion-la-vicegobernadora-tomo-la-promesa-de-lealtad-a-la-constitucion-fueguina-estudiantes-de-la-emei-ushuaia\/img_3859-2\/'><img loading=\"lazy\" decoding=\"async\" width=\"150\" height=\"150\" src=\"https:\/\/www.legistdf.gob.ar\/wp-content\/uploads\/2023\/05\/IMG_3859-150x150.jpg\" class=\"attachment-thumbnail size-thumbnail\" alt=\"\" srcset=\"https:\/\/www.legistdf.gob.ar\/wp-content\/uploads\/2023\/05\/IMG_3859-150x150.jpg 150w, https:\/\/www.legistdf.gob.ar\/wp-content\/uploads\/2023\/05\/IMG_3859-64x64.jpg 64w\" sizes=\"(max-width: 150px) 100vw, 150px\" data-attachment-id=\"38295\" data-permalink=\"https:\/\/www.legistdf.gob.ar\/index.php\/2023\/06\/01\/educacion-la-vicegobernadora-tomo-la-promesa-de-lealtad-a-la-constitucion-fueguina-estudiantes-de-la-emei-ushuaia\/img_3859-2\/\" data-orig-file=\"https:\/\/www.legistdf.gob.ar\/wp-content\/uploads\/2023\/05\/IMG_3859.jpg\" data-orig-size=\"1500,1000\" data-comments-opened=\"0\" data-image-meta=\"{&quot;aperture&quot;:&quot;2.8&quot;,&quot;credit&quot;:&quot;&quot;,&quot;camera&quot;:&quot;Canon EOS 6D&quot;,&quot;caption&quot;:&quot;&quot;,&quot;created_timestamp&quot;:&quot;1685552426&quot;,&quot;copyright&quot;:&quot;&quot;,&quot;focal_length&quot;:&quot;24&quot;,&quot;iso&quot;:&quot;640&quot;,&quot;shutter_speed&quot;:&quot;0.008&quot;,&quot;title&quot;:&quot;&quot;,&quot;orientation&quot;:&quot;0&quot;}\" data-image-title=\"IMG_3859\" data-image-description=\"\" data-image-caption=\"\" data-medium-file=\"https:\/\/www.legistdf.gob.ar\/wp-content\/uploads\/2023\/05\/IMG_3859-300x200.jpg\" data-large-file=\"https:\/\/www.legistdf.gob.ar\/wp-content\/uploads\/2023\/05\/IMG_3859-1024x683.jpg\" \/><\/a>\n\t\t\t<\/dt><\/dl><dl class='gallery-item'>\n\t\t\t<dt class='gallery-icon landscape'>\n\t\t\t\t<a href='https:\/\/www.legistdf.gob.ar\/index.php\/2023\/06\/01\/educacion-la-vicegobernadora-tomo-la-promesa-de-lealtad-a-la-constitucion-fueguina-estudiantes-de-la-emei-ushuaia\/img_3860\/'><img loading=\"lazy\" decoding=\"async\" width=\"150\" height=\"150\" src=\"https:\/\/www.legistdf.gob.ar\/wp-content\/uploads\/2023\/05\/IMG_3860-150x150.jpg\" class=\"attachment-thumbnail size-thumbnail\" alt=\"\" srcset=\"https:\/\/www.legistdf.gob.ar\/wp-content\/uploads\/2023\/05\/IMG_3860-150x150.jpg 150w, https:\/\/www.legistdf.gob.ar\/wp-content\/uploads\/2023\/05\/IMG_3860-64x64.jpg 64w\" sizes=\"(max-width: 150px) 100vw, 150px\" data-attachment-id=\"38296\" data-permalink=\"https:\/\/www.legistdf.gob.ar\/index.php\/2023\/06\/01\/educacion-la-vicegobernadora-tomo-la-promesa-de-lealtad-a-la-constitucion-fueguina-estudiantes-de-la-emei-ushuaia\/img_3860\/\" data-orig-file=\"https:\/\/www.legistdf.gob.ar\/wp-content\/uploads\/2023\/05\/IMG_3860.jpg\" data-orig-size=\"1500,1000\" data-comments-opened=\"0\" data-image-meta=\"{&quot;aperture&quot;:&quot;2.8&quot;,&quot;credit&quot;:&quot;&quot;,&quot;camera&quot;:&quot;Canon EOS 6D&quot;,&quot;caption&quot;:&quot;&quot;,&quot;created_timestamp&quot;:&quot;1685552889&quot;,&quot;copyright&quot;:&quot;&quot;,&quot;focal_length&quot;:&quot;24&quot;,&quot;iso&quot;:&quot;640&quot;,&quot;shutter_speed&quot;:&quot;0.008&quot;,&quot;title&quot;:&quot;&quot;,&quot;orientation&quot;:&quot;0&quot;}\" data-image-title=\"IMG_3860\" data-image-description=\"\" data-image-caption=\"\" data-medium-file=\"https:\/\/www.legistdf.gob.ar\/wp-content\/uploads\/2023\/05\/IMG_3860-300x200.jpg\" data-large-file=\"https:\/\/www.legistdf.gob.ar\/wp-content\/uploads\/2023\/05\/IMG_3860-1024x683.jpg\" \/><\/a>\n\t\t\t<\/dt><\/dl><dl class='gallery-item'>\n\t\t\t<dt class='gallery-icon landscape'>\n\t\t\t\t<a href='https:\/\/www.legistdf.gob.ar\/index.php\/2023\/06\/01\/educacion-la-vicegobernadora-tomo-la-promesa-de-lealtad-a-la-constitucion-fueguina-estudiantes-de-la-emei-ushuaia\/img_3877\/'><img loading=\"lazy\" decoding=\"async\" width=\"150\" height=\"150\" src=\"https:\/\/www.legistdf.gob.ar\/wp-content\/uploads\/2023\/05\/IMG_3877-150x150.jpg\" class=\"attachment-thumbnail size-thumbnail\" alt=\"\" srcset=\"https:\/\/www.legistdf.gob.ar\/wp-content\/uploads\/2023\/05\/IMG_3877-150x150.jpg 150w, https:\/\/www.legistdf.gob.ar\/wp-content\/uploads\/2023\/05\/IMG_3877-64x64.jpg 64w\" sizes=\"(max-width: 150px) 100vw, 150px\" data-attachment-id=\"38297\" data-permalink=\"https:\/\/www.legistdf.gob.ar\/index.php\/2023\/06\/01\/educacion-la-vicegobernadora-tomo-la-promesa-de-lealtad-a-la-constitucion-fueguina-estudiantes-de-la-emei-ushuaia\/img_3877\/\" data-orig-file=\"https:\/\/www.legistdf.gob.ar\/wp-content\/uploads\/2023\/05\/IMG_3877.jpg\" data-orig-size=\"1500,1000\" data-comments-opened=\"0\" data-image-meta=\"{&quot;aperture&quot;:&quot;2.8&quot;,&quot;credit&quot;:&quot;&quot;,&quot;camera&quot;:&quot;Canon EOS 6D&quot;,&quot;caption&quot;:&quot;&quot;,&quot;created_timestamp&quot;:&quot;1685554477&quot;,&quot;copyright&quot;:&quot;&quot;,&quot;focal_length&quot;:&quot;39&quot;,&quot;iso&quot;:&quot;500&quot;,&quot;shutter_speed&quot;:&quot;0.008&quot;,&quot;title&quot;:&quot;&quot;,&quot;orientation&quot;:&quot;0&quot;}\" data-image-title=\"IMG_3877\" data-image-description=\"\" data-image-caption=\"\" data-medium-file=\"https:\/\/www.legistdf.gob.ar\/wp-content\/uploads\/2023\/05\/IMG_3877-300x200.jpg\" data-large-file=\"https:\/\/www.legistdf.gob.ar\/wp-content\/uploads\/2023\/05\/IMG_3877-1024x683.jpg\" \/><\/a>\n\t\t\t<\/dt><\/dl><dl class='gallery-item'>\n\t\t\t<dt class='gallery-icon landscape'>\n\t\t\t\t<a href='https:\/\/www.legistdf.gob.ar\/index.php\/2023\/06\/01\/educacion-la-vicegobernadora-tomo-la-promesa-de-lealtad-a-la-constitucion-fueguina-estudiantes-de-la-emei-ushuaia\/img_3885-2\/'><img loading=\"lazy\" decoding=\"async\" width=\"150\" height=\"150\" src=\"https:\/\/www.legistdf.gob.ar\/wp-content\/uploads\/2023\/05\/IMG_3885-150x150.jpg\" class=\"attachment-thumbnail size-thumbnail\" alt=\"\" srcset=\"https:\/\/www.legistdf.gob.ar\/wp-content\/uploads\/2023\/05\/IMG_3885-150x150.jpg 150w, https:\/\/www.legistdf.gob.ar\/wp-content\/uploads\/2023\/05\/IMG_3885-64x64.jpg 64w\" sizes=\"(max-width: 150px) 100vw, 150px\" data-attachment-id=\"38298\" data-permalink=\"https:\/\/www.legistdf.gob.ar\/index.php\/2023\/06\/01\/educacion-la-vicegobernadora-tomo-la-promesa-de-lealtad-a-la-constitucion-fueguina-estudiantes-de-la-emei-ushuaia\/img_3885-2\/\" data-orig-file=\"https:\/\/www.legistdf.gob.ar\/wp-content\/uploads\/2023\/05\/IMG_3885.jpg\" data-orig-size=\"1500,1000\" data-comments-opened=\"0\" data-image-meta=\"{&quot;aperture&quot;:&quot;2.8&quot;,&quot;credit&quot;:&quot;&quot;,&quot;camera&quot;:&quot;Canon EOS 6D&quot;,&quot;caption&quot;:&quot;&quot;,&quot;created_timestamp&quot;:&quot;1685555492&quot;,&quot;copyright&quot;:&quot;&quot;,&quot;focal_length&quot;:&quot;70&quot;,&quot;iso&quot;:&quot;500&quot;,&quot;shutter_speed&quot;:&quot;0.0125&quot;,&quot;title&quot;:&quot;&quot;,&quot;orientation&quot;:&quot;0&quot;}\" data-image-title=\"IMG_3885\" data-image-description=\"\" data-image-caption=\"\" data-medium-file=\"https:\/\/www.legistdf.gob.ar\/wp-content\/uploads\/2023\/05\/IMG_3885-300x200.jpg\" data-large-file=\"https:\/\/www.legistdf.gob.ar\/wp-content\/uploads\/2023\/05\/IMG_3885-1024x683.jpg\" \/><\/a>\n\t\t\t<\/dt><\/dl><dl class='gallery-item'>\n\t\t\t<dt class='gallery-icon landscape'>\n\t\t\t\t<a href='https:\/\/www.legistdf.gob.ar\/index.php\/2023\/06\/01\/educacion-la-vicegobernadora-tomo-la-promesa-de-lealtad-a-la-constitucion-fueguina-estudiantes-de-la-emei-ushuaia\/img_3896-5\/'><img loading=\"lazy\" decoding=\"async\" width=\"150\" height=\"150\" src=\"https:\/\/www.legistdf.gob.ar\/wp-content\/uploads\/2023\/05\/IMG_3896-150x150.jpg\" class=\"attachment-thumbnail size-thumbnail\" alt=\"\" srcset=\"https:\/\/www.legistdf.gob.ar\/wp-content\/uploads\/2023\/05\/IMG_3896-150x150.jpg 150w, https:\/\/www.legistdf.gob.ar\/wp-content\/uploads\/2023\/05\/IMG_3896-64x64.jpg 64w\" sizes=\"(max-width: 150px) 100vw, 150px\" data-attachment-id=\"38299\" data-permalink=\"https:\/\/www.legistdf.gob.ar\/index.php\/2023\/06\/01\/educacion-la-vicegobernadora-tomo-la-promesa-de-lealtad-a-la-constitucion-fueguina-estudiantes-de-la-emei-ushuaia\/img_3896-5\/\" data-orig-file=\"https:\/\/www.legistdf.gob.ar\/wp-content\/uploads\/2023\/05\/IMG_3896.jpg\" data-orig-size=\"1500,1000\" data-comments-opened=\"0\" data-image-meta=\"{&quot;aperture&quot;:&quot;2.8&quot;,&quot;credit&quot;:&quot;&quot;,&quot;camera&quot;:&quot;Canon EOS 6D&quot;,&quot;caption&quot;:&quot;&quot;,&quot;created_timestamp&quot;:&quot;1685556470&quot;,&quot;copyright&quot;:&quot;&quot;,&quot;focal_length&quot;:&quot;24&quot;,&quot;iso&quot;:&quot;500&quot;,&quot;shutter_speed&quot;:&quot;0.00625&quot;,&quot;title&quot;:&quot;&quot;,&quot;orientation&quot;:&quot;0&quot;}\" data-image-title=\"IMG_3896\" data-image-description=\"\" data-image-caption=\"\" data-medium-file=\"https:\/\/www.legistdf.gob.ar\/wp-content\/uploads\/2023\/05\/IMG_3896-300x200.jpg\" data-large-file=\"https:\/\/www.legistdf.gob.ar\/wp-content\/uploads\/2023\/05\/IMG_3896-1024x683.jpg\" \/><\/a>\n\t\t\t<\/dt><\/dl><dl class='gallery-item'>\n\t\t\t<dt class='gallery-icon landscape'>\n\t\t\t\t<a href='https:\/\/www.legistdf.gob.ar\/index.php\/2023\/06\/01\/educacion-la-vicegobernadora-tomo-la-promesa-de-lealtad-a-la-constitucion-fueguina-estudiantes-de-la-emei-ushuaia\/img_3948-2\/'><img loading=\"lazy\" decoding=\"async\" width=\"150\" height=\"150\" src=\"https:\/\/www.legistdf.gob.ar\/wp-content\/uploads\/2023\/05\/IMG_3948-150x150.jpg\" class=\"attachment-thumbnail size-thumbnail\" alt=\"\" srcset=\"https:\/\/www.legistdf.gob.ar\/wp-content\/uploads\/2023\/05\/IMG_3948-150x150.jpg 150w, https:\/\/www.legistdf.gob.ar\/wp-content\/uploads\/2023\/05\/IMG_3948-64x64.jpg 64w\" sizes=\"(max-width: 150px) 100vw, 150px\" data-attachment-id=\"38300\" data-permalink=\"https:\/\/www.legistdf.gob.ar\/index.php\/2023\/06\/01\/educacion-la-vicegobernadora-tomo-la-promesa-de-lealtad-a-la-constitucion-fueguina-estudiantes-de-la-emei-ushuaia\/img_3948-2\/\" data-orig-file=\"https:\/\/www.legistdf.gob.ar\/wp-content\/uploads\/2023\/05\/IMG_3948.jpg\" data-orig-size=\"1500,1000\" data-comments-opened=\"0\" data-image-meta=\"{&quot;aperture&quot;:&quot;2.8&quot;,&quot;credit&quot;:&quot;&quot;,&quot;camera&quot;:&quot;Canon EOS 6D&quot;,&quot;caption&quot;:&quot;&quot;,&quot;created_timestamp&quot;:&quot;1685557181&quot;,&quot;copyright&quot;:&quot;&quot;,&quot;focal_length&quot;:&quot;24&quot;,&quot;iso&quot;:&quot;500&quot;,&quot;shutter_speed&quot;:&quot;0.0055555555555556&quot;,&quot;title&quot;:&quot;&quot;,&quot;orientation&quot;:&quot;0&quot;}\" data-image-title=\"IMG_3948\" data-image-description=\"\" data-image-caption=\"\" data-medium-file=\"https:\/\/www.legistdf.gob.ar\/wp-content\/uploads\/2023\/05\/IMG_3948-300x200.jpg\" data-large-file=\"https:\/\/www.legistdf.gob.ar\/wp-content\/uploads\/2023\/05\/IMG_3948-1024x683.jpg\" \/><\/a>\n\t\t\t<\/dt><\/dl><br style=\"clear: both\" \/>\n\t\t<\/div>\n\n<blockquote class=\"twitter-tweet\" data-width=\"550\" data-dnt=\"true\">\n<p lang=\"zxx\" dir=\"ltr\"><a href=\"https:\/\/t.co\/mKcoXqH6NP\">pic.twitter.com\/mKcoXqH6NP<\/a><\/p>\n<p>&mdash; Prensa Legislativa (@PrensaLegisTDF) <a href=\"https:\/\/twitter.com\/PrensaLegisTDF\/status\/1664055637779652619?ref_src=twsrc%5Etfw\">May 31, 2023<\/a><\/p><\/blockquote>\n<p><script async src=\"https:\/\/platform.twitter.com\/widgets.js\" charset=\"utf-8\"><\/script><\/p>\n","protected":false},"excerpt":{"rendered":"<p>Ushuaia, jueves 1\u00b0 de junio de 2023.- Alumnas y alumnos de 6\u00b0 a\u00f1o A y B de la Escuela Modelo de Educaci\u00f3n Integral (EMEI) en Ushuaia, prometieron ayer lealtad a la Constituci\u00f3n fueguina, en el marco del 32\u00b0 aniversario de la Provincia. El acto fue presidido por autoridades institucionales, y cont\u00f3 con la presencia de [&hellip;]<\/p>\n","protected":false},"author":352,"featured_media":38295,"comment_status":"closed","ping_status":"closed","sticky":false,"template":"","format":"standard","meta":{"jetpack_post_was_ever_published":false,"_jetpack_newsletter_access":"","_jetpack_dont_email_post_to_subs":false,"_jetpack_newsletter_tier_id":0,"footnotes":"","jetpack_publicize_message":"","jetpack_publicize_feature_enabled":true,"jetpack_social_post_already_shared":true,"jetpack_social_options":{"image_generator_settings":{"template":"highway","enabled":false}}},"categories":[1],"tags":[1532,80,144,106,79,87],"jetpack_publicize_connections":[],"jetpack_sharing_enabled":true,"jetpack_featured_media_url":"https:\/\/www.legistdf.gob.ar\/wp-content\/uploads\/2023\/05\/IMG_3859.jpg","jetpack-related-posts":[],"_links":{"self":[{"href":"https:\/\/www.legistdf.gob.ar\/index.php\/wp-json\/wp\/v2\/posts\/38294"}],"collection":[{"href":"https:\/\/www.legistdf.gob.ar\/index.php\/wp-json\/wp\/v2\/posts"}],"about":[{"href":"https:\/\/www.legistdf.gob.ar\/index.php\/wp-json\/wp\/v2\/types\/post"}],"author":[{"embeddable":true,"href":"https:\/\/www.legistdf.gob.ar\/index.php\/wp-json\/wp\/v2\/users\/352"}],"replies":[{"embeddable":true,"href":"https:\/\/www.legistdf.gob.ar\/index.php\/wp-json\/wp\/v2\/comments?post=38294"}],"version-history":[{"count":3,"href":"https:\/\/www.legistdf.gob.ar\/index.php\/wp-json\/wp\/v2\/posts\/38294\/revisions"}],"predecessor-version":[{"id":38307,"href":"https:\/\/www.legistdf.gob.ar\/index.php\/wp-json\/wp\/v2\/posts\/38294\/revisions\/38307"}],"wp:featuredmedia":[{"embeddable":true,"href":"https:\/\/www.legistdf.gob.ar\/index.php\/wp-json\/wp\/v2\/media\/38295"}],"wp:attachment":[{"href":"https:\/\/www.legistdf.gob.ar\/index.php\/wp-json\/wp\/v2\/media?parent=38294"}],"wp:term":[{"taxonomy":"category","embeddable":true,"href":"https:\/\/www.legistdf.gob.ar\/index.php\/wp-json\/wp\/v2\/categories?post=38294"},{"taxonomy":"post_tag","embeddable":true,"href":"https:\/\/www.legistdf.gob.ar\/index.php\/wp-json\/wp\/v2\/tags?post=38294"}],"curies":[{"name":"wp","href":"https:\/\/api.w.org\/{rel}","templated":true}]}}