{"id":38302,"date":"2023-06-01T00:10:23","date_gmt":"2023-06-01T03:10:23","guid":{"rendered":"https:\/\/www.legistdf.gob.ar\/?p=38302"},"modified":"2023-05-31T21:01:22","modified_gmt":"2023-06-01T00:01:22","slug":"efemerides-1-de-junio-sancion-de-la-constitucion-de-tierra-del-fuego-antartida-e-islas-del-atlantico-sur-dia-de-la-provincia","status":"publish","type":"post","link":"https:\/\/www.legistdf.gob.ar\/index.php\/2023\/06\/01\/efemerides-1-de-junio-sancion-de-la-constitucion-de-tierra-del-fuego-antartida-e-islas-del-atlantico-sur-dia-de-la-provincia\/","title":{"rendered":"EFEM\u00c9RIDES: 1 de junio, sanci\u00f3n de la Constituci\u00f3n de Tierra del Fuego, Ant\u00e1rtida e Islas del Atl\u00e1ntico Sur. D\u00eda de la Provincia."},"content":{"rendered":"<p><img loading=\"lazy\" decoding=\"async\" data-attachment-id=\"38303\" data-permalink=\"https:\/\/www.legistdf.gob.ar\/index.php\/2023\/06\/01\/efemerides-1-de-junio-sancion-de-la-constitucion-de-tierra-del-fuego-antartida-e-islas-del-atlantico-sur-dia-de-la-provincia\/1-de-junio\/\" data-orig-file=\"https:\/\/www.legistdf.gob.ar\/wp-content\/uploads\/2023\/05\/1-de-junio.png\" data-orig-size=\"800,400\" data-comments-opened=\"0\" data-image-meta=\"{&quot;aperture&quot;:&quot;0&quot;,&quot;credit&quot;:&quot;&quot;,&quot;camera&quot;:&quot;&quot;,&quot;caption&quot;:&quot;&quot;,&quot;created_timestamp&quot;:&quot;0&quot;,&quot;copyright&quot;:&quot;&quot;,&quot;focal_length&quot;:&quot;0&quot;,&quot;iso&quot;:&quot;0&quot;,&quot;shutter_speed&quot;:&quot;0&quot;,&quot;title&quot;:&quot;&quot;,&quot;orientation&quot;:&quot;0&quot;}\" data-image-title=\"1 de junio\" data-image-description=\"\" data-image-caption=\"\" data-medium-file=\"https:\/\/www.legistdf.gob.ar\/wp-content\/uploads\/2023\/05\/1-de-junio-300x150.png\" data-large-file=\"https:\/\/www.legistdf.gob.ar\/wp-content\/uploads\/2023\/05\/1-de-junio.png\" class=\"aligncenter size-full wp-image-38303\" src=\"https:\/\/www.legistdf.gob.ar\/wp-content\/uploads\/2023\/05\/1-de-junio.png\" alt=\"\" width=\"800\" height=\"400\" srcset=\"https:\/\/www.legistdf.gob.ar\/wp-content\/uploads\/2023\/05\/1-de-junio.png 800w, https:\/\/www.legistdf.gob.ar\/wp-content\/uploads\/2023\/05\/1-de-junio-300x150.png 300w, https:\/\/www.legistdf.gob.ar\/wp-content\/uploads\/2023\/05\/1-de-junio-768x384.png 768w, https:\/\/www.legistdf.gob.ar\/wp-content\/uploads\/2023\/05\/1-de-junio-160x80.png 160w\" sizes=\"(max-width: 800px) 100vw, 800px\" \/><\/p>\n","protected":false},"excerpt":{"rendered":"","protected":false},"author":352,"featured_media":38303,"comment_status":"closed","ping_status":"closed","sticky":false,"template":"","format":"standard","meta":{"jetpack_post_was_ever_published":false,"_jetpack_newsletter_access":"","_jetpack_dont_email_post_to_subs":false,"_jetpack_newsletter_tier_id":0,"footnotes":"","jetpack_publicize_message":"","jetpack_publicize_feature_enabled":true,"jetpack_social_post_already_shared":true,"jetpack_social_options":{"image_generator_settings":{"template":"highway","enabled":false}}},"categories":[1],"tags":[],"jetpack_publicize_connections":[],"jetpack_sharing_enabled":true,"jetpack_featured_media_url":"https:\/\/www.legistdf.gob.ar\/wp-content\/uploads\/2023\/05\/1-de-junio.png","jetpack-related-posts":[],"_links":{"self":[{"href":"https:\/\/www.legistdf.gob.ar\/index.php\/wp-json\/wp\/v2\/posts\/38302"}],"collection":[{"href":"https:\/\/www.legistdf.gob.ar\/index.php\/wp-json\/wp\/v2\/posts"}],"about":[{"href":"https:\/\/www.legistdf.gob.ar\/index.php\/wp-json\/wp\/v2\/types\/post"}],"author":[{"embeddable":true,"href":"https:\/\/www.legistdf.gob.ar\/index.php\/wp-json\/wp\/v2\/users\/352"}],"replies":[{"embeddable":true,"href":"https:\/\/www.legistdf.gob.ar\/index.php\/wp-json\/wp\/v2\/comments?post=38302"}],"version-history":[{"count":1,"href":"https:\/\/www.legistdf.gob.ar\/index.php\/wp-json\/wp\/v2\/posts\/38302\/revisions"}],"predecessor-version":[{"id":38304,"href":"https:\/\/www.legistdf.gob.ar\/index.php\/wp-json\/wp\/v2\/posts\/38302\/revisions\/38304"}],"wp:featuredmedia":[{"embeddable":true,"href":"https:\/\/www.legistdf.gob.ar\/index.php\/wp-json\/wp\/v2\/media\/38303"}],"wp:attachment":[{"href":"https:\/\/www.legistdf.gob.ar\/index.php\/wp-json\/wp\/v2\/media?parent=38302"}],"wp:term":[{"taxonomy":"category","embeddable":true,"href":"https:\/\/www.legistdf.gob.ar\/index.php\/wp-json\/wp\/v2\/categories?post=38302"},{"taxonomy":"post_tag","embeddable":true,"href":"https:\/\/www.legistdf.gob.ar\/index.php\/wp-json\/wp\/v2\/tags?post=38302"}],"curies":[{"name":"wp","href":"https:\/\/api.w.org\/{rel}","templated":true}]}}