{"id":38308,"date":"2023-06-01T18:00:43","date_gmt":"2023-06-01T21:00:43","guid":{"rendered":"https:\/\/www.legistdf.gob.ar\/?p=38308"},"modified":"2023-06-01T18:00:43","modified_gmt":"2023-06-01T21:00:43","slug":"legislatura-monica-urquiza-celebro-el-dialogo-y-consenso-a-32-anos-de-la-sancion-de-la-carta-magna","status":"publish","type":"post","link":"https:\/\/www.legistdf.gob.ar\/index.php\/2023\/06\/01\/legislatura-monica-urquiza-celebro-el-dialogo-y-consenso-a-32-anos-de-la-sancion-de-la-carta-magna\/","title":{"rendered":"LEGISLATURA: M\u00f3nica Urquiza celebr\u00f3 el di\u00e1logo y consenso a 32 a\u00f1os de la sanci\u00f3n de la Carta Magna"},"content":{"rendered":"<p><span style=\"font-family: arial, helvetica, sans-serif;font-size: 14pt\"><strong><img loading=\"lazy\" decoding=\"async\" data-attachment-id=\"38311\" data-permalink=\"https:\/\/www.legistdf.gob.ar\/index.php\/2023\/06\/01\/legislatura-monica-urquiza-celebro-el-dialogo-y-consenso-a-32-anos-de-la-sancion-de-la-carta-magna\/img_4033\/\" data-orig-file=\"https:\/\/www.legistdf.gob.ar\/wp-content\/uploads\/2023\/06\/IMG_4033.jpg\" data-orig-size=\"1500,1000\" data-comments-opened=\"0\" data-image-meta=\"{&quot;aperture&quot;:&quot;2.8&quot;,&quot;credit&quot;:&quot;&quot;,&quot;camera&quot;:&quot;Canon EOS 6D&quot;,&quot;caption&quot;:&quot;&quot;,&quot;created_timestamp&quot;:&quot;1685618324&quot;,&quot;copyright&quot;:&quot;&quot;,&quot;focal_length&quot;:&quot;24&quot;,&quot;iso&quot;:&quot;800&quot;,&quot;shutter_speed&quot;:&quot;0.0055555555555556&quot;,&quot;title&quot;:&quot;&quot;,&quot;orientation&quot;:&quot;0&quot;}\" data-image-title=\"IMG_4033\" data-image-description=\"\" data-image-caption=\"\" data-medium-file=\"https:\/\/www.legistdf.gob.ar\/wp-content\/uploads\/2023\/06\/IMG_4033-300x200.jpg\" data-large-file=\"https:\/\/www.legistdf.gob.ar\/wp-content\/uploads\/2023\/06\/IMG_4033-1024x683.jpg\" class=\"alignright wp-image-38311 size-medium\" src=\"https:\/\/www.legistdf.gob.ar\/wp-content\/uploads\/2023\/06\/IMG_4033-300x200.jpg\" alt=\"\" width=\"300\" height=\"200\" srcset=\"https:\/\/www.legistdf.gob.ar\/wp-content\/uploads\/2023\/06\/IMG_4033-300x200.jpg 300w, https:\/\/www.legistdf.gob.ar\/wp-content\/uploads\/2023\/06\/IMG_4033-768x512.jpg 768w, https:\/\/www.legistdf.gob.ar\/wp-content\/uploads\/2023\/06\/IMG_4033-1024x683.jpg 1024w, https:\/\/www.legistdf.gob.ar\/wp-content\/uploads\/2023\/06\/IMG_4033-160x107.jpg 160w, https:\/\/www.legistdf.gob.ar\/wp-content\/uploads\/2023\/06\/IMG_4033.jpg 1500w\" sizes=\"(max-width: 300px) 100vw, 300px\" \/>Tolhuin, jueves 1 de junio de 2023.- El acto central por los 32 a\u00f1os de la jura de la Constituci\u00f3n fueguina y el d\u00eda de la Provincia, se conmemor\u00f3 en el municipio de Tolhuin. Convencionales Constituyentes (MC), autoridades fueguinas y vecinas y vecinos de Tierra del Fuego rememoraron los d\u00edas de junio de 1991, momento en que la vida pol\u00edtica y social del extremo sur de la Argentina, tom\u00f3 rango federal y se encamin\u00f3 al establecimiento de las instituciones.<\/strong><\/span><\/p>\n<p>&nbsp;<\/p>\n<p><span style=\"font-family: arial, helvetica, sans-serif;font-size: 12pt\">\u201cLa Provincia naci\u00f3 formalmente con la jura de la Constituci\u00f3n Provincial el 1\u00ba de junio de 1991, en la que formaron parte los 19 convencionales constituyentes, seguida por un emotivo acto espont\u00e1neo, en el que jur\u00f3 tambi\u00e9n el pueblo fueguino\u201d, se\u00f1alaron desde la organizaci\u00f3n.<\/span><\/p>\n<p>&nbsp;<\/p>\n<p><span style=\"font-family: arial, helvetica, sans-serif;font-size: 12pt\"><img loading=\"lazy\" decoding=\"async\" data-attachment-id=\"38310\" data-permalink=\"https:\/\/www.legistdf.gob.ar\/index.php\/2023\/06\/01\/legislatura-monica-urquiza-celebro-el-dialogo-y-consenso-a-32-anos-de-la-sancion-de-la-carta-magna\/img_4027\/\" data-orig-file=\"https:\/\/www.legistdf.gob.ar\/wp-content\/uploads\/2023\/06\/IMG_4027.jpg\" data-orig-size=\"1500,1000\" data-comments-opened=\"0\" data-image-meta=\"{&quot;aperture&quot;:&quot;2.8&quot;,&quot;credit&quot;:&quot;&quot;,&quot;camera&quot;:&quot;Canon EOS 6D&quot;,&quot;caption&quot;:&quot;&quot;,&quot;created_timestamp&quot;:&quot;1685618200&quot;,&quot;copyright&quot;:&quot;&quot;,&quot;focal_length&quot;:&quot;50&quot;,&quot;iso&quot;:&quot;800&quot;,&quot;shutter_speed&quot;:&quot;0.0055555555555556&quot;,&quot;title&quot;:&quot;&quot;,&quot;orientation&quot;:&quot;0&quot;}\" data-image-title=\"IMG_4027\" data-image-description=\"\" data-image-caption=\"\" data-medium-file=\"https:\/\/www.legistdf.gob.ar\/wp-content\/uploads\/2023\/06\/IMG_4027-300x200.jpg\" data-large-file=\"https:\/\/www.legistdf.gob.ar\/wp-content\/uploads\/2023\/06\/IMG_4027-1024x683.jpg\" class=\"alignright wp-image-38310 size-medium\" src=\"https:\/\/www.legistdf.gob.ar\/wp-content\/uploads\/2023\/06\/IMG_4027-300x200.jpg\" alt=\"\" width=\"300\" height=\"200\" srcset=\"https:\/\/www.legistdf.gob.ar\/wp-content\/uploads\/2023\/06\/IMG_4027-300x200.jpg 300w, https:\/\/www.legistdf.gob.ar\/wp-content\/uploads\/2023\/06\/IMG_4027-768x512.jpg 768w, https:\/\/www.legistdf.gob.ar\/wp-content\/uploads\/2023\/06\/IMG_4027-1024x683.jpg 1024w, https:\/\/www.legistdf.gob.ar\/wp-content\/uploads\/2023\/06\/IMG_4027-160x107.jpg 160w, https:\/\/www.legistdf.gob.ar\/wp-content\/uploads\/2023\/06\/IMG_4027.jpg 1500w\" sizes=\"(max-width: 300px) 100vw, 300px\" \/>A su tiempo, la Presidenta de la Legislatura, vicegobernadora M\u00f3nica Urquiza, entendi\u00f3 el paso del tiempo desde aquellos d\u00edas y record\u00f3 a los exconvencionales que ya no est\u00e1n. \u201cPermanecen en nuestro recuerdo y en nuestros corazones\u201d y celebr\u00f3 \u201cpoder compartir, con quienes todav\u00eda est\u00e1n entre nosotros, que son la historia viva de la que tenemos que nutrirnos permanentemente\u00bb y agradeci\u00f3 \u00abtodo lo que han hecho\u201d, sostuvo ante la prensa.<\/span><\/p>\n<p>&nbsp;<\/p>\n<p><span style=\"font-family: arial, helvetica, sans-serif;font-size: 12pt\">En ese sentido, Urquiza resalt\u00f3 el avance de la mujer en estamentos de toma de decisi\u00f3n y record\u00f3 la intervenci\u00f3n de la titular de la Convenci\u00f3n Constituyente: \u201cNuestra Provincia estuvo a la vanguardia, como fue el rol con do\u00f1a Elena Rubio de Mingorance como Presidenta de nuestra Convenci\u00f3n Constituyente provincial. Hemos avanzado mucho en este sentido. Tierra del Fuego es una Provincia amplia e inclusiva\u201d, celebr\u00f3.<\/span><\/p>\n<p>&nbsp;<\/p>\n<p><span style=\"font-family: arial, helvetica, sans-serif;font-size: 12pt\">Al finalizar, M\u00f3nica Urquiza ponder\u00f3 la vida social y pol\u00edtica de las y los fueguinos al tiempo que pidi\u00f3: \u201cHacer un balance de todo lo que hemos obtenido entre todos, m\u00e1s all\u00e1 de los partidos pol\u00edticos y de las individualidades. Tenemos la particularidad de dialogar, y encontrar consensos para que la Provincia de Tierra del Fuego, Ant\u00e1rtida e Islas del Atl\u00e1ntico Sur, siga creciendo\u201d.<\/span><\/p>\n<p>&nbsp;<\/p>\n<p><span style=\"font-family: arial, helvetica, sans-serif;font-size: 12pt\"><img loading=\"lazy\" decoding=\"async\" data-attachment-id=\"38314\" data-permalink=\"https:\/\/www.legistdf.gob.ar\/index.php\/2023\/06\/01\/legislatura-monica-urquiza-celebro-el-dialogo-y-consenso-a-32-anos-de-la-sancion-de-la-carta-magna\/img_4101\/\" data-orig-file=\"https:\/\/www.legistdf.gob.ar\/wp-content\/uploads\/2023\/06\/IMG_4101.jpg\" data-orig-size=\"1500,1000\" data-comments-opened=\"0\" data-image-meta=\"{&quot;aperture&quot;:&quot;2.8&quot;,&quot;credit&quot;:&quot;&quot;,&quot;camera&quot;:&quot;Canon EOS 6D&quot;,&quot;caption&quot;:&quot;&quot;,&quot;created_timestamp&quot;:&quot;1685620150&quot;,&quot;copyright&quot;:&quot;&quot;,&quot;focal_length&quot;:&quot;24&quot;,&quot;iso&quot;:&quot;1250&quot;,&quot;shutter_speed&quot;:&quot;0.0055555555555556&quot;,&quot;title&quot;:&quot;&quot;,&quot;orientation&quot;:&quot;0&quot;}\" data-image-title=\"IMG_4101\" data-image-description=\"\" data-image-caption=\"\" data-medium-file=\"https:\/\/www.legistdf.gob.ar\/wp-content\/uploads\/2023\/06\/IMG_4101-300x200.jpg\" data-large-file=\"https:\/\/www.legistdf.gob.ar\/wp-content\/uploads\/2023\/06\/IMG_4101-1024x683.jpg\" class=\"alignright wp-image-38314 size-medium\" src=\"https:\/\/www.legistdf.gob.ar\/wp-content\/uploads\/2023\/06\/IMG_4101-300x200.jpg\" alt=\"\" width=\"300\" height=\"200\" srcset=\"https:\/\/www.legistdf.gob.ar\/wp-content\/uploads\/2023\/06\/IMG_4101-300x200.jpg 300w, https:\/\/www.legistdf.gob.ar\/wp-content\/uploads\/2023\/06\/IMG_4101-768x512.jpg 768w, https:\/\/www.legistdf.gob.ar\/wp-content\/uploads\/2023\/06\/IMG_4101-1024x683.jpg 1024w, https:\/\/www.legistdf.gob.ar\/wp-content\/uploads\/2023\/06\/IMG_4101-160x107.jpg 160w, https:\/\/www.legistdf.gob.ar\/wp-content\/uploads\/2023\/06\/IMG_4101.jpg 1500w\" sizes=\"(max-width: 300px) 100vw, 300px\" \/>Durante la conmemoraci\u00f3n, se record\u00f3 \u201ca los Convencionales que tuvieron el honor de redactar\u201d el texto normativo fueguino y nombraron a Ruggero Preto; Luis Augsburger; Pablo Blanco; Alejandro Funes; Miguel \u00c1ngel Castro; Jos\u00e9 Estabillo; Mario Ferreyra; Ricardo Furlan; Demetrio Martinelli; Carlos Alberto Pastoriza; Carlos Alberto P\u00e9rez; Oscar Rabassa y Diana Wilson y los secretarios Juan Manuel Romano y Juan Jos\u00e9 Ramos.<\/span><\/p>\n<p>&nbsp;<\/p>\n<p><span style=\"font-family: arial, helvetica, sans-serif;font-size: 12pt\">Tambi\u00e9n se mencion\u00f3 \u201cespecialmente\u201d a Elena Rubio de Mingorance, quien ofici\u00f3 como presidenta de la Convenci\u00f3n Constituyente, como as\u00ed tambi\u00e9n al escribano Hern\u00e1n L\u00f3pez Fontana, a la escribana Rosa Delia Weiss Jurado, a Luis Alberto Andrade, a Marcos Mora y N\u00e9stor Nogar.<\/span><\/p>\n<p>&nbsp;<\/p>\n<p><span style=\"font-family: arial, helvetica, sans-serif;font-size: 12pt\">Participaron del acto los legisladores Federico Sciurano (UCR), Ricardo Furlan (JV) y Federico Greve (FORJA), Convencionales Constituyentes (MC), funcionarios del Gobierno provincial, autoridades del Concejo Deliberante local, \u00a0representantes de la Justicia, miembros de la Municipalidad de Ushuaia y Tolhuin, abanderados y escoltas de diferentes niveles educativos de la ciudad. Tambi\u00e9n asistieron integrantes de las fuerzas de seguridad y Veteranos de Guerra.<\/span><\/p>\n<p>&nbsp;<\/p>\n<p>&nbsp;<\/p>\n<p style=\"text-align: right\"><span style=\"font-family: arial, helvetica, sans-serif;font-size: 12pt\"><em>AT-NEGM<\/em><\/span><\/p>\n<p style=\"text-align: right\"><a href=\"https:\/\/drive.google.com\/drive\/folders\/15Lc8Hx_MXzsTJBRnSEm6SMuhhc8cgel7?usp=sharing\" target=\"_blank\" rel=\"noopener noreferrer\"><span style=\"font-family: arial, helvetica, sans-serif;font-size: 12pt\"><em>Galer\u00eda de im\u00e1genes<\/em><\/span><\/a><\/p>\n\n\t\t<style type=\"text\/css\">\n\t\t\t#gallery-1 {\n\t\t\t\tmargin: auto;\n\t\t\t}\n\t\t\t#gallery-1 .gallery-item {\n\t\t\t\tfloat: left;\n\t\t\t\tmargin-top: 10px;\n\t\t\t\ttext-align: center;\n\t\t\t\twidth: 33%;\n\t\t\t}\n\t\t\t#gallery-1 img {\n\t\t\t\tborder: 2px solid #cfcfcf;\n\t\t\t}\n\t\t\t#gallery-1 .gallery-caption {\n\t\t\t\tmargin-left: 0;\n\t\t\t}\n\t\t\t\/* see gallery_shortcode() in wp-includes\/media.php *\/\n\t\t<\/style>\n\t\t<div data-carousel-extra='{\"blog_id\":1,\"permalink\":\"https:\\\/\\\/www.legistdf.gob.ar\\\/index.php\\\/2023\\\/06\\\/01\\\/legislatura-monica-urquiza-celebro-el-dialogo-y-consenso-a-32-anos-de-la-sancion-de-la-carta-magna\\\/\"}' id='gallery-1' class='gallery galleryid-38308 gallery-columns-3 gallery-size-thumbnail'><dl class='gallery-item'>\n\t\t\t<dt class='gallery-icon landscape'>\n\t\t\t\t<a href='https:\/\/www.legistdf.gob.ar\/index.php\/2023\/06\/01\/legislatura-monica-urquiza-celebro-el-dialogo-y-consenso-a-32-anos-de-la-sancion-de-la-carta-magna\/img_4133-2\/'><img loading=\"lazy\" decoding=\"async\" width=\"150\" height=\"150\" src=\"https:\/\/www.legistdf.gob.ar\/wp-content\/uploads\/2023\/06\/IMG_4133-150x150.jpg\" class=\"attachment-thumbnail size-thumbnail\" alt=\"\" srcset=\"https:\/\/www.legistdf.gob.ar\/wp-content\/uploads\/2023\/06\/IMG_4133-150x150.jpg 150w, https:\/\/www.legistdf.gob.ar\/wp-content\/uploads\/2023\/06\/IMG_4133-64x64.jpg 64w\" sizes=\"(max-width: 150px) 100vw, 150px\" data-attachment-id=\"38316\" data-permalink=\"https:\/\/www.legistdf.gob.ar\/index.php\/2023\/06\/01\/legislatura-monica-urquiza-celebro-el-dialogo-y-consenso-a-32-anos-de-la-sancion-de-la-carta-magna\/img_4133-2\/\" data-orig-file=\"https:\/\/www.legistdf.gob.ar\/wp-content\/uploads\/2023\/06\/IMG_4133.jpg\" data-orig-size=\"1500,1000\" data-comments-opened=\"0\" data-image-meta=\"{&quot;aperture&quot;:&quot;2.8&quot;,&quot;credit&quot;:&quot;&quot;,&quot;camera&quot;:&quot;Canon EOS 6D&quot;,&quot;caption&quot;:&quot;&quot;,&quot;created_timestamp&quot;:&quot;1685621322&quot;,&quot;copyright&quot;:&quot;&quot;,&quot;focal_length&quot;:&quot;24&quot;,&quot;iso&quot;:&quot;1250&quot;,&quot;shutter_speed&quot;:&quot;0.0055555555555556&quot;,&quot;title&quot;:&quot;&quot;,&quot;orientation&quot;:&quot;0&quot;}\" data-image-title=\"IMG_4133\" data-image-description=\"\" data-image-caption=\"\" data-medium-file=\"https:\/\/www.legistdf.gob.ar\/wp-content\/uploads\/2023\/06\/IMG_4133-300x200.jpg\" data-large-file=\"https:\/\/www.legistdf.gob.ar\/wp-content\/uploads\/2023\/06\/IMG_4133-1024x683.jpg\" \/><\/a>\n\t\t\t<\/dt><\/dl><dl class='gallery-item'>\n\t\t\t<dt class='gallery-icon landscape'>\n\t\t\t\t<a href='https:\/\/www.legistdf.gob.ar\/index.php\/2023\/06\/01\/legislatura-monica-urquiza-celebro-el-dialogo-y-consenso-a-32-anos-de-la-sancion-de-la-carta-magna\/img_4117\/'><img loading=\"lazy\" decoding=\"async\" width=\"150\" height=\"150\" src=\"https:\/\/www.legistdf.gob.ar\/wp-content\/uploads\/2023\/06\/IMG_4117-150x150.jpg\" class=\"attachment-thumbnail size-thumbnail\" alt=\"\" srcset=\"https:\/\/www.legistdf.gob.ar\/wp-content\/uploads\/2023\/06\/IMG_4117-150x150.jpg 150w, https:\/\/www.legistdf.gob.ar\/wp-content\/uploads\/2023\/06\/IMG_4117-64x64.jpg 64w\" sizes=\"(max-width: 150px) 100vw, 150px\" data-attachment-id=\"38315\" data-permalink=\"https:\/\/www.legistdf.gob.ar\/index.php\/2023\/06\/01\/legislatura-monica-urquiza-celebro-el-dialogo-y-consenso-a-32-anos-de-la-sancion-de-la-carta-magna\/img_4117\/\" data-orig-file=\"https:\/\/www.legistdf.gob.ar\/wp-content\/uploads\/2023\/06\/IMG_4117.jpg\" data-orig-size=\"1500,1000\" data-comments-opened=\"0\" data-image-meta=\"{&quot;aperture&quot;:&quot;2.8&quot;,&quot;credit&quot;:&quot;&quot;,&quot;camera&quot;:&quot;Canon EOS 6D&quot;,&quot;caption&quot;:&quot;&quot;,&quot;created_timestamp&quot;:&quot;1685620565&quot;,&quot;copyright&quot;:&quot;&quot;,&quot;focal_length&quot;:&quot;50&quot;,&quot;iso&quot;:&quot;1250&quot;,&quot;shutter_speed&quot;:&quot;0.0055555555555556&quot;,&quot;title&quot;:&quot;&quot;,&quot;orientation&quot;:&quot;0&quot;}\" data-image-title=\"IMG_4117\" data-image-description=\"\" data-image-caption=\"\" data-medium-file=\"https:\/\/www.legistdf.gob.ar\/wp-content\/uploads\/2023\/06\/IMG_4117-300x200.jpg\" data-large-file=\"https:\/\/www.legistdf.gob.ar\/wp-content\/uploads\/2023\/06\/IMG_4117-1024x683.jpg\" \/><\/a>\n\t\t\t<\/dt><\/dl><dl class='gallery-item'>\n\t\t\t<dt class='gallery-icon landscape'>\n\t\t\t\t<a href='https:\/\/www.legistdf.gob.ar\/index.php\/2023\/06\/01\/legislatura-monica-urquiza-celebro-el-dialogo-y-consenso-a-32-anos-de-la-sancion-de-la-carta-magna\/img_4101\/'><img loading=\"lazy\" decoding=\"async\" width=\"150\" height=\"150\" src=\"https:\/\/www.legistdf.gob.ar\/wp-content\/uploads\/2023\/06\/IMG_4101-150x150.jpg\" class=\"attachment-thumbnail size-thumbnail\" alt=\"\" srcset=\"https:\/\/www.legistdf.gob.ar\/wp-content\/uploads\/2023\/06\/IMG_4101-150x150.jpg 150w, https:\/\/www.legistdf.gob.ar\/wp-content\/uploads\/2023\/06\/IMG_4101-64x64.jpg 64w\" sizes=\"(max-width: 150px) 100vw, 150px\" data-attachment-id=\"38314\" data-permalink=\"https:\/\/www.legistdf.gob.ar\/index.php\/2023\/06\/01\/legislatura-monica-urquiza-celebro-el-dialogo-y-consenso-a-32-anos-de-la-sancion-de-la-carta-magna\/img_4101\/\" data-orig-file=\"https:\/\/www.legistdf.gob.ar\/wp-content\/uploads\/2023\/06\/IMG_4101.jpg\" data-orig-size=\"1500,1000\" data-comments-opened=\"0\" data-image-meta=\"{&quot;aperture&quot;:&quot;2.8&quot;,&quot;credit&quot;:&quot;&quot;,&quot;camera&quot;:&quot;Canon EOS 6D&quot;,&quot;caption&quot;:&quot;&quot;,&quot;created_timestamp&quot;:&quot;1685620150&quot;,&quot;copyright&quot;:&quot;&quot;,&quot;focal_length&quot;:&quot;24&quot;,&quot;iso&quot;:&quot;1250&quot;,&quot;shutter_speed&quot;:&quot;0.0055555555555556&quot;,&quot;title&quot;:&quot;&quot;,&quot;orientation&quot;:&quot;0&quot;}\" data-image-title=\"IMG_4101\" data-image-description=\"\" data-image-caption=\"\" data-medium-file=\"https:\/\/www.legistdf.gob.ar\/wp-content\/uploads\/2023\/06\/IMG_4101-300x200.jpg\" data-large-file=\"https:\/\/www.legistdf.gob.ar\/wp-content\/uploads\/2023\/06\/IMG_4101-1024x683.jpg\" \/><\/a>\n\t\t\t<\/dt><\/dl><br style=\"clear: both\" \/><dl class='gallery-item'>\n\t\t\t<dt class='gallery-icon landscape'>\n\t\t\t\t<a href='https:\/\/www.legistdf.gob.ar\/index.php\/2023\/06\/01\/legislatura-monica-urquiza-celebro-el-dialogo-y-consenso-a-32-anos-de-la-sancion-de-la-carta-magna\/img_4055\/'><img loading=\"lazy\" decoding=\"async\" width=\"150\" height=\"150\" src=\"https:\/\/www.legistdf.gob.ar\/wp-content\/uploads\/2023\/06\/IMG_4055-150x150.jpg\" class=\"attachment-thumbnail size-thumbnail\" alt=\"\" srcset=\"https:\/\/www.legistdf.gob.ar\/wp-content\/uploads\/2023\/06\/IMG_4055-150x150.jpg 150w, https:\/\/www.legistdf.gob.ar\/wp-content\/uploads\/2023\/06\/IMG_4055-64x64.jpg 64w\" sizes=\"(max-width: 150px) 100vw, 150px\" data-attachment-id=\"38313\" data-permalink=\"https:\/\/www.legistdf.gob.ar\/index.php\/2023\/06\/01\/legislatura-monica-urquiza-celebro-el-dialogo-y-consenso-a-32-anos-de-la-sancion-de-la-carta-magna\/img_4055\/\" data-orig-file=\"https:\/\/www.legistdf.gob.ar\/wp-content\/uploads\/2023\/06\/IMG_4055.jpg\" data-orig-size=\"1500,1000\" data-comments-opened=\"0\" data-image-meta=\"{&quot;aperture&quot;:&quot;3.2&quot;,&quot;credit&quot;:&quot;&quot;,&quot;camera&quot;:&quot;Canon EOS 6D&quot;,&quot;caption&quot;:&quot;&quot;,&quot;created_timestamp&quot;:&quot;1685618917&quot;,&quot;copyright&quot;:&quot;&quot;,&quot;focal_length&quot;:&quot;28&quot;,&quot;iso&quot;:&quot;640&quot;,&quot;shutter_speed&quot;:&quot;0.0055555555555556&quot;,&quot;title&quot;:&quot;&quot;,&quot;orientation&quot;:&quot;0&quot;}\" data-image-title=\"IMG_4055\" data-image-description=\"\" data-image-caption=\"\" data-medium-file=\"https:\/\/www.legistdf.gob.ar\/wp-content\/uploads\/2023\/06\/IMG_4055-300x200.jpg\" data-large-file=\"https:\/\/www.legistdf.gob.ar\/wp-content\/uploads\/2023\/06\/IMG_4055-1024x683.jpg\" \/><\/a>\n\t\t\t<\/dt><\/dl><dl class='gallery-item'>\n\t\t\t<dt class='gallery-icon landscape'>\n\t\t\t\t<a href='https:\/\/www.legistdf.gob.ar\/index.php\/2023\/06\/01\/legislatura-monica-urquiza-celebro-el-dialogo-y-consenso-a-32-anos-de-la-sancion-de-la-carta-magna\/img_4038\/'><img loading=\"lazy\" decoding=\"async\" width=\"150\" height=\"150\" src=\"https:\/\/www.legistdf.gob.ar\/wp-content\/uploads\/2023\/06\/IMG_4038-150x150.jpg\" class=\"attachment-thumbnail size-thumbnail\" alt=\"\" srcset=\"https:\/\/www.legistdf.gob.ar\/wp-content\/uploads\/2023\/06\/IMG_4038-150x150.jpg 150w, https:\/\/www.legistdf.gob.ar\/wp-content\/uploads\/2023\/06\/IMG_4038-64x64.jpg 64w\" sizes=\"(max-width: 150px) 100vw, 150px\" data-attachment-id=\"38312\" data-permalink=\"https:\/\/www.legistdf.gob.ar\/index.php\/2023\/06\/01\/legislatura-monica-urquiza-celebro-el-dialogo-y-consenso-a-32-anos-de-la-sancion-de-la-carta-magna\/img_4038\/\" data-orig-file=\"https:\/\/www.legistdf.gob.ar\/wp-content\/uploads\/2023\/06\/IMG_4038.jpg\" data-orig-size=\"1500,1000\" data-comments-opened=\"0\" data-image-meta=\"{&quot;aperture&quot;:&quot;3.2&quot;,&quot;credit&quot;:&quot;&quot;,&quot;camera&quot;:&quot;Canon EOS 6D&quot;,&quot;caption&quot;:&quot;&quot;,&quot;created_timestamp&quot;:&quot;1685618446&quot;,&quot;copyright&quot;:&quot;&quot;,&quot;focal_length&quot;:&quot;24&quot;,&quot;iso&quot;:&quot;1000&quot;,&quot;shutter_speed&quot;:&quot;0.0055555555555556&quot;,&quot;title&quot;:&quot;&quot;,&quot;orientation&quot;:&quot;0&quot;}\" data-image-title=\"IMG_4038\" data-image-description=\"\" data-image-caption=\"\" data-medium-file=\"https:\/\/www.legistdf.gob.ar\/wp-content\/uploads\/2023\/06\/IMG_4038-300x200.jpg\" data-large-file=\"https:\/\/www.legistdf.gob.ar\/wp-content\/uploads\/2023\/06\/IMG_4038-1024x683.jpg\" \/><\/a>\n\t\t\t<\/dt><\/dl><dl class='gallery-item'>\n\t\t\t<dt class='gallery-icon landscape'>\n\t\t\t\t<a href='https:\/\/www.legistdf.gob.ar\/index.php\/2023\/06\/01\/legislatura-monica-urquiza-celebro-el-dialogo-y-consenso-a-32-anos-de-la-sancion-de-la-carta-magna\/img_4033\/'><img loading=\"lazy\" decoding=\"async\" width=\"150\" height=\"150\" src=\"https:\/\/www.legistdf.gob.ar\/wp-content\/uploads\/2023\/06\/IMG_4033-150x150.jpg\" class=\"attachment-thumbnail size-thumbnail\" alt=\"\" srcset=\"https:\/\/www.legistdf.gob.ar\/wp-content\/uploads\/2023\/06\/IMG_4033-150x150.jpg 150w, https:\/\/www.legistdf.gob.ar\/wp-content\/uploads\/2023\/06\/IMG_4033-64x64.jpg 64w\" sizes=\"(max-width: 150px) 100vw, 150px\" data-attachment-id=\"38311\" data-permalink=\"https:\/\/www.legistdf.gob.ar\/index.php\/2023\/06\/01\/legislatura-monica-urquiza-celebro-el-dialogo-y-consenso-a-32-anos-de-la-sancion-de-la-carta-magna\/img_4033\/\" data-orig-file=\"https:\/\/www.legistdf.gob.ar\/wp-content\/uploads\/2023\/06\/IMG_4033.jpg\" data-orig-size=\"1500,1000\" data-comments-opened=\"0\" data-image-meta=\"{&quot;aperture&quot;:&quot;2.8&quot;,&quot;credit&quot;:&quot;&quot;,&quot;camera&quot;:&quot;Canon EOS 6D&quot;,&quot;caption&quot;:&quot;&quot;,&quot;created_timestamp&quot;:&quot;1685618324&quot;,&quot;copyright&quot;:&quot;&quot;,&quot;focal_length&quot;:&quot;24&quot;,&quot;iso&quot;:&quot;800&quot;,&quot;shutter_speed&quot;:&quot;0.0055555555555556&quot;,&quot;title&quot;:&quot;&quot;,&quot;orientation&quot;:&quot;0&quot;}\" data-image-title=\"IMG_4033\" data-image-description=\"\" data-image-caption=\"\" data-medium-file=\"https:\/\/www.legistdf.gob.ar\/wp-content\/uploads\/2023\/06\/IMG_4033-300x200.jpg\" data-large-file=\"https:\/\/www.legistdf.gob.ar\/wp-content\/uploads\/2023\/06\/IMG_4033-1024x683.jpg\" \/><\/a>\n\t\t\t<\/dt><\/dl><br style=\"clear: both\" \/><dl class='gallery-item'>\n\t\t\t<dt class='gallery-icon landscape'>\n\t\t\t\t<a href='https:\/\/www.legistdf.gob.ar\/index.php\/2023\/06\/01\/legislatura-monica-urquiza-celebro-el-dialogo-y-consenso-a-32-anos-de-la-sancion-de-la-carta-magna\/img_4022-2\/'><img loading=\"lazy\" decoding=\"async\" width=\"150\" height=\"150\" src=\"https:\/\/www.legistdf.gob.ar\/wp-content\/uploads\/2023\/06\/IMG_4022-150x150.jpg\" class=\"attachment-thumbnail size-thumbnail\" alt=\"\" srcset=\"https:\/\/www.legistdf.gob.ar\/wp-content\/uploads\/2023\/06\/IMG_4022-150x150.jpg 150w, https:\/\/www.legistdf.gob.ar\/wp-content\/uploads\/2023\/06\/IMG_4022-64x64.jpg 64w\" sizes=\"(max-width: 150px) 100vw, 150px\" data-attachment-id=\"38309\" data-permalink=\"https:\/\/www.legistdf.gob.ar\/index.php\/2023\/06\/01\/legislatura-monica-urquiza-celebro-el-dialogo-y-consenso-a-32-anos-de-la-sancion-de-la-carta-magna\/img_4022-2\/\" data-orig-file=\"https:\/\/www.legistdf.gob.ar\/wp-content\/uploads\/2023\/06\/IMG_4022.jpg\" data-orig-size=\"1500,1000\" data-comments-opened=\"0\" data-image-meta=\"{&quot;aperture&quot;:&quot;2.8&quot;,&quot;credit&quot;:&quot;&quot;,&quot;camera&quot;:&quot;Canon EOS 6D&quot;,&quot;caption&quot;:&quot;&quot;,&quot;created_timestamp&quot;:&quot;1685618179&quot;,&quot;copyright&quot;:&quot;&quot;,&quot;focal_length&quot;:&quot;38&quot;,&quot;iso&quot;:&quot;800&quot;,&quot;shutter_speed&quot;:&quot;0.0055555555555556&quot;,&quot;title&quot;:&quot;&quot;,&quot;orientation&quot;:&quot;0&quot;}\" data-image-title=\"IMG_4022\" data-image-description=\"\" data-image-caption=\"\" data-medium-file=\"https:\/\/www.legistdf.gob.ar\/wp-content\/uploads\/2023\/06\/IMG_4022-300x200.jpg\" data-large-file=\"https:\/\/www.legistdf.gob.ar\/wp-content\/uploads\/2023\/06\/IMG_4022-1024x683.jpg\" \/><\/a>\n\t\t\t<\/dt><\/dl><dl class='gallery-item'>\n\t\t\t<dt class='gallery-icon landscape'>\n\t\t\t\t<a href='https:\/\/www.legistdf.gob.ar\/index.php\/2023\/06\/01\/legislatura-monica-urquiza-celebro-el-dialogo-y-consenso-a-32-anos-de-la-sancion-de-la-carta-magna\/img_4027\/'><img loading=\"lazy\" decoding=\"async\" width=\"150\" height=\"150\" src=\"https:\/\/www.legistdf.gob.ar\/wp-content\/uploads\/2023\/06\/IMG_4027-150x150.jpg\" class=\"attachment-thumbnail size-thumbnail\" alt=\"\" srcset=\"https:\/\/www.legistdf.gob.ar\/wp-content\/uploads\/2023\/06\/IMG_4027-150x150.jpg 150w, https:\/\/www.legistdf.gob.ar\/wp-content\/uploads\/2023\/06\/IMG_4027-64x64.jpg 64w\" sizes=\"(max-width: 150px) 100vw, 150px\" data-attachment-id=\"38310\" data-permalink=\"https:\/\/www.legistdf.gob.ar\/index.php\/2023\/06\/01\/legislatura-monica-urquiza-celebro-el-dialogo-y-consenso-a-32-anos-de-la-sancion-de-la-carta-magna\/img_4027\/\" data-orig-file=\"https:\/\/www.legistdf.gob.ar\/wp-content\/uploads\/2023\/06\/IMG_4027.jpg\" data-orig-size=\"1500,1000\" data-comments-opened=\"0\" data-image-meta=\"{&quot;aperture&quot;:&quot;2.8&quot;,&quot;credit&quot;:&quot;&quot;,&quot;camera&quot;:&quot;Canon EOS 6D&quot;,&quot;caption&quot;:&quot;&quot;,&quot;created_timestamp&quot;:&quot;1685618200&quot;,&quot;copyright&quot;:&quot;&quot;,&quot;focal_length&quot;:&quot;50&quot;,&quot;iso&quot;:&quot;800&quot;,&quot;shutter_speed&quot;:&quot;0.0055555555555556&quot;,&quot;title&quot;:&quot;&quot;,&quot;orientation&quot;:&quot;0&quot;}\" data-image-title=\"IMG_4027\" data-image-description=\"\" data-image-caption=\"\" data-medium-file=\"https:\/\/www.legistdf.gob.ar\/wp-content\/uploads\/2023\/06\/IMG_4027-300x200.jpg\" data-large-file=\"https:\/\/www.legistdf.gob.ar\/wp-content\/uploads\/2023\/06\/IMG_4027-1024x683.jpg\" \/><\/a>\n\t\t\t<\/dt><\/dl>\n\t\t\t<br style='clear: both' \/>\n\t\t<\/div>\n\n<p>&nbsp;<\/p>\n<blockquote class=\"twitter-tweet\" data-width=\"550\" data-dnt=\"true\">\n<p lang=\"es\" dir=\"ltr\">Convencionales Constituyentes (MC), autoridades fueguinas y vecinas y vecinos de TDF rememoraron los d\u00edas de junio de 1991, momento en que la vida pol\u00edtica y social del extremo sur de la Argentina, tom\u00f3 rango federal y se encamin\u00f3 al establecimiento de las instituciones. <a href=\"https:\/\/t.co\/VHF5mRBmn4\">pic.twitter.com\/VHF5mRBmn4<\/a><\/p>\n<p>&mdash; Prensa Legislativa (@PrensaLegisTDF) <a href=\"https:\/\/twitter.com\/PrensaLegisTDF\/status\/1664370639459827718?ref_src=twsrc%5Etfw\">June 1, 2023<\/a><\/p><\/blockquote>\n<p><script async src=\"https:\/\/platform.twitter.com\/widgets.js\" charset=\"utf-8\"><\/script><\/p>\n","protected":false},"excerpt":{"rendered":"<p>Tolhuin, jueves 1 de junio de 2023.- El acto central por los 32 a\u00f1os de la jura de la Constituci\u00f3n fueguina y el d\u00eda de la Provincia, se conmemor\u00f3 en el municipio de Tolhuin. Convencionales Constituyentes (MC), autoridades fueguinas y vecinas y vecinos de Tierra del Fuego rememoraron los d\u00edas de junio de 1991, momento [&hellip;]<\/p>\n","protected":false},"author":352,"featured_media":38314,"comment_status":"closed","ping_status":"closed","sticky":false,"template":"","format":"standard","meta":{"jetpack_post_was_ever_published":false,"_jetpack_newsletter_access":"","_jetpack_dont_email_post_to_subs":false,"_jetpack_newsletter_tier_id":0,"footnotes":"","jetpack_publicize_message":"","jetpack_publicize_feature_enabled":true,"jetpack_social_post_already_shared":true,"jetpack_social_options":{"image_generator_settings":{"template":"highway","enabled":false}}},"categories":[1],"tags":[2978,229,1816,1824,144,104],"jetpack_publicize_connections":[],"jetpack_sharing_enabled":true,"jetpack_featured_media_url":"https:\/\/www.legistdf.gob.ar\/wp-content\/uploads\/2023\/06\/IMG_4101.jpg","jetpack-related-posts":[],"_links":{"self":[{"href":"https:\/\/www.legistdf.gob.ar\/index.php\/wp-json\/wp\/v2\/posts\/38308"}],"collection":[{"href":"https:\/\/www.legistdf.gob.ar\/index.php\/wp-json\/wp\/v2\/posts"}],"about":[{"href":"https:\/\/www.legistdf.gob.ar\/index.php\/wp-json\/wp\/v2\/types\/post"}],"author":[{"embeddable":true,"href":"https:\/\/www.legistdf.gob.ar\/index.php\/wp-json\/wp\/v2\/users\/352"}],"replies":[{"embeddable":true,"href":"https:\/\/www.legistdf.gob.ar\/index.php\/wp-json\/wp\/v2\/comments?post=38308"}],"version-history":[{"count":1,"href":"https:\/\/www.legistdf.gob.ar\/index.php\/wp-json\/wp\/v2\/posts\/38308\/revisions"}],"predecessor-version":[{"id":38317,"href":"https:\/\/www.legistdf.gob.ar\/index.php\/wp-json\/wp\/v2\/posts\/38308\/revisions\/38317"}],"wp:featuredmedia":[{"embeddable":true,"href":"https:\/\/www.legistdf.gob.ar\/index.php\/wp-json\/wp\/v2\/media\/38314"}],"wp:attachment":[{"href":"https:\/\/www.legistdf.gob.ar\/index.php\/wp-json\/wp\/v2\/media?parent=38308"}],"wp:term":[{"taxonomy":"category","embeddable":true,"href":"https:\/\/www.legistdf.gob.ar\/index.php\/wp-json\/wp\/v2\/categories?post=38308"},{"taxonomy":"post_tag","embeddable":true,"href":"https:\/\/www.legistdf.gob.ar\/index.php\/wp-json\/wp\/v2\/tags?post=38308"}],"curies":[{"name":"wp","href":"https:\/\/api.w.org\/{rel}","templated":true}]}}