{"id":38318,"date":"2023-06-02T14:30:33","date_gmt":"2023-06-02T17:30:33","guid":{"rendered":"https:\/\/www.legistdf.gob.ar\/?p=38318"},"modified":"2023-06-02T14:30:33","modified_gmt":"2023-06-02T17:30:33","slug":"greve-esta-celebracion-nos-debe-encontrar-con-renovadas-esperanzas-para-seguir-construyendo-la-provincia-que-queremos","status":"publish","type":"post","link":"https:\/\/www.legistdf.gob.ar\/index.php\/2023\/06\/02\/greve-esta-celebracion-nos-debe-encontrar-con-renovadas-esperanzas-para-seguir-construyendo-la-provincia-que-queremos\/","title":{"rendered":"GREVE: \u201cEsta celebraci\u00f3n nos debe encontrar con renovadas esperanzas para seguir construyendo la provincia que queremos\u201d"},"content":{"rendered":"<p><strong><span style=\"font-family: arial, helvetica, sans-serif;font-size: 12pt\"><img loading=\"lazy\" decoding=\"async\" data-attachment-id=\"38319\" data-permalink=\"https:\/\/www.legistdf.gob.ar\/index.php\/2023\/06\/02\/greve-esta-celebracion-nos-debe-encontrar-con-renovadas-esperanzas-para-seguir-construyendo-la-provincia-que-queremos\/1-294\/\" data-orig-file=\"https:\/\/www.legistdf.gob.ar\/wp-content\/uploads\/2023\/06\/1.jpeg\" data-orig-size=\"1080,604\" data-comments-opened=\"0\" data-image-meta=\"{&quot;aperture&quot;:&quot;0&quot;,&quot;credit&quot;:&quot;&quot;,&quot;camera&quot;:&quot;&quot;,&quot;caption&quot;:&quot;&quot;,&quot;created_timestamp&quot;:&quot;0&quot;,&quot;copyright&quot;:&quot;&quot;,&quot;focal_length&quot;:&quot;0&quot;,&quot;iso&quot;:&quot;0&quot;,&quot;shutter_speed&quot;:&quot;0&quot;,&quot;title&quot;:&quot;&quot;,&quot;orientation&quot;:&quot;0&quot;}\" data-image-title=\"1\" data-image-description=\"\" data-image-caption=\"\" data-medium-file=\"https:\/\/www.legistdf.gob.ar\/wp-content\/uploads\/2023\/06\/1-300x168.jpeg\" data-large-file=\"https:\/\/www.legistdf.gob.ar\/wp-content\/uploads\/2023\/06\/1-1024x573.jpeg\" class=\"alignleft wp-image-38319 size-medium\" src=\"https:\/\/www.legistdf.gob.ar\/wp-content\/uploads\/2023\/06\/1-300x168.jpeg\" alt=\"\" width=\"300\" height=\"168\" srcset=\"https:\/\/www.legistdf.gob.ar\/wp-content\/uploads\/2023\/06\/1-300x168.jpeg 300w, https:\/\/www.legistdf.gob.ar\/wp-content\/uploads\/2023\/06\/1-768x430.jpeg 768w, https:\/\/www.legistdf.gob.ar\/wp-content\/uploads\/2023\/06\/1-1024x573.jpeg 1024w, https:\/\/www.legistdf.gob.ar\/wp-content\/uploads\/2023\/06\/1-160x89.jpeg 160w, https:\/\/www.legistdf.gob.ar\/wp-content\/uploads\/2023\/06\/1.jpeg 1080w\" sizes=\"(max-width: 300px) 100vw, 300px\" \/> Ushuaia, viernes 2 de junio de 2023.- Lo afirm\u00f3 el legislador Federico Greve en el marco de 32 aniversario de la Jura de la Constituci\u00f3n Provincial de Tierra del Fuego.\u00a0\u201cRecordamos con renovado entusiasmo la hist\u00f3rica jura de la Constituci\u00f3n Provincial celebrada ese 1 de junio de 1991 que culmin\u00f3 el proceso de fundaci\u00f3n de la provincia m\u00e1s joven de Argentina\u201d indic\u00f3 el Legislador del bloque de FORJA. \u201cHan pasado m\u00e1s de tres d\u00e9cadas desde que los convencionales juraron la Constituci\u00f3n e invitaron a todo el pueblo a sumarse a ese compromiso. En ese momento la necesidad era dotar a nuestra provincia que nac\u00eda de una Constituci\u00f3n que guiara su destino\u201d agreg\u00f3.<\/span><\/strong><\/p>\n<p>&nbsp;<\/p>\n<p><strong><span style=\"font-family: arial, helvetica, sans-serif;font-size: 12pt\"><img loading=\"lazy\" decoding=\"async\" data-attachment-id=\"38320\" data-permalink=\"https:\/\/www.legistdf.gob.ar\/index.php\/2023\/06\/02\/greve-esta-celebracion-nos-debe-encontrar-con-renovadas-esperanzas-para-seguir-construyendo-la-provincia-que-queremos\/2-285\/\" data-orig-file=\"https:\/\/www.legistdf.gob.ar\/wp-content\/uploads\/2023\/06\/2.jpeg\" data-orig-size=\"1080,886\" data-comments-opened=\"0\" data-image-meta=\"{&quot;aperture&quot;:&quot;0&quot;,&quot;credit&quot;:&quot;&quot;,&quot;camera&quot;:&quot;&quot;,&quot;caption&quot;:&quot;&quot;,&quot;created_timestamp&quot;:&quot;0&quot;,&quot;copyright&quot;:&quot;&quot;,&quot;focal_length&quot;:&quot;0&quot;,&quot;iso&quot;:&quot;0&quot;,&quot;shutter_speed&quot;:&quot;0&quot;,&quot;title&quot;:&quot;&quot;,&quot;orientation&quot;:&quot;0&quot;}\" data-image-title=\"2\" data-image-description=\"\" data-image-caption=\"\" data-medium-file=\"https:\/\/www.legistdf.gob.ar\/wp-content\/uploads\/2023\/06\/2-300x246.jpeg\" data-large-file=\"https:\/\/www.legistdf.gob.ar\/wp-content\/uploads\/2023\/06\/2-1024x840.jpeg\" class=\"alignright wp-image-38320 size-medium\" src=\"https:\/\/www.legistdf.gob.ar\/wp-content\/uploads\/2023\/06\/2-300x246.jpeg\" alt=\"\" width=\"300\" height=\"246\" srcset=\"https:\/\/www.legistdf.gob.ar\/wp-content\/uploads\/2023\/06\/2-300x246.jpeg 300w, https:\/\/www.legistdf.gob.ar\/wp-content\/uploads\/2023\/06\/2-768x630.jpeg 768w, https:\/\/www.legistdf.gob.ar\/wp-content\/uploads\/2023\/06\/2-1024x840.jpeg 1024w, https:\/\/www.legistdf.gob.ar\/wp-content\/uploads\/2023\/06\/2-160x131.jpeg 160w, https:\/\/www.legistdf.gob.ar\/wp-content\/uploads\/2023\/06\/2.jpeg 1080w\" sizes=\"(max-width: 300px) 100vw, 300px\" \/><\/span><\/strong><\/p>\n<p><span style=\"font-family: arial, helvetica, sans-serif;font-size: 12pt\">Greve valor\u00f3 que \u201cTierra del Fuego en sus j\u00f3venes 32 a\u00f1os ha sido generosa con todos los que han elegido este suelo, cobijando a cada familia que lleg\u00f3 con sus anhelos y sue\u00f1os.\u201d<\/span><\/p>\n<p>&nbsp;<\/p>\n<p><span style=\"font-family: arial, helvetica, sans-serif;font-size: 12pt\">Finalmente, destac\u00f3 que \u201ceste es un d\u00eda de reflexi\u00f3n, de repensar nuestra realidad y ponernos a trabajar para hacer esos peque\u00f1os ajustes que nos permitan continuar en ese camino que avizoraron aquellos pioneros. Debemos ser conscientes de que nuestra provincia y sus habitantes hoy tienen otras necesidades impostergables, y en ello seguiremos trabajado\u00bb.<\/span><\/p>\n<p>&nbsp;<\/p>\n<p>&nbsp;<\/p>\n<p style=\"text-align: right\"><em><span style=\"font-family: arial, helvetica, sans-serif;font-size: 12pt\">Gentileza<\/span><\/em><\/p>\n","protected":false},"excerpt":{"rendered":"<p>Ushuaia, viernes 2 de junio de 2023.- Lo afirm\u00f3 el legislador Federico Greve en el marco de 32 aniversario de la Jura de la Constituci\u00f3n Provincial de Tierra del Fuego.\u00a0\u201cRecordamos con renovado entusiasmo la hist\u00f3rica jura de la Constituci\u00f3n Provincial celebrada ese 1 de junio de 1991 que culmin\u00f3 el proceso de fundaci\u00f3n de la [&hellip;]<\/p>\n","protected":false},"author":352,"featured_media":38319,"comment_status":"closed","ping_status":"closed","sticky":false,"template":"","format":"standard","meta":{"jetpack_post_was_ever_published":false,"_jetpack_newsletter_access":"","_jetpack_dont_email_post_to_subs":false,"_jetpack_newsletter_tier_id":0,"footnotes":"","jetpack_publicize_message":"","jetpack_publicize_feature_enabled":true,"jetpack_social_post_already_shared":true,"jetpack_social_options":{"image_generator_settings":{"template":"highway","enabled":false}}},"categories":[1],"tags":[960,1816,79,182],"jetpack_publicize_connections":[],"jetpack_sharing_enabled":true,"jetpack_featured_media_url":"https:\/\/www.legistdf.gob.ar\/wp-content\/uploads\/2023\/06\/1.jpeg","jetpack-related-posts":[],"_links":{"self":[{"href":"https:\/\/www.legistdf.gob.ar\/index.php\/wp-json\/wp\/v2\/posts\/38318"}],"collection":[{"href":"https:\/\/www.legistdf.gob.ar\/index.php\/wp-json\/wp\/v2\/posts"}],"about":[{"href":"https:\/\/www.legistdf.gob.ar\/index.php\/wp-json\/wp\/v2\/types\/post"}],"author":[{"embeddable":true,"href":"https:\/\/www.legistdf.gob.ar\/index.php\/wp-json\/wp\/v2\/users\/352"}],"replies":[{"embeddable":true,"href":"https:\/\/www.legistdf.gob.ar\/index.php\/wp-json\/wp\/v2\/comments?post=38318"}],"version-history":[{"count":1,"href":"https:\/\/www.legistdf.gob.ar\/index.php\/wp-json\/wp\/v2\/posts\/38318\/revisions"}],"predecessor-version":[{"id":38321,"href":"https:\/\/www.legistdf.gob.ar\/index.php\/wp-json\/wp\/v2\/posts\/38318\/revisions\/38321"}],"wp:featuredmedia":[{"embeddable":true,"href":"https:\/\/www.legistdf.gob.ar\/index.php\/wp-json\/wp\/v2\/media\/38319"}],"wp:attachment":[{"href":"https:\/\/www.legistdf.gob.ar\/index.php\/wp-json\/wp\/v2\/media?parent=38318"}],"wp:term":[{"taxonomy":"category","embeddable":true,"href":"https:\/\/www.legistdf.gob.ar\/index.php\/wp-json\/wp\/v2\/categories?post=38318"},{"taxonomy":"post_tag","embeddable":true,"href":"https:\/\/www.legistdf.gob.ar\/index.php\/wp-json\/wp\/v2\/tags?post=38318"}],"curies":[{"name":"wp","href":"https:\/\/api.w.org\/{rel}","templated":true}]}}