{"id":38322,"date":"2023-06-02T14:37:10","date_gmt":"2023-06-02T17:37:10","guid":{"rendered":"https:\/\/www.legistdf.gob.ar\/?p=38322"},"modified":"2023-06-02T14:37:10","modified_gmt":"2023-06-02T17:37:10","slug":"legislatura-el-8-de-junio-sesionaran-legisladoras-y-legisladores","status":"publish","type":"post","link":"https:\/\/www.legistdf.gob.ar\/index.php\/2023\/06\/02\/legislatura-el-8-de-junio-sesionaran-legisladoras-y-legisladores\/","title":{"rendered":"LEGISLATURA: El 8 de junio sesionar\u00e1n Legisladoras y Legisladores"},"content":{"rendered":"<p><span style=\"font-family: arial, helvetica, sans-serif;font-size: 14pt\"><b style=\"font-family: arial, helvetica, sans-serif;font-size: 14pt\">Ushuaia, viernes 2 de junio de 2023.- El jueves 8 de junio, a partir de las 10 se realizar\u00e1 la 1\u00aa sesi\u00f3n ordinaria del Poder Legislativo, seg\u00fan lo dispuso la presidenta de la C\u00e1mara parlamentaria, vicegobernadora M\u00f3nica Urquiza. En la <\/b><span style=\"font-family: arial, helvetica, sans-serif\"><span style=\"font-size: 18.6667px\"><b>Resoluci\u00f3n<\/b><\/span><\/span><b style=\"font-family: arial, helvetica, sans-serif;font-size: 14pt\">\u00a0de Presidencia que convoca al encuentro legislativo, N\u00b0 305\/23, determin\u00f3 que el cierre de asuntos ser\u00e1 el lunes 5 a las 15 y el martes 6 a las 14 se llevar\u00e1 a cabo la reuni\u00f3n de la Comisi\u00f3n de Labor Parlamentaria.<\/b><\/span><\/p>\n","protected":false},"excerpt":{"rendered":"<p>Ushuaia, viernes 2 de junio de 2023.- El jueves 8 de junio, a partir de las 10 se realizar\u00e1 la 1\u00aa sesi\u00f3n ordinaria del Poder Legislativo, seg\u00fan lo dispuso la presidenta de la C\u00e1mara parlamentaria, vicegobernadora M\u00f3nica Urquiza. En la Resoluci\u00f3n\u00a0de Presidencia que convoca al encuentro legislativo, N\u00b0 305\/23, determin\u00f3 que el cierre de asuntos [&hellip;]<\/p>\n","protected":false},"author":352,"featured_media":36628,"comment_status":"closed","ping_status":"closed","sticky":false,"template":"","format":"standard","meta":{"jetpack_post_was_ever_published":false,"_jetpack_newsletter_access":"","_jetpack_dont_email_post_to_subs":false,"_jetpack_newsletter_tier_id":0,"footnotes":"","jetpack_publicize_message":"","jetpack_publicize_feature_enabled":true,"jetpack_social_post_already_shared":true,"jetpack_social_options":{"image_generator_settings":{"template":"highway","enabled":false}}},"categories":[1],"tags":[],"jetpack_publicize_connections":[],"jetpack_sharing_enabled":true,"jetpack_featured_media_url":"https:\/\/www.legistdf.gob.ar\/wp-content\/uploads\/2022\/12\/IMG_7055.jpg","jetpack-related-posts":[],"_links":{"self":[{"href":"https:\/\/www.legistdf.gob.ar\/index.php\/wp-json\/wp\/v2\/posts\/38322"}],"collection":[{"href":"https:\/\/www.legistdf.gob.ar\/index.php\/wp-json\/wp\/v2\/posts"}],"about":[{"href":"https:\/\/www.legistdf.gob.ar\/index.php\/wp-json\/wp\/v2\/types\/post"}],"author":[{"embeddable":true,"href":"https:\/\/www.legistdf.gob.ar\/index.php\/wp-json\/wp\/v2\/users\/352"}],"replies":[{"embeddable":true,"href":"https:\/\/www.legistdf.gob.ar\/index.php\/wp-json\/wp\/v2\/comments?post=38322"}],"version-history":[{"count":1,"href":"https:\/\/www.legistdf.gob.ar\/index.php\/wp-json\/wp\/v2\/posts\/38322\/revisions"}],"predecessor-version":[{"id":38323,"href":"https:\/\/www.legistdf.gob.ar\/index.php\/wp-json\/wp\/v2\/posts\/38322\/revisions\/38323"}],"wp:featuredmedia":[{"embeddable":true,"href":"https:\/\/www.legistdf.gob.ar\/index.php\/wp-json\/wp\/v2\/media\/36628"}],"wp:attachment":[{"href":"https:\/\/www.legistdf.gob.ar\/index.php\/wp-json\/wp\/v2\/media?parent=38322"}],"wp:term":[{"taxonomy":"category","embeddable":true,"href":"https:\/\/www.legistdf.gob.ar\/index.php\/wp-json\/wp\/v2\/categories?post=38322"},{"taxonomy":"post_tag","embeddable":true,"href":"https:\/\/www.legistdf.gob.ar\/index.php\/wp-json\/wp\/v2\/tags?post=38322"}],"curies":[{"name":"wp","href":"https:\/\/api.w.org\/{rel}","templated":true}]}}