{"id":38363,"date":"2023-06-05T15:29:24","date_gmt":"2023-06-05T18:29:24","guid":{"rendered":"https:\/\/www.legistdf.gob.ar\/?p=38363"},"modified":"2023-06-05T15:29:24","modified_gmt":"2023-06-05T18:29:24","slug":"legislatura-la-agenda-verde-del-parlamento-de-tierra-del-fuego","status":"publish","type":"post","link":"https:\/\/www.legistdf.gob.ar\/index.php\/2023\/06\/05\/legislatura-la-agenda-verde-del-parlamento-de-tierra-del-fuego\/","title":{"rendered":"LEGISLATURA: La agenda verde del Parlamento de Tierra del Fuego"},"content":{"rendered":"<p><span style=\"font-size: 14pt\"><span style=\"font-family: arial, helvetica, sans-serif\"><span style=\"font-size: 14pt;font-family: arial, helvetica, sans-serif\"><b><img loading=\"lazy\" decoding=\"async\" data-attachment-id=\"38364\" data-permalink=\"https:\/\/www.legistdf.gob.ar\/index.php\/2023\/06\/05\/legislatura-la-agenda-verde-del-parlamento-de-tierra-del-fuego\/cleaning_crew_of_plastic_in_the_beach\/\" data-orig-file=\"https:\/\/www.legistdf.gob.ar\/wp-content\/uploads\/2023\/06\/cleaning_crew_of_plastic_in_the_beach.jpg\" data-orig-size=\"1350,500\" data-comments-opened=\"0\" data-image-meta=\"{&quot;aperture&quot;:&quot;0&quot;,&quot;credit&quot;:&quot;&quot;,&quot;camera&quot;:&quot;&quot;,&quot;caption&quot;:&quot;&quot;,&quot;created_timestamp&quot;:&quot;0&quot;,&quot;copyright&quot;:&quot;&quot;,&quot;focal_length&quot;:&quot;0&quot;,&quot;iso&quot;:&quot;0&quot;,&quot;shutter_speed&quot;:&quot;0&quot;,&quot;title&quot;:&quot;&quot;,&quot;orientation&quot;:&quot;0&quot;}\" data-image-title=\"cleaning_crew_of_plastic_in_the_beach\" data-image-description=\"\" data-image-caption=\"\" data-medium-file=\"https:\/\/www.legistdf.gob.ar\/wp-content\/uploads\/2023\/06\/cleaning_crew_of_plastic_in_the_beach-300x111.jpg\" data-large-file=\"https:\/\/www.legistdf.gob.ar\/wp-content\/uploads\/2023\/06\/cleaning_crew_of_plastic_in_the_beach-1024x379.jpg\" class=\"alignleft wp-image-38364 size-large\" src=\"https:\/\/www.legistdf.gob.ar\/wp-content\/uploads\/2023\/06\/cleaning_crew_of_plastic_in_the_beach-1024x379.jpg\" alt=\"\" width=\"844\" height=\"312\" srcset=\"https:\/\/www.legistdf.gob.ar\/wp-content\/uploads\/2023\/06\/cleaning_crew_of_plastic_in_the_beach-1024x379.jpg 1024w, https:\/\/www.legistdf.gob.ar\/wp-content\/uploads\/2023\/06\/cleaning_crew_of_plastic_in_the_beach-300x111.jpg 300w, https:\/\/www.legistdf.gob.ar\/wp-content\/uploads\/2023\/06\/cleaning_crew_of_plastic_in_the_beach-768x284.jpg 768w, https:\/\/www.legistdf.gob.ar\/wp-content\/uploads\/2023\/06\/cleaning_crew_of_plastic_in_the_beach-160x59.jpg 160w, https:\/\/www.legistdf.gob.ar\/wp-content\/uploads\/2023\/06\/cleaning_crew_of_plastic_in_the_beach.jpg 1350w\" sizes=\"(max-width: 844px) 100vw, 844px\" \/>Ushuaia, lunes 5 de junio de 2023.- Es el D\u00eda Mundial del Ambiente y la agenda legislativa tiene proyectos, que se trabajan desde los distintos bloques, que tienden a la preservaci\u00f3n del ambiente, el cuidado y las nuevas pol\u00edticas p\u00fablicas con tendencia sustentable respecto de las gestiones administrativas y de diagramaci\u00f3n. En un <\/b><\/span><span style=\"font-family: arial, helvetica, sans-serif\"><span style=\"font-size: 18.6667px\"><b>an\u00e1lisis<\/b><\/span><\/span><span style=\"font-family: arial, helvetica, sans-serif\"><b style=\"font-size: 14pt\"> de los asuntos de la comisi\u00f3n que preside el legislador Emmanuel Trentino (FORJA) se desprende la actualidad de los <\/b><span style=\"font-size: 18.6667px\"><b>t\u00f3picos<\/b><\/span><b style=\"font-size: 14pt\"> ambientales en estudio por parte de la Legislatura provincial.<\/b><\/span><\/span><\/span><\/p>\n<p>&nbsp;<\/p>\n<p><span style=\"font-family: arial, helvetica, sans-serif;font-size: 12pt\">La agenda 2023 de la <a href=\"https:\/\/www.un.org\/es\/observances\/environment-day\" target=\"_blank\" rel=\"noopener noreferrer\">Organizaci\u00f3n de las Naciones Unidas (ONU)<\/a> hace especial menci\u00f3n a la urgencia de trabajar sobre el uso y reciclado de pl\u00e1sticos, \u00a0que representa uno de los flagelos en crecimiento que tiene la contaminaci\u00f3n en el mundo.<\/span><\/p>\n<p>&nbsp;<\/p>\n<p><span style=\"font-family: arial, helvetica, sans-serif;font-size: 12pt\"><img loading=\"lazy\" decoding=\"async\" data-attachment-id=\"33435\" data-permalink=\"https:\/\/www.legistdf.gob.ar\/index.php\/2022\/06\/16\/sesion-osef-terra-ignis-y-actualizacion-de-planta-del-estado-en-agenda-parlamentaria\/img_1077-3\/\" data-orig-file=\"https:\/\/www.legistdf.gob.ar\/wp-content\/uploads\/2022\/06\/IMG_1077.jpg\" data-orig-size=\"1200,800\" data-comments-opened=\"0\" data-image-meta=\"{&quot;aperture&quot;:&quot;0&quot;,&quot;credit&quot;:&quot;&quot;,&quot;camera&quot;:&quot;&quot;,&quot;caption&quot;:&quot;&quot;,&quot;created_timestamp&quot;:&quot;0&quot;,&quot;copyright&quot;:&quot;&quot;,&quot;focal_length&quot;:&quot;0&quot;,&quot;iso&quot;:&quot;0&quot;,&quot;shutter_speed&quot;:&quot;0&quot;,&quot;title&quot;:&quot;&quot;,&quot;orientation&quot;:&quot;0&quot;}\" data-image-title=\"IMG_1077\" data-image-description=\"\" data-image-caption=\"\" data-medium-file=\"https:\/\/www.legistdf.gob.ar\/wp-content\/uploads\/2022\/06\/IMG_1077-300x200.jpg\" data-large-file=\"https:\/\/www.legistdf.gob.ar\/wp-content\/uploads\/2022\/06\/IMG_1077-1024x683.jpg\" class=\"alignleft wp-image-33435 size-medium\" src=\"https:\/\/www.legistdf.gob.ar\/wp-content\/uploads\/2022\/06\/IMG_1077-300x200.jpg\" alt=\"\" width=\"300\" height=\"200\" srcset=\"https:\/\/www.legistdf.gob.ar\/wp-content\/uploads\/2022\/06\/IMG_1077-300x200.jpg 300w, https:\/\/www.legistdf.gob.ar\/wp-content\/uploads\/2022\/06\/IMG_1077-768x512.jpg 768w, https:\/\/www.legistdf.gob.ar\/wp-content\/uploads\/2022\/06\/IMG_1077-1024x683.jpg 1024w, https:\/\/www.legistdf.gob.ar\/wp-content\/uploads\/2022\/06\/IMG_1077-160x107.jpg 160w, https:\/\/www.legistdf.gob.ar\/wp-content\/uploads\/2022\/06\/IMG_1077.jpg 1200w\" sizes=\"(max-width: 300px) 100vw, 300px\" \/>Tierra de Fuego no est\u00e1 alejada de estos temas y problem\u00e1ticas. Desde la Comisi\u00f3n de Ambiente N\u00b0 4 se estudian varios asuntos que buscan generar marcos regulatorios para contrarrestar el uso indiscriminado de pl\u00e1sticos, el cuidado del medioambiente y preservaci\u00f3n de los recursos naturales es un tema de debate constante en el Parlamento fueguino<\/span><\/p>\n<p>&nbsp;<\/p>\n<p><span style=\"font-family: arial, helvetica, sans-serif;font-size: 12pt\">El partido Verde, a trav\u00e9s del <a href=\"https:\/\/www.legistdf.gob.ar\/lp\/novedadesip\/Asuntos%20Entrados%202022\/As.%20N%BA%20096-22.pdf\" target=\"_blank\" rel=\"noopener noreferrer\">asunto N\u00b0 096\/22<\/a> busca declarar la Emergencia Clim\u00e1tica en la Provincia, este proyecto anticipa en sus fundamentos que en 2019 el Senado de la Naci\u00f3n declar\u00f3 la emergencia a nivel nacional a trav\u00e9s de la Ley N\u00b0 27.520, fue el primer pa\u00eds de Am\u00e9rica latina y el cuarto a nivel mundial en dictar una norma de esta naturaleza.<\/span><\/p>\n<p>&nbsp;<\/p>\n<p><span style=\"font-family: arial, helvetica, sans-serif;font-size: 12pt\"><img loading=\"lazy\" decoding=\"async\" data-attachment-id=\"33430\" data-permalink=\"https:\/\/www.legistdf.gob.ar\/index.php\/2022\/06\/16\/sesion-osef-terra-ignis-y-actualizacion-de-planta-del-estado-en-agenda-parlamentaria\/img_1056-3\/\" data-orig-file=\"https:\/\/www.legistdf.gob.ar\/wp-content\/uploads\/2022\/06\/IMG_1056.jpg\" data-orig-size=\"1200,800\" data-comments-opened=\"0\" data-image-meta=\"{&quot;aperture&quot;:&quot;0&quot;,&quot;credit&quot;:&quot;&quot;,&quot;camera&quot;:&quot;&quot;,&quot;caption&quot;:&quot;&quot;,&quot;created_timestamp&quot;:&quot;0&quot;,&quot;copyright&quot;:&quot;&quot;,&quot;focal_length&quot;:&quot;0&quot;,&quot;iso&quot;:&quot;0&quot;,&quot;shutter_speed&quot;:&quot;0&quot;,&quot;title&quot;:&quot;&quot;,&quot;orientation&quot;:&quot;0&quot;}\" data-image-title=\"IMG_1056\" data-image-description=\"\" data-image-caption=\"\" data-medium-file=\"https:\/\/www.legistdf.gob.ar\/wp-content\/uploads\/2022\/06\/IMG_1056-300x200.jpg\" data-large-file=\"https:\/\/www.legistdf.gob.ar\/wp-content\/uploads\/2022\/06\/IMG_1056-1024x683.jpg\" class=\"alignright wp-image-33430 size-medium\" src=\"https:\/\/www.legistdf.gob.ar\/wp-content\/uploads\/2022\/06\/IMG_1056-300x200.jpg\" alt=\"\" width=\"300\" height=\"200\" srcset=\"https:\/\/www.legistdf.gob.ar\/wp-content\/uploads\/2022\/06\/IMG_1056-300x200.jpg 300w, https:\/\/www.legistdf.gob.ar\/wp-content\/uploads\/2022\/06\/IMG_1056-768x512.jpg 768w, https:\/\/www.legistdf.gob.ar\/wp-content\/uploads\/2022\/06\/IMG_1056-1024x683.jpg 1024w, https:\/\/www.legistdf.gob.ar\/wp-content\/uploads\/2022\/06\/IMG_1056-160x107.jpg 160w, https:\/\/www.legistdf.gob.ar\/wp-content\/uploads\/2022\/06\/IMG_1056.jpg 1200w\" sizes=\"(max-width: 300px) 100vw, 300px\" \/>En los fundamentos, los autores resaltan la necesidad de contar con herramientas legislativas de este tenor. \u201cSe ve agravada esta situaci\u00f3n de crisis clim\u00e1tica y socio ambiental actual, por las fragilidades inherentes a zonas de ecosistemas subant\u00e1rticos con riesgo de erosi\u00f3n y retracci\u00f3n de glaciares\u201d. Riesgos de intensificaci\u00f3n de \u201ctemporadas c\u00e1lidas que implican mayor frecuencia e intensidad de incendios forestales en nuestro bosque andino patag\u00f3nico, como tambi\u00e9n de desertificaci\u00f3n en la estepa y graves impactos por efectos del cambio clim\u00e1tico en sistemas ambientales estructurados por el recurso h\u00eddrico y los bosques\u201d.<\/span><\/p>\n<p>&nbsp;<\/p>\n<p><span style=\"font-family: arial, helvetica, sans-serif;font-size: 12pt\">Con una mirada hacia 2050, con una gesti\u00f3n clim\u00e1tica de balance de carbono neutral, una reducci\u00f3n significativa de los gases del efecto invernadero.<\/span><\/p>\n<p>&nbsp;<\/p>\n<p><span style=\"font-family: arial, helvetica, sans-serif;font-size: 12pt\">Adem\u00e1s propone un \u201cPlan Provincial de Mitigaci\u00f3n y Adaptaci\u00f3n al Cambio Clim\u00e1tico\u201d y la creaci\u00f3n de la Comisi\u00f3n Consultiva de Emergencia Clim\u00e1tica.<\/span><\/p>\n<p>&nbsp;<\/p>\n<p><span style=\"font-family: arial, helvetica, sans-serif;font-size: 12pt\"><img loading=\"lazy\" decoding=\"async\" data-attachment-id=\"33426\" data-permalink=\"https:\/\/www.legistdf.gob.ar\/index.php\/2022\/06\/16\/sesion-osef-terra-ignis-y-actualizacion-de-planta-del-estado-en-agenda-parlamentaria\/img_1041-3\/\" data-orig-file=\"https:\/\/www.legistdf.gob.ar\/wp-content\/uploads\/2022\/06\/IMG_1041.jpg\" data-orig-size=\"1200,800\" data-comments-opened=\"0\" data-image-meta=\"{&quot;aperture&quot;:&quot;0&quot;,&quot;credit&quot;:&quot;&quot;,&quot;camera&quot;:&quot;&quot;,&quot;caption&quot;:&quot;&quot;,&quot;created_timestamp&quot;:&quot;0&quot;,&quot;copyright&quot;:&quot;&quot;,&quot;focal_length&quot;:&quot;0&quot;,&quot;iso&quot;:&quot;0&quot;,&quot;shutter_speed&quot;:&quot;0&quot;,&quot;title&quot;:&quot;&quot;,&quot;orientation&quot;:&quot;0&quot;}\" data-image-title=\"IMG_1041\" data-image-description=\"\" data-image-caption=\"\" data-medium-file=\"https:\/\/www.legistdf.gob.ar\/wp-content\/uploads\/2022\/06\/IMG_1041-300x200.jpg\" data-large-file=\"https:\/\/www.legistdf.gob.ar\/wp-content\/uploads\/2022\/06\/IMG_1041-1024x683.jpg\" class=\"alignleft wp-image-33426 size-medium\" src=\"https:\/\/www.legistdf.gob.ar\/wp-content\/uploads\/2022\/06\/IMG_1041-300x200.jpg\" alt=\"\" width=\"300\" height=\"200\" srcset=\"https:\/\/www.legistdf.gob.ar\/wp-content\/uploads\/2022\/06\/IMG_1041-300x200.jpg 300w, https:\/\/www.legistdf.gob.ar\/wp-content\/uploads\/2022\/06\/IMG_1041-768x512.jpg 768w, https:\/\/www.legistdf.gob.ar\/wp-content\/uploads\/2022\/06\/IMG_1041-1024x683.jpg 1024w, https:\/\/www.legistdf.gob.ar\/wp-content\/uploads\/2022\/06\/IMG_1041-160x107.jpg 160w, https:\/\/www.legistdf.gob.ar\/wp-content\/uploads\/2022\/06\/IMG_1041.jpg 1200w\" sizes=\"(max-width: 300px) 100vw, 300px\" \/>Desde la Uni\u00f3n C\u00edvica Radical, se present\u00f3 el <a href=\"https:\/\/www.legistdf.gob.ar\/lp\/novedadesip\/Asuntos%20Entrados%202022\/As.%20N%BA%20132-22.pdf\" target=\"_blank\" rel=\"noopener noreferrer\">asunto N\u00b0 132\/22<\/a> que busca generar presupuestos m\u00ednimos de protecci\u00f3n ambiental para la gesti\u00f3n de envases post consumo que se comercializan en la Provincia.<\/span><\/p>\n<p>&nbsp;<\/p>\n<p><span style=\"font-family: arial, helvetica, sans-serif;font-size: 12pt\">Esta propuesta cuenta con un enfoque centrado en el \u00a0reciclaje, retornabilidad\u00a0 y reutilizaci\u00f3n de materiales. Argentina ya cuenta con la <a href=\"http:\/\/servicios.infoleg.gob.ar\/infolegInternet\/anexos\/95000-99999\/98327\/norma.htm\" target=\"_blank\" rel=\"noopener noreferrer\">Ley nacional N\u00b0 25.916<\/a>, que define presupuestos m\u00ednimos y proporciona un marco para la operatividad de las actividades de los mismos, \u201ca pesar de ello, rara vez se llevan adelante los procesos de separaci\u00f3n de residuos\u201d, manifiestan los Legisladores radicales en los fundamentos del proyecto.<\/span><\/p>\n<p>&nbsp;<\/p>\n<p><span style=\"font-family: arial, helvetica, sans-serif;font-size: 12pt\">A Ushuaia ingresan 4,7 millones de botellas de vidrio, el 5 por ciento corresponde a botellas de cerveza de 1 litro, que en el resto del pa\u00eds son retornables: \u201cSi consideramos un ingreso similar en R\u00edo Grande y Tolhuin, \u00a0podemos estimar en m\u00e1s de 10 millones de botellas anualmente\u201d.<\/span><\/p>\n<p>&nbsp;<\/p>\n<p><span style=\"font-family: arial, helvetica, sans-serif;font-size: 12pt\">En la Provincia, los resultados de las estad\u00edsticas de Global Data indicaron que se descartan 1 mill\u00f3n de envases de bebidas de todo tipo, una gran cantidad son abandonados en entornos naturales. \u201cEsto perjudica el ambiente y la econom\u00eda, por los altos costos de limpieza; pero adem\u00e1s, el riesgo en la salud de los ecosistemas y los habitantes\u201d, manifiesta el proyecto de gesti\u00f3n de envases post consumo.<\/span><\/p>\n<p>&nbsp;<\/p>\n<p><span style=\"font-family: arial, helvetica, sans-serif;font-size: 12pt\"><img loading=\"lazy\" decoding=\"async\" data-attachment-id=\"33440\" data-permalink=\"https:\/\/www.legistdf.gob.ar\/index.php\/2022\/06\/16\/sesion-osef-terra-ignis-y-actualizacion-de-planta-del-estado-en-agenda-parlamentaria\/img_1115\/\" data-orig-file=\"https:\/\/www.legistdf.gob.ar\/wp-content\/uploads\/2022\/06\/IMG_1115.jpg\" data-orig-size=\"1200,800\" data-comments-opened=\"0\" data-image-meta=\"{&quot;aperture&quot;:&quot;0&quot;,&quot;credit&quot;:&quot;&quot;,&quot;camera&quot;:&quot;&quot;,&quot;caption&quot;:&quot;&quot;,&quot;created_timestamp&quot;:&quot;0&quot;,&quot;copyright&quot;:&quot;&quot;,&quot;focal_length&quot;:&quot;0&quot;,&quot;iso&quot;:&quot;0&quot;,&quot;shutter_speed&quot;:&quot;0&quot;,&quot;title&quot;:&quot;&quot;,&quot;orientation&quot;:&quot;0&quot;}\" data-image-title=\"IMG_1115\" data-image-description=\"\" data-image-caption=\"\" data-medium-file=\"https:\/\/www.legistdf.gob.ar\/wp-content\/uploads\/2022\/06\/IMG_1115-300x200.jpg\" data-large-file=\"https:\/\/www.legistdf.gob.ar\/wp-content\/uploads\/2022\/06\/IMG_1115-1024x683.jpg\" class=\"alignright wp-image-33440 size-medium\" src=\"https:\/\/www.legistdf.gob.ar\/wp-content\/uploads\/2022\/06\/IMG_1115-300x200.jpg\" alt=\"\" width=\"300\" height=\"200\" srcset=\"https:\/\/www.legistdf.gob.ar\/wp-content\/uploads\/2022\/06\/IMG_1115-300x200.jpg 300w, https:\/\/www.legistdf.gob.ar\/wp-content\/uploads\/2022\/06\/IMG_1115-768x512.jpg 768w, https:\/\/www.legistdf.gob.ar\/wp-content\/uploads\/2022\/06\/IMG_1115-1024x683.jpg 1024w, https:\/\/www.legistdf.gob.ar\/wp-content\/uploads\/2022\/06\/IMG_1115-160x107.jpg 160w, https:\/\/www.legistdf.gob.ar\/wp-content\/uploads\/2022\/06\/IMG_1115.jpg 1200w\" sizes=\"(max-width: 300px) 100vw, 300px\" \/>La iniciativa prev\u00e9 la \u201cResponsabilidad Extendida del Productor\u201d, a trav\u00e9s de un Sistema de Deposito, Devoluci\u00f3n y Retorno (DDR): \u201cEl consumidor paga una suma de dinero peque\u00f1a y totalmente transparente adicional al precio de venta, una vez devuelto el envase, se devuelve este monto en su totalidad\u201d. Estas acciones han demostrado, a nivel mundial, que con el reciclaje de envases de bebidas se evita la fabricaci\u00f3n con material virgen\u201d, se desprende de los fundamentos del proyecto que busca el consenso para convertirse en Ley.<\/span><\/p>\n<p><span style=\"font-family: arial, helvetica, sans-serif;font-size: 12pt\">\u00a0 \u00a0<\/span><\/p>\n<p><span style=\"font-family: arial, helvetica, sans-serif;font-size: 12pt\">De la misma bancada, presentaron el marco regulatorio \u201cCostas Protegidas\u201d que propone un plan para la protecci\u00f3n de los recursos naturales del litoral fueguino. Establece par\u00e1metros para el desarrollo sustentable y equilibrado para contribuir al cuidado de la calidad ambiental conjuntamente con el desarrollo de la actividad econ\u00f3mica, para asegurar un uso sustentable de los recursos y la protecci\u00f3n del patrimonio paisaj\u00edstico, natural, arqueol\u00f3gico y paleontol\u00f3gico<\/span><\/p>\n<p>&nbsp;<\/p>\n<p><span style=\"font-family: arial, helvetica, sans-serif;font-size: 12pt\">En los fundamentos, resaltan la necesidad de, \u201cevaluar y ordenar el uso de las costas de la Provincia y las actividades que se desarrollan\u201d. \u00a0Adem\u00e1s buscan contar con un conocimiento acabado de las costas y sus potencialidades para identificarlas y clasificarlas y as\u00ed poder preservarlas y mitigar el impacto de las actividades desarrolladas por el hombre. Crear el C\u00f3digo de Zonificaci\u00f3n para el Uso Sustentable del <\/span><span style=\"font-family: arial, helvetica, sans-serif;font-size: 12pt\">Espacio Costero Provincial, el <a href=\"https:\/\/www.legistdf.gob.ar\/lp\/novedadesip\/Asuntos%20Entrados%202022\/As.%20N%BA%20133-22.pdf\" target=\"_blank\" rel=\"noopener noreferrer\">asunto N\u00b0 133\/22<\/a>\u00a0 se encuentra en an\u00e1lisis en el marco de la Comisi\u00f3n.<\/span><\/p>\n<p>&nbsp;<\/p>\n<p><span style=\"font-family: arial, helvetica, sans-serif;font-size: 12pt\"><img loading=\"lazy\" decoding=\"async\" data-attachment-id=\"33326\" data-permalink=\"https:\/\/www.legistdf.gob.ar\/index.php\/2022\/06\/09\/ambiente-peninsula-mitre-trasciende-las-banderias-politicas-opino-acosta\/legislatuta-tdf-aias-9-2\/\" data-orig-file=\"https:\/\/www.legistdf.gob.ar\/wp-content\/uploads\/2022\/06\/Legislatuta-TDF-AIAS-9-1.jpg\" data-orig-size=\"1000,667\" data-comments-opened=\"0\" data-image-meta=\"{&quot;aperture&quot;:&quot;0&quot;,&quot;credit&quot;:&quot;&quot;,&quot;camera&quot;:&quot;&quot;,&quot;caption&quot;:&quot;&quot;,&quot;created_timestamp&quot;:&quot;0&quot;,&quot;copyright&quot;:&quot;&quot;,&quot;focal_length&quot;:&quot;0&quot;,&quot;iso&quot;:&quot;0&quot;,&quot;shutter_speed&quot;:&quot;0&quot;,&quot;title&quot;:&quot;&quot;,&quot;orientation&quot;:&quot;0&quot;}\" data-image-title=\"Legislatuta TDF AIAS-9\" data-image-description=\"\" data-image-caption=\"\" data-medium-file=\"https:\/\/www.legistdf.gob.ar\/wp-content\/uploads\/2022\/06\/Legislatuta-TDF-AIAS-9-1-300x200.jpg\" data-large-file=\"https:\/\/www.legistdf.gob.ar\/wp-content\/uploads\/2022\/06\/Legislatuta-TDF-AIAS-9-1.jpg\" class=\"alignleft wp-image-33326 size-medium\" src=\"https:\/\/www.legistdf.gob.ar\/wp-content\/uploads\/2022\/06\/Legislatuta-TDF-AIAS-9-1-300x200.jpg\" alt=\"\" width=\"300\" height=\"200\" srcset=\"https:\/\/www.legistdf.gob.ar\/wp-content\/uploads\/2022\/06\/Legislatuta-TDF-AIAS-9-1-300x200.jpg 300w, https:\/\/www.legistdf.gob.ar\/wp-content\/uploads\/2022\/06\/Legislatuta-TDF-AIAS-9-1-768x512.jpg 768w, https:\/\/www.legistdf.gob.ar\/wp-content\/uploads\/2022\/06\/Legislatuta-TDF-AIAS-9-1-160x107.jpg 160w, https:\/\/www.legistdf.gob.ar\/wp-content\/uploads\/2022\/06\/Legislatuta-TDF-AIAS-9-1.jpg 1000w\" sizes=\"(max-width: 300px) 100vw, 300px\" \/>Por su parte, el <a href=\"https:\/\/www.legistdf.gob.ar\/lp\/novedadesip\/Asuntos%20Entrados%202022\/As.%20N%BA%20662-22.pdf\" target=\"_blank\" rel=\"noopener noreferrer\">asunto N\u00b0 662\/22<\/a> propone una Evaluaci\u00f3n Estrat\u00e9gica Ambiental de Pol\u00edticas, Planes y Programas del sector p\u00fablico provincial, con la creaci\u00f3n de un \u201cmarco normativo\u201d, en consonancia con los lineamientos establecidos a nivel nacional,\u00a0 con la finalidad de promover calidad ambiental\u00a0 y el cumplimiento de los objetivos y metas de Desarrollo Sustentable en los procesos de planificaci\u00f3n gubernamental.<\/span><\/p>\n<p>&nbsp;<\/p>\n<p><span style=\"font-family: arial, helvetica, sans-serif;font-size: 12pt\">La propuesta es del Partido Verde y tiene como prop\u00f3sito facilitar la integraci\u00f3n de la dimensi\u00f3n ambiental y sostenibilidad en planes y programas para la mejora ambiental y toma de decisiones estrat\u00e9gicas desde fases tempranas.<\/span><\/p>\n<p>&nbsp;<\/p>\n<p><span style=\"font-family: arial, helvetica, sans-serif;font-size: 12pt\">La Evaluaci\u00f3n Ambiental Estrat\u00e9gica (EAE) permitir\u00e1 conocer e introducir est\u00e1ndares de calidad ambiental a los procesos de planificaci\u00f3n gubernamental con nuevos enfoques. Adem\u00e1s tiene un tinte preventivo al poder identificar potenciales secuencias econ\u00f3micas, sociales y ambientales. Tiene como caracter\u00edstica la participaci\u00f3n p\u00fablica para garantizar la aplicaci\u00f3n de la pol\u00edtica, programa o producto.<\/span><\/p>\n<p>&nbsp;<\/p>\n<p><span style=\"font-family: arial, helvetica, sans-serif;font-size: 12pt\"><img loading=\"lazy\" decoding=\"async\" data-attachment-id=\"33767\" data-permalink=\"https:\/\/www.legistdf.gob.ar\/index.php\/2022\/07\/14\/comisiones-con-un-nuevo-encuentro-continuo-el-analisis-del-proyecto-de-peninsula-mitre\/img_2284-2\/\" data-orig-file=\"https:\/\/www.legistdf.gob.ar\/wp-content\/uploads\/2022\/07\/IMG_2284.jpg\" data-orig-size=\"1000,667\" data-comments-opened=\"0\" data-image-meta=\"{&quot;aperture&quot;:&quot;4&quot;,&quot;credit&quot;:&quot;&quot;,&quot;camera&quot;:&quot;Canon EOS 6D&quot;,&quot;caption&quot;:&quot;&quot;,&quot;created_timestamp&quot;:&quot;1657797267&quot;,&quot;copyright&quot;:&quot;&quot;,&quot;focal_length&quot;:&quot;24&quot;,&quot;iso&quot;:&quot;800&quot;,&quot;shutter_speed&quot;:&quot;0.008&quot;,&quot;title&quot;:&quot;&quot;,&quot;orientation&quot;:&quot;0&quot;}\" data-image-title=\"IMG_2284\" data-image-description=\"\" data-image-caption=\"\" data-medium-file=\"https:\/\/www.legistdf.gob.ar\/wp-content\/uploads\/2022\/07\/IMG_2284-300x200.jpg\" data-large-file=\"https:\/\/www.legistdf.gob.ar\/wp-content\/uploads\/2022\/07\/IMG_2284.jpg\" class=\"alignright wp-image-33767 size-medium\" src=\"https:\/\/www.legistdf.gob.ar\/wp-content\/uploads\/2022\/07\/IMG_2284-300x200.jpg\" alt=\"\" width=\"300\" height=\"200\" srcset=\"https:\/\/www.legistdf.gob.ar\/wp-content\/uploads\/2022\/07\/IMG_2284-300x200.jpg 300w, https:\/\/www.legistdf.gob.ar\/wp-content\/uploads\/2022\/07\/IMG_2284-768x512.jpg 768w, https:\/\/www.legistdf.gob.ar\/wp-content\/uploads\/2022\/07\/IMG_2284-160x107.jpg 160w, https:\/\/www.legistdf.gob.ar\/wp-content\/uploads\/2022\/07\/IMG_2284.jpg 1000w\" sizes=\"(max-width: 300px) 100vw, 300px\" \/>Este proyecto, en caso de ser sancionado, deber\u00e1 aplicarse a todos los programas y proyectos vinculados con el ambiente y su posible impacto, como el ordenamiento territorial, costas mar\u00edtimas, uso de medio marino, gesti\u00f3n de residuos, transporte, energ\u00eda y turismo.<\/span><\/p>\n<p>&nbsp;<\/p>\n<p>&nbsp;<\/p>\n<p>&nbsp;<\/p>\n<p style=\"text-align: right\"><em>MBCH<\/em><\/p>\n<p style=\"text-align: right\"><em>Fotograf\u00edas archivo Prensa Legislativa<\/em><\/p>\n","protected":false},"excerpt":{"rendered":"<p>Ushuaia, lunes 5 de junio de 2023.- Es el D\u00eda Mundial del Ambiente y la agenda legislativa tiene proyectos, que se trabajan desde los distintos bloques, que tienden a la preservaci\u00f3n del ambiente, el cuidado y las nuevas pol\u00edticas p\u00fablicas con tendencia sustentable respecto de las gestiones administrativas y de diagramaci\u00f3n. En un an\u00e1lisis de [&hellip;]<\/p>\n","protected":false},"author":352,"featured_media":38364,"comment_status":"closed","ping_status":"closed","sticky":false,"template":"","format":"standard","meta":{"jetpack_post_was_ever_published":false,"_jetpack_newsletter_access":"","_jetpack_dont_email_post_to_subs":false,"_jetpack_newsletter_tier_id":0,"footnotes":"","jetpack_publicize_message":"","jetpack_publicize_feature_enabled":true,"jetpack_social_post_already_shared":true,"jetpack_social_options":{"image_generator_settings":{"template":"highway","enabled":false}}},"categories":[1],"tags":[433,84,2244,78,112,79],"jetpack_publicize_connections":[],"jetpack_sharing_enabled":true,"jetpack_featured_media_url":"https:\/\/www.legistdf.gob.ar\/wp-content\/uploads\/2023\/06\/cleaning_crew_of_plastic_in_the_beach.jpg","jetpack-related-posts":[],"_links":{"self":[{"href":"https:\/\/www.legistdf.gob.ar\/index.php\/wp-json\/wp\/v2\/posts\/38363"}],"collection":[{"href":"https:\/\/www.legistdf.gob.ar\/index.php\/wp-json\/wp\/v2\/posts"}],"about":[{"href":"https:\/\/www.legistdf.gob.ar\/index.php\/wp-json\/wp\/v2\/types\/post"}],"author":[{"embeddable":true,"href":"https:\/\/www.legistdf.gob.ar\/index.php\/wp-json\/wp\/v2\/users\/352"}],"replies":[{"embeddable":true,"href":"https:\/\/www.legistdf.gob.ar\/index.php\/wp-json\/wp\/v2\/comments?post=38363"}],"version-history":[{"count":1,"href":"https:\/\/www.legistdf.gob.ar\/index.php\/wp-json\/wp\/v2\/posts\/38363\/revisions"}],"predecessor-version":[{"id":38365,"href":"https:\/\/www.legistdf.gob.ar\/index.php\/wp-json\/wp\/v2\/posts\/38363\/revisions\/38365"}],"wp:featuredmedia":[{"embeddable":true,"href":"https:\/\/www.legistdf.gob.ar\/index.php\/wp-json\/wp\/v2\/media\/38364"}],"wp:attachment":[{"href":"https:\/\/www.legistdf.gob.ar\/index.php\/wp-json\/wp\/v2\/media?parent=38363"}],"wp:term":[{"taxonomy":"category","embeddable":true,"href":"https:\/\/www.legistdf.gob.ar\/index.php\/wp-json\/wp\/v2\/categories?post=38363"},{"taxonomy":"post_tag","embeddable":true,"href":"https:\/\/www.legistdf.gob.ar\/index.php\/wp-json\/wp\/v2\/tags?post=38363"}],"curies":[{"name":"wp","href":"https:\/\/api.w.org\/{rel}","templated":true}]}}