{"id":38467,"date":"2023-06-12T10:55:02","date_gmt":"2023-06-12T13:55:02","guid":{"rendered":"https:\/\/www.legistdf.gob.ar\/?p=38467"},"modified":"2023-06-12T10:55:02","modified_gmt":"2023-06-12T13:55:02","slug":"sesion-la-accion-de-amparo-afianzara-los-derechos-constitucionales-dijo-villegas","status":"publish","type":"post","link":"https:\/\/www.legistdf.gob.ar\/index.php\/2023\/06\/12\/sesion-la-accion-de-amparo-afianzara-los-derechos-constitucionales-dijo-villegas\/","title":{"rendered":"SESI\u00d3N: \u201cLa acci\u00f3n de amparo afianzar\u00e1 los derechos constitucionales\u201d, dijo Villegas"},"content":{"rendered":"<p><span style=\"font-size: 14pt\"><strong><span style=\"font-family: arial, helvetica, sans-serif\"><img loading=\"lazy\" decoding=\"async\" data-attachment-id=\"38447\" data-permalink=\"https:\/\/www.legistdf.gob.ar\/index.php\/2023\/06\/09\/legislatura-sancionaron-la-ley-de-accion-de-amparo\/img_4685-4\/\" data-orig-file=\"https:\/\/www.legistdf.gob.ar\/wp-content\/uploads\/2023\/06\/IMG_4685-1.jpg\" data-orig-size=\"1500,1000\" data-comments-opened=\"0\" data-image-meta=\"{&quot;aperture&quot;:&quot;2.8&quot;,&quot;credit&quot;:&quot;&quot;,&quot;camera&quot;:&quot;Canon EOS 6D&quot;,&quot;caption&quot;:&quot;&quot;,&quot;created_timestamp&quot;:&quot;1686227219&quot;,&quot;copyright&quot;:&quot;&quot;,&quot;focal_length&quot;:&quot;50&quot;,&quot;iso&quot;:&quot;640&quot;,&quot;shutter_speed&quot;:&quot;0.0055555555555556&quot;,&quot;title&quot;:&quot;&quot;,&quot;orientation&quot;:&quot;0&quot;}\" data-image-title=\"IMG_4685\" data-image-description=\"\" data-image-caption=\"\" data-medium-file=\"https:\/\/www.legistdf.gob.ar\/wp-content\/uploads\/2023\/06\/IMG_4685-1-300x200.jpg\" data-large-file=\"https:\/\/www.legistdf.gob.ar\/wp-content\/uploads\/2023\/06\/IMG_4685-1-1024x683.jpg\" class=\"alignleft wp-image-38447 size-medium\" src=\"https:\/\/www.legistdf.gob.ar\/wp-content\/uploads\/2023\/06\/IMG_4685-1-300x200.jpg\" alt=\"\" width=\"300\" height=\"200\" srcset=\"https:\/\/www.legistdf.gob.ar\/wp-content\/uploads\/2023\/06\/IMG_4685-1-300x200.jpg 300w, https:\/\/www.legistdf.gob.ar\/wp-content\/uploads\/2023\/06\/IMG_4685-1-768x512.jpg 768w, https:\/\/www.legistdf.gob.ar\/wp-content\/uploads\/2023\/06\/IMG_4685-1-1024x683.jpg 1024w, https:\/\/www.legistdf.gob.ar\/wp-content\/uploads\/2023\/06\/IMG_4685-1-160x107.jpg 160w, https:\/\/www.legistdf.gob.ar\/wp-content\/uploads\/2023\/06\/IMG_4685-1.jpg 1500w\" sizes=\"(max-width: 300px) 100vw, 300px\" \/>Ushuaia, lunes 12 de junio de 2023.- \u201cPor primera vez, en Tierra del Fuego, con esta Ley vamos a reestablecer y definir los derechos. Estamos reglamentando las garant\u00edas constitucionales\u201d, afirm\u00f3 ayer el legislador Pablo Villegas al fundamentar la iniciativa que impuls\u00f3 como titular de la comisi\u00f3n N\u00ba6 de Seguridad y Justicia. La norma plantea la\u00a0 protecci\u00f3n de los derechos y libertades de los ciudadanos, reconocidos en la Constituci\u00f3n Nacional, tratados internacionales de Derechos Humanos, Constituci\u00f3n Provincial y leyes del Congreso de la Naci\u00f3n que los reglamente, tambi\u00e9n \u00a0conocida como \u201cacci\u00f3n de amparo\u201d.<\/span><\/strong><\/span><\/p>\n<p>&nbsp;<\/p>\n<p><span style=\"font-family: arial, helvetica, sans-serif;font-size: 12pt\">En tanto, se\u00f1al\u00f3 que si bien se trat\u00f3 de una iniciativa que impuls\u00f3 el MPF, \u201ccont\u00f3 con los aportes de los distintos actores que han intervenido en el \u00e1mbito parlamentario de la Comisi\u00f3n de Seguridad y Justicia\u201d. Consider\u00f3 que el objetivo central es que todos los fueguinos y\u00a0 fueguinas posean una herramienta que garantice una respuesta r\u00e1pida de parte de la Justicia.<\/span><\/p>\n<p>&nbsp;<\/p>\n<p><span style=\"font-family: arial, helvetica, sans-serif;font-size: 12pt\">Adem\u00e1s, sigui\u00f3 al se\u00f1alar que \u00a0a trav\u00e9s de la puesta en marcha de la\u00a0 norma, se sustituir\u00e1n \u201clas partes reglamentarias que se prestan a discusi\u00f3n \u00a0de la actual Ley 16986\u201d, justific\u00f3.<\/span><\/p>\n<p>&nbsp;<\/p>\n<p><span style=\"font-family: arial, helvetica, sans-serif;font-size: 12pt\">Seg\u00fan indic\u00f3 Villegas, otro de los ejes sobre los que se trabaj\u00f3 con el objetivo de optimizar el amparo, se centr\u00f3 en definir \u201cquien poseen la potestad de presentarlo\u201d.\u00a0 Ampli\u00f3 que \u201csumamos la palabra acci\u00f3n asociada al amparo dado que entendemos que la medida o decisi\u00f3n del Juez competente en la materia debe ser r\u00e1pida\u201d, opin\u00f3. \u00a0<\/span><\/p>\n<p>&nbsp;<\/p>\n<p><span style=\"font-family: arial, helvetica, sans-serif;font-size: 12pt\">La norma posee veinticuatro art\u00edculos, en los que se detalla cuestiones vinculadas al \u00e1mbito de aplicaci\u00f3n, objetivos, legitimaci\u00f3n, competencia, contenido de la acci\u00f3n de amparo, traslados, medidas cautelares, audiencias, pruebas documentales, entre otros.<\/span><\/p>\n<p>&nbsp;<\/p>\n<p style=\"text-align: right\"><em>ZV-NEGM<\/em><\/p>\n","protected":false},"excerpt":{"rendered":"<p>Ushuaia, lunes 12 de junio de 2023.- \u201cPor primera vez, en Tierra del Fuego, con esta Ley vamos a reestablecer y definir los derechos. Estamos reglamentando las garant\u00edas constitucionales\u201d, afirm\u00f3 ayer el legislador Pablo Villegas al fundamentar la iniciativa que impuls\u00f3 como titular de la comisi\u00f3n N\u00ba6 de Seguridad y Justicia. La norma plantea la\u00a0 [&hellip;]<\/p>\n","protected":false},"author":352,"featured_media":38447,"comment_status":"closed","ping_status":"closed","sticky":false,"template":"","format":"standard","meta":{"jetpack_post_was_ever_published":false,"_jetpack_newsletter_access":"","_jetpack_dont_email_post_to_subs":false,"_jetpack_newsletter_tier_id":0,"footnotes":"","jetpack_publicize_message":"","jetpack_publicize_feature_enabled":true,"jetpack_social_post_already_shared":true,"jetpack_social_options":{"image_generator_settings":{"template":"highway","enabled":false}}},"categories":[1],"tags":[386,78,119,106,117,79,87],"jetpack_publicize_connections":[],"jetpack_sharing_enabled":true,"jetpack_featured_media_url":"https:\/\/www.legistdf.gob.ar\/wp-content\/uploads\/2023\/06\/IMG_4685-1.jpg","jetpack-related-posts":[],"_links":{"self":[{"href":"https:\/\/www.legistdf.gob.ar\/index.php\/wp-json\/wp\/v2\/posts\/38467"}],"collection":[{"href":"https:\/\/www.legistdf.gob.ar\/index.php\/wp-json\/wp\/v2\/posts"}],"about":[{"href":"https:\/\/www.legistdf.gob.ar\/index.php\/wp-json\/wp\/v2\/types\/post"}],"author":[{"embeddable":true,"href":"https:\/\/www.legistdf.gob.ar\/index.php\/wp-json\/wp\/v2\/users\/352"}],"replies":[{"embeddable":true,"href":"https:\/\/www.legistdf.gob.ar\/index.php\/wp-json\/wp\/v2\/comments?post=38467"}],"version-history":[{"count":1,"href":"https:\/\/www.legistdf.gob.ar\/index.php\/wp-json\/wp\/v2\/posts\/38467\/revisions"}],"predecessor-version":[{"id":38468,"href":"https:\/\/www.legistdf.gob.ar\/index.php\/wp-json\/wp\/v2\/posts\/38467\/revisions\/38468"}],"wp:featuredmedia":[{"embeddable":true,"href":"https:\/\/www.legistdf.gob.ar\/index.php\/wp-json\/wp\/v2\/media\/38447"}],"wp:attachment":[{"href":"https:\/\/www.legistdf.gob.ar\/index.php\/wp-json\/wp\/v2\/media?parent=38467"}],"wp:term":[{"taxonomy":"category","embeddable":true,"href":"https:\/\/www.legistdf.gob.ar\/index.php\/wp-json\/wp\/v2\/categories?post=38467"},{"taxonomy":"post_tag","embeddable":true,"href":"https:\/\/www.legistdf.gob.ar\/index.php\/wp-json\/wp\/v2\/tags?post=38467"}],"curies":[{"name":"wp","href":"https:\/\/api.w.org\/{rel}","templated":true}]}}