{"id":38495,"date":"2023-06-13T15:52:31","date_gmt":"2023-06-13T18:52:31","guid":{"rendered":"https:\/\/www.legistdf.gob.ar\/?p=38495"},"modified":"2023-06-13T15:52:31","modified_gmt":"2023-06-13T18:52:31","slug":"minoridad-agenda-de-comision-dedicada-a-las-infancias-y-adolescencia","status":"publish","type":"post","link":"https:\/\/www.legistdf.gob.ar\/index.php\/2023\/06\/13\/minoridad-agenda-de-comision-dedicada-a-las-infancias-y-adolescencia\/","title":{"rendered":"MINORIDAD: Agenda de comisi\u00f3n dedicada a las infancias y adolescencia"},"content":{"rendered":"<p><strong><span style=\"font-family: arial, helvetica, sans-serif;font-size: 14pt\"><img loading=\"lazy\" decoding=\"async\" data-attachment-id=\"38415\" data-permalink=\"https:\/\/www.legistdf.gob.ar\/index.php\/2023\/06\/08\/galeria-imagenes-de-la-sesion-ordinaria\/img_4624\/\" data-orig-file=\"https:\/\/www.legistdf.gob.ar\/wp-content\/uploads\/2023\/06\/IMG_4624.jpg\" data-orig-size=\"1500,1000\" data-comments-opened=\"0\" data-image-meta=\"{&quot;aperture&quot;:&quot;2.8&quot;,&quot;credit&quot;:&quot;&quot;,&quot;camera&quot;:&quot;Canon EOS 6D&quot;,&quot;caption&quot;:&quot;&quot;,&quot;created_timestamp&quot;:&quot;1686224142&quot;,&quot;copyright&quot;:&quot;&quot;,&quot;focal_length&quot;:&quot;67&quot;,&quot;iso&quot;:&quot;640&quot;,&quot;shutter_speed&quot;:&quot;0.0055555555555556&quot;,&quot;title&quot;:&quot;&quot;,&quot;orientation&quot;:&quot;0&quot;}\" data-image-title=\"IMG_4624\" data-image-description=\"\" data-image-caption=\"\" data-medium-file=\"https:\/\/www.legistdf.gob.ar\/wp-content\/uploads\/2023\/06\/IMG_4624-300x200.jpg\" data-large-file=\"https:\/\/www.legistdf.gob.ar\/wp-content\/uploads\/2023\/06\/IMG_4624-1024x683.jpg\" class=\"alignleft wp-image-38415 size-medium\" src=\"https:\/\/www.legistdf.gob.ar\/wp-content\/uploads\/2023\/06\/IMG_4624-300x200.jpg\" alt=\"\" width=\"300\" height=\"200\" srcset=\"https:\/\/www.legistdf.gob.ar\/wp-content\/uploads\/2023\/06\/IMG_4624-300x200.jpg 300w, https:\/\/www.legistdf.gob.ar\/wp-content\/uploads\/2023\/06\/IMG_4624-768x512.jpg 768w, https:\/\/www.legistdf.gob.ar\/wp-content\/uploads\/2023\/06\/IMG_4624-1024x683.jpg 1024w, https:\/\/www.legistdf.gob.ar\/wp-content\/uploads\/2023\/06\/IMG_4624-160x107.jpg 160w, https:\/\/www.legistdf.gob.ar\/wp-content\/uploads\/2023\/06\/IMG_4624.jpg 1500w\" sizes=\"(max-width: 300px) 100vw, 300px\" \/>Ushuaia, martes 13 de junio de 2023.- La Legislatura se reunir\u00e1 en la Comisi\u00f3n de Minoridad N\u00b0 5 para abordar el tratamiento de tres proyectos de Ley focalizados en las infancias y adolescencia de la Provincia. La legisladora M\u00f3nica Acosta, titular de ese espacio, deline\u00f3 el an\u00e1lisis de asuntos del Partido Verde, de la UCR y de FORJA. Adem\u00e1s, recibir\u00e1n a familiares de Lucio Dupuy y se espera la participaci\u00f3n de la ministra de Salud, Dra. Judit Di Giglio.<\/span><\/strong><\/p>\n<p>&nbsp;<\/p>\n<p><span style=\"font-family: arial, helvetica, sans-serif;font-size: 12pt\">En la agenda informada, la Legisladora habilitar\u00e1 el tratamiento del proyecto de Ley sobre la protecci\u00f3n integral a ni\u00f1os y adolescentes v\u00edctimas de violencia sexual. La iniciativa fue presentada por el bloque del Partido Verde y consta de poco m\u00e1s de 30 art\u00edculos donde se definen los alcances del proyecto. Establece el abordaje integral a ese grupo etario y adem\u00e1s el mejoramiento del mecanismo de detecci\u00f3n, prevenci\u00f3n y abordaje temprano del abuso sexual infantil.<\/span><\/p>\n<p>&nbsp;<\/p>\n<p><span style=\"font-family: arial, helvetica, sans-serif;font-size: 12pt\">El articulado, que lleva al afirma de la legisladora Mar\u00eda Victoria Vuoto, define el abuso sexual infantil y cita las correspondencias emitidas por las Naciones Unidas, UNICEF, la Organizaci\u00f3n Mundial de la Salud y la cartera de salud de Naci\u00f3n como asi tambi\u00e9n la de Justicia y DDHH.<\/span><\/p>\n<p>&nbsp;<\/p>\n<p><span style=\"font-family: arial, helvetica, sans-serif;font-size: 12pt\"><img loading=\"lazy\" decoding=\"async\" data-attachment-id=\"36040\" data-permalink=\"https:\/\/www.legistdf.gob.ar\/index.php\/2022\/11\/16\/legislacion-se-escucharon-las-distintas-voces-ciudadanas-que-busca-la-paridad-de-genero\/img_5452\/\" data-orig-file=\"https:\/\/www.legistdf.gob.ar\/wp-content\/uploads\/2022\/11\/IMG_5452.jpg\" data-orig-size=\"1500,1000\" data-comments-opened=\"0\" data-image-meta=\"{&quot;aperture&quot;:&quot;5.6&quot;,&quot;credit&quot;:&quot;&quot;,&quot;camera&quot;:&quot;Canon EOS Rebel T6i&quot;,&quot;caption&quot;:&quot;&quot;,&quot;created_timestamp&quot;:&quot;1668530883&quot;,&quot;copyright&quot;:&quot;&quot;,&quot;focal_length&quot;:&quot;22&quot;,&quot;iso&quot;:&quot;400&quot;,&quot;shutter_speed&quot;:&quot;0.008&quot;,&quot;title&quot;:&quot;&quot;,&quot;orientation&quot;:&quot;0&quot;}\" data-image-title=\"IMG_5452\" data-image-description=\"\" data-image-caption=\"\" data-medium-file=\"https:\/\/www.legistdf.gob.ar\/wp-content\/uploads\/2022\/11\/IMG_5452-300x200.jpg\" data-large-file=\"https:\/\/www.legistdf.gob.ar\/wp-content\/uploads\/2022\/11\/IMG_5452-1024x683.jpg\" class=\"alignright wp-image-36040 size-medium\" src=\"https:\/\/www.legistdf.gob.ar\/wp-content\/uploads\/2022\/11\/IMG_5452-300x200.jpg\" alt=\"\" width=\"300\" height=\"200\" srcset=\"https:\/\/www.legistdf.gob.ar\/wp-content\/uploads\/2022\/11\/IMG_5452-300x200.jpg 300w, https:\/\/www.legistdf.gob.ar\/wp-content\/uploads\/2022\/11\/IMG_5452-768x512.jpg 768w, https:\/\/www.legistdf.gob.ar\/wp-content\/uploads\/2022\/11\/IMG_5452-1024x683.jpg 1024w, https:\/\/www.legistdf.gob.ar\/wp-content\/uploads\/2022\/11\/IMG_5452-160x107.jpg 160w, https:\/\/www.legistdf.gob.ar\/wp-content\/uploads\/2022\/11\/IMG_5452.jpg 1500w\" sizes=\"(max-width: 300px) 100vw, 300px\" \/>\u201cEl abuso sexual es una de las peores formas de violencia contra las personas, -dice en los fundamentos de la elevaci\u00f3n-, la cual se agrava much\u00edsimo m\u00e1s, cuando las v\u00edctimas son las ni\u00f1as, ni\u00f1os y adolescentes. A pesar de este terrible flagelo social, continua el <a href=\"https:\/\/www.legistdf.gob.ar\/lp\/novedadesip\/Asuntos%20Entrados%202023\/As.%20N%BA%20040-23.pdf\" target=\"_blank\" rel=\"noopener noreferrer\">asunto N\u00b0 040\/23<\/a>, va en aumento de manera alarmante, la mayor\u00eda de los casos no son denunciados ni detectados\u201d.<\/span><\/p>\n<p>&nbsp;<\/p>\n<p><span style=\"font-family: arial, helvetica, sans-serif;font-size: 12pt\">En el orden del d\u00eda, tambi\u00e9n analizar\u00e1n el <a href=\"https:\/\/www.legistdf.gob.ar\/lp\/novedadesip\/Asuntos%20Entrados%202023\/As.%20N%BA%20170-23.pdf\" target=\"_blank\" rel=\"noopener noreferrer\">asunto N\u00b0 170\/23<\/a> de la UCR, que plantea la adhesi\u00f3n a la Ley nacional de creaci\u00f3n del Plan Federal de Capacitaci\u00f3n sobre derechos de ni\u00f1as, ni\u00f1os y adolescentes, establecido por la <a href=\"https:\/\/www.boletinoficial.gob.ar\/detalleAviso\/primera\/285597\/20230503\" target=\"_blank\" rel=\"noopener noreferrer\">Ley nacional N\u00b0 27.709<\/a>. <\/span><\/p>\n<p>&nbsp;<\/p>\n<p><span style=\"font-family: arial, helvetica, sans-serif;font-size: 12pt\">El texto, de seis \u00edtems, establece la adhesi\u00f3n a la norma nacional y fija en la cartera de Desarrollo Social la autoridad de aplicaci\u00f3n del texto. Asi, tambi\u00e9n se\u00f1ala que se dar\u00e1 cumplimiento al sexto art\u00edculo que indica la elaboraci\u00f3n de los contenidos del Plan Federal de Capacitaci\u00f3n, en el plazo de seis meses desde su publicaci\u00f3n en el bolet\u00edn oficial de la presente Ley, en articulaci\u00f3n con el Consejo Federal de Ni\u00f1ez, Adolescencia y Familia (COFENAF). Para eso, pide tener en cuenta: Las distintas realidades institucionales y territoriales de cada provincia de nuestro pa\u00eds; la Constituci\u00f3n Nacional, y el plexo normativo nacional vigente en la materia de derechos de ni\u00f1as, ni\u00f1os y adolescentes y tratados y convenciones internacionales de Derechos Humanos ratificados por la Naci\u00f3n Argentina, tengan o no jerarqu\u00eda constitucional, entre otros.<\/span><\/p>\n<p>&nbsp;<\/p>\n<p><span style=\"font-family: arial, helvetica, sans-serif;font-size: 12pt\">El tercer asunto que estudiar\u00e1n las y los Legisladores, es el <a href=\"https:\/\/www.legistdf.gob.ar\/lp\/novedadesip\/Asuntos%20Entrados%202023\/As.%20N%BA%20210-23.pdf\">N\u00b0 210\/23<\/a> del bloque FORJA que crea el Programa de capacitaci\u00f3n en prevenci\u00f3n sobre abuso sexual en la infancia y la adolescencia. El proyecto de Ley se\u00f1ala que las personas que se desempe\u00f1en en dependencias y \u00e1reas de los tres poderes del Estado provincial, ser\u00e1n destinatarios del programa y aclara que tambi\u00e9n podr\u00e1n ser parte, agentes de \u00e1mbitos municipales, asociaciones sociales, culturales y deportivas, entre otras.<\/span><\/p>\n<p>&nbsp;<\/p>\n<p><span style=\"font-family: arial, helvetica, sans-serif;font-size: 12pt\">Emmanuel Trentino, autor del texto que debatir\u00e1n en la Comisi\u00f3n, propone que se sensibilice a la comunidad acerca de la problem\u00e1tica del abuso sexual infantil (ASI); favorecer la difusi\u00f3n de los factores de riesgo e indicadores de ASI; brindar informaci\u00f3n temprana sobre la problem\u00e1tica y la implementaci\u00f3n de campa\u00f1as de prevenci\u00f3n, concientizaci\u00f3n, informaci\u00f3n y divulgaci\u00f3n de ASI, entre otras.<\/span><\/p>\n<p>&nbsp;<\/p>\n<p style=\"text-align: right\"><span style=\"font-family: arial, helvetica, sans-serif;font-size: 12pt\"><em>AT<\/em><\/span><\/p>\n","protected":false},"excerpt":{"rendered":"<p>Ushuaia, martes 13 de junio de 2023.- La Legislatura se reunir\u00e1 en la Comisi\u00f3n de Minoridad N\u00b0 5 para abordar el tratamiento de tres proyectos de Ley focalizados en las infancias y adolescencia de la Provincia. La legisladora M\u00f3nica Acosta, titular de ese espacio, deline\u00f3 el an\u00e1lisis de asuntos del Partido Verde, de la UCR [&hellip;]<\/p>\n","protected":false},"author":352,"featured_media":38415,"comment_status":"closed","ping_status":"closed","sticky":false,"template":"","format":"standard","meta":{"jetpack_post_was_ever_published":false,"_jetpack_newsletter_access":"","_jetpack_dont_email_post_to_subs":false,"_jetpack_newsletter_tier_id":0,"footnotes":"","jetpack_publicize_message":"","jetpack_publicize_feature_enabled":true,"jetpack_social_post_already_shared":true,"jetpack_social_options":{"image_generator_settings":{"template":"highway","enabled":false}}},"categories":[1],"tags":[409,84,2784,78,1817,79,87],"jetpack_publicize_connections":[],"jetpack_sharing_enabled":true,"jetpack_featured_media_url":"https:\/\/www.legistdf.gob.ar\/wp-content\/uploads\/2023\/06\/IMG_4624.jpg","jetpack-related-posts":[],"_links":{"self":[{"href":"https:\/\/www.legistdf.gob.ar\/index.php\/wp-json\/wp\/v2\/posts\/38495"}],"collection":[{"href":"https:\/\/www.legistdf.gob.ar\/index.php\/wp-json\/wp\/v2\/posts"}],"about":[{"href":"https:\/\/www.legistdf.gob.ar\/index.php\/wp-json\/wp\/v2\/types\/post"}],"author":[{"embeddable":true,"href":"https:\/\/www.legistdf.gob.ar\/index.php\/wp-json\/wp\/v2\/users\/352"}],"replies":[{"embeddable":true,"href":"https:\/\/www.legistdf.gob.ar\/index.php\/wp-json\/wp\/v2\/comments?post=38495"}],"version-history":[{"count":1,"href":"https:\/\/www.legistdf.gob.ar\/index.php\/wp-json\/wp\/v2\/posts\/38495\/revisions"}],"predecessor-version":[{"id":38496,"href":"https:\/\/www.legistdf.gob.ar\/index.php\/wp-json\/wp\/v2\/posts\/38495\/revisions\/38496"}],"wp:featuredmedia":[{"embeddable":true,"href":"https:\/\/www.legistdf.gob.ar\/index.php\/wp-json\/wp\/v2\/media\/38415"}],"wp:attachment":[{"href":"https:\/\/www.legistdf.gob.ar\/index.php\/wp-json\/wp\/v2\/media?parent=38495"}],"wp:term":[{"taxonomy":"category","embeddable":true,"href":"https:\/\/www.legistdf.gob.ar\/index.php\/wp-json\/wp\/v2\/categories?post=38495"},{"taxonomy":"post_tag","embeddable":true,"href":"https:\/\/www.legistdf.gob.ar\/index.php\/wp-json\/wp\/v2\/tags?post=38495"}],"curies":[{"name":"wp","href":"https:\/\/api.w.org\/{rel}","templated":true}]}}