{"id":38786,"date":"2023-07-05T16:46:00","date_gmt":"2023-07-05T19:46:00","guid":{"rendered":"https:\/\/www.legistdf.gob.ar\/?p=38786"},"modified":"2023-07-05T16:46:00","modified_gmt":"2023-07-05T19:46:00","slug":"educacion-destacada-participacion-en-la-feria-de-arte-ciencia-y-tecnologia-2023","status":"publish","type":"post","link":"https:\/\/www.legistdf.gob.ar\/index.php\/2023\/07\/05\/educacion-destacada-participacion-en-la-feria-de-arte-ciencia-y-tecnologia-2023\/","title":{"rendered":"EDUCACI\u00d3N: Destacada participaci\u00f3n en la Feria de Arte, Ciencia y Tecnolog\u00eda 2023"},"content":{"rendered":"<p><strong><span style=\"font-family: arial, helvetica, sans-serif;font-size: 14pt\"><img loading=\"lazy\" decoding=\"async\" data-attachment-id=\"38787\" data-permalink=\"https:\/\/www.legistdf.gob.ar\/index.php\/2023\/07\/05\/educacion-destacada-participacion-en-la-feria-de-arte-ciencia-y-tecnologia-2023\/img_6928-3\/\" data-orig-file=\"https:\/\/www.legistdf.gob.ar\/wp-content\/uploads\/2023\/07\/IMG_6928.jpg\" data-orig-size=\"5472,3648\" data-comments-opened=\"0\" data-image-meta=\"{&quot;aperture&quot;:&quot;3.5&quot;,&quot;credit&quot;:&quot;&quot;,&quot;camera&quot;:&quot;Canon EOS 6D&quot;,&quot;caption&quot;:&quot;&quot;,&quot;created_timestamp&quot;:&quot;1688556407&quot;,&quot;copyright&quot;:&quot;&quot;,&quot;focal_length&quot;:&quot;25&quot;,&quot;iso&quot;:&quot;800&quot;,&quot;shutter_speed&quot;:&quot;0.016666666666667&quot;,&quot;title&quot;:&quot;&quot;,&quot;orientation&quot;:&quot;1&quot;}\" data-image-title=\"IMG_6928\" data-image-description=\"\" data-image-caption=\"\" data-medium-file=\"https:\/\/www.legistdf.gob.ar\/wp-content\/uploads\/2023\/07\/IMG_6928-300x200.jpg\" data-large-file=\"https:\/\/www.legistdf.gob.ar\/wp-content\/uploads\/2023\/07\/IMG_6928-1024x683.jpg\" class=\"alignleft wp-image-38787 size-medium\" src=\"https:\/\/www.legistdf.gob.ar\/wp-content\/uploads\/2023\/07\/IMG_6928-300x200.jpg\" alt=\"\" width=\"300\" height=\"200\" srcset=\"https:\/\/www.legistdf.gob.ar\/wp-content\/uploads\/2023\/07\/IMG_6928-300x200.jpg 300w, https:\/\/www.legistdf.gob.ar\/wp-content\/uploads\/2023\/07\/IMG_6928-768x512.jpg 768w, https:\/\/www.legistdf.gob.ar\/wp-content\/uploads\/2023\/07\/IMG_6928-1024x683.jpg 1024w, https:\/\/www.legistdf.gob.ar\/wp-content\/uploads\/2023\/07\/IMG_6928-160x107.jpg 160w\" sizes=\"(max-width: 300px) 100vw, 300px\" \/>Ushuaia, mi\u00e9rcoles 5 de julio de 2023.- Integrantes de la comunidad educativa, docentes, alumnos y alumnas de jardines y escuelas, se reunieron esta ma\u00f1ana con la Presidenta de la Legislatura y compartieron su experiencia en la participaci\u00f3n en la Feria de Arte, Ciencia y Tecnolog\u00eda 2023. La vicegobernadora M\u00f3nica Urquiza agradeci\u00f3 las iniciativas y el compromiso que demuestran las y los docentes, en profundizar los v\u00ednculos con la escuela, la familia y los valores. La instancia provincial se desarrollar\u00e1 el 13 de julio para luego pasar a la alternativa nacional, que se desarrollar\u00e1 entre el 6 al 9 de septiembre pr\u00f3ximo.<\/span><\/strong><\/p>\n<p>&nbsp;<\/p>\n<p><span style=\"font-family: arial, helvetica, sans-serif;font-size: 12pt\"><img loading=\"lazy\" decoding=\"async\" data-attachment-id=\"38788\" data-permalink=\"https:\/\/www.legistdf.gob.ar\/index.php\/2023\/07\/05\/educacion-destacada-participacion-en-la-feria-de-arte-ciencia-y-tecnologia-2023\/img_6926-4\/\" data-orig-file=\"https:\/\/www.legistdf.gob.ar\/wp-content\/uploads\/2023\/07\/IMG_6926.jpg\" data-orig-size=\"1500,1000\" data-comments-opened=\"0\" data-image-meta=\"{&quot;aperture&quot;:&quot;3.5&quot;,&quot;credit&quot;:&quot;&quot;,&quot;camera&quot;:&quot;Canon EOS 6D&quot;,&quot;caption&quot;:&quot;&quot;,&quot;created_timestamp&quot;:&quot;1688556390&quot;,&quot;copyright&quot;:&quot;&quot;,&quot;focal_length&quot;:&quot;50&quot;,&quot;iso&quot;:&quot;800&quot;,&quot;shutter_speed&quot;:&quot;0.016666666666667&quot;,&quot;title&quot;:&quot;&quot;,&quot;orientation&quot;:&quot;0&quot;}\" data-image-title=\"IMG_6926\" data-image-description=\"\" data-image-caption=\"\" data-medium-file=\"https:\/\/www.legistdf.gob.ar\/wp-content\/uploads\/2023\/07\/IMG_6926-300x200.jpg\" data-large-file=\"https:\/\/www.legistdf.gob.ar\/wp-content\/uploads\/2023\/07\/IMG_6926-1024x683.jpg\" class=\"alignright wp-image-38788 size-medium\" src=\"https:\/\/www.legistdf.gob.ar\/wp-content\/uploads\/2023\/07\/IMG_6926-300x200.jpg\" alt=\"\" width=\"300\" height=\"200\" srcset=\"https:\/\/www.legistdf.gob.ar\/wp-content\/uploads\/2023\/07\/IMG_6926-300x200.jpg 300w, https:\/\/www.legistdf.gob.ar\/wp-content\/uploads\/2023\/07\/IMG_6926-768x512.jpg 768w, https:\/\/www.legistdf.gob.ar\/wp-content\/uploads\/2023\/07\/IMG_6926-1024x683.jpg 1024w, https:\/\/www.legistdf.gob.ar\/wp-content\/uploads\/2023\/07\/IMG_6926-160x107.jpg 160w, https:\/\/www.legistdf.gob.ar\/wp-content\/uploads\/2023\/07\/IMG_6926.jpg 1500w\" sizes=\"(max-width: 300px) 100vw, 300px\" \/>En esta oportunidad, Prensa Legislativa dialog\u00f3 con Marilyn Barrios, docente de 1\u00b0 A, quien junto a alumnas y alumnos de los jardines N\u00b0 7 y 8 plantearon el proyecto referido a \u201cla necesidad de concientizar a las familias sobre el consumo de frutas y verduras\u201d. En este punto, con el nombre de \u201cLos Secretaos del Tomate\u201d investigaron los beneficios del consumo de tomate, en todas las variedades.<\/span><\/p>\n<p>&nbsp;<\/p>\n<p><span style=\"font-family: arial, helvetica, sans-serif;font-size: 12pt\">En relaci\u00f3n al proyecto \u201cA que jugaban los ni\u00f1os en la \u00e9poca colonial\u201d del Jard\u00edn N\u00b0 8 Caminito de colores, Jard\u00edn N\u00b0 24 Valle Andorra y Escuela N\u00b022 Bah\u00eda, Francisco Temporeti, cont\u00f3 que \u201cpor primera vez el \u00e1rea de educaci\u00f3n f\u00edsica participa\u201d en una convocatoria semejante. \u201cEs un proyecto que nos gust\u00f3 mucho hacerlo\u201d\u00a0 relat\u00f3 que naci\u00f3 a ra\u00edz de dudas que plantearon sus alumnos. \u201cA qu\u00e9 jugaban en tiempos pasados\u201d, oportunidad de visibilizar las actividades recreativas y l\u00fadicas, en d\u00e9cadas pasadas.<\/span><\/p>\n<p>&nbsp;<\/p>\n<p><span style=\"font-family: arial, helvetica, sans-serif;font-size: 12pt\"><img loading=\"lazy\" decoding=\"async\" data-attachment-id=\"38790\" data-permalink=\"https:\/\/www.legistdf.gob.ar\/index.php\/2023\/07\/05\/educacion-destacada-participacion-en-la-feria-de-arte-ciencia-y-tecnologia-2023\/img_6951\/\" data-orig-file=\"https:\/\/www.legistdf.gob.ar\/wp-content\/uploads\/2023\/07\/IMG_6951.jpg\" data-orig-size=\"1500,1000\" data-comments-opened=\"0\" data-image-meta=\"{&quot;aperture&quot;:&quot;3.5&quot;,&quot;credit&quot;:&quot;&quot;,&quot;camera&quot;:&quot;Canon EOS 6D&quot;,&quot;caption&quot;:&quot;&quot;,&quot;created_timestamp&quot;:&quot;1688559375&quot;,&quot;copyright&quot;:&quot;&quot;,&quot;focal_length&quot;:&quot;24&quot;,&quot;iso&quot;:&quot;800&quot;,&quot;shutter_speed&quot;:&quot;0.01&quot;,&quot;title&quot;:&quot;&quot;,&quot;orientation&quot;:&quot;0&quot;}\" data-image-title=\"IMG_6951\" data-image-description=\"\" data-image-caption=\"\" data-medium-file=\"https:\/\/www.legistdf.gob.ar\/wp-content\/uploads\/2023\/07\/IMG_6951-300x200.jpg\" data-large-file=\"https:\/\/www.legistdf.gob.ar\/wp-content\/uploads\/2023\/07\/IMG_6951-1024x683.jpg\" class=\"alignleft wp-image-38790 size-medium\" src=\"https:\/\/www.legistdf.gob.ar\/wp-content\/uploads\/2023\/07\/IMG_6951-300x200.jpg\" alt=\"\" width=\"300\" height=\"200\" srcset=\"https:\/\/www.legistdf.gob.ar\/wp-content\/uploads\/2023\/07\/IMG_6951-300x200.jpg 300w, https:\/\/www.legistdf.gob.ar\/wp-content\/uploads\/2023\/07\/IMG_6951-768x512.jpg 768w, https:\/\/www.legistdf.gob.ar\/wp-content\/uploads\/2023\/07\/IMG_6951-1024x683.jpg 1024w, https:\/\/www.legistdf.gob.ar\/wp-content\/uploads\/2023\/07\/IMG_6951-160x107.jpg 160w, https:\/\/www.legistdf.gob.ar\/wp-content\/uploads\/2023\/07\/IMG_6951.jpg 1500w\" sizes=\"(max-width: 300px) 100vw, 300px\" \/>Se trata de un proyecto dirigido a las y los alumnos de esas instituciones ushuaienses, que posibilit\u00f3 trabajar -de forma conjunta-, la propuesta de conocer cu\u00e1les eran los pasatiempos y juegos de la \u00e9poca colonial. Esta idea, surgi\u00f3 del \u00e1rea de educaci\u00f3n f\u00edsica de esas instituciones.<\/span><\/p>\n<p>&nbsp;<\/p>\n<p><span style=\"font-family: arial, helvetica, sans-serif;font-size: 12pt\">\u201cEs un proyecto multisala \u2013que suma al jard\u00edn N\u00b0 24 nivel inicial y EGB 1- que involucra a las tres instituciones educativas\u201d. Tambi\u00e9n resalt\u00f3 que, como parte de las diversas investigaciones, el alumnado se reuni\u00f3 con adultos mayores, \u201cdonde los ni\u00f1os les mostraron los juegos que hab\u00edamos preparado\u201d, cuesti\u00f3n que facilit\u00f3 la vinculaci\u00f3n a ra\u00edz de los recuerdos evocados. \u201cLa emoci\u00f3n, ese d\u00eda, estuvo a flor de piel\u201d, celebr\u00f3 Temporeti.<\/span><\/p>\n<p>&nbsp;<\/p>\n<p><span style=\"font-family: arial, helvetica, sans-serif;font-size: 12pt\">Tambi\u00e9n, durante la entrevista que mantuvieron con la titular de la Legislatura, en sede de la Presidencia, M\u00f3nica Urquiza resalt\u00f3 la vinculaci\u00f3n de las familias hacia las diversas propuestas pedag\u00f3gicas que plantean desde los establecimientos educativos y de la coordinaci\u00f3n de la Feria 2023 de la Provincia. En este punto, ponder\u00f3 la necesidad de aproximar a los peque\u00f1os, a otras motivaciones que los alejen de los dispositivos electr\u00f3nicos \u201cy jugar a juegos tradicionales\u201d.<\/span><\/p>\n<p>&nbsp;<\/p>\n<p><span style=\"font-family: arial, helvetica, sans-serif;font-size: 12pt\">La actividad se encuadr\u00f3 en el marco de las instancias zonales de la Feria de Arte, Ciencia y Tecnolog\u00eda 2023. Cabe se\u00f1alar, que se implementa para esta edici\u00f3n, la evaluaci\u00f3n formativa que resaltar\u00e1 \u201cpor consenso de cada una de las comisiones de valoraci\u00f3n\u201d, por modalidad o nivel educativo cuales proyectos pasan a la representaci\u00f3n nacional, informaron desde la coordinaci\u00f3n provincial de Feria de Arte, Ciencia y Tecnolog\u00eda.<\/span><\/p>\n<p>&nbsp;<\/p>\n<p style=\"text-align: right\"><em>AT<\/em><\/p>\n<p style=\"text-align: right\"><em><a href=\"https:\/\/drive.google.com\/drive\/folders\/1Q_J0xyAEiRSU0B9KZiuY6kGRLRNZ0w1l?usp=drive_link\">Galer\u00eda de im\u00e1genes<\/a><\/em><\/p>\n\n\t\t<style type=\"text\/css\">\n\t\t\t#gallery-1 {\n\t\t\t\tmargin: auto;\n\t\t\t}\n\t\t\t#gallery-1 .gallery-item {\n\t\t\t\tfloat: left;\n\t\t\t\tmargin-top: 10px;\n\t\t\t\ttext-align: center;\n\t\t\t\twidth: 33%;\n\t\t\t}\n\t\t\t#gallery-1 img {\n\t\t\t\tborder: 2px solid #cfcfcf;\n\t\t\t}\n\t\t\t#gallery-1 .gallery-caption {\n\t\t\t\tmargin-left: 0;\n\t\t\t}\n\t\t\t\/* see gallery_shortcode() in wp-includes\/media.php *\/\n\t\t<\/style>\n\t\t<div data-carousel-extra='{\"blog_id\":1,\"permalink\":\"https:\\\/\\\/www.legistdf.gob.ar\\\/index.php\\\/2023\\\/07\\\/05\\\/educacion-destacada-participacion-en-la-feria-de-arte-ciencia-y-tecnologia-2023\\\/\"}' id='gallery-1' class='gallery galleryid-38786 gallery-columns-3 gallery-size-thumbnail'><dl class='gallery-item'>\n\t\t\t<dt class='gallery-icon landscape'>\n\t\t\t\t<a href='https:\/\/www.legistdf.gob.ar\/index.php\/2023\/07\/05\/educacion-destacada-participacion-en-la-feria-de-arte-ciencia-y-tecnologia-2023\/img_6926-4\/'><img loading=\"lazy\" decoding=\"async\" width=\"150\" height=\"150\" src=\"https:\/\/www.legistdf.gob.ar\/wp-content\/uploads\/2023\/07\/IMG_6926-150x150.jpg\" class=\"attachment-thumbnail size-thumbnail\" alt=\"\" srcset=\"https:\/\/www.legistdf.gob.ar\/wp-content\/uploads\/2023\/07\/IMG_6926-150x150.jpg 150w, https:\/\/www.legistdf.gob.ar\/wp-content\/uploads\/2023\/07\/IMG_6926-64x64.jpg 64w\" sizes=\"(max-width: 150px) 100vw, 150px\" data-attachment-id=\"38788\" data-permalink=\"https:\/\/www.legistdf.gob.ar\/index.php\/2023\/07\/05\/educacion-destacada-participacion-en-la-feria-de-arte-ciencia-y-tecnologia-2023\/img_6926-4\/\" data-orig-file=\"https:\/\/www.legistdf.gob.ar\/wp-content\/uploads\/2023\/07\/IMG_6926.jpg\" data-orig-size=\"1500,1000\" data-comments-opened=\"0\" data-image-meta=\"{&quot;aperture&quot;:&quot;3.5&quot;,&quot;credit&quot;:&quot;&quot;,&quot;camera&quot;:&quot;Canon EOS 6D&quot;,&quot;caption&quot;:&quot;&quot;,&quot;created_timestamp&quot;:&quot;1688556390&quot;,&quot;copyright&quot;:&quot;&quot;,&quot;focal_length&quot;:&quot;50&quot;,&quot;iso&quot;:&quot;800&quot;,&quot;shutter_speed&quot;:&quot;0.016666666666667&quot;,&quot;title&quot;:&quot;&quot;,&quot;orientation&quot;:&quot;0&quot;}\" data-image-title=\"IMG_6926\" data-image-description=\"\" data-image-caption=\"\" data-medium-file=\"https:\/\/www.legistdf.gob.ar\/wp-content\/uploads\/2023\/07\/IMG_6926-300x200.jpg\" data-large-file=\"https:\/\/www.legistdf.gob.ar\/wp-content\/uploads\/2023\/07\/IMG_6926-1024x683.jpg\" \/><\/a>\n\t\t\t<\/dt><\/dl><dl class='gallery-item'>\n\t\t\t<dt class='gallery-icon landscape'>\n\t\t\t\t<a href='https:\/\/www.legistdf.gob.ar\/index.php\/2023\/07\/05\/educacion-destacada-participacion-en-la-feria-de-arte-ciencia-y-tecnologia-2023\/img_6928-4\/'><img loading=\"lazy\" decoding=\"async\" width=\"150\" height=\"150\" src=\"https:\/\/www.legistdf.gob.ar\/wp-content\/uploads\/2023\/07\/IMG_6928-1-150x150.jpg\" class=\"attachment-thumbnail size-thumbnail\" alt=\"\" srcset=\"https:\/\/www.legistdf.gob.ar\/wp-content\/uploads\/2023\/07\/IMG_6928-1-150x150.jpg 150w, https:\/\/www.legistdf.gob.ar\/wp-content\/uploads\/2023\/07\/IMG_6928-1-64x64.jpg 64w\" sizes=\"(max-width: 150px) 100vw, 150px\" data-attachment-id=\"38789\" data-permalink=\"https:\/\/www.legistdf.gob.ar\/index.php\/2023\/07\/05\/educacion-destacada-participacion-en-la-feria-de-arte-ciencia-y-tecnologia-2023\/img_6928-4\/\" data-orig-file=\"https:\/\/www.legistdf.gob.ar\/wp-content\/uploads\/2023\/07\/IMG_6928-1.jpg\" data-orig-size=\"1500,1000\" data-comments-opened=\"0\" data-image-meta=\"{&quot;aperture&quot;:&quot;3.5&quot;,&quot;credit&quot;:&quot;&quot;,&quot;camera&quot;:&quot;Canon EOS 6D&quot;,&quot;caption&quot;:&quot;&quot;,&quot;created_timestamp&quot;:&quot;1688556407&quot;,&quot;copyright&quot;:&quot;&quot;,&quot;focal_length&quot;:&quot;25&quot;,&quot;iso&quot;:&quot;800&quot;,&quot;shutter_speed&quot;:&quot;0.016666666666667&quot;,&quot;title&quot;:&quot;&quot;,&quot;orientation&quot;:&quot;0&quot;}\" data-image-title=\"IMG_6928\" data-image-description=\"\" data-image-caption=\"\" data-medium-file=\"https:\/\/www.legistdf.gob.ar\/wp-content\/uploads\/2023\/07\/IMG_6928-1-300x200.jpg\" data-large-file=\"https:\/\/www.legistdf.gob.ar\/wp-content\/uploads\/2023\/07\/IMG_6928-1-1024x683.jpg\" \/><\/a>\n\t\t\t<\/dt><\/dl><dl class='gallery-item'>\n\t\t\t<dt class='gallery-icon landscape'>\n\t\t\t\t<a href='https:\/\/www.legistdf.gob.ar\/index.php\/2023\/07\/05\/educacion-destacada-participacion-en-la-feria-de-arte-ciencia-y-tecnologia-2023\/img_6951\/'><img loading=\"lazy\" decoding=\"async\" width=\"150\" height=\"150\" src=\"https:\/\/www.legistdf.gob.ar\/wp-content\/uploads\/2023\/07\/IMG_6951-150x150.jpg\" class=\"attachment-thumbnail size-thumbnail\" alt=\"\" srcset=\"https:\/\/www.legistdf.gob.ar\/wp-content\/uploads\/2023\/07\/IMG_6951-150x150.jpg 150w, https:\/\/www.legistdf.gob.ar\/wp-content\/uploads\/2023\/07\/IMG_6951-64x64.jpg 64w\" sizes=\"(max-width: 150px) 100vw, 150px\" data-attachment-id=\"38790\" data-permalink=\"https:\/\/www.legistdf.gob.ar\/index.php\/2023\/07\/05\/educacion-destacada-participacion-en-la-feria-de-arte-ciencia-y-tecnologia-2023\/img_6951\/\" data-orig-file=\"https:\/\/www.legistdf.gob.ar\/wp-content\/uploads\/2023\/07\/IMG_6951.jpg\" data-orig-size=\"1500,1000\" data-comments-opened=\"0\" data-image-meta=\"{&quot;aperture&quot;:&quot;3.5&quot;,&quot;credit&quot;:&quot;&quot;,&quot;camera&quot;:&quot;Canon EOS 6D&quot;,&quot;caption&quot;:&quot;&quot;,&quot;created_timestamp&quot;:&quot;1688559375&quot;,&quot;copyright&quot;:&quot;&quot;,&quot;focal_length&quot;:&quot;24&quot;,&quot;iso&quot;:&quot;800&quot;,&quot;shutter_speed&quot;:&quot;0.01&quot;,&quot;title&quot;:&quot;&quot;,&quot;orientation&quot;:&quot;0&quot;}\" data-image-title=\"IMG_6951\" data-image-description=\"\" data-image-caption=\"\" data-medium-file=\"https:\/\/www.legistdf.gob.ar\/wp-content\/uploads\/2023\/07\/IMG_6951-300x200.jpg\" data-large-file=\"https:\/\/www.legistdf.gob.ar\/wp-content\/uploads\/2023\/07\/IMG_6951-1024x683.jpg\" \/><\/a>\n\t\t\t<\/dt><\/dl><br style=\"clear: both\" \/>\n\t\t<\/div>\n\n<blockquote class=\"twitter-tweet\" data-width=\"550\" data-dnt=\"true\">\n<p lang=\"es\" dir=\"ltr\">Integrantes de la comunidad educativa de la Escuela N\u00b0 22 de Ushuaia, se reunieron esta ma\u00f1ana con la Presidenta de la Legislatura y compartieron su experiencia en la participaci\u00f3n en la Feria de Arte, Ciencia y Tecnolog\u00eda 2023. <a href=\"https:\/\/t.co\/Cg2Vcn7owP\">pic.twitter.com\/Cg2Vcn7owP<\/a><\/p>\n<p>&mdash; Prensa Legislativa (@PrensaLegisTDF) <a href=\"https:\/\/twitter.com\/PrensaLegisTDF\/status\/1676654084235862018?ref_src=twsrc%5Etfw\">July 5, 2023<\/a><\/p><\/blockquote>\n<p><script async src=\"https:\/\/platform.twitter.com\/widgets.js\" charset=\"utf-8\"><\/script><\/p>\n","protected":false},"excerpt":{"rendered":"<p>Ushuaia, mi\u00e9rcoles 5 de julio de 2023.- Integrantes de la comunidad educativa, docentes, alumnos y alumnas de jardines y escuelas, se reunieron esta ma\u00f1ana con la Presidenta de la Legislatura y compartieron su experiencia en la participaci\u00f3n en la Feria de Arte, Ciencia y Tecnolog\u00eda 2023. La vicegobernadora M\u00f3nica Urquiza agradeci\u00f3 las iniciativas y el [&hellip;]<\/p>\n","protected":false},"author":352,"featured_media":38787,"comment_status":"closed","ping_status":"closed","sticky":false,"template":"","format":"standard","meta":{"jetpack_post_was_ever_published":false,"_jetpack_newsletter_access":"","_jetpack_dont_email_post_to_subs":false,"_jetpack_newsletter_tier_id":0,"footnotes":"","jetpack_publicize_message":"","jetpack_publicize_feature_enabled":true,"jetpack_social_post_already_shared":true,"jetpack_social_options":{"image_generator_settings":{"template":"highway","enabled":false}}},"categories":[1],"tags":[80,78,144,134,87],"jetpack_publicize_connections":[],"jetpack_sharing_enabled":true,"jetpack_featured_media_url":"https:\/\/www.legistdf.gob.ar\/wp-content\/uploads\/2023\/07\/IMG_6928.jpg","jetpack-related-posts":[],"_links":{"self":[{"href":"https:\/\/www.legistdf.gob.ar\/index.php\/wp-json\/wp\/v2\/posts\/38786"}],"collection":[{"href":"https:\/\/www.legistdf.gob.ar\/index.php\/wp-json\/wp\/v2\/posts"}],"about":[{"href":"https:\/\/www.legistdf.gob.ar\/index.php\/wp-json\/wp\/v2\/types\/post"}],"author":[{"embeddable":true,"href":"https:\/\/www.legistdf.gob.ar\/index.php\/wp-json\/wp\/v2\/users\/352"}],"replies":[{"embeddable":true,"href":"https:\/\/www.legistdf.gob.ar\/index.php\/wp-json\/wp\/v2\/comments?post=38786"}],"version-history":[{"count":1,"href":"https:\/\/www.legistdf.gob.ar\/index.php\/wp-json\/wp\/v2\/posts\/38786\/revisions"}],"predecessor-version":[{"id":38791,"href":"https:\/\/www.legistdf.gob.ar\/index.php\/wp-json\/wp\/v2\/posts\/38786\/revisions\/38791"}],"wp:featuredmedia":[{"embeddable":true,"href":"https:\/\/www.legistdf.gob.ar\/index.php\/wp-json\/wp\/v2\/media\/38787"}],"wp:attachment":[{"href":"https:\/\/www.legistdf.gob.ar\/index.php\/wp-json\/wp\/v2\/media?parent=38786"}],"wp:term":[{"taxonomy":"category","embeddable":true,"href":"https:\/\/www.legistdf.gob.ar\/index.php\/wp-json\/wp\/v2\/categories?post=38786"},{"taxonomy":"post_tag","embeddable":true,"href":"https:\/\/www.legistdf.gob.ar\/index.php\/wp-json\/wp\/v2\/tags?post=38786"}],"curies":[{"name":"wp","href":"https:\/\/api.w.org\/{rel}","templated":true}]}}