{"id":38798,"date":"2023-07-06T16:31:54","date_gmt":"2023-07-06T19:31:54","guid":{"rendered":"https:\/\/www.legistdf.gob.ar\/?p=38798"},"modified":"2023-07-06T19:01:53","modified_gmt":"2023-07-06T22:01:53","slug":"comisiones-plenario-legislativo-dio-dictamen-en-mayoria-para-la-adhesion-a-la-ley-lucio","status":"publish","type":"post","link":"https:\/\/www.legistdf.gob.ar\/index.php\/2023\/07\/06\/comisiones-plenario-legislativo-dio-dictamen-en-mayoria-para-la-adhesion-a-la-ley-lucio\/","title":{"rendered":"COMISIONES: Plenario legislativo dio dictamen en mayor\u00eda para la adhesi\u00f3n a la Ley Lucio"},"content":{"rendered":"<p><span style=\"font-family: arial, helvetica, sans-serif;font-size: 14pt\"><strong><img loading=\"lazy\" decoding=\"async\" data-attachment-id=\"38802\" data-permalink=\"https:\/\/www.legistdf.gob.ar\/index.php\/2023\/07\/06\/comisiones-plenario-legislativo-dio-dictamen-en-mayoria-para-la-adhesion-a-la-ley-lucio\/4-217\/\" data-orig-file=\"https:\/\/www.legistdf.gob.ar\/wp-content\/uploads\/2023\/07\/4.jpg\" data-orig-size=\"1500,1000\" data-comments-opened=\"0\" data-image-meta=\"{&quot;aperture&quot;:&quot;4.5&quot;,&quot;credit&quot;:&quot;&quot;,&quot;camera&quot;:&quot;Canon EOS Rebel T6i&quot;,&quot;caption&quot;:&quot;&quot;,&quot;created_timestamp&quot;:&quot;1688647548&quot;,&quot;copyright&quot;:&quot;&quot;,&quot;focal_length&quot;:&quot;10&quot;,&quot;iso&quot;:&quot;400&quot;,&quot;shutter_speed&quot;:&quot;0.005&quot;,&quot;title&quot;:&quot;&quot;,&quot;orientation&quot;:&quot;0&quot;}\" data-image-title=\"4\" data-image-description=\"\" data-image-caption=\"\" data-medium-file=\"https:\/\/www.legistdf.gob.ar\/wp-content\/uploads\/2023\/07\/4-300x200.jpg\" data-large-file=\"https:\/\/www.legistdf.gob.ar\/wp-content\/uploads\/2023\/07\/4-1024x683.jpg\" class=\"alignleft wp-image-38802 size-medium\" src=\"https:\/\/www.legistdf.gob.ar\/wp-content\/uploads\/2023\/07\/4-300x200.jpg\" alt=\"\" width=\"300\" height=\"200\" srcset=\"https:\/\/www.legistdf.gob.ar\/wp-content\/uploads\/2023\/07\/4-300x200.jpg 300w, https:\/\/www.legistdf.gob.ar\/wp-content\/uploads\/2023\/07\/4-768x512.jpg 768w, https:\/\/www.legistdf.gob.ar\/wp-content\/uploads\/2023\/07\/4-1024x683.jpg 1024w, https:\/\/www.legistdf.gob.ar\/wp-content\/uploads\/2023\/07\/4-160x107.jpg 160w, https:\/\/www.legistdf.gob.ar\/wp-content\/uploads\/2023\/07\/4.jpg 1500w\" sizes=\"(max-width: 300px) 100vw, 300px\" \/>Ushuaia, jueves 6 de julio de 2023.- Las y los Legisladores se reunieron hoy para continuar con el tratamiento de diversos asuntos en plenario legislativo. Fueron abordados entre las comisiones de Minoridad N\u00b0 5 y Legislaci\u00f3n General N\u00b0 1 y se alcanz\u00f3 dictamen favorable en mayor\u00eda sobre la adhesi\u00f3n de Tierra del Fuego a la Ley nacional N\u00b0 27.709 conocida como Ley lucio. <\/strong><\/span><\/p>\n<p>&nbsp;<\/p>\n<p><span style=\"font-family: arial, helvetica, sans-serif;font-size: 12pt\">Al inicio fueron la legisladora M\u00f3nica Acosta y el legislador Federico Greve, quienes encabezaron el plenario y dieron tratamiento a los asuntos N\u00b0 <a href=\"https:\/\/www.legistdf.gob.ar\/lp\/novedadesip\/Asuntos%20Entrados%202023\/As.%20N%BA%20170-23.pdf\" target=\"_blank\" rel=\"noopener noreferrer\">170<\/a>, <a href=\"https:\/\/www.legistdf.gob.ar\/lp\/novedadesip\/Asuntos%20Entrados%202023\/As.%20N%BA%20211-23.pdf\" target=\"_blank\" rel=\"noopener noreferrer\">211<\/a> (ambos unificados y que alcanzaron dictamen), <a href=\"https:\/\/www.legistdf.gob.ar\/lp\/novedadesip\/Asuntos%20Entrados%202023\/As.%20N%BA%20040-23.pdf\" target=\"_blank\" rel=\"noopener noreferrer\">040<\/a>, que continuar\u00e1 en an\u00e1lisis legislativo y <a href=\"https:\/\/www.legistdf.gob.ar\/lp\/novedadesip\/Asuntos%20Entrados%202023\/As.%20N%BA%20210-23.pdf\" target=\"_blank\" rel=\"noopener noreferrer\">210\/23<\/a>, iniciativas que proponen medidas sobre las infancias y las adolescencias de Tierra del Fuego. La adhesi\u00f3n al Plan Federal de Capacitaci\u00f3n sobre Derechos de Ni\u00f1as, Ni\u00f1os y Adolescentes; la creaci\u00f3n del\u00a0 Programa de Capacitaci\u00f3n en prevenci\u00f3n sobre abuso sexual en la Infancia y la Adolescencia y la protecci\u00f3n integral a ni\u00f1os y adolescentes v\u00edctimas de violencia sexual, fueron parte del orden del d\u00eda.<\/span><\/p>\n<p>&nbsp;<\/p>\n<p><span style=\"font-family: arial, helvetica, sans-serif;font-size: 12pt\">Las iniciativas parten de los bloques de la UCR, Partido Verde y FORJA y proponen observar medidas de protecci\u00f3n y capacitaci\u00f3n sobre ese colectivo parte de la sociedad, que ocupa la agenda legislativa actual.<\/span><\/p>\n<p>&nbsp;<\/p>\n<p><span style=\"font-family: arial, helvetica, sans-serif;font-size: 12pt\"><img loading=\"lazy\" decoding=\"async\" data-attachment-id=\"38800\" data-permalink=\"https:\/\/www.legistdf.gob.ar\/index.php\/2023\/07\/06\/comisiones-plenario-legislativo-dio-dictamen-en-mayoria-para-la-adhesion-a-la-ley-lucio\/2-294\/\" data-orig-file=\"https:\/\/www.legistdf.gob.ar\/wp-content\/uploads\/2023\/07\/2-1.jpg\" data-orig-size=\"1500,1000\" data-comments-opened=\"0\" data-image-meta=\"{&quot;aperture&quot;:&quot;4.5&quot;,&quot;credit&quot;:&quot;&quot;,&quot;camera&quot;:&quot;Canon EOS Rebel T6i&quot;,&quot;caption&quot;:&quot;&quot;,&quot;created_timestamp&quot;:&quot;1688645229&quot;,&quot;copyright&quot;:&quot;&quot;,&quot;focal_length&quot;:&quot;50&quot;,&quot;iso&quot;:&quot;1600&quot;,&quot;shutter_speed&quot;:&quot;0.005&quot;,&quot;title&quot;:&quot;&quot;,&quot;orientation&quot;:&quot;0&quot;}\" data-image-title=\"2\" data-image-description=\"\" data-image-caption=\"\" data-medium-file=\"https:\/\/www.legistdf.gob.ar\/wp-content\/uploads\/2023\/07\/2-1-300x200.jpg\" data-large-file=\"https:\/\/www.legistdf.gob.ar\/wp-content\/uploads\/2023\/07\/2-1-1024x683.jpg\" class=\"alignright wp-image-38800 size-medium\" src=\"https:\/\/www.legistdf.gob.ar\/wp-content\/uploads\/2023\/07\/2-1-300x200.jpg\" alt=\"\" width=\"300\" height=\"200\" srcset=\"https:\/\/www.legistdf.gob.ar\/wp-content\/uploads\/2023\/07\/2-1-300x200.jpg 300w, https:\/\/www.legistdf.gob.ar\/wp-content\/uploads\/2023\/07\/2-1-768x512.jpg 768w, https:\/\/www.legistdf.gob.ar\/wp-content\/uploads\/2023\/07\/2-1-1024x683.jpg 1024w, https:\/\/www.legistdf.gob.ar\/wp-content\/uploads\/2023\/07\/2-1-160x107.jpg 160w, https:\/\/www.legistdf.gob.ar\/wp-content\/uploads\/2023\/07\/2-1.jpg 1500w\" sizes=\"(max-width: 300px) 100vw, 300px\" \/>En di\u00e1logo con Prensa Legislativa, la titular de la Comisi\u00f3n N\u00b0 5, legisladora M\u00f3nica Acosta resalt\u00f3 el tenor del debate y de las iniciativas, toda vez que <a href=\"https:\/\/www.legistdf.gob.ar\/index.php\/2023\/06\/23\/infancias-esperamos-contrarrestar-ese-indice-doloroso-que-se-registra-en-nuestro-pais-abogo-acosta\/\" target=\"_blank\" rel=\"noopener noreferrer\">la Legislatura fueguina inici\u00f3 el tratamiento de estos asuntos con la participaci\u00f3n de la familia de Lucio Dupuy<\/a>, impulsores de la Ley nacional N\u00b0 27.709.<\/span><\/p>\n<p>&nbsp;<\/p>\n<p><span style=\"font-family: arial, helvetica, sans-serif;font-size: 12pt\">\u201cHoy le dimos continuidad para capitalizar los aportes de los equipos legales de la Legislatura\u201d, detall\u00f3 al Legisladora al t\u00e9rmino de la reuni\u00f3n. Cont\u00f3 que el trabajo de las y los asesores legislativos avanzaron en \u201cel intercambio de los protocolos\u201d y aspectos puntuales como licencias, la contenci\u00f3n, apoyo y trabajo profesional \u201cque hay que brindar en casos\u201d de maltrato y abuso.<\/span><\/p>\n<p>&nbsp;<\/p>\n<p><span style=\"font-family: arial, helvetica, sans-serif;font-size: 12pt\"><img loading=\"lazy\" decoding=\"async\" data-attachment-id=\"38801\" data-permalink=\"https:\/\/www.legistdf.gob.ar\/index.php\/2023\/07\/06\/comisiones-plenario-legislativo-dio-dictamen-en-mayoria-para-la-adhesion-a-la-ley-lucio\/3-260\/\" data-orig-file=\"https:\/\/www.legistdf.gob.ar\/wp-content\/uploads\/2023\/07\/3-1.jpg\" data-orig-size=\"1500,1000\" data-comments-opened=\"0\" data-image-meta=\"{&quot;aperture&quot;:&quot;4.5&quot;,&quot;credit&quot;:&quot;&quot;,&quot;camera&quot;:&quot;Canon EOS Rebel T6i&quot;,&quot;caption&quot;:&quot;&quot;,&quot;created_timestamp&quot;:&quot;1688645497&quot;,&quot;copyright&quot;:&quot;&quot;,&quot;focal_length&quot;:&quot;50&quot;,&quot;iso&quot;:&quot;400&quot;,&quot;shutter_speed&quot;:&quot;0.005&quot;,&quot;title&quot;:&quot;&quot;,&quot;orientation&quot;:&quot;0&quot;}\" data-image-title=\"3\" data-image-description=\"\" data-image-caption=\"\" data-medium-file=\"https:\/\/www.legistdf.gob.ar\/wp-content\/uploads\/2023\/07\/3-1-300x200.jpg\" data-large-file=\"https:\/\/www.legistdf.gob.ar\/wp-content\/uploads\/2023\/07\/3-1-1024x683.jpg\" class=\"alignleft wp-image-38801 size-medium\" src=\"https:\/\/www.legistdf.gob.ar\/wp-content\/uploads\/2023\/07\/3-1-300x200.jpg\" alt=\"\" width=\"300\" height=\"200\" srcset=\"https:\/\/www.legistdf.gob.ar\/wp-content\/uploads\/2023\/07\/3-1-300x200.jpg 300w, https:\/\/www.legistdf.gob.ar\/wp-content\/uploads\/2023\/07\/3-1-768x512.jpg 768w, https:\/\/www.legistdf.gob.ar\/wp-content\/uploads\/2023\/07\/3-1-1024x683.jpg 1024w, https:\/\/www.legistdf.gob.ar\/wp-content\/uploads\/2023\/07\/3-1-160x107.jpg 160w, https:\/\/www.legistdf.gob.ar\/wp-content\/uploads\/2023\/07\/3-1.jpg 1500w\" sizes=\"(max-width: 300px) 100vw, 300px\" \/>En cuanto a la propuesta del Partido Verde sobre el asunto N\u00b0 040\/23, Acosta se\u00f1al\u00f3 la participaci\u00f3n del pediatra forense Horacio Artieda: \u201cHizo referencia al contenido del protocolo, en cuestiones vinculadas a violencia sexual en ni\u00f1os\u201d. La referente de FORJA, ampli\u00f3 en que \u201cse sugiere la posibilidad de que participen referentes del mundo acad\u00e9mico, en particular de la Universidad Nacional de Tierra del Fuego y el Poder Ejecutivo\u201d. Estima que, en un pr\u00f3ximo llamado, se alcanzar\u00e1 el dictamen para esa iniciativa.<\/span><\/p>\n<p><span style=\"font-family: arial, helvetica, sans-serif;font-size: 12pt\">De la reuni\u00f3n plenaria tomaron parte las legisladoras Liliana Mart\u00ednez Allende (UCR), Mar\u00eda Laura Colazo y Mar\u00eda Victoria Vuoto (PV) junto a Federico Greve, Daniel Rivarola, Emmanuel Trentino (FORJA), Jorge Colazo (PV), y Pablo Villegas (MPF).<\/span><\/p>\n<p>&nbsp;<\/p>\n<p style=\"text-align: right\"><em>AT-NEGM<\/em><\/p>\n<p style=\"text-align: right\"><em><a href=\"https:\/\/drive.google.com\/drive\/folders\/1-_-0bD_pMuKn-_QM0IEuJ6i9KOh4u3Vb?usp=sharing\" target=\"_blank\" rel=\"noopener noreferrer\">Galer\u00eda de im\u00e1genes<\/a><\/em><\/p>\n\n\t\t<style type=\"text\/css\">\n\t\t\t#gallery-1 {\n\t\t\t\tmargin: auto;\n\t\t\t}\n\t\t\t#gallery-1 .gallery-item {\n\t\t\t\tfloat: left;\n\t\t\t\tmargin-top: 10px;\n\t\t\t\ttext-align: center;\n\t\t\t\twidth: 25%;\n\t\t\t}\n\t\t\t#gallery-1 img {\n\t\t\t\tborder: 2px solid #cfcfcf;\n\t\t\t}\n\t\t\t#gallery-1 .gallery-caption {\n\t\t\t\tmargin-left: 0;\n\t\t\t}\n\t\t\t\/* see gallery_shortcode() in wp-includes\/media.php *\/\n\t\t<\/style>\n\t\t<div data-carousel-extra='{\"blog_id\":1,\"permalink\":\"https:\\\/\\\/www.legistdf.gob.ar\\\/index.php\\\/2023\\\/07\\\/06\\\/comisiones-plenario-legislativo-dio-dictamen-en-mayoria-para-la-adhesion-a-la-ley-lucio\\\/\"}' id='gallery-1' class='gallery galleryid-38798 gallery-columns-4 gallery-size-thumbnail'><dl class='gallery-item'>\n\t\t\t<dt class='gallery-icon landscape'>\n\t\t\t\t<a href='https:\/\/www.legistdf.gob.ar\/index.php\/2023\/07\/06\/comisiones-plenario-legislativo-dio-dictamen-en-mayoria-para-la-adhesion-a-la-ley-lucio\/1-304\/'><img loading=\"lazy\" decoding=\"async\" width=\"150\" height=\"150\" src=\"https:\/\/www.legistdf.gob.ar\/wp-content\/uploads\/2023\/07\/1-1-150x150.jpg\" class=\"attachment-thumbnail size-thumbnail\" alt=\"\" srcset=\"https:\/\/www.legistdf.gob.ar\/wp-content\/uploads\/2023\/07\/1-1-150x150.jpg 150w, https:\/\/www.legistdf.gob.ar\/wp-content\/uploads\/2023\/07\/1-1-64x64.jpg 64w\" sizes=\"(max-width: 150px) 100vw, 150px\" data-attachment-id=\"38799\" data-permalink=\"https:\/\/www.legistdf.gob.ar\/index.php\/2023\/07\/06\/comisiones-plenario-legislativo-dio-dictamen-en-mayoria-para-la-adhesion-a-la-ley-lucio\/1-304\/\" data-orig-file=\"https:\/\/www.legistdf.gob.ar\/wp-content\/uploads\/2023\/07\/1-1.jpg\" data-orig-size=\"1500,1000\" data-comments-opened=\"0\" data-image-meta=\"{&quot;aperture&quot;:&quot;4.5&quot;,&quot;credit&quot;:&quot;&quot;,&quot;camera&quot;:&quot;Canon EOS Rebel T6i&quot;,&quot;caption&quot;:&quot;&quot;,&quot;created_timestamp&quot;:&quot;1688644944&quot;,&quot;copyright&quot;:&quot;&quot;,&quot;focal_length&quot;:&quot;50&quot;,&quot;iso&quot;:&quot;1600&quot;,&quot;shutter_speed&quot;:&quot;0.005&quot;,&quot;title&quot;:&quot;&quot;,&quot;orientation&quot;:&quot;0&quot;}\" data-image-title=\"1\" data-image-description=\"\" data-image-caption=\"\" data-medium-file=\"https:\/\/www.legistdf.gob.ar\/wp-content\/uploads\/2023\/07\/1-1-300x200.jpg\" data-large-file=\"https:\/\/www.legistdf.gob.ar\/wp-content\/uploads\/2023\/07\/1-1-1024x683.jpg\" \/><\/a>\n\t\t\t<\/dt><\/dl><dl class='gallery-item'>\n\t\t\t<dt class='gallery-icon landscape'>\n\t\t\t\t<a href='https:\/\/www.legistdf.gob.ar\/index.php\/2023\/07\/06\/comisiones-plenario-legislativo-dio-dictamen-en-mayoria-para-la-adhesion-a-la-ley-lucio\/2-294\/'><img loading=\"lazy\" decoding=\"async\" width=\"150\" height=\"150\" src=\"https:\/\/www.legistdf.gob.ar\/wp-content\/uploads\/2023\/07\/2-1-150x150.jpg\" class=\"attachment-thumbnail size-thumbnail\" alt=\"\" srcset=\"https:\/\/www.legistdf.gob.ar\/wp-content\/uploads\/2023\/07\/2-1-150x150.jpg 150w, https:\/\/www.legistdf.gob.ar\/wp-content\/uploads\/2023\/07\/2-1-64x64.jpg 64w\" sizes=\"(max-width: 150px) 100vw, 150px\" data-attachment-id=\"38800\" data-permalink=\"https:\/\/www.legistdf.gob.ar\/index.php\/2023\/07\/06\/comisiones-plenario-legislativo-dio-dictamen-en-mayoria-para-la-adhesion-a-la-ley-lucio\/2-294\/\" data-orig-file=\"https:\/\/www.legistdf.gob.ar\/wp-content\/uploads\/2023\/07\/2-1.jpg\" data-orig-size=\"1500,1000\" data-comments-opened=\"0\" data-image-meta=\"{&quot;aperture&quot;:&quot;4.5&quot;,&quot;credit&quot;:&quot;&quot;,&quot;camera&quot;:&quot;Canon EOS Rebel T6i&quot;,&quot;caption&quot;:&quot;&quot;,&quot;created_timestamp&quot;:&quot;1688645229&quot;,&quot;copyright&quot;:&quot;&quot;,&quot;focal_length&quot;:&quot;50&quot;,&quot;iso&quot;:&quot;1600&quot;,&quot;shutter_speed&quot;:&quot;0.005&quot;,&quot;title&quot;:&quot;&quot;,&quot;orientation&quot;:&quot;0&quot;}\" data-image-title=\"2\" data-image-description=\"\" data-image-caption=\"\" data-medium-file=\"https:\/\/www.legistdf.gob.ar\/wp-content\/uploads\/2023\/07\/2-1-300x200.jpg\" data-large-file=\"https:\/\/www.legistdf.gob.ar\/wp-content\/uploads\/2023\/07\/2-1-1024x683.jpg\" \/><\/a>\n\t\t\t<\/dt><\/dl><dl class='gallery-item'>\n\t\t\t<dt class='gallery-icon landscape'>\n\t\t\t\t<a href='https:\/\/www.legistdf.gob.ar\/index.php\/2023\/07\/06\/comisiones-plenario-legislativo-dio-dictamen-en-mayoria-para-la-adhesion-a-la-ley-lucio\/3-260\/'><img loading=\"lazy\" decoding=\"async\" width=\"150\" height=\"150\" src=\"https:\/\/www.legistdf.gob.ar\/wp-content\/uploads\/2023\/07\/3-1-150x150.jpg\" class=\"attachment-thumbnail size-thumbnail\" alt=\"\" srcset=\"https:\/\/www.legistdf.gob.ar\/wp-content\/uploads\/2023\/07\/3-1-150x150.jpg 150w, https:\/\/www.legistdf.gob.ar\/wp-content\/uploads\/2023\/07\/3-1-64x64.jpg 64w\" sizes=\"(max-width: 150px) 100vw, 150px\" data-attachment-id=\"38801\" data-permalink=\"https:\/\/www.legistdf.gob.ar\/index.php\/2023\/07\/06\/comisiones-plenario-legislativo-dio-dictamen-en-mayoria-para-la-adhesion-a-la-ley-lucio\/3-260\/\" data-orig-file=\"https:\/\/www.legistdf.gob.ar\/wp-content\/uploads\/2023\/07\/3-1.jpg\" data-orig-size=\"1500,1000\" data-comments-opened=\"0\" data-image-meta=\"{&quot;aperture&quot;:&quot;4.5&quot;,&quot;credit&quot;:&quot;&quot;,&quot;camera&quot;:&quot;Canon EOS Rebel T6i&quot;,&quot;caption&quot;:&quot;&quot;,&quot;created_timestamp&quot;:&quot;1688645497&quot;,&quot;copyright&quot;:&quot;&quot;,&quot;focal_length&quot;:&quot;50&quot;,&quot;iso&quot;:&quot;400&quot;,&quot;shutter_speed&quot;:&quot;0.005&quot;,&quot;title&quot;:&quot;&quot;,&quot;orientation&quot;:&quot;0&quot;}\" data-image-title=\"3\" data-image-description=\"\" data-image-caption=\"\" data-medium-file=\"https:\/\/www.legistdf.gob.ar\/wp-content\/uploads\/2023\/07\/3-1-300x200.jpg\" data-large-file=\"https:\/\/www.legistdf.gob.ar\/wp-content\/uploads\/2023\/07\/3-1-1024x683.jpg\" \/><\/a>\n\t\t\t<\/dt><\/dl><dl class='gallery-item'>\n\t\t\t<dt class='gallery-icon landscape'>\n\t\t\t\t<a href='https:\/\/www.legistdf.gob.ar\/index.php\/2023\/07\/06\/comisiones-plenario-legislativo-dio-dictamen-en-mayoria-para-la-adhesion-a-la-ley-lucio\/4-217\/'><img loading=\"lazy\" decoding=\"async\" width=\"150\" height=\"150\" src=\"https:\/\/www.legistdf.gob.ar\/wp-content\/uploads\/2023\/07\/4-150x150.jpg\" class=\"attachment-thumbnail size-thumbnail\" alt=\"\" srcset=\"https:\/\/www.legistdf.gob.ar\/wp-content\/uploads\/2023\/07\/4-150x150.jpg 150w, https:\/\/www.legistdf.gob.ar\/wp-content\/uploads\/2023\/07\/4-64x64.jpg 64w\" sizes=\"(max-width: 150px) 100vw, 150px\" data-attachment-id=\"38802\" data-permalink=\"https:\/\/www.legistdf.gob.ar\/index.php\/2023\/07\/06\/comisiones-plenario-legislativo-dio-dictamen-en-mayoria-para-la-adhesion-a-la-ley-lucio\/4-217\/\" data-orig-file=\"https:\/\/www.legistdf.gob.ar\/wp-content\/uploads\/2023\/07\/4.jpg\" data-orig-size=\"1500,1000\" data-comments-opened=\"0\" data-image-meta=\"{&quot;aperture&quot;:&quot;4.5&quot;,&quot;credit&quot;:&quot;&quot;,&quot;camera&quot;:&quot;Canon EOS Rebel T6i&quot;,&quot;caption&quot;:&quot;&quot;,&quot;created_timestamp&quot;:&quot;1688647548&quot;,&quot;copyright&quot;:&quot;&quot;,&quot;focal_length&quot;:&quot;10&quot;,&quot;iso&quot;:&quot;400&quot;,&quot;shutter_speed&quot;:&quot;0.005&quot;,&quot;title&quot;:&quot;&quot;,&quot;orientation&quot;:&quot;0&quot;}\" data-image-title=\"4\" data-image-description=\"\" data-image-caption=\"\" data-medium-file=\"https:\/\/www.legistdf.gob.ar\/wp-content\/uploads\/2023\/07\/4-300x200.jpg\" data-large-file=\"https:\/\/www.legistdf.gob.ar\/wp-content\/uploads\/2023\/07\/4-1024x683.jpg\" \/><\/a>\n\t\t\t<\/dt><\/dl><br style=\"clear: both\" \/>\n\t\t<\/div>\n\n<blockquote class=\"twitter-tweet\" data-width=\"550\" data-dnt=\"true\">\n<p lang=\"es\" dir=\"ltr\">Las y los Legisladores se reunieron hoy para continuar con el tratamiento de diversos asuntos en plenario legislativo. Fueron abordados entre las comisiones de Minoridad N\u00b0 5 y Legislaci\u00f3n General N\u00b0 1 y se alcanz\u00f3 dictamen favorable en mayor\u00eda sobre la adhesi\u00f3n a la Ley lucio. <a href=\"https:\/\/t.co\/QgawE2IQ9o\">pic.twitter.com\/QgawE2IQ9o<\/a><\/p>\n<p>&mdash; Prensa Legislativa (@PrensaLegisTDF) <a href=\"https:\/\/twitter.com\/PrensaLegisTDF\/status\/1677075253313392643?ref_src=twsrc%5Etfw\">July 6, 2023<\/a><\/p><\/blockquote>\n<p><script async src=\"https:\/\/platform.twitter.com\/widgets.js\" charset=\"utf-8\"><\/script><\/p>\n<p>&nbsp;<\/p>\n","protected":false},"excerpt":{"rendered":"<p>Ushuaia, jueves 6 de julio de 2023.- Las y los Legisladores se reunieron hoy para continuar con el tratamiento de diversos asuntos en plenario legislativo. Fueron abordados entre las comisiones de Minoridad N\u00b0 5 y Legislaci\u00f3n General N\u00b0 1 y se alcanz\u00f3 dictamen favorable en mayor\u00eda sobre la adhesi\u00f3n de Tierra del Fuego a la [&hellip;]<\/p>\n","protected":false},"author":352,"featured_media":38802,"comment_status":"closed","ping_status":"closed","sticky":false,"template":"","format":"standard","meta":{"jetpack_post_was_ever_published":false,"_jetpack_newsletter_access":"","_jetpack_dont_email_post_to_subs":false,"_jetpack_newsletter_tier_id":0,"footnotes":"","jetpack_publicize_message":"","jetpack_publicize_feature_enabled":true,"jetpack_social_post_already_shared":true,"jetpack_social_options":{"image_generator_settings":{"template":"highway","enabled":false}}},"categories":[1],"tags":[409,78,3008,1817,408,79,87],"jetpack_publicize_connections":[],"jetpack_sharing_enabled":true,"jetpack_featured_media_url":"https:\/\/www.legistdf.gob.ar\/wp-content\/uploads\/2023\/07\/4.jpg","jetpack-related-posts":[],"_links":{"self":[{"href":"https:\/\/www.legistdf.gob.ar\/index.php\/wp-json\/wp\/v2\/posts\/38798"}],"collection":[{"href":"https:\/\/www.legistdf.gob.ar\/index.php\/wp-json\/wp\/v2\/posts"}],"about":[{"href":"https:\/\/www.legistdf.gob.ar\/index.php\/wp-json\/wp\/v2\/types\/post"}],"author":[{"embeddable":true,"href":"https:\/\/www.legistdf.gob.ar\/index.php\/wp-json\/wp\/v2\/users\/352"}],"replies":[{"embeddable":true,"href":"https:\/\/www.legistdf.gob.ar\/index.php\/wp-json\/wp\/v2\/comments?post=38798"}],"version-history":[{"count":2,"href":"https:\/\/www.legistdf.gob.ar\/index.php\/wp-json\/wp\/v2\/posts\/38798\/revisions"}],"predecessor-version":[{"id":38817,"href":"https:\/\/www.legistdf.gob.ar\/index.php\/wp-json\/wp\/v2\/posts\/38798\/revisions\/38817"}],"wp:featuredmedia":[{"embeddable":true,"href":"https:\/\/www.legistdf.gob.ar\/index.php\/wp-json\/wp\/v2\/media\/38802"}],"wp:attachment":[{"href":"https:\/\/www.legistdf.gob.ar\/index.php\/wp-json\/wp\/v2\/media?parent=38798"}],"wp:term":[{"taxonomy":"category","embeddable":true,"href":"https:\/\/www.legistdf.gob.ar\/index.php\/wp-json\/wp\/v2\/categories?post=38798"},{"taxonomy":"post_tag","embeddable":true,"href":"https:\/\/www.legistdf.gob.ar\/index.php\/wp-json\/wp\/v2\/tags?post=38798"}],"curies":[{"name":"wp","href":"https:\/\/api.w.org\/{rel}","templated":true}]}}