{"id":38804,"date":"2023-07-06T16:55:28","date_gmt":"2023-07-06T19:55:28","guid":{"rendered":"https:\/\/www.legistdf.gob.ar\/?p=38804"},"modified":"2023-07-06T16:55:28","modified_gmt":"2023-07-06T19:55:28","slug":"trentino-saludo-el-gesto-legislativo-de-aportar-dictamen-favorable-a-la-ley-lucio","status":"publish","type":"post","link":"https:\/\/www.legistdf.gob.ar\/index.php\/2023\/07\/06\/trentino-saludo-el-gesto-legislativo-de-aportar-dictamen-favorable-a-la-ley-lucio\/","title":{"rendered":"TRENTINO: Salud\u00f3 el gesto legislativo de aportar dictamen favorable a la Ley Lucio"},"content":{"rendered":"<p><span style=\"font-size: 14pt\"><strong><span style=\"font-family: arial, helvetica, sans-serif\"><img loading=\"lazy\" decoding=\"async\" data-attachment-id=\"38808\" data-permalink=\"https:\/\/www.legistdf.gob.ar\/index.php\/2023\/07\/06\/trentino-saludo-el-gesto-legislativo-de-aportar-dictamen-favorable-a-la-ley-lucio\/img_6828\/\" data-orig-file=\"https:\/\/www.legistdf.gob.ar\/wp-content\/uploads\/2023\/07\/IMG_6828.jpg\" data-orig-size=\"1500,1000\" data-comments-opened=\"0\" data-image-meta=\"{&quot;aperture&quot;:&quot;4.5&quot;,&quot;credit&quot;:&quot;&quot;,&quot;camera&quot;:&quot;Canon EOS Rebel T6i&quot;,&quot;caption&quot;:&quot;&quot;,&quot;created_timestamp&quot;:&quot;1688645150&quot;,&quot;copyright&quot;:&quot;&quot;,&quot;focal_length&quot;:&quot;50&quot;,&quot;iso&quot;:&quot;1600&quot;,&quot;shutter_speed&quot;:&quot;0.005&quot;,&quot;title&quot;:&quot;&quot;,&quot;orientation&quot;:&quot;0&quot;}\" data-image-title=\"IMG_6828\" data-image-description=\"\" data-image-caption=\"\" data-medium-file=\"https:\/\/www.legistdf.gob.ar\/wp-content\/uploads\/2023\/07\/IMG_6828-300x200.jpg\" data-large-file=\"https:\/\/www.legistdf.gob.ar\/wp-content\/uploads\/2023\/07\/IMG_6828-1024x683.jpg\" class=\"alignleft wp-image-38808 size-medium\" src=\"https:\/\/www.legistdf.gob.ar\/wp-content\/uploads\/2023\/07\/IMG_6828-300x200.jpg\" alt=\"\" width=\"300\" height=\"200\" srcset=\"https:\/\/www.legistdf.gob.ar\/wp-content\/uploads\/2023\/07\/IMG_6828-300x200.jpg 300w, https:\/\/www.legistdf.gob.ar\/wp-content\/uploads\/2023\/07\/IMG_6828-768x512.jpg 768w, https:\/\/www.legistdf.gob.ar\/wp-content\/uploads\/2023\/07\/IMG_6828-1024x683.jpg 1024w, https:\/\/www.legistdf.gob.ar\/wp-content\/uploads\/2023\/07\/IMG_6828-160x107.jpg 160w, https:\/\/www.legistdf.gob.ar\/wp-content\/uploads\/2023\/07\/IMG_6828.jpg 1500w\" sizes=\"(max-width: 300px) 100vw, 300px\" \/>Ushuaia, jueves 6 de julio de 2023.- El representante de FORJA; Emmanuel Trentino celebr\u00f3 la decisi\u00f3n legislativa de dar dictamen favorable y en mayor\u00eda, para la adhesi\u00f3n a la Ley nacional N\u00b0 27.709. En plenario de las comisiones de Minoridad N\u00b0 5 y de Legislaci\u00f3n General N\u00b0 1, tambi\u00e9n abordaron la agenda referida a la ni\u00f1ez y su protecci\u00f3n.<\/span><\/strong><\/span><\/p>\n<p>&nbsp;<\/p>\n<p><span style=\"font-family: arial, helvetica, sans-serif;font-size: 12pt\">En di\u00e1logo con Prensa Legislativa, resalt\u00f3 la participaci\u00f3n de las distintas fuerzas pol\u00edticas de la C\u00e1mara provincial y, de quienes aportaron para alcanzar el despacho del plenario. \u201cEsperamos que esta iniciativa pueda venir a suplir\u00a0 y complementar la defensa de los derechos de las ni\u00f1as, ni\u00f1os y adolescentes\u201d, se esperanz\u00f3.<\/span><\/p>\n<p>&nbsp;<\/p>\n<p><span style=\"font-family: arial, helvetica, sans-serif;font-size: 12pt\"><img loading=\"lazy\" decoding=\"async\" data-attachment-id=\"38806\" data-permalink=\"https:\/\/www.legistdf.gob.ar\/index.php\/2023\/07\/06\/trentino-saludo-el-gesto-legislativo-de-aportar-dictamen-favorable-a-la-ley-lucio\/img_6809\/\" data-orig-file=\"https:\/\/www.legistdf.gob.ar\/wp-content\/uploads\/2023\/07\/IMG_6809.jpg\" data-orig-size=\"1500,1000\" data-comments-opened=\"0\" data-image-meta=\"{&quot;aperture&quot;:&quot;4.5&quot;,&quot;credit&quot;:&quot;&quot;,&quot;camera&quot;:&quot;Canon EOS Rebel T6i&quot;,&quot;caption&quot;:&quot;&quot;,&quot;created_timestamp&quot;:&quot;1688644799&quot;,&quot;copyright&quot;:&quot;&quot;,&quot;focal_length&quot;:&quot;10&quot;,&quot;iso&quot;:&quot;1600&quot;,&quot;shutter_speed&quot;:&quot;0.005&quot;,&quot;title&quot;:&quot;&quot;,&quot;orientation&quot;:&quot;0&quot;}\" data-image-title=\"IMG_6809\" data-image-description=\"\" data-image-caption=\"\" data-medium-file=\"https:\/\/www.legistdf.gob.ar\/wp-content\/uploads\/2023\/07\/IMG_6809-300x200.jpg\" data-large-file=\"https:\/\/www.legistdf.gob.ar\/wp-content\/uploads\/2023\/07\/IMG_6809-1024x683.jpg\" class=\"alignright wp-image-38806 size-medium\" src=\"https:\/\/www.legistdf.gob.ar\/wp-content\/uploads\/2023\/07\/IMG_6809-300x200.jpg\" alt=\"\" width=\"300\" height=\"200\" srcset=\"https:\/\/www.legistdf.gob.ar\/wp-content\/uploads\/2023\/07\/IMG_6809-300x200.jpg 300w, https:\/\/www.legistdf.gob.ar\/wp-content\/uploads\/2023\/07\/IMG_6809-768x512.jpg 768w, https:\/\/www.legistdf.gob.ar\/wp-content\/uploads\/2023\/07\/IMG_6809-1024x683.jpg 1024w, https:\/\/www.legistdf.gob.ar\/wp-content\/uploads\/2023\/07\/IMG_6809-160x107.jpg 160w, https:\/\/www.legistdf.gob.ar\/wp-content\/uploads\/2023\/07\/IMG_6809.jpg 1500w\" sizes=\"(max-width: 300px) 100vw, 300px\" \/>Asimismo, durante la reuni\u00f3n que se celebr\u00f3 hoy, comparti\u00f3 el mensaje de Ram\u00f3n Dupuy, abuelo de Lucio, quien salud\u00f3 el gesto legislativo de dar dictamen y acompa\u00f1ar la adhesi\u00f3n a la normativa sancionada recientemente por el Congreso de la Naci\u00f3n.<\/span><\/p>\n<p>&nbsp;<\/p>\n<p><span style=\"font-family: arial, helvetica, sans-serif;font-size: 12pt\">La <a href=\"https:\/\/www.argentina.gob.ar\/normativa\/nacional\/ley-27709-383032\" target=\"_blank\" rel=\"noopener noreferrer\">Ley nacional N\u00b0 27.709<\/a> establece la reserva de derecho de identidad para las personas que denuncien casos de maltrato y\/o abuso sobre ni\u00f1os, ni\u00f1as y adolescentes, \u201cse va a cumplir la Ley a rajatabla, se tiene que cumplir, para que el denunciado despu\u00e9s no tome represar\u00edas, como ya ocurri\u00f3\u201d, opin\u00f3 Dupuy.<\/span><\/p>\n<p>&nbsp;<\/p>\n<p><span style=\"font-family: arial, helvetica, sans-serif;font-size: 12pt\">\u201cEs un d\u00eda muy feliz\u201d, reconoci\u00f3 el Parlamentario al tiempo que pidi\u00f3 \u201cconcientizar y trabajar fuertemente\u201d, para que durante la sesi\u00f3n del 12 de julio, este proyecto de Ley sea sancionado por la Legislatura de Tierra del Fuego, dijo. Emmanuel Trentino, sostuvo que esa normativa \u201ccumpla el objetivo de proteger a las infancias y adolescencias de Tierra del Fuego\u201d, cerr\u00f3.<\/span><\/p>\n<p>&nbsp;<\/p>\n<p style=\"text-align: right\"><span style=\"font-family: arial, helvetica, sans-serif;font-size: 12pt\"><em>AT-NEGM<\/em><\/span><\/p>\n<p style=\"text-align: right\"><span style=\"font-family: arial, helvetica, sans-serif;font-size: 12pt\"><em><a href=\"https:\/\/drive.google.com\/drive\/folders\/1-_-0bD_pMuKn-_QM0IEuJ6i9KOh4u3Vb?usp=drive_link\" target=\"_blank\" rel=\"noopener noreferrer\">Galer\u00eda de im\u00e1genes<\/a><\/em><\/span><\/p>\n\n\t\t<style type=\"text\/css\">\n\t\t\t#gallery-1 {\n\t\t\t\tmargin: auto;\n\t\t\t}\n\t\t\t#gallery-1 .gallery-item {\n\t\t\t\tfloat: left;\n\t\t\t\tmargin-top: 10px;\n\t\t\t\ttext-align: center;\n\t\t\t\twidth: 25%;\n\t\t\t}\n\t\t\t#gallery-1 img {\n\t\t\t\tborder: 2px solid #cfcfcf;\n\t\t\t}\n\t\t\t#gallery-1 .gallery-caption {\n\t\t\t\tmargin-left: 0;\n\t\t\t}\n\t\t\t\/* see gallery_shortcode() in wp-includes\/media.php *\/\n\t\t<\/style>\n\t\t<div data-carousel-extra='{\"blog_id\":1,\"permalink\":\"https:\\\/\\\/www.legistdf.gob.ar\\\/index.php\\\/2023\\\/07\\\/06\\\/trentino-saludo-el-gesto-legislativo-de-aportar-dictamen-favorable-a-la-ley-lucio\\\/\"}' id='gallery-1' class='gallery galleryid-38804 gallery-columns-4 gallery-size-thumbnail'><dl class='gallery-item'>\n\t\t\t<dt class='gallery-icon landscape'>\n\t\t\t\t<a href='https:\/\/www.legistdf.gob.ar\/index.php\/2023\/07\/06\/trentino-saludo-el-gesto-legislativo-de-aportar-dictamen-favorable-a-la-ley-lucio\/img_6828\/'><img loading=\"lazy\" decoding=\"async\" width=\"150\" height=\"150\" src=\"https:\/\/www.legistdf.gob.ar\/wp-content\/uploads\/2023\/07\/IMG_6828-150x150.jpg\" class=\"attachment-thumbnail size-thumbnail\" alt=\"\" srcset=\"https:\/\/www.legistdf.gob.ar\/wp-content\/uploads\/2023\/07\/IMG_6828-150x150.jpg 150w, https:\/\/www.legistdf.gob.ar\/wp-content\/uploads\/2023\/07\/IMG_6828-64x64.jpg 64w\" sizes=\"(max-width: 150px) 100vw, 150px\" data-attachment-id=\"38808\" data-permalink=\"https:\/\/www.legistdf.gob.ar\/index.php\/2023\/07\/06\/trentino-saludo-el-gesto-legislativo-de-aportar-dictamen-favorable-a-la-ley-lucio\/img_6828\/\" data-orig-file=\"https:\/\/www.legistdf.gob.ar\/wp-content\/uploads\/2023\/07\/IMG_6828.jpg\" data-orig-size=\"1500,1000\" data-comments-opened=\"0\" data-image-meta=\"{&quot;aperture&quot;:&quot;4.5&quot;,&quot;credit&quot;:&quot;&quot;,&quot;camera&quot;:&quot;Canon EOS Rebel T6i&quot;,&quot;caption&quot;:&quot;&quot;,&quot;created_timestamp&quot;:&quot;1688645150&quot;,&quot;copyright&quot;:&quot;&quot;,&quot;focal_length&quot;:&quot;50&quot;,&quot;iso&quot;:&quot;1600&quot;,&quot;shutter_speed&quot;:&quot;0.005&quot;,&quot;title&quot;:&quot;&quot;,&quot;orientation&quot;:&quot;0&quot;}\" data-image-title=\"IMG_6828\" data-image-description=\"\" data-image-caption=\"\" data-medium-file=\"https:\/\/www.legistdf.gob.ar\/wp-content\/uploads\/2023\/07\/IMG_6828-300x200.jpg\" data-large-file=\"https:\/\/www.legistdf.gob.ar\/wp-content\/uploads\/2023\/07\/IMG_6828-1024x683.jpg\" \/><\/a>\n\t\t\t<\/dt><\/dl><dl class='gallery-item'>\n\t\t\t<dt class='gallery-icon landscape'>\n\t\t\t\t<a href='https:\/\/www.legistdf.gob.ar\/index.php\/2023\/07\/06\/trentino-saludo-el-gesto-legislativo-de-aportar-dictamen-favorable-a-la-ley-lucio\/img_6825-4\/'><img loading=\"lazy\" decoding=\"async\" width=\"150\" height=\"150\" src=\"https:\/\/www.legistdf.gob.ar\/wp-content\/uploads\/2023\/07\/IMG_6825-150x150.jpg\" class=\"attachment-thumbnail size-thumbnail\" alt=\"\" srcset=\"https:\/\/www.legistdf.gob.ar\/wp-content\/uploads\/2023\/07\/IMG_6825-150x150.jpg 150w, https:\/\/www.legistdf.gob.ar\/wp-content\/uploads\/2023\/07\/IMG_6825-64x64.jpg 64w\" sizes=\"(max-width: 150px) 100vw, 150px\" data-attachment-id=\"38807\" data-permalink=\"https:\/\/www.legistdf.gob.ar\/index.php\/2023\/07\/06\/trentino-saludo-el-gesto-legislativo-de-aportar-dictamen-favorable-a-la-ley-lucio\/img_6825-4\/\" data-orig-file=\"https:\/\/www.legistdf.gob.ar\/wp-content\/uploads\/2023\/07\/IMG_6825.jpg\" data-orig-size=\"1500,1000\" data-comments-opened=\"0\" data-image-meta=\"{&quot;aperture&quot;:&quot;4.5&quot;,&quot;credit&quot;:&quot;&quot;,&quot;camera&quot;:&quot;Canon EOS Rebel T6i&quot;,&quot;caption&quot;:&quot;&quot;,&quot;created_timestamp&quot;:&quot;1688645049&quot;,&quot;copyright&quot;:&quot;&quot;,&quot;focal_length&quot;:&quot;10&quot;,&quot;iso&quot;:&quot;1600&quot;,&quot;shutter_speed&quot;:&quot;0.005&quot;,&quot;title&quot;:&quot;&quot;,&quot;orientation&quot;:&quot;0&quot;}\" data-image-title=\"IMG_6825\" data-image-description=\"\" data-image-caption=\"\" data-medium-file=\"https:\/\/www.legistdf.gob.ar\/wp-content\/uploads\/2023\/07\/IMG_6825-300x200.jpg\" data-large-file=\"https:\/\/www.legistdf.gob.ar\/wp-content\/uploads\/2023\/07\/IMG_6825-1024x683.jpg\" \/><\/a>\n\t\t\t<\/dt><\/dl><dl class='gallery-item'>\n\t\t\t<dt class='gallery-icon landscape'>\n\t\t\t\t<a href='https:\/\/www.legistdf.gob.ar\/index.php\/2023\/07\/06\/trentino-saludo-el-gesto-legislativo-de-aportar-dictamen-favorable-a-la-ley-lucio\/img_6809\/'><img loading=\"lazy\" decoding=\"async\" width=\"150\" height=\"150\" src=\"https:\/\/www.legistdf.gob.ar\/wp-content\/uploads\/2023\/07\/IMG_6809-150x150.jpg\" class=\"attachment-thumbnail size-thumbnail\" alt=\"\" srcset=\"https:\/\/www.legistdf.gob.ar\/wp-content\/uploads\/2023\/07\/IMG_6809-150x150.jpg 150w, https:\/\/www.legistdf.gob.ar\/wp-content\/uploads\/2023\/07\/IMG_6809-64x64.jpg 64w\" sizes=\"(max-width: 150px) 100vw, 150px\" data-attachment-id=\"38806\" data-permalink=\"https:\/\/www.legistdf.gob.ar\/index.php\/2023\/07\/06\/trentino-saludo-el-gesto-legislativo-de-aportar-dictamen-favorable-a-la-ley-lucio\/img_6809\/\" data-orig-file=\"https:\/\/www.legistdf.gob.ar\/wp-content\/uploads\/2023\/07\/IMG_6809.jpg\" data-orig-size=\"1500,1000\" data-comments-opened=\"0\" data-image-meta=\"{&quot;aperture&quot;:&quot;4.5&quot;,&quot;credit&quot;:&quot;&quot;,&quot;camera&quot;:&quot;Canon EOS Rebel T6i&quot;,&quot;caption&quot;:&quot;&quot;,&quot;created_timestamp&quot;:&quot;1688644799&quot;,&quot;copyright&quot;:&quot;&quot;,&quot;focal_length&quot;:&quot;10&quot;,&quot;iso&quot;:&quot;1600&quot;,&quot;shutter_speed&quot;:&quot;0.005&quot;,&quot;title&quot;:&quot;&quot;,&quot;orientation&quot;:&quot;0&quot;}\" data-image-title=\"IMG_6809\" data-image-description=\"\" data-image-caption=\"\" data-medium-file=\"https:\/\/www.legistdf.gob.ar\/wp-content\/uploads\/2023\/07\/IMG_6809-300x200.jpg\" data-large-file=\"https:\/\/www.legistdf.gob.ar\/wp-content\/uploads\/2023\/07\/IMG_6809-1024x683.jpg\" \/><\/a>\n\t\t\t<\/dt><\/dl><dl class='gallery-item'>\n\t\t\t<dt class='gallery-icon landscape'>\n\t\t\t\t<a href='https:\/\/www.legistdf.gob.ar\/index.php\/2023\/07\/06\/comisiones-plenario-legislativo-dio-dictamen-en-mayoria-para-la-adhesion-a-la-ley-lucio\/4-217\/'><img loading=\"lazy\" decoding=\"async\" width=\"150\" height=\"150\" src=\"https:\/\/www.legistdf.gob.ar\/wp-content\/uploads\/2023\/07\/4-150x150.jpg\" class=\"attachment-thumbnail size-thumbnail\" alt=\"\" srcset=\"https:\/\/www.legistdf.gob.ar\/wp-content\/uploads\/2023\/07\/4-150x150.jpg 150w, https:\/\/www.legistdf.gob.ar\/wp-content\/uploads\/2023\/07\/4-64x64.jpg 64w\" sizes=\"(max-width: 150px) 100vw, 150px\" data-attachment-id=\"38802\" data-permalink=\"https:\/\/www.legistdf.gob.ar\/index.php\/2023\/07\/06\/comisiones-plenario-legislativo-dio-dictamen-en-mayoria-para-la-adhesion-a-la-ley-lucio\/4-217\/\" data-orig-file=\"https:\/\/www.legistdf.gob.ar\/wp-content\/uploads\/2023\/07\/4.jpg\" data-orig-size=\"1500,1000\" data-comments-opened=\"0\" data-image-meta=\"{&quot;aperture&quot;:&quot;4.5&quot;,&quot;credit&quot;:&quot;&quot;,&quot;camera&quot;:&quot;Canon EOS Rebel T6i&quot;,&quot;caption&quot;:&quot;&quot;,&quot;created_timestamp&quot;:&quot;1688647548&quot;,&quot;copyright&quot;:&quot;&quot;,&quot;focal_length&quot;:&quot;10&quot;,&quot;iso&quot;:&quot;400&quot;,&quot;shutter_speed&quot;:&quot;0.005&quot;,&quot;title&quot;:&quot;&quot;,&quot;orientation&quot;:&quot;0&quot;}\" data-image-title=\"4\" data-image-description=\"\" data-image-caption=\"\" data-medium-file=\"https:\/\/www.legistdf.gob.ar\/wp-content\/uploads\/2023\/07\/4-300x200.jpg\" data-large-file=\"https:\/\/www.legistdf.gob.ar\/wp-content\/uploads\/2023\/07\/4-1024x683.jpg\" \/><\/a>\n\t\t\t<\/dt><\/dl><br style=\"clear: both\" \/>\n\t\t<\/div>\n\n","protected":false},"excerpt":{"rendered":"<p>Ushuaia, jueves 6 de julio de 2023.- El representante de FORJA; Emmanuel Trentino celebr\u00f3 la decisi\u00f3n legislativa de dar dictamen favorable y en mayor\u00eda, para la adhesi\u00f3n a la Ley nacional N\u00b0 27.709. En plenario de las comisiones de Minoridad N\u00b0 5 y de Legislaci\u00f3n General N\u00b0 1, tambi\u00e9n abordaron la agenda referida a la [&hellip;]<\/p>\n","protected":false},"author":352,"featured_media":38808,"comment_status":"closed","ping_status":"closed","sticky":false,"template":"","format":"standard","meta":{"jetpack_post_was_ever_published":false,"_jetpack_newsletter_access":"","_jetpack_dont_email_post_to_subs":false,"_jetpack_newsletter_tier_id":0,"footnotes":"","jetpack_publicize_message":"","jetpack_publicize_feature_enabled":true,"jetpack_social_post_already_shared":true,"jetpack_social_options":{"image_generator_settings":{"template":"highway","enabled":false}}},"categories":[1],"tags":[409,84,1818,1816,2784,85,78,2813,1817,408,79,87],"jetpack_publicize_connections":[],"jetpack_sharing_enabled":true,"jetpack_featured_media_url":"https:\/\/www.legistdf.gob.ar\/wp-content\/uploads\/2023\/07\/IMG_6828.jpg","jetpack-related-posts":[],"_links":{"self":[{"href":"https:\/\/www.legistdf.gob.ar\/index.php\/wp-json\/wp\/v2\/posts\/38804"}],"collection":[{"href":"https:\/\/www.legistdf.gob.ar\/index.php\/wp-json\/wp\/v2\/posts"}],"about":[{"href":"https:\/\/www.legistdf.gob.ar\/index.php\/wp-json\/wp\/v2\/types\/post"}],"author":[{"embeddable":true,"href":"https:\/\/www.legistdf.gob.ar\/index.php\/wp-json\/wp\/v2\/users\/352"}],"replies":[{"embeddable":true,"href":"https:\/\/www.legistdf.gob.ar\/index.php\/wp-json\/wp\/v2\/comments?post=38804"}],"version-history":[{"count":1,"href":"https:\/\/www.legistdf.gob.ar\/index.php\/wp-json\/wp\/v2\/posts\/38804\/revisions"}],"predecessor-version":[{"id":38809,"href":"https:\/\/www.legistdf.gob.ar\/index.php\/wp-json\/wp\/v2\/posts\/38804\/revisions\/38809"}],"wp:featuredmedia":[{"embeddable":true,"href":"https:\/\/www.legistdf.gob.ar\/index.php\/wp-json\/wp\/v2\/media\/38808"}],"wp:attachment":[{"href":"https:\/\/www.legistdf.gob.ar\/index.php\/wp-json\/wp\/v2\/media?parent=38804"}],"wp:term":[{"taxonomy":"category","embeddable":true,"href":"https:\/\/www.legistdf.gob.ar\/index.php\/wp-json\/wp\/v2\/categories?post=38804"},{"taxonomy":"post_tag","embeddable":true,"href":"https:\/\/www.legistdf.gob.ar\/index.php\/wp-json\/wp\/v2\/tags?post=38804"}],"curies":[{"name":"wp","href":"https:\/\/api.w.org\/{rel}","templated":true}]}}