{"id":39176,"date":"2023-07-31T16:30:03","date_gmt":"2023-07-31T19:30:03","guid":{"rendered":"https:\/\/www.legistdf.gob.ar\/?p=39176"},"modified":"2023-08-01T10:15:03","modified_gmt":"2023-08-01T13:15:03","slug":"salud-la-integracion-y-la-socializacion-son-espacios-fundamentales-en-la-salud-mental-aseguro-la-medica-psiquiatra-maria-jose-fausin","status":"publish","type":"post","link":"https:\/\/www.legistdf.gob.ar\/index.php\/2023\/07\/31\/salud-la-integracion-y-la-socializacion-son-espacios-fundamentales-en-la-salud-mental-aseguro-la-medica-psiquiatra-maria-jose-fausin\/","title":{"rendered":"SALUD: \u201cLa integraci\u00f3n y la socializaci\u00f3n son espacios fundamentales en la salud mental\u201d, asegur\u00f3 la m\u00e9dica psiquiatra Mar\u00eda Jos\u00e9 Frausin"},"content":{"rendered":"<p><span style=\"font-family: arial, helvetica, sans-serif;font-size: 14pt\"><strong><img loading=\"lazy\" decoding=\"async\" data-attachment-id=\"39177\" data-permalink=\"https:\/\/www.legistdf.gob.ar\/index.php\/2023\/07\/31\/salud-la-integracion-y-la-socializacion-son-espacios-fundamentales-en-la-salud-mental-aseguro-la-medica-psiquiatra-maria-jose-fausin\/1-307\/\" data-orig-file=\"https:\/\/www.legistdf.gob.ar\/wp-content\/uploads\/2023\/07\/1-4.jpg\" data-orig-size=\"1500,1000\" data-comments-opened=\"0\" data-image-meta=\"{&quot;aperture&quot;:&quot;2.8&quot;,&quot;credit&quot;:&quot;&quot;,&quot;camera&quot;:&quot;Canon EOS 6D&quot;,&quot;caption&quot;:&quot;&quot;,&quot;created_timestamp&quot;:&quot;1687781532&quot;,&quot;copyright&quot;:&quot;&quot;,&quot;focal_length&quot;:&quot;70&quot;,&quot;iso&quot;:&quot;640&quot;,&quot;shutter_speed&quot;:&quot;0.00625&quot;,&quot;title&quot;:&quot;&quot;,&quot;orientation&quot;:&quot;0&quot;}\" data-image-title=\"1\" data-image-description=\"\" data-image-caption=\"\" data-medium-file=\"https:\/\/www.legistdf.gob.ar\/wp-content\/uploads\/2023\/07\/1-4-300x200.jpg\" data-large-file=\"https:\/\/www.legistdf.gob.ar\/wp-content\/uploads\/2023\/07\/1-4-1024x683.jpg\" class=\"alignleft wp-image-39177 size-medium\" src=\"https:\/\/www.legistdf.gob.ar\/wp-content\/uploads\/2023\/07\/1-4-300x200.jpg\" alt=\"\" width=\"300\" height=\"200\" srcset=\"https:\/\/www.legistdf.gob.ar\/wp-content\/uploads\/2023\/07\/1-4-300x200.jpg 300w, https:\/\/www.legistdf.gob.ar\/wp-content\/uploads\/2023\/07\/1-4-768x512.jpg 768w, https:\/\/www.legistdf.gob.ar\/wp-content\/uploads\/2023\/07\/1-4-1024x683.jpg 1024w, https:\/\/www.legistdf.gob.ar\/wp-content\/uploads\/2023\/07\/1-4-160x107.jpg 160w, https:\/\/www.legistdf.gob.ar\/wp-content\/uploads\/2023\/07\/1-4.jpg 1500w\" sizes=\"(max-width: 300px) 100vw, 300px\" \/>Ushuaia, lunes 31 de julio de 2023.- La salud mental es el bienestar emocional, ps\u00edquico y social, que nos permite llevar adelante los desaf\u00edos propios de la vida y desarrollarnos en sociedad. Prensa Legislativa se acerc\u00f3 al Centro de Abordaje de Problem\u00e1ticas de Consumo de Ushuaia \u2013CAPCUsh-, ubicado en Concejal Rubinos 153, con el objetivo de visibilizar las diferentes actividades y funciones que se realizan en la instituci\u00f3n. En junio pasado, <a href=\"https:\/\/www.legistdf.gob.ar\/index.php\/2023\/06\/26\/salud-legisladoras-pidieron-visibilizar-la-problematica-del-consumo-de-sustancias-en-ushuaia\/\" target=\"_blank\" rel=\"noopener noreferrer\">las autoridades de la Comisi\u00f3n de Salud P\u00fablica N\u00b0 5<\/a>, se entrevistaron con la Directora de la instituci\u00f3n y su personal, para conocer las funciones y servicios que prestan a la comunidad ushuaiense. <\/strong><\/span><\/p>\n<p>&nbsp;<\/p>\n<p><span style=\"font-family: arial, helvetica, sans-serif;font-size: 12pt\">CAPCUsh es un espacio que brinda contenci\u00f3n y tratamientos, tanto a personas que se encuentren inmersos en situaciones de consumos problem\u00e1ticos como a familiares o amigos de quienes est\u00e1n atravesando este tipo de circunstancias. El equipo de profesionales, est\u00e1 conformado por m\u00e9dicos psiquiatras; licenciada en ciencias para la familia; operadores de salud mental; licenciados en trabajo social; enfermeros; licenciadas en psicolog\u00eda y licenciada en terapia ocupacional, todos ellos son los responsables de articular los protocolos adecuados para cada paciente en particular.<\/span><\/p>\n<p>&nbsp;<\/p>\n<p style=\"text-align: center\"><span style=\"font-family: arial, helvetica, sans-serif;font-size: 12pt\"><em>SOCIEDAD DE CONSUMO<\/em><\/span><\/p>\n<p>&nbsp;<\/p>\n<p><span style=\"font-family: arial, helvetica, sans-serif;font-size: 12pt\"><img loading=\"lazy\" decoding=\"async\" data-attachment-id=\"38648\" data-permalink=\"https:\/\/www.legistdf.gob.ar\/index.php\/2023\/06\/26\/salud-legisladoras-pidieron-visibilizar-la-problematica-del-consumo-de-sustancias-en-ushuaia\/img_5514\/\" data-orig-file=\"https:\/\/www.legistdf.gob.ar\/wp-content\/uploads\/2023\/06\/IMG_5514.jpg\" data-orig-size=\"1500,1000\" data-comments-opened=\"0\" data-image-meta=\"{&quot;aperture&quot;:&quot;2.8&quot;,&quot;credit&quot;:&quot;&quot;,&quot;camera&quot;:&quot;Canon EOS 6D&quot;,&quot;caption&quot;:&quot;&quot;,&quot;created_timestamp&quot;:&quot;1687781401&quot;,&quot;copyright&quot;:&quot;&quot;,&quot;focal_length&quot;:&quot;24&quot;,&quot;iso&quot;:&quot;640&quot;,&quot;shutter_speed&quot;:&quot;0.00625&quot;,&quot;title&quot;:&quot;&quot;,&quot;orientation&quot;:&quot;0&quot;}\" data-image-title=\"IMG_5514\" data-image-description=\"\" data-image-caption=\"\" data-medium-file=\"https:\/\/www.legistdf.gob.ar\/wp-content\/uploads\/2023\/06\/IMG_5514-300x200.jpg\" data-large-file=\"https:\/\/www.legistdf.gob.ar\/wp-content\/uploads\/2023\/06\/IMG_5514-1024x683.jpg\" class=\"alignright wp-image-38648 size-medium\" src=\"https:\/\/www.legistdf.gob.ar\/wp-content\/uploads\/2023\/06\/IMG_5514-300x200.jpg\" alt=\"\" width=\"300\" height=\"200\" srcset=\"https:\/\/www.legistdf.gob.ar\/wp-content\/uploads\/2023\/06\/IMG_5514-300x200.jpg 300w, https:\/\/www.legistdf.gob.ar\/wp-content\/uploads\/2023\/06\/IMG_5514-768x512.jpg 768w, https:\/\/www.legistdf.gob.ar\/wp-content\/uploads\/2023\/06\/IMG_5514-1024x683.jpg 1024w, https:\/\/www.legistdf.gob.ar\/wp-content\/uploads\/2023\/06\/IMG_5514-160x107.jpg 160w, https:\/\/www.legistdf.gob.ar\/wp-content\/uploads\/2023\/06\/IMG_5514.jpg 1500w\" sizes=\"(max-width: 300px) 100vw, 300px\" \/>\u201cLas adicciones son consumos problem\u00e1ticos, pero el termino es mucho m\u00e1s amplio. Todos los consumos problem\u00e1ticos no son adicciones, pero s\u00ed todas las adicciones representan un modo de consumir que generan problemas\u201d, aclar\u00f3 la directora del CAPCUsh, m\u00e9dica psiquiatra Mar\u00eda Jos\u00e9 Frausin.\u00a0<\/span><\/p>\n<p>&nbsp;<\/p>\n<p><span style=\"font-family: arial, helvetica, sans-serif;font-size: 12pt\">Coment\u00f3 que las adicciones est\u00e1n relacionadas a una conducta impulsiva y repetitiva, como el uso de la tecnolog\u00eda o del juego patol\u00f3gico, actividades que no est\u00e1n vinculadas al consumo de sustancias, \u201cpero que implican un tiempo prologando de esa acci\u00f3n y una dependencia\u201d, ejemplific\u00f3 en di\u00e1logo con Prensa Legislativa.<\/span><\/p>\n<p>&nbsp;<\/p>\n<p><span style=\"font-family: arial, helvetica, sans-serif;font-size: 12pt\">Adem\u00e1s, existen otros consumos que podr\u00edan efectuarse de manera espor\u00e1dica que resultan problem\u00e1ticos por considerarse \u201cabusivos\u201d, dado que provocan la exposici\u00f3n a alg\u00fan tipo de riesgos. Ejemplific\u00f3 al se\u00f1alar que \u201ces muy com\u00fan entre los adolescentes j\u00f3venes, que tal vez no poseen una conducta adictiva en relaci\u00f3n al uso del alcohol, pero s\u00ed espor\u00e1dicamente, cuando se juntan entre pares en alguna salida, consumen alcohol de manera tan grave que terminan con intoxicaciones importantes\u201d, relat\u00f3 la profesional.<\/span><\/p>\n<p>&nbsp;<\/p>\n<p><span style=\"font-family: arial, helvetica, sans-serif;font-size: 12pt\"><img loading=\"lazy\" decoding=\"async\" data-attachment-id=\"39178\" data-permalink=\"https:\/\/www.legistdf.gob.ar\/index.php\/2023\/07\/31\/salud-la-integracion-y-la-socializacion-son-espacios-fundamentales-en-la-salud-mental-aseguro-la-medica-psiquiatra-maria-jose-fausin\/2-296\/\" data-orig-file=\"https:\/\/www.legistdf.gob.ar\/wp-content\/uploads\/2023\/07\/2-3.jpg\" data-orig-size=\"1500,1000\" data-comments-opened=\"0\" data-image-meta=\"{&quot;aperture&quot;:&quot;2.8&quot;,&quot;credit&quot;:&quot;&quot;,&quot;camera&quot;:&quot;Canon EOS 6D&quot;,&quot;caption&quot;:&quot;&quot;,&quot;created_timestamp&quot;:&quot;1687782084&quot;,&quot;copyright&quot;:&quot;&quot;,&quot;focal_length&quot;:&quot;24&quot;,&quot;iso&quot;:&quot;640&quot;,&quot;shutter_speed&quot;:&quot;0.00625&quot;,&quot;title&quot;:&quot;&quot;,&quot;orientation&quot;:&quot;0&quot;}\" data-image-title=\"2\" data-image-description=\"\" data-image-caption=\"\" data-medium-file=\"https:\/\/www.legistdf.gob.ar\/wp-content\/uploads\/2023\/07\/2-3-300x200.jpg\" data-large-file=\"https:\/\/www.legistdf.gob.ar\/wp-content\/uploads\/2023\/07\/2-3-1024x683.jpg\" class=\"alignleft wp-image-39178 size-medium\" src=\"https:\/\/www.legistdf.gob.ar\/wp-content\/uploads\/2023\/07\/2-3-300x200.jpg\" alt=\"\" width=\"300\" height=\"200\" srcset=\"https:\/\/www.legistdf.gob.ar\/wp-content\/uploads\/2023\/07\/2-3-300x200.jpg 300w, https:\/\/www.legistdf.gob.ar\/wp-content\/uploads\/2023\/07\/2-3-768x512.jpg 768w, https:\/\/www.legistdf.gob.ar\/wp-content\/uploads\/2023\/07\/2-3-1024x683.jpg 1024w, https:\/\/www.legistdf.gob.ar\/wp-content\/uploads\/2023\/07\/2-3-160x107.jpg 160w, https:\/\/www.legistdf.gob.ar\/wp-content\/uploads\/2023\/07\/2-3.jpg 1500w\" sizes=\"(max-width: 300px) 100vw, 300px\" \/>En tanto, reconoci\u00f3 que se acercan a la instituci\u00f3n, en general, padres preocupados por estas conductas de sus hijos y tambi\u00e9n reciben interconsultas de parte de equipos pedag\u00f3gicos de las escuelas, sobre todo de las de niveles secundarios.<\/span><\/p>\n<p>&nbsp;<\/p>\n<p><span style=\"font-family: arial, helvetica, sans-serif;font-size: 12pt\">En varios momentos de la charla con la m\u00e9dica psiquiatra, emerge la particularidad \u201cmulticausal\u201d del consumo problem\u00e1tico. No podemos dejar de lado, que vivimos en una sociedad que propicia \u201ctodo el tiempo\u201d, el uso de cosas, objetos, compra de ropa y de bebidas, tambi\u00e9n. Por lo tanto, es complicado luchar contra la idea de que \u201cuno es m\u00e1s feliz si se junta con amigos y bebe\u201d, manifest\u00f3 Frausin.<\/span><\/p>\n<p>&nbsp;<\/p>\n<p><span style=\"font-family: arial, helvetica, sans-serif;font-size: 12pt\">La vida en una sociedad de consumo, posee otros factores que no siempre se establecen de manera acorde, tales como: la situaci\u00f3n habitacional de las personas, los lazos familiares, sociales que se posea, el ambiente laboral entre pares. La salud mental en general, -remarca- no solo est\u00e1 delimitada por cuestiones f\u00edsicas, sino que es un t\u00e9rmino amplio que debe entenderse.<\/span><\/p>\n<p>&nbsp;<\/p>\n<p style=\"text-align: center\"><span style=\"font-family: arial, helvetica, sans-serif;font-size: 12pt\"><em>LOS PROCEDIMIENTOS<\/em><\/span><\/p>\n<p>&nbsp;<\/p>\n<p><span style=\"font-family: arial, helvetica, sans-serif;font-size: 12pt\"><img loading=\"lazy\" decoding=\"async\" data-attachment-id=\"38653\" data-permalink=\"https:\/\/www.legistdf.gob.ar\/index.php\/2023\/06\/26\/salud-legisladoras-pidieron-visibilizar-la-problematica-del-consumo-de-sustancias-en-ushuaia\/img_5236-5\/\" data-orig-file=\"https:\/\/www.legistdf.gob.ar\/wp-content\/uploads\/2023\/06\/IMG_5236.jpg\" data-orig-size=\"1500,1000\" data-comments-opened=\"0\" data-image-meta=\"{&quot;aperture&quot;:&quot;7.1&quot;,&quot;credit&quot;:&quot;&quot;,&quot;camera&quot;:&quot;Canon EOS 6D&quot;,&quot;caption&quot;:&quot;&quot;,&quot;created_timestamp&quot;:&quot;1687353583&quot;,&quot;copyright&quot;:&quot;&quot;,&quot;focal_length&quot;:&quot;24&quot;,&quot;iso&quot;:&quot;100&quot;,&quot;shutter_speed&quot;:&quot;0.005&quot;,&quot;title&quot;:&quot;&quot;,&quot;orientation&quot;:&quot;0&quot;}\" data-image-title=\"IMG_5236\" data-image-description=\"\" data-image-caption=\"\" data-medium-file=\"https:\/\/www.legistdf.gob.ar\/wp-content\/uploads\/2023\/06\/IMG_5236-300x200.jpg\" data-large-file=\"https:\/\/www.legistdf.gob.ar\/wp-content\/uploads\/2023\/06\/IMG_5236-1024x683.jpg\" class=\"alignright wp-image-38653 size-medium\" src=\"https:\/\/www.legistdf.gob.ar\/wp-content\/uploads\/2023\/06\/IMG_5236-300x200.jpg\" alt=\"\" width=\"300\" height=\"200\" srcset=\"https:\/\/www.legistdf.gob.ar\/wp-content\/uploads\/2023\/06\/IMG_5236-300x200.jpg 300w, https:\/\/www.legistdf.gob.ar\/wp-content\/uploads\/2023\/06\/IMG_5236-768x512.jpg 768w, https:\/\/www.legistdf.gob.ar\/wp-content\/uploads\/2023\/06\/IMG_5236-1024x683.jpg 1024w, https:\/\/www.legistdf.gob.ar\/wp-content\/uploads\/2023\/06\/IMG_5236-160x107.jpg 160w, https:\/\/www.legistdf.gob.ar\/wp-content\/uploads\/2023\/06\/IMG_5236.jpg 1500w\" sizes=\"(max-width: 300px) 100vw, 300px\" \/>Cabe destacar que las admisiones de usuarios, se realizan los mi\u00e9rcoles a partir de las 8 de la ma\u00f1ana y en esa jornada, son evaluados por el equipo de profesionales. \u00a0\u201cAl mismo tiempo, se comienza a trabajar tanto con familiares o amigos de las personas que se acercan y manifiestan tener un problema con el consumo de sustancias o por alguna situaci\u00f3n que no pueden controlar\u201d, indica la m\u00e9dica psiquiatra.<\/span><\/p>\n<p>&nbsp;<\/p>\n<p><span style=\"font-family: arial, helvetica, sans-serif;font-size: 12pt\">Suma, que otras demandas provienen desde diferentes \u00e1reas, tales como: ministerio de Educaci\u00f3n, Desarrollo Social, Juzgados, de los centros de salud y tambi\u00e9n del Hospital de Ushuaia.<\/span><\/p>\n<p>&nbsp;<\/p>\n<p><span style=\"font-family: arial, helvetica, sans-serif;font-size: 12pt\">Para quienes necesiten consultar los procesos que se llevan adelante pueden comunicarse al WhatsApp del CAPCUsh: \u00a02901 604943 y tambi\u00e9n en redes, se los encuentra en Instagram como CAPC-USH o en <a href=\"mailto:youtube.com\/@capcush\">youtube.com\/@capcush<\/a>.<\/span><\/p>\n<p>&nbsp;<\/p>\n<p><span style=\"font-family: arial, helvetica, sans-serif;font-size: 12pt\">Hay que mencionar que el CAPCUsh depende de la secretar\u00eda de Salud Mental y Adicciones de la Provincia, \u201cy nuestras tareas, poseen el mismo nivel de atenci\u00f3n del resto de los centros de salud de atenci\u00f3n primaria por el nivel de complejidad pero s\u00ed tenemos la especificidad sobre la problem\u00e1tica\u201d, detall\u00f3. Por otro lado, cont\u00f3 que trabajan en red con el servicio de Guardia y el servicio de Salud Mental del hospital capitalino, lugares donde se atienden las urgencias. Agreg\u00f3 que en determinados casos, articulan sus labores con la Asociaci\u00f3n Civil Reencontr\u00e1ndonos, cita Frausin.<\/span><\/p>\n<p>&nbsp;<\/p>\n<p><span style=\"font-family: arial, helvetica, sans-serif;font-size: 12pt\"><img loading=\"lazy\" decoding=\"async\" data-attachment-id=\"38654\" data-permalink=\"https:\/\/www.legistdf.gob.ar\/index.php\/2023\/06\/26\/salud-legisladoras-pidieron-visibilizar-la-problematica-del-consumo-de-sustancias-en-ushuaia\/img_5238-5\/\" data-orig-file=\"https:\/\/www.legistdf.gob.ar\/wp-content\/uploads\/2023\/06\/IMG_5238.jpg\" data-orig-size=\"1500,1000\" data-comments-opened=\"0\" data-image-meta=\"{&quot;aperture&quot;:&quot;6.3&quot;,&quot;credit&quot;:&quot;&quot;,&quot;camera&quot;:&quot;Canon EOS 6D&quot;,&quot;caption&quot;:&quot;&quot;,&quot;created_timestamp&quot;:&quot;1687353619&quot;,&quot;copyright&quot;:&quot;&quot;,&quot;focal_length&quot;:&quot;24&quot;,&quot;iso&quot;:&quot;100&quot;,&quot;shutter_speed&quot;:&quot;0.005&quot;,&quot;title&quot;:&quot;&quot;,&quot;orientation&quot;:&quot;0&quot;}\" data-image-title=\"IMG_5238\" data-image-description=\"\" data-image-caption=\"\" data-medium-file=\"https:\/\/www.legistdf.gob.ar\/wp-content\/uploads\/2023\/06\/IMG_5238-300x200.jpg\" data-large-file=\"https:\/\/www.legistdf.gob.ar\/wp-content\/uploads\/2023\/06\/IMG_5238-1024x683.jpg\" class=\"alignleft wp-image-38654 size-medium\" src=\"https:\/\/www.legistdf.gob.ar\/wp-content\/uploads\/2023\/06\/IMG_5238-300x200.jpg\" alt=\"\" width=\"300\" height=\"200\" srcset=\"https:\/\/www.legistdf.gob.ar\/wp-content\/uploads\/2023\/06\/IMG_5238-300x200.jpg 300w, https:\/\/www.legistdf.gob.ar\/wp-content\/uploads\/2023\/06\/IMG_5238-768x512.jpg 768w, https:\/\/www.legistdf.gob.ar\/wp-content\/uploads\/2023\/06\/IMG_5238-1024x683.jpg 1024w, https:\/\/www.legistdf.gob.ar\/wp-content\/uploads\/2023\/06\/IMG_5238-160x107.jpg 160w, https:\/\/www.legistdf.gob.ar\/wp-content\/uploads\/2023\/06\/IMG_5238.jpg 1500w\" sizes=\"(max-width: 300px) 100vw, 300px\" \/>Sobre las actividades en particular, hay que mencionar que posee consultorios externos a cargo de psic\u00f3logos, psiquiatras, terapistas ocupacionales. \u201cTambi\u00e9n hay grupos terap\u00e9uticos espec\u00edficos para las problem\u00e1ticas, y adem\u00e1s, est\u00e1 el hospital de d\u00eda que es una instancia intermedia que ofrece actividades, seg\u00fan las necesidades de cada paciente. Tal vez sea por el momento, o por un tiempo prolongado\u201d, puntualiz\u00f3 la profesional a cargo del CAPCUsh.<\/span><\/p>\n<p>&nbsp;<\/p>\n<p><span style=\"font-family: arial, helvetica, sans-serif;font-size: 12pt\">Otras de las actividades est\u00e1n compuestas por talleres de huerta terap\u00e9utica (que posee un proyecto de formaci\u00f3n laboral); cer\u00e1mica; radio; literario; educaci\u00f3n f\u00edsica (tres est\u00edmulos por semana) y cester\u00eda.\u00a0\u00a0<\/span><\/p>\n<p><span style=\"font-family: arial, helvetica, sans-serif;font-size: 12pt\"><strong>\u00a0<\/strong><\/span><\/p>\n<p><span style=\"font-family: arial, helvetica, sans-serif;font-size: 12pt\">Todos los viernes a las 18, los profesionales llevan adelante un encuentro abierto a la comunidad. Se trata de un espacio al que pueden asistir familiares o quienes posean alguna vinculaci\u00f3n con las personas que expresan determinado padecimiento. \u201cLos familiares tienen la posibilidad de ser escuchados y obtener herramientas que les ayuden a quien a\u00fan no est\u00e1 preparado para reconocer su problem\u00e1tica. A veces, haciendo cambios en las redes (intrapersonales), se logra efectuar el acercamiento de la persona y comenzar un tratamiento\u201d.<\/span><\/p>\n<p>&nbsp;<\/p>\n<p style=\"text-align: center\"><span style=\"font-family: arial, helvetica, sans-serif;font-size: 12pt\"><em>\u00bfQUI\u00c9NES SON EN EL CAPCUSH?<\/em><\/span><\/p>\n<p>&nbsp;<\/p>\n<p><span style=\"font-family: arial, helvetica, sans-serif;font-size: 12pt\"><img loading=\"lazy\" decoding=\"async\" data-attachment-id=\"38655\" data-permalink=\"https:\/\/www.legistdf.gob.ar\/index.php\/2023\/06\/26\/salud-legisladoras-pidieron-visibilizar-la-problematica-del-consumo-de-sustancias-en-ushuaia\/img_5231-3\/\" data-orig-file=\"https:\/\/www.legistdf.gob.ar\/wp-content\/uploads\/2023\/06\/IMG_5231.jpg\" data-orig-size=\"1500,1000\" data-comments-opened=\"0\" data-image-meta=\"{&quot;aperture&quot;:&quot;3.2&quot;,&quot;credit&quot;:&quot;&quot;,&quot;camera&quot;:&quot;Canon EOS 6D&quot;,&quot;caption&quot;:&quot;&quot;,&quot;created_timestamp&quot;:&quot;1687353119&quot;,&quot;copyright&quot;:&quot;&quot;,&quot;focal_length&quot;:&quot;24&quot;,&quot;iso&quot;:&quot;1250&quot;,&quot;shutter_speed&quot;:&quot;0.016666666666667&quot;,&quot;title&quot;:&quot;&quot;,&quot;orientation&quot;:&quot;0&quot;}\" data-image-title=\"IMG_5231\" data-image-description=\"\" data-image-caption=\"\" data-medium-file=\"https:\/\/www.legistdf.gob.ar\/wp-content\/uploads\/2023\/06\/IMG_5231-300x200.jpg\" data-large-file=\"https:\/\/www.legistdf.gob.ar\/wp-content\/uploads\/2023\/06\/IMG_5231-1024x683.jpg\" class=\"alignright wp-image-38655 size-medium\" src=\"https:\/\/www.legistdf.gob.ar\/wp-content\/uploads\/2023\/06\/IMG_5231-300x200.jpg\" alt=\"\" width=\"300\" height=\"200\" srcset=\"https:\/\/www.legistdf.gob.ar\/wp-content\/uploads\/2023\/06\/IMG_5231-300x200.jpg 300w, https:\/\/www.legistdf.gob.ar\/wp-content\/uploads\/2023\/06\/IMG_5231-768x512.jpg 768w, https:\/\/www.legistdf.gob.ar\/wp-content\/uploads\/2023\/06\/IMG_5231-1024x683.jpg 1024w, https:\/\/www.legistdf.gob.ar\/wp-content\/uploads\/2023\/06\/IMG_5231-160x107.jpg 160w, https:\/\/www.legistdf.gob.ar\/wp-content\/uploads\/2023\/06\/IMG_5231.jpg 1500w\" sizes=\"(max-width: 300px) 100vw, 300px\" \/>Entre los profesionales que se desempe\u00f1an en el CAPCUsh, se destacan las licenciadas en Ciencias para la Familia, Liliana Vargas Alvarado, Lorena Farela y\u00a0 Graciela Greco. Operadores de salud mental con orientaci\u00f3n en familia y redes, Juan Alberto S\u00e1nchez y Marta Cruz; las licenciadas en trabajo social, Mar\u00eda Luisa Roberts y Carla Novik; las enfermeras Yamila Perla y Danisa Camacho y los enfermeros Jorge Weiss, Alejandro L\u00f3pez y Mariano Lezcano; las operadoras en salud mental, Paula Barragan, Cecilia Pirondi, Maura Ben\u00edtez, Micaela Vernieri y Esther Ruiz y los operadores Daniel Llano, Sebasti\u00e1n Freiberg y Marcelo L\u00f3pez; Mar\u00eda Bel\u00e9n Alamo (jefa de divisi\u00f3n dispositivo de abordaje territorial). Tambi\u00e9n prestan servicios las liceniadas en psicolog\u00eda Hilda Idaberry, Roc\u00edo Gobby, Gisela Sosa Portscher, Mailen Reyes (Jefa de divisi\u00f3n hospital de d\u00eda), Cintia Brunis, Alejandra Potylicki, B\u00e1rbara Borgioli, Mar\u00eda Victoria Rodr\u00edguez y el licenciado en psicolog\u00eda Walter Mart\u00ednez. En el \u00e1rea de medicina psiqui\u00e1trica, se destacan Javier Peralta y Mar\u00eda Jos\u00e9 Frausin (directora) y en terapia ocupacional presta servicios la licenciada Valeria Encina (jefa de departamento de coordinaci\u00f3n de dispositivos).<\/span><\/p>\n<p><span style=\"font-family: arial, helvetica, sans-serif;font-size: 12pt\"><strong>\u00a0<\/strong><\/span><\/p>\n<p style=\"text-align: center\"><span style=\"font-family: arial, helvetica, sans-serif;font-size: 12pt\"><em>SALUD MENTAL, UNA CONSTRUCCI\u00d3N SOCIAL<\/em><\/span><\/p>\n<p><span style=\"font-family: arial, helvetica, sans-serif;font-size: 12pt\"><img loading=\"lazy\" decoding=\"async\" data-attachment-id=\"39180\" data-permalink=\"https:\/\/www.legistdf.gob.ar\/index.php\/2023\/07\/31\/salud-la-integracion-y-la-socializacion-son-espacios-fundamentales-en-la-salud-mental-aseguro-la-medica-psiquiatra-maria-jose-fausin\/salud-mental-featured-1030x579\/\" data-orig-file=\"https:\/\/www.legistdf.gob.ar\/wp-content\/uploads\/2023\/07\/salud-mental-featured-1030x579.jpg\" data-orig-size=\"1030,579\" data-comments-opened=\"0\" data-image-meta=\"{&quot;aperture&quot;:&quot;0&quot;,&quot;credit&quot;:&quot;&quot;,&quot;camera&quot;:&quot;&quot;,&quot;caption&quot;:&quot;&quot;,&quot;created_timestamp&quot;:&quot;0&quot;,&quot;copyright&quot;:&quot;&quot;,&quot;focal_length&quot;:&quot;0&quot;,&quot;iso&quot;:&quot;0&quot;,&quot;shutter_speed&quot;:&quot;0&quot;,&quot;title&quot;:&quot;&quot;,&quot;orientation&quot;:&quot;0&quot;}\" data-image-title=\"salud-mental-featured-1030&#215;579\" data-image-description=\"\" data-image-caption=\"\" data-medium-file=\"https:\/\/www.legistdf.gob.ar\/wp-content\/uploads\/2023\/07\/salud-mental-featured-1030x579-300x169.jpg\" data-large-file=\"https:\/\/www.legistdf.gob.ar\/wp-content\/uploads\/2023\/07\/salud-mental-featured-1030x579-1024x576.jpg\" class=\"aligncenter size-full wp-image-39180\" src=\"https:\/\/www.legistdf.gob.ar\/wp-content\/uploads\/2023\/07\/salud-mental-featured-1030x579.jpg\" alt=\"\" width=\"1030\" height=\"579\" srcset=\"https:\/\/www.legistdf.gob.ar\/wp-content\/uploads\/2023\/07\/salud-mental-featured-1030x579.jpg 1030w, https:\/\/www.legistdf.gob.ar\/wp-content\/uploads\/2023\/07\/salud-mental-featured-1030x579-300x169.jpg 300w, https:\/\/www.legistdf.gob.ar\/wp-content\/uploads\/2023\/07\/salud-mental-featured-1030x579-768x432.jpg 768w, https:\/\/www.legistdf.gob.ar\/wp-content\/uploads\/2023\/07\/salud-mental-featured-1030x579-1024x576.jpg 1024w, https:\/\/www.legistdf.gob.ar\/wp-content\/uploads\/2023\/07\/salud-mental-featured-1030x579-160x90.jpg 160w\" sizes=\"(max-width: 1030px) 100vw, 1030px\" \/>La m\u00e9dica psiquiatra, explic\u00f3 que la salud mental es una construcci\u00f3n social, insisti\u00f3 en la premisa de la necesidad del bienestar f\u00edsico y social. La integraci\u00f3n y la socializaci\u00f3n son espacios fundamentales en el desarrollo de los ciudadanos. Volvi\u00f3 sobre la necesidad de dar difusi\u00f3n a todo lo que significa la problem\u00e1tica, hecho que permite dejar de lado las estigmatizaciones.<\/span><\/p>\n<p>&nbsp;<\/p>\n<p><span style=\"font-family: arial, helvetica, sans-serif;font-size: 12pt\">\u201cSe debe poner en agenda este tema, hablar de salud mental sigue costando a pesar que se ha avanzado. Todav\u00eda se escucha esto de no atreverse a contar que se est\u00e1 padeciendo alg\u00fan problema de salud mental y mucho m\u00e1s, si esa situaci\u00f3n est\u00e1 relacionada con el consumo. All\u00ed se suma un doble estigma\u201d, narr\u00f3.<\/span><\/p>\n<p>&nbsp;<\/p>\n<p><span style=\"font-family: arial, helvetica, sans-serif;font-size: 12pt\">Seg\u00fan la OMS\/OPS, los estudios dan cuenta que los trastornos mentales est\u00e1n dentro de las cinco primeras causas de enfermedad en Am\u00e9rica. El alcohol y la depresi\u00f3n, son los problemas m\u00e1s frecuentes en salud mental.<\/span><\/p>\n<p>&nbsp;<\/p>\n<p style=\"text-align: right\"><em>ZV-DM-NEGM-VV-AT<\/em><\/p>\n\n\t\t<style type=\"text\/css\">\n\t\t\t#gallery-1 {\n\t\t\t\tmargin: auto;\n\t\t\t}\n\t\t\t#gallery-1 .gallery-item {\n\t\t\t\tfloat: left;\n\t\t\t\tmargin-top: 10px;\n\t\t\t\ttext-align: center;\n\t\t\t\twidth: 11%;\n\t\t\t}\n\t\t\t#gallery-1 img {\n\t\t\t\tborder: 2px solid #cfcfcf;\n\t\t\t}\n\t\t\t#gallery-1 .gallery-caption {\n\t\t\t\tmargin-left: 0;\n\t\t\t}\n\t\t\t\/* see gallery_shortcode() in wp-includes\/media.php *\/\n\t\t<\/style>\n\t\t<div data-carousel-extra='{\"blog_id\":1,\"permalink\":\"https:\\\/\\\/www.legistdf.gob.ar\\\/index.php\\\/2023\\\/07\\\/31\\\/salud-la-integracion-y-la-socializacion-son-espacios-fundamentales-en-la-salud-mental-aseguro-la-medica-psiquiatra-maria-jose-fausin\\\/\"}' id='gallery-1' class='gallery galleryid-39176 gallery-columns-9 gallery-size-thumbnail'><dl class='gallery-item'>\n\t\t\t<dt class='gallery-icon landscape'>\n\t\t\t\t<a href='https:\/\/www.legistdf.gob.ar\/index.php\/2023\/06\/26\/salud-legisladoras-pidieron-visibilizar-la-problematica-del-consumo-de-sustancias-en-ushuaia\/img_5514\/'><img loading=\"lazy\" decoding=\"async\" width=\"150\" height=\"150\" src=\"https:\/\/www.legistdf.gob.ar\/wp-content\/uploads\/2023\/06\/IMG_5514-150x150.jpg\" class=\"attachment-thumbnail size-thumbnail\" alt=\"\" srcset=\"https:\/\/www.legistdf.gob.ar\/wp-content\/uploads\/2023\/06\/IMG_5514-150x150.jpg 150w, https:\/\/www.legistdf.gob.ar\/wp-content\/uploads\/2023\/06\/IMG_5514-64x64.jpg 64w\" sizes=\"(max-width: 150px) 100vw, 150px\" data-attachment-id=\"38648\" data-permalink=\"https:\/\/www.legistdf.gob.ar\/index.php\/2023\/06\/26\/salud-legisladoras-pidieron-visibilizar-la-problematica-del-consumo-de-sustancias-en-ushuaia\/img_5514\/\" data-orig-file=\"https:\/\/www.legistdf.gob.ar\/wp-content\/uploads\/2023\/06\/IMG_5514.jpg\" data-orig-size=\"1500,1000\" data-comments-opened=\"0\" data-image-meta=\"{&quot;aperture&quot;:&quot;2.8&quot;,&quot;credit&quot;:&quot;&quot;,&quot;camera&quot;:&quot;Canon EOS 6D&quot;,&quot;caption&quot;:&quot;&quot;,&quot;created_timestamp&quot;:&quot;1687781401&quot;,&quot;copyright&quot;:&quot;&quot;,&quot;focal_length&quot;:&quot;24&quot;,&quot;iso&quot;:&quot;640&quot;,&quot;shutter_speed&quot;:&quot;0.00625&quot;,&quot;title&quot;:&quot;&quot;,&quot;orientation&quot;:&quot;0&quot;}\" data-image-title=\"IMG_5514\" data-image-description=\"\" data-image-caption=\"\" data-medium-file=\"https:\/\/www.legistdf.gob.ar\/wp-content\/uploads\/2023\/06\/IMG_5514-300x200.jpg\" data-large-file=\"https:\/\/www.legistdf.gob.ar\/wp-content\/uploads\/2023\/06\/IMG_5514-1024x683.jpg\" \/><\/a>\n\t\t\t<\/dt><\/dl><dl class='gallery-item'>\n\t\t\t<dt class='gallery-icon landscape'>\n\t\t\t\t<a href='https:\/\/www.legistdf.gob.ar\/index.php\/2023\/06\/26\/salud-legisladoras-pidieron-visibilizar-la-problematica-del-consumo-de-sustancias-en-ushuaia\/img_5517\/'><img loading=\"lazy\" decoding=\"async\" width=\"150\" height=\"150\" src=\"https:\/\/www.legistdf.gob.ar\/wp-content\/uploads\/2023\/06\/IMG_5517-150x150.jpg\" class=\"attachment-thumbnail size-thumbnail\" alt=\"\" srcset=\"https:\/\/www.legistdf.gob.ar\/wp-content\/uploads\/2023\/06\/IMG_5517-150x150.jpg 150w, https:\/\/www.legistdf.gob.ar\/wp-content\/uploads\/2023\/06\/IMG_5517-64x64.jpg 64w\" sizes=\"(max-width: 150px) 100vw, 150px\" data-attachment-id=\"38649\" data-permalink=\"https:\/\/www.legistdf.gob.ar\/index.php\/2023\/06\/26\/salud-legisladoras-pidieron-visibilizar-la-problematica-del-consumo-de-sustancias-en-ushuaia\/img_5517\/\" data-orig-file=\"https:\/\/www.legistdf.gob.ar\/wp-content\/uploads\/2023\/06\/IMG_5517.jpg\" data-orig-size=\"1500,1000\" data-comments-opened=\"0\" data-image-meta=\"{&quot;aperture&quot;:&quot;2.8&quot;,&quot;credit&quot;:&quot;&quot;,&quot;camera&quot;:&quot;Canon EOS 6D&quot;,&quot;caption&quot;:&quot;&quot;,&quot;created_timestamp&quot;:&quot;1687781476&quot;,&quot;copyright&quot;:&quot;&quot;,&quot;focal_length&quot;:&quot;53&quot;,&quot;iso&quot;:&quot;640&quot;,&quot;shutter_speed&quot;:&quot;0.00625&quot;,&quot;title&quot;:&quot;&quot;,&quot;orientation&quot;:&quot;0&quot;}\" data-image-title=\"IMG_5517\" data-image-description=\"\" data-image-caption=\"\" data-medium-file=\"https:\/\/www.legistdf.gob.ar\/wp-content\/uploads\/2023\/06\/IMG_5517-300x200.jpg\" data-large-file=\"https:\/\/www.legistdf.gob.ar\/wp-content\/uploads\/2023\/06\/IMG_5517-1024x683.jpg\" \/><\/a>\n\t\t\t<\/dt><\/dl><dl class='gallery-item'>\n\t\t\t<dt class='gallery-icon landscape'>\n\t\t\t\t<a href='https:\/\/www.legistdf.gob.ar\/index.php\/2023\/06\/26\/salud-legisladoras-pidieron-visibilizar-la-problematica-del-consumo-de-sustancias-en-ushuaia\/img_5528-2\/'><img loading=\"lazy\" decoding=\"async\" width=\"150\" height=\"150\" src=\"https:\/\/www.legistdf.gob.ar\/wp-content\/uploads\/2023\/06\/IMG_5528-150x150.jpg\" class=\"attachment-thumbnail size-thumbnail\" alt=\"\" srcset=\"https:\/\/www.legistdf.gob.ar\/wp-content\/uploads\/2023\/06\/IMG_5528-150x150.jpg 150w, https:\/\/www.legistdf.gob.ar\/wp-content\/uploads\/2023\/06\/IMG_5528-64x64.jpg 64w\" sizes=\"(max-width: 150px) 100vw, 150px\" data-attachment-id=\"38650\" data-permalink=\"https:\/\/www.legistdf.gob.ar\/index.php\/2023\/06\/26\/salud-legisladoras-pidieron-visibilizar-la-problematica-del-consumo-de-sustancias-en-ushuaia\/img_5528-2\/\" data-orig-file=\"https:\/\/www.legistdf.gob.ar\/wp-content\/uploads\/2023\/06\/IMG_5528.jpg\" data-orig-size=\"1500,1000\" data-comments-opened=\"0\" data-image-meta=\"{&quot;aperture&quot;:&quot;2.8&quot;,&quot;credit&quot;:&quot;&quot;,&quot;camera&quot;:&quot;Canon EOS 6D&quot;,&quot;caption&quot;:&quot;&quot;,&quot;created_timestamp&quot;:&quot;1687781872&quot;,&quot;copyright&quot;:&quot;&quot;,&quot;focal_length&quot;:&quot;24&quot;,&quot;iso&quot;:&quot;640&quot;,&quot;shutter_speed&quot;:&quot;0.00625&quot;,&quot;title&quot;:&quot;&quot;,&quot;orientation&quot;:&quot;0&quot;}\" data-image-title=\"IMG_5528\" data-image-description=\"\" data-image-caption=\"\" data-medium-file=\"https:\/\/www.legistdf.gob.ar\/wp-content\/uploads\/2023\/06\/IMG_5528-300x200.jpg\" data-large-file=\"https:\/\/www.legistdf.gob.ar\/wp-content\/uploads\/2023\/06\/IMG_5528-1024x683.jpg\" \/><\/a>\n\t\t\t<\/dt><\/dl><dl class='gallery-item'>\n\t\t\t<dt class='gallery-icon landscape'>\n\t\t\t\t<a href='https:\/\/www.legistdf.gob.ar\/index.php\/2023\/06\/26\/salud-legisladoras-pidieron-visibilizar-la-problematica-del-consumo-de-sustancias-en-ushuaia\/img_5536-2\/'><img loading=\"lazy\" decoding=\"async\" width=\"150\" height=\"150\" src=\"https:\/\/www.legistdf.gob.ar\/wp-content\/uploads\/2023\/06\/IMG_5536-150x150.jpg\" class=\"attachment-thumbnail size-thumbnail\" alt=\"\" srcset=\"https:\/\/www.legistdf.gob.ar\/wp-content\/uploads\/2023\/06\/IMG_5536-150x150.jpg 150w, https:\/\/www.legistdf.gob.ar\/wp-content\/uploads\/2023\/06\/IMG_5536-64x64.jpg 64w\" sizes=\"(max-width: 150px) 100vw, 150px\" data-attachment-id=\"38651\" data-permalink=\"https:\/\/www.legistdf.gob.ar\/index.php\/2023\/06\/26\/salud-legisladoras-pidieron-visibilizar-la-problematica-del-consumo-de-sustancias-en-ushuaia\/img_5536-2\/\" data-orig-file=\"https:\/\/www.legistdf.gob.ar\/wp-content\/uploads\/2023\/06\/IMG_5536.jpg\" data-orig-size=\"1500,1000\" data-comments-opened=\"0\" data-image-meta=\"{&quot;aperture&quot;:&quot;2.8&quot;,&quot;credit&quot;:&quot;&quot;,&quot;camera&quot;:&quot;Canon EOS 6D&quot;,&quot;caption&quot;:&quot;&quot;,&quot;created_timestamp&quot;:&quot;1687782071&quot;,&quot;copyright&quot;:&quot;&quot;,&quot;focal_length&quot;:&quot;42&quot;,&quot;iso&quot;:&quot;640&quot;,&quot;shutter_speed&quot;:&quot;0.00625&quot;,&quot;title&quot;:&quot;&quot;,&quot;orientation&quot;:&quot;0&quot;}\" data-image-title=\"IMG_5536\" data-image-description=\"\" data-image-caption=\"\" data-medium-file=\"https:\/\/www.legistdf.gob.ar\/wp-content\/uploads\/2023\/06\/IMG_5536-300x200.jpg\" data-large-file=\"https:\/\/www.legistdf.gob.ar\/wp-content\/uploads\/2023\/06\/IMG_5536-1024x683.jpg\" \/><\/a>\n\t\t\t<\/dt><\/dl><dl class='gallery-item'>\n\t\t\t<dt class='gallery-icon landscape'>\n\t\t\t\t<a href='https:\/\/www.legistdf.gob.ar\/index.php\/2023\/06\/26\/salud-legisladoras-pidieron-visibilizar-la-problematica-del-consumo-de-sustancias-en-ushuaia\/img_5556\/'><img loading=\"lazy\" decoding=\"async\" width=\"150\" height=\"150\" src=\"https:\/\/www.legistdf.gob.ar\/wp-content\/uploads\/2023\/06\/IMG_5556-150x150.jpg\" class=\"attachment-thumbnail size-thumbnail\" alt=\"\" srcset=\"https:\/\/www.legistdf.gob.ar\/wp-content\/uploads\/2023\/06\/IMG_5556-150x150.jpg 150w, https:\/\/www.legistdf.gob.ar\/wp-content\/uploads\/2023\/06\/IMG_5556-64x64.jpg 64w\" sizes=\"(max-width: 150px) 100vw, 150px\" data-attachment-id=\"38652\" data-permalink=\"https:\/\/www.legistdf.gob.ar\/index.php\/2023\/06\/26\/salud-legisladoras-pidieron-visibilizar-la-problematica-del-consumo-de-sustancias-en-ushuaia\/img_5556\/\" data-orig-file=\"https:\/\/www.legistdf.gob.ar\/wp-content\/uploads\/2023\/06\/IMG_5556.jpg\" data-orig-size=\"1500,1000\" data-comments-opened=\"0\" data-image-meta=\"{&quot;aperture&quot;:&quot;2.8&quot;,&quot;credit&quot;:&quot;&quot;,&quot;camera&quot;:&quot;Canon EOS 6D&quot;,&quot;caption&quot;:&quot;&quot;,&quot;created_timestamp&quot;:&quot;1687784331&quot;,&quot;copyright&quot;:&quot;&quot;,&quot;focal_length&quot;:&quot;70&quot;,&quot;iso&quot;:&quot;640&quot;,&quot;shutter_speed&quot;:&quot;0.00625&quot;,&quot;title&quot;:&quot;&quot;,&quot;orientation&quot;:&quot;0&quot;}\" data-image-title=\"IMG_5556\" data-image-description=\"\" data-image-caption=\"\" data-medium-file=\"https:\/\/www.legistdf.gob.ar\/wp-content\/uploads\/2023\/06\/IMG_5556-300x200.jpg\" data-large-file=\"https:\/\/www.legistdf.gob.ar\/wp-content\/uploads\/2023\/06\/IMG_5556-1024x683.jpg\" \/><\/a>\n\t\t\t<\/dt><\/dl><dl class='gallery-item'>\n\t\t\t<dt class='gallery-icon landscape'>\n\t\t\t\t<a href='https:\/\/www.legistdf.gob.ar\/index.php\/2023\/06\/26\/salud-legisladoras-pidieron-visibilizar-la-problematica-del-consumo-de-sustancias-en-ushuaia\/img_5236-5\/'><img loading=\"lazy\" decoding=\"async\" width=\"150\" height=\"150\" src=\"https:\/\/www.legistdf.gob.ar\/wp-content\/uploads\/2023\/06\/IMG_5236-150x150.jpg\" class=\"attachment-thumbnail size-thumbnail\" alt=\"\" srcset=\"https:\/\/www.legistdf.gob.ar\/wp-content\/uploads\/2023\/06\/IMG_5236-150x150.jpg 150w, https:\/\/www.legistdf.gob.ar\/wp-content\/uploads\/2023\/06\/IMG_5236-64x64.jpg 64w\" sizes=\"(max-width: 150px) 100vw, 150px\" data-attachment-id=\"38653\" data-permalink=\"https:\/\/www.legistdf.gob.ar\/index.php\/2023\/06\/26\/salud-legisladoras-pidieron-visibilizar-la-problematica-del-consumo-de-sustancias-en-ushuaia\/img_5236-5\/\" data-orig-file=\"https:\/\/www.legistdf.gob.ar\/wp-content\/uploads\/2023\/06\/IMG_5236.jpg\" data-orig-size=\"1500,1000\" data-comments-opened=\"0\" data-image-meta=\"{&quot;aperture&quot;:&quot;7.1&quot;,&quot;credit&quot;:&quot;&quot;,&quot;camera&quot;:&quot;Canon EOS 6D&quot;,&quot;caption&quot;:&quot;&quot;,&quot;created_timestamp&quot;:&quot;1687353583&quot;,&quot;copyright&quot;:&quot;&quot;,&quot;focal_length&quot;:&quot;24&quot;,&quot;iso&quot;:&quot;100&quot;,&quot;shutter_speed&quot;:&quot;0.005&quot;,&quot;title&quot;:&quot;&quot;,&quot;orientation&quot;:&quot;0&quot;}\" data-image-title=\"IMG_5236\" data-image-description=\"\" data-image-caption=\"\" data-medium-file=\"https:\/\/www.legistdf.gob.ar\/wp-content\/uploads\/2023\/06\/IMG_5236-300x200.jpg\" data-large-file=\"https:\/\/www.legistdf.gob.ar\/wp-content\/uploads\/2023\/06\/IMG_5236-1024x683.jpg\" \/><\/a>\n\t\t\t<\/dt><\/dl><dl class='gallery-item'>\n\t\t\t<dt class='gallery-icon landscape'>\n\t\t\t\t<a href='https:\/\/www.legistdf.gob.ar\/index.php\/2023\/06\/26\/salud-legisladoras-pidieron-visibilizar-la-problematica-del-consumo-de-sustancias-en-ushuaia\/img_5238-5\/'><img loading=\"lazy\" decoding=\"async\" width=\"150\" height=\"150\" src=\"https:\/\/www.legistdf.gob.ar\/wp-content\/uploads\/2023\/06\/IMG_5238-150x150.jpg\" class=\"attachment-thumbnail size-thumbnail\" alt=\"\" srcset=\"https:\/\/www.legistdf.gob.ar\/wp-content\/uploads\/2023\/06\/IMG_5238-150x150.jpg 150w, https:\/\/www.legistdf.gob.ar\/wp-content\/uploads\/2023\/06\/IMG_5238-64x64.jpg 64w\" sizes=\"(max-width: 150px) 100vw, 150px\" data-attachment-id=\"38654\" data-permalink=\"https:\/\/www.legistdf.gob.ar\/index.php\/2023\/06\/26\/salud-legisladoras-pidieron-visibilizar-la-problematica-del-consumo-de-sustancias-en-ushuaia\/img_5238-5\/\" data-orig-file=\"https:\/\/www.legistdf.gob.ar\/wp-content\/uploads\/2023\/06\/IMG_5238.jpg\" data-orig-size=\"1500,1000\" data-comments-opened=\"0\" data-image-meta=\"{&quot;aperture&quot;:&quot;6.3&quot;,&quot;credit&quot;:&quot;&quot;,&quot;camera&quot;:&quot;Canon EOS 6D&quot;,&quot;caption&quot;:&quot;&quot;,&quot;created_timestamp&quot;:&quot;1687353619&quot;,&quot;copyright&quot;:&quot;&quot;,&quot;focal_length&quot;:&quot;24&quot;,&quot;iso&quot;:&quot;100&quot;,&quot;shutter_speed&quot;:&quot;0.005&quot;,&quot;title&quot;:&quot;&quot;,&quot;orientation&quot;:&quot;0&quot;}\" data-image-title=\"IMG_5238\" data-image-description=\"\" data-image-caption=\"\" data-medium-file=\"https:\/\/www.legistdf.gob.ar\/wp-content\/uploads\/2023\/06\/IMG_5238-300x200.jpg\" data-large-file=\"https:\/\/www.legistdf.gob.ar\/wp-content\/uploads\/2023\/06\/IMG_5238-1024x683.jpg\" \/><\/a>\n\t\t\t<\/dt><\/dl><dl class='gallery-item'>\n\t\t\t<dt class='gallery-icon landscape'>\n\t\t\t\t<a href='https:\/\/www.legistdf.gob.ar\/index.php\/2023\/06\/26\/salud-legisladoras-pidieron-visibilizar-la-problematica-del-consumo-de-sustancias-en-ushuaia\/img_5231-3\/'><img loading=\"lazy\" decoding=\"async\" width=\"150\" height=\"150\" src=\"https:\/\/www.legistdf.gob.ar\/wp-content\/uploads\/2023\/06\/IMG_5231-150x150.jpg\" class=\"attachment-thumbnail size-thumbnail\" alt=\"\" srcset=\"https:\/\/www.legistdf.gob.ar\/wp-content\/uploads\/2023\/06\/IMG_5231-150x150.jpg 150w, https:\/\/www.legistdf.gob.ar\/wp-content\/uploads\/2023\/06\/IMG_5231-64x64.jpg 64w\" sizes=\"(max-width: 150px) 100vw, 150px\" data-attachment-id=\"38655\" data-permalink=\"https:\/\/www.legistdf.gob.ar\/index.php\/2023\/06\/26\/salud-legisladoras-pidieron-visibilizar-la-problematica-del-consumo-de-sustancias-en-ushuaia\/img_5231-3\/\" data-orig-file=\"https:\/\/www.legistdf.gob.ar\/wp-content\/uploads\/2023\/06\/IMG_5231.jpg\" data-orig-size=\"1500,1000\" data-comments-opened=\"0\" data-image-meta=\"{&quot;aperture&quot;:&quot;3.2&quot;,&quot;credit&quot;:&quot;&quot;,&quot;camera&quot;:&quot;Canon EOS 6D&quot;,&quot;caption&quot;:&quot;&quot;,&quot;created_timestamp&quot;:&quot;1687353119&quot;,&quot;copyright&quot;:&quot;&quot;,&quot;focal_length&quot;:&quot;24&quot;,&quot;iso&quot;:&quot;1250&quot;,&quot;shutter_speed&quot;:&quot;0.016666666666667&quot;,&quot;title&quot;:&quot;&quot;,&quot;orientation&quot;:&quot;0&quot;}\" data-image-title=\"IMG_5231\" data-image-description=\"\" data-image-caption=\"\" data-medium-file=\"https:\/\/www.legistdf.gob.ar\/wp-content\/uploads\/2023\/06\/IMG_5231-300x200.jpg\" data-large-file=\"https:\/\/www.legistdf.gob.ar\/wp-content\/uploads\/2023\/06\/IMG_5231-1024x683.jpg\" \/><\/a>\n\t\t\t<\/dt><\/dl><dl class='gallery-item'>\n\t\t\t<dt class='gallery-icon landscape'>\n\t\t\t\t<a href='https:\/\/www.legistdf.gob.ar\/index.php\/2023\/07\/31\/salud-la-integracion-y-la-socializacion-son-espacios-fundamentales-en-la-salud-mental-aseguro-la-medica-psiquiatra-maria-jose-fausin\/1-307\/'><img loading=\"lazy\" decoding=\"async\" width=\"150\" height=\"150\" src=\"https:\/\/www.legistdf.gob.ar\/wp-content\/uploads\/2023\/07\/1-4-150x150.jpg\" class=\"attachment-thumbnail size-thumbnail\" alt=\"\" srcset=\"https:\/\/www.legistdf.gob.ar\/wp-content\/uploads\/2023\/07\/1-4-150x150.jpg 150w, https:\/\/www.legistdf.gob.ar\/wp-content\/uploads\/2023\/07\/1-4-64x64.jpg 64w\" sizes=\"(max-width: 150px) 100vw, 150px\" data-attachment-id=\"39177\" data-permalink=\"https:\/\/www.legistdf.gob.ar\/index.php\/2023\/07\/31\/salud-la-integracion-y-la-socializacion-son-espacios-fundamentales-en-la-salud-mental-aseguro-la-medica-psiquiatra-maria-jose-fausin\/1-307\/\" data-orig-file=\"https:\/\/www.legistdf.gob.ar\/wp-content\/uploads\/2023\/07\/1-4.jpg\" data-orig-size=\"1500,1000\" data-comments-opened=\"0\" data-image-meta=\"{&quot;aperture&quot;:&quot;2.8&quot;,&quot;credit&quot;:&quot;&quot;,&quot;camera&quot;:&quot;Canon EOS 6D&quot;,&quot;caption&quot;:&quot;&quot;,&quot;created_timestamp&quot;:&quot;1687781532&quot;,&quot;copyright&quot;:&quot;&quot;,&quot;focal_length&quot;:&quot;70&quot;,&quot;iso&quot;:&quot;640&quot;,&quot;shutter_speed&quot;:&quot;0.00625&quot;,&quot;title&quot;:&quot;&quot;,&quot;orientation&quot;:&quot;0&quot;}\" data-image-title=\"1\" data-image-description=\"\" data-image-caption=\"\" data-medium-file=\"https:\/\/www.legistdf.gob.ar\/wp-content\/uploads\/2023\/07\/1-4-300x200.jpg\" data-large-file=\"https:\/\/www.legistdf.gob.ar\/wp-content\/uploads\/2023\/07\/1-4-1024x683.jpg\" \/><\/a>\n\t\t\t<\/dt><\/dl><br style=\"clear: both\" \/><dl class='gallery-item'>\n\t\t\t<dt class='gallery-icon landscape'>\n\t\t\t\t<a href='https:\/\/www.legistdf.gob.ar\/index.php\/2023\/07\/31\/salud-la-integracion-y-la-socializacion-son-espacios-fundamentales-en-la-salud-mental-aseguro-la-medica-psiquiatra-maria-jose-fausin\/2-296\/'><img loading=\"lazy\" decoding=\"async\" width=\"150\" height=\"150\" src=\"https:\/\/www.legistdf.gob.ar\/wp-content\/uploads\/2023\/07\/2-3-150x150.jpg\" class=\"attachment-thumbnail size-thumbnail\" alt=\"\" srcset=\"https:\/\/www.legistdf.gob.ar\/wp-content\/uploads\/2023\/07\/2-3-150x150.jpg 150w, https:\/\/www.legistdf.gob.ar\/wp-content\/uploads\/2023\/07\/2-3-64x64.jpg 64w\" sizes=\"(max-width: 150px) 100vw, 150px\" data-attachment-id=\"39178\" data-permalink=\"https:\/\/www.legistdf.gob.ar\/index.php\/2023\/07\/31\/salud-la-integracion-y-la-socializacion-son-espacios-fundamentales-en-la-salud-mental-aseguro-la-medica-psiquiatra-maria-jose-fausin\/2-296\/\" data-orig-file=\"https:\/\/www.legistdf.gob.ar\/wp-content\/uploads\/2023\/07\/2-3.jpg\" data-orig-size=\"1500,1000\" data-comments-opened=\"0\" data-image-meta=\"{&quot;aperture&quot;:&quot;2.8&quot;,&quot;credit&quot;:&quot;&quot;,&quot;camera&quot;:&quot;Canon EOS 6D&quot;,&quot;caption&quot;:&quot;&quot;,&quot;created_timestamp&quot;:&quot;1687782084&quot;,&quot;copyright&quot;:&quot;&quot;,&quot;focal_length&quot;:&quot;24&quot;,&quot;iso&quot;:&quot;640&quot;,&quot;shutter_speed&quot;:&quot;0.00625&quot;,&quot;title&quot;:&quot;&quot;,&quot;orientation&quot;:&quot;0&quot;}\" data-image-title=\"2\" data-image-description=\"\" data-image-caption=\"\" data-medium-file=\"https:\/\/www.legistdf.gob.ar\/wp-content\/uploads\/2023\/07\/2-3-300x200.jpg\" data-large-file=\"https:\/\/www.legistdf.gob.ar\/wp-content\/uploads\/2023\/07\/2-3-1024x683.jpg\" \/><\/a>\n\t\t\t<\/dt><\/dl><dl class='gallery-item'>\n\t\t\t<dt class='gallery-icon landscape'>\n\t\t\t\t<a href='https:\/\/www.legistdf.gob.ar\/index.php\/2023\/07\/31\/salud-la-integracion-y-la-socializacion-son-espacios-fundamentales-en-la-salud-mental-aseguro-la-medica-psiquiatra-maria-jose-fausin\/3-262\/'><img loading=\"lazy\" decoding=\"async\" width=\"150\" height=\"150\" src=\"https:\/\/www.legistdf.gob.ar\/wp-content\/uploads\/2023\/07\/3-3-150x150.jpg\" class=\"attachment-thumbnail size-thumbnail\" alt=\"\" srcset=\"https:\/\/www.legistdf.gob.ar\/wp-content\/uploads\/2023\/07\/3-3-150x150.jpg 150w, https:\/\/www.legistdf.gob.ar\/wp-content\/uploads\/2023\/07\/3-3-64x64.jpg 64w\" sizes=\"(max-width: 150px) 100vw, 150px\" data-attachment-id=\"39179\" data-permalink=\"https:\/\/www.legistdf.gob.ar\/index.php\/2023\/07\/31\/salud-la-integracion-y-la-socializacion-son-espacios-fundamentales-en-la-salud-mental-aseguro-la-medica-psiquiatra-maria-jose-fausin\/3-262\/\" data-orig-file=\"https:\/\/www.legistdf.gob.ar\/wp-content\/uploads\/2023\/07\/3-3.jpg\" data-orig-size=\"1500,1000\" data-comments-opened=\"0\" data-image-meta=\"{&quot;aperture&quot;:&quot;2.8&quot;,&quot;credit&quot;:&quot;&quot;,&quot;camera&quot;:&quot;Canon EOS 6D&quot;,&quot;caption&quot;:&quot;&quot;,&quot;created_timestamp&quot;:&quot;1687782187&quot;,&quot;copyright&quot;:&quot;&quot;,&quot;focal_length&quot;:&quot;70&quot;,&quot;iso&quot;:&quot;640&quot;,&quot;shutter_speed&quot;:&quot;0.00625&quot;,&quot;title&quot;:&quot;&quot;,&quot;orientation&quot;:&quot;0&quot;}\" data-image-title=\"3\" data-image-description=\"\" data-image-caption=\"\" data-medium-file=\"https:\/\/www.legistdf.gob.ar\/wp-content\/uploads\/2023\/07\/3-3-300x200.jpg\" data-large-file=\"https:\/\/www.legistdf.gob.ar\/wp-content\/uploads\/2023\/07\/3-3-1024x683.jpg\" \/><\/a>\n\t\t\t<\/dt><\/dl>\n\t\t\t<br style='clear: both' \/>\n\t\t<\/div>\n\n<blockquote class=\"wp-embedded-content\" data-secret=\"uCWUnts7fV\"><p><a href=\"https:\/\/www.legistdf.gob.ar\/index.php\/2023\/06\/26\/salud-legisladoras-pidieron-visibilizar-la-problematica-del-consumo-de-sustancias-en-ushuaia\/\">SALUD: Legisladoras pidieron \u201cvisibilizar la problem\u00e1tica del consumo de sustancias\u201d en Ushuaia<\/a><\/p><\/blockquote>\n<p><iframe class=\"wp-embedded-content\" sandbox=\"allow-scripts\" security=\"restricted\" style=\"position: absolute; clip: rect(1px, 1px, 1px, 1px);\" title=\"&#171;SALUD: Legisladoras pidieron \u201cvisibilizar la problem\u00e1tica del consumo de sustancias\u201d en Ushuaia&#187; &#8212; Legislatura TDF A.I.A.S.\" src=\"https:\/\/www.legistdf.gob.ar\/index.php\/2023\/06\/26\/salud-legisladoras-pidieron-visibilizar-la-problematica-del-consumo-de-sustancias-en-ushuaia\/embed\/#?secret=uCWUnts7fV\" data-secret=\"uCWUnts7fV\" width=\"600\" height=\"338\" frameborder=\"0\" marginwidth=\"0\" marginheight=\"0\" scrolling=\"no\"><\/iframe><\/p>\n","protected":false},"excerpt":{"rendered":"<p>Ushuaia, lunes 31 de julio de 2023.- La salud mental es el bienestar emocional, ps\u00edquico y social, que nos permite llevar adelante los desaf\u00edos propios de la vida y desarrollarnos en sociedad. Prensa Legislativa se acerc\u00f3 al Centro de Abordaje de Problem\u00e1ticas de Consumo de Ushuaia \u2013CAPCUsh-, ubicado en Concejal Rubinos 153, con el objetivo [&hellip;]<\/p>\n","protected":false},"author":352,"featured_media":39177,"comment_status":"closed","ping_status":"closed","sticky":false,"template":"","format":"standard","meta":{"jetpack_post_was_ever_published":false,"_jetpack_newsletter_access":"","_jetpack_dont_email_post_to_subs":false,"_jetpack_newsletter_tier_id":0,"footnotes":"","jetpack_publicize_message":"","jetpack_publicize_feature_enabled":true,"jetpack_social_post_already_shared":true,"jetpack_social_options":{"image_generator_settings":{"template":"highway","enabled":false}}},"categories":[1],"tags":[331,3014,3015,78,155,3043,1817,48,79],"jetpack_publicize_connections":[],"jetpack_sharing_enabled":true,"jetpack_featured_media_url":"https:\/\/www.legistdf.gob.ar\/wp-content\/uploads\/2023\/07\/1-4.jpg","jetpack-related-posts":[],"_links":{"self":[{"href":"https:\/\/www.legistdf.gob.ar\/index.php\/wp-json\/wp\/v2\/posts\/39176"}],"collection":[{"href":"https:\/\/www.legistdf.gob.ar\/index.php\/wp-json\/wp\/v2\/posts"}],"about":[{"href":"https:\/\/www.legistdf.gob.ar\/index.php\/wp-json\/wp\/v2\/types\/post"}],"author":[{"embeddable":true,"href":"https:\/\/www.legistdf.gob.ar\/index.php\/wp-json\/wp\/v2\/users\/352"}],"replies":[{"embeddable":true,"href":"https:\/\/www.legistdf.gob.ar\/index.php\/wp-json\/wp\/v2\/comments?post=39176"}],"version-history":[{"count":3,"href":"https:\/\/www.legistdf.gob.ar\/index.php\/wp-json\/wp\/v2\/posts\/39176\/revisions"}],"predecessor-version":[{"id":39183,"href":"https:\/\/www.legistdf.gob.ar\/index.php\/wp-json\/wp\/v2\/posts\/39176\/revisions\/39183"}],"wp:featuredmedia":[{"embeddable":true,"href":"https:\/\/www.legistdf.gob.ar\/index.php\/wp-json\/wp\/v2\/media\/39177"}],"wp:attachment":[{"href":"https:\/\/www.legistdf.gob.ar\/index.php\/wp-json\/wp\/v2\/media?parent=39176"}],"wp:term":[{"taxonomy":"category","embeddable":true,"href":"https:\/\/www.legistdf.gob.ar\/index.php\/wp-json\/wp\/v2\/categories?post=39176"},{"taxonomy":"post_tag","embeddable":true,"href":"https:\/\/www.legistdf.gob.ar\/index.php\/wp-json\/wp\/v2\/tags?post=39176"}],"curies":[{"name":"wp","href":"https:\/\/api.w.org\/{rel}","templated":true}]}}