{"id":39184,"date":"2023-08-01T11:25:32","date_gmt":"2023-08-01T14:25:32","guid":{"rendered":"https:\/\/www.legistdf.gob.ar\/?p=39184"},"modified":"2023-08-01T11:25:32","modified_gmt":"2023-08-01T14:25:32","slug":"salud-promueven-mecanismos-para-incrementar-el-profesionalismo-de-los-enfermeros","status":"publish","type":"post","link":"https:\/\/www.legistdf.gob.ar\/index.php\/2023\/08\/01\/salud-promueven-mecanismos-para-incrementar-el-profesionalismo-de-los-enfermeros\/","title":{"rendered":"SALUD: Promueven mecanismos para incrementar el profesionalismo de los enfermeros"},"content":{"rendered":"<p><strong><span style=\"font-family: arial, helvetica, sans-serif;font-size: 14pt\"><img loading=\"lazy\" decoding=\"async\" data-attachment-id=\"39160\" data-permalink=\"https:\/\/www.legistdf.gob.ar\/index.php\/2023\/07\/16\/salud-agentes-legislativos-de-rio-grande-participaron-de-jornada-de-vacunacion\/fah_8908\/\" data-orig-file=\"https:\/\/www.legistdf.gob.ar\/wp-content\/uploads\/2023\/07\/FAH_8908.jpg\" data-orig-size=\"1200,801\" data-comments-opened=\"0\" data-image-meta=\"{&quot;aperture&quot;:&quot;5&quot;,&quot;credit&quot;:&quot;&quot;,&quot;camera&quot;:&quot;NIKON D750&quot;,&quot;caption&quot;:&quot;&quot;,&quot;created_timestamp&quot;:&quot;1689336985&quot;,&quot;copyright&quot;:&quot;&quot;,&quot;focal_length&quot;:&quot;24&quot;,&quot;iso&quot;:&quot;800&quot;,&quot;shutter_speed&quot;:&quot;0.01&quot;,&quot;title&quot;:&quot;&quot;,&quot;orientation&quot;:&quot;0&quot;}\" data-image-title=\"FAH_8908\" data-image-description=\"\" data-image-caption=\"\" data-medium-file=\"https:\/\/www.legistdf.gob.ar\/wp-content\/uploads\/2023\/07\/FAH_8908-300x200.jpg\" data-large-file=\"https:\/\/www.legistdf.gob.ar\/wp-content\/uploads\/2023\/07\/FAH_8908-1024x684.jpg\" class=\"alignleft wp-image-39160 size-medium\" src=\"https:\/\/www.legistdf.gob.ar\/wp-content\/uploads\/2023\/07\/FAH_8908-300x200.jpg\" alt=\"\" width=\"300\" height=\"200\" srcset=\"https:\/\/www.legistdf.gob.ar\/wp-content\/uploads\/2023\/07\/FAH_8908-300x200.jpg 300w, https:\/\/www.legistdf.gob.ar\/wp-content\/uploads\/2023\/07\/FAH_8908-768x513.jpg 768w, https:\/\/www.legistdf.gob.ar\/wp-content\/uploads\/2023\/07\/FAH_8908-1024x684.jpg 1024w, https:\/\/www.legistdf.gob.ar\/wp-content\/uploads\/2023\/07\/FAH_8908-160x107.jpg 160w, https:\/\/www.legistdf.gob.ar\/wp-content\/uploads\/2023\/07\/FAH_8908.jpg 1200w\" sizes=\"(max-width: 300px) 100vw, 300px\" \/>Ushuaia, martes 1 de agosto de agosto de 2023.- Para el legislador Pablo Villegas, del bloque del MPF, es necesario impulsar pol\u00edticas innovadoras en materia de salud p\u00fablica\u00a0 y en ese sentido, present\u00f3 un proyecto de Ley para adherir a la norma nacional <a href=\"https:\/\/www.argentina.gob.ar\/normativa\/nacional\/ley-27712-383039\/texto\" target=\"_blank\" rel=\"noopener noreferrer\">N\u00ba 27.712<\/a>, que promueve la promoci\u00f3n de la formaci\u00f3n del desarrollo de la enfermer\u00eda.\u00a0 La iniciativa tom\u00f3 estado parlamentario en la sesi\u00f3n ordinaria del 12 de julio pasado y el <a href=\"https:\/\/www.legistdf.gob.ar\/lp\/novedadesip\/Asuntos%20Entrados%202023\/As.%20N%BA%20285-23.pdf\" target=\"_blank\" rel=\"noopener noreferrer\">asunto N\u00b0 285\/23<\/a> fue girado a las comisiones de Salud N\u00ba 5 y de Legislaci\u00f3n General N\u00ba 1.<\/span><\/strong><\/p>\n<p>&nbsp;<\/p>\n<p><span style=\"font-family: arial, helvetica, sans-serif;font-size: 12pt\">Seg\u00fan el Parlamentario, la Provincia debe transitar rumbos que conlleven hacia nuevos paradigmas y de esa manera se podr\u00e1 concretar un \u201csistema de salud competente, con una enfermer\u00eda acad\u00e9mica preparada, capacitada y actualizada, lo que nos lleva a una poblaci\u00f3n correctamente cuidada\u201d, se\u00f1ala en los fundamentos de la iniciativa.<\/span><\/p>\n<p>&nbsp;<\/p>\n<p><span style=\"font-family: arial, helvetica, sans-serif;font-size: 12pt\"><img loading=\"lazy\" decoding=\"async\" data-attachment-id=\"38947\" data-permalink=\"https:\/\/www.legistdf.gob.ar\/index.php\/2023\/07\/12\/salud-el-hospital-ernesto-loffler-de-rio-grande-debera-garantizar-la-ive\/img_7129-3\/\" data-orig-file=\"https:\/\/www.legistdf.gob.ar\/wp-content\/uploads\/2023\/07\/IMG_7129-1.jpg\" data-orig-size=\"1500,1000\" data-comments-opened=\"0\" data-image-meta=\"{&quot;aperture&quot;:&quot;2.8&quot;,&quot;credit&quot;:&quot;&quot;,&quot;camera&quot;:&quot;Canon EOS 6D&quot;,&quot;caption&quot;:&quot;&quot;,&quot;created_timestamp&quot;:&quot;1689164330&quot;,&quot;copyright&quot;:&quot;&quot;,&quot;focal_length&quot;:&quot;45&quot;,&quot;iso&quot;:&quot;800&quot;,&quot;shutter_speed&quot;:&quot;0.01&quot;,&quot;title&quot;:&quot;&quot;,&quot;orientation&quot;:&quot;0&quot;}\" data-image-title=\"IMG_7129\" data-image-description=\"\" data-image-caption=\"\" data-medium-file=\"https:\/\/www.legistdf.gob.ar\/wp-content\/uploads\/2023\/07\/IMG_7129-1-300x200.jpg\" data-large-file=\"https:\/\/www.legistdf.gob.ar\/wp-content\/uploads\/2023\/07\/IMG_7129-1-1024x683.jpg\" class=\"alignright wp-image-38947 size-medium\" src=\"https:\/\/www.legistdf.gob.ar\/wp-content\/uploads\/2023\/07\/IMG_7129-1-300x200.jpg\" alt=\"\" width=\"300\" height=\"200\" srcset=\"https:\/\/www.legistdf.gob.ar\/wp-content\/uploads\/2023\/07\/IMG_7129-1-300x200.jpg 300w, https:\/\/www.legistdf.gob.ar\/wp-content\/uploads\/2023\/07\/IMG_7129-1-768x512.jpg 768w, https:\/\/www.legistdf.gob.ar\/wp-content\/uploads\/2023\/07\/IMG_7129-1-1024x683.jpg 1024w, https:\/\/www.legistdf.gob.ar\/wp-content\/uploads\/2023\/07\/IMG_7129-1-160x107.jpg 160w, https:\/\/www.legistdf.gob.ar\/wp-content\/uploads\/2023\/07\/IMG_7129-1.jpg 1500w\" sizes=\"(max-width: 300px) 100vw, 300px\" \/>En otro tramo del escrito, recuerda que Tierra del Fuego solo dispone de la Tecnicatura Superior en Enfermer\u00eda, siendo dictadas por el CENT N\u00ba 35 de R\u00edo Grande y CENT N\u00ba 11 de Ushuaia. Villegas entiende que esa profesi\u00f3n, debe contar con la posibilidad de iniciar capacitaciones de niveles superiores tales como posgrados, licenciaturas, maestr\u00edas y doctorados.<\/span><\/p>\n<p>&nbsp;<\/p>\n<p><span style=\"font-family: arial, helvetica, sans-serif;font-size: 12pt\">Por \u00faltimo, cabe destacar que la autoridad de aplicaci\u00f3n, ser\u00e1 el Ministerio de Educaci\u00f3n, quien deber\u00e1 articular y cooperar con la cartera sanitaria, en todo aquello que sea pertinente a generaci\u00f3n de instrumentos y procedimientos para el ordenamiento y regulaci\u00f3n de los profesionales.<\/span><\/p>\n<p>&nbsp;<\/p>\n<p><span style=\"font-family: arial, helvetica, sans-serif;font-size: 12pt\"><img loading=\"lazy\" decoding=\"async\" data-attachment-id=\"38695\" data-permalink=\"https:\/\/www.legistdf.gob.ar\/index.php\/2023\/06\/29\/comisiones-villegas-pidio-tratamiento-de-proyecto-sobre-viviendas-para-agentes-de-seguridad\/img_5578\/\" data-orig-file=\"https:\/\/www.legistdf.gob.ar\/wp-content\/uploads\/2023\/06\/IMG_5578.jpg\" data-orig-size=\"1500,1000\" data-comments-opened=\"0\" data-image-meta=\"{&quot;aperture&quot;:&quot;3.5&quot;,&quot;credit&quot;:&quot;&quot;,&quot;camera&quot;:&quot;Canon EOS 6D&quot;,&quot;caption&quot;:&quot;&quot;,&quot;created_timestamp&quot;:&quot;1688036365&quot;,&quot;copyright&quot;:&quot;&quot;,&quot;focal_length&quot;:&quot;50&quot;,&quot;iso&quot;:&quot;640&quot;,&quot;shutter_speed&quot;:&quot;0.008&quot;,&quot;title&quot;:&quot;&quot;,&quot;orientation&quot;:&quot;0&quot;}\" data-image-title=\"IMG_5578\" data-image-description=\"\" data-image-caption=\"\" data-medium-file=\"https:\/\/www.legistdf.gob.ar\/wp-content\/uploads\/2023\/06\/IMG_5578-300x200.jpg\" data-large-file=\"https:\/\/www.legistdf.gob.ar\/wp-content\/uploads\/2023\/06\/IMG_5578-1024x683.jpg\" class=\"alignleft wp-image-38695 size-medium\" src=\"https:\/\/www.legistdf.gob.ar\/wp-content\/uploads\/2023\/06\/IMG_5578-300x200.jpg\" alt=\"\" width=\"300\" height=\"200\" srcset=\"https:\/\/www.legistdf.gob.ar\/wp-content\/uploads\/2023\/06\/IMG_5578-300x200.jpg 300w, https:\/\/www.legistdf.gob.ar\/wp-content\/uploads\/2023\/06\/IMG_5578-768x512.jpg 768w, https:\/\/www.legistdf.gob.ar\/wp-content\/uploads\/2023\/06\/IMG_5578-1024x683.jpg 1024w, https:\/\/www.legistdf.gob.ar\/wp-content\/uploads\/2023\/06\/IMG_5578-160x107.jpg 160w, https:\/\/www.legistdf.gob.ar\/wp-content\/uploads\/2023\/06\/IMG_5578.jpg 1500w\" sizes=\"(max-width: 300px) 100vw, 300px\" \/>La Ley nacional, que fue sancionada en mayo pasado, establece \u00ablos mecanismos necesarios para promover la formaci\u00f3n de calidad y el incremento de la cantidad de enfermeras y enfermeros, as\u00ed como la profesionalizaci\u00f3n y el desarrollo de la enfermer\u00eda en todo el territorio nacional, en concordancia con lo establecido por la Ley de Educaci\u00f3n Nacional 26.206, Ley de Educaci\u00f3n Superior 24.521, la Ley de Formaci\u00f3n T\u00e9cnico Profesional 26.058 y la Ley del Ejercicio de la Enfermer\u00eda 24.004\u00bb.<\/span><\/p>\n<p><span style=\"font-family: arial, helvetica, sans-serif;font-size: 12pt\">Cabe se\u00f1alar que la normativa tambi\u00e9n declara de inter\u00e9s p\u00fablico nacional la Promoci\u00f3n de la Formaci\u00f3n y del Desarrollo de la Enfermer\u00eda en la Rep\u00fablica Argentina y propicia el \u00abreconocimiento y jerarquizaci\u00f3n de la enfermer\u00eda como trabajo profesional de la salud\u00bb<\/span><\/p>\n<p>&nbsp;<\/p>\n<p style=\"text-align: right\"><em>ZV-NEGM-AH<\/em><\/p>\n","protected":false},"excerpt":{"rendered":"<p>Ushuaia, martes 1 de agosto de agosto de 2023.- Para el legislador Pablo Villegas, del bloque del MPF, es necesario impulsar pol\u00edticas innovadoras en materia de salud p\u00fablica\u00a0 y en ese sentido, present\u00f3 un proyecto de Ley para adherir a la norma nacional N\u00ba 27.712, que promueve la promoci\u00f3n de la formaci\u00f3n del desarrollo de [&hellip;]<\/p>\n","protected":false},"author":352,"featured_media":39160,"comment_status":"closed","ping_status":"closed","sticky":false,"template":"","format":"standard","meta":{"jetpack_post_was_ever_published":false,"_jetpack_newsletter_access":"","_jetpack_dont_email_post_to_subs":false,"_jetpack_newsletter_tier_id":0,"footnotes":"","jetpack_publicize_message":"","jetpack_publicize_feature_enabled":true,"jetpack_social_post_already_shared":true,"jetpack_social_options":{"image_generator_settings":{"template":"highway","enabled":false}}},"categories":[1],"tags":[84,688,113,106,48],"jetpack_publicize_connections":[],"jetpack_sharing_enabled":true,"jetpack_featured_media_url":"https:\/\/www.legistdf.gob.ar\/wp-content\/uploads\/2023\/07\/FAH_8908.jpg","jetpack-related-posts":[],"_links":{"self":[{"href":"https:\/\/www.legistdf.gob.ar\/index.php\/wp-json\/wp\/v2\/posts\/39184"}],"collection":[{"href":"https:\/\/www.legistdf.gob.ar\/index.php\/wp-json\/wp\/v2\/posts"}],"about":[{"href":"https:\/\/www.legistdf.gob.ar\/index.php\/wp-json\/wp\/v2\/types\/post"}],"author":[{"embeddable":true,"href":"https:\/\/www.legistdf.gob.ar\/index.php\/wp-json\/wp\/v2\/users\/352"}],"replies":[{"embeddable":true,"href":"https:\/\/www.legistdf.gob.ar\/index.php\/wp-json\/wp\/v2\/comments?post=39184"}],"version-history":[{"count":1,"href":"https:\/\/www.legistdf.gob.ar\/index.php\/wp-json\/wp\/v2\/posts\/39184\/revisions"}],"predecessor-version":[{"id":39185,"href":"https:\/\/www.legistdf.gob.ar\/index.php\/wp-json\/wp\/v2\/posts\/39184\/revisions\/39185"}],"wp:featuredmedia":[{"embeddable":true,"href":"https:\/\/www.legistdf.gob.ar\/index.php\/wp-json\/wp\/v2\/media\/39160"}],"wp:attachment":[{"href":"https:\/\/www.legistdf.gob.ar\/index.php\/wp-json\/wp\/v2\/media?parent=39184"}],"wp:term":[{"taxonomy":"category","embeddable":true,"href":"https:\/\/www.legistdf.gob.ar\/index.php\/wp-json\/wp\/v2\/categories?post=39184"},{"taxonomy":"post_tag","embeddable":true,"href":"https:\/\/www.legistdf.gob.ar\/index.php\/wp-json\/wp\/v2\/tags?post=39184"}],"curies":[{"name":"wp","href":"https:\/\/api.w.org\/{rel}","templated":true}]}}