{"id":39470,"date":"2023-08-18T13:55:13","date_gmt":"2023-08-18T16:55:13","guid":{"rendered":"https:\/\/www.legistdf.gob.ar\/?p=39470"},"modified":"2023-08-18T13:57:26","modified_gmt":"2023-08-18T16:57:26","slug":"pesca-legisladores-analizaron-su-regularizacion-en-el-canal-beagle","status":"publish","type":"post","link":"https:\/\/www.legistdf.gob.ar\/index.php\/2023\/08\/18\/pesca-legisladores-analizaron-su-regularizacion-en-el-canal-beagle\/","title":{"rendered":"PESCA: Legisladores analizaron su regularizaci\u00f3n en el Canal Beagle"},"content":{"rendered":"<p><span style=\"font-size: 14pt\"><strong><span style=\"font-family: arial, helvetica, sans-serif\"><a href=\"https:\/\/www.legistdf.gob.ar\/wp-content\/uploads\/2023\/08\/IMG_7719.jpg\"><img loading=\"lazy\" decoding=\"async\" data-attachment-id=\"39473\" data-permalink=\"https:\/\/www.legistdf.gob.ar\/index.php\/2023\/08\/18\/pesca-legisladores-analizaron-su-regularizacion-en-el-canal-beagle\/img_7719\/\" data-orig-file=\"https:\/\/www.legistdf.gob.ar\/wp-content\/uploads\/2023\/08\/IMG_7719.jpg\" data-orig-size=\"5472,3648\" data-comments-opened=\"0\" data-image-meta=\"{&quot;aperture&quot;:&quot;2.8&quot;,&quot;credit&quot;:&quot;&quot;,&quot;camera&quot;:&quot;Canon EOS 6D&quot;,&quot;caption&quot;:&quot;&quot;,&quot;created_timestamp&quot;:&quot;1692287420&quot;,&quot;copyright&quot;:&quot;&quot;,&quot;focal_length&quot;:&quot;57&quot;,&quot;iso&quot;:&quot;250&quot;,&quot;shutter_speed&quot;:&quot;0.01&quot;,&quot;title&quot;:&quot;&quot;,&quot;orientation&quot;:&quot;0&quot;}\" data-image-title=\"IMG_7719\" data-image-description=\"\" data-image-caption=\"\" data-medium-file=\"https:\/\/www.legistdf.gob.ar\/wp-content\/uploads\/2023\/08\/IMG_7719-300x200.jpg\" data-large-file=\"https:\/\/www.legistdf.gob.ar\/wp-content\/uploads\/2023\/08\/IMG_7719-1024x683.jpg\" class=\"alignleft wp-image-39473 size-medium\" src=\"https:\/\/www.legistdf.gob.ar\/wp-content\/uploads\/2023\/08\/IMG_7719-300x200.jpg\" alt=\"\" width=\"300\" height=\"200\" srcset=\"https:\/\/www.legistdf.gob.ar\/wp-content\/uploads\/2023\/08\/IMG_7719-300x200.jpg 300w, https:\/\/www.legistdf.gob.ar\/wp-content\/uploads\/2023\/08\/IMG_7719-768x512.jpg 768w, https:\/\/www.legistdf.gob.ar\/wp-content\/uploads\/2023\/08\/IMG_7719-1024x683.jpg 1024w, https:\/\/www.legistdf.gob.ar\/wp-content\/uploads\/2023\/08\/IMG_7719-160x107.jpg 160w\" sizes=\"(max-width: 300px) 100vw, 300px\" \/><\/a>Ushuaia, viernes 18 de agosto de 2023.- La presidenta de la Comisi\u00f3n de Recursos Naturales N\u00ba 3, M\u00f3nica Acosta junto al legislador Federico Sciurano y la legisladora Liliana Mart\u00ednez Allende (UCR), mantuvieron un encuentro -fuera de ese espacio de debate- con propietarios de locales gastron\u00f3micos tradicionales de Ushuaia, del cual tambi\u00e9n participaron funcionarios del \u00e1rea de pesca de la Provincia. En el encuentro analizaron el escenario del recurso ict\u00edcola fueguino y su actual regulaci\u00f3n.<\/span><\/strong><\/span><\/p>\n<p>&nbsp;<\/p>\n<p><span style=\"font-family: arial, helvetica, sans-serif;font-size: 12pt\">La referente del bloque FORJA, dijo a Prensa Legislativa que se informaron acerca del trabajo que lleva adelante el \u00e1rea de pesca, vinculado al proceso de regulaci\u00f3n del sector.<\/span><\/p>\n<p>&nbsp;<\/p>\n<p><span style=\"font-family: arial, helvetica, sans-serif;font-size: 12pt\">Cont\u00f3 que los responsables de restaurantes, Lino Adillon y Emmanuel Herbin, alertaron ante la falta de centollas en la plaza local. \u201cGener\u00f3 controversias y preocupaci\u00f3n el anuncio sobre la exportaci\u00f3n de este recurso que es finito y es preciso resguardar\u201d, mencion\u00f3 Acosta.<\/span><\/p>\n<p>&nbsp;<\/p>\n<p><span style=\"font-family: arial, helvetica, sans-serif;font-size: 12pt\"><a href=\"https:\/\/www.legistdf.gob.ar\/wp-content\/uploads\/2023\/08\/IMG_7731.jpg\"><img loading=\"lazy\" decoding=\"async\" data-attachment-id=\"39476\" data-permalink=\"https:\/\/www.legistdf.gob.ar\/index.php\/2023\/08\/18\/pesca-legisladores-analizaron-su-regularizacion-en-el-canal-beagle\/img_7731\/\" data-orig-file=\"https:\/\/www.legistdf.gob.ar\/wp-content\/uploads\/2023\/08\/IMG_7731.jpg\" data-orig-size=\"4473,2982\" data-comments-opened=\"0\" data-image-meta=\"{&quot;aperture&quot;:&quot;2.8&quot;,&quot;credit&quot;:&quot;&quot;,&quot;camera&quot;:&quot;Canon EOS 6D&quot;,&quot;caption&quot;:&quot;&quot;,&quot;created_timestamp&quot;:&quot;1692291586&quot;,&quot;copyright&quot;:&quot;&quot;,&quot;focal_length&quot;:&quot;24&quot;,&quot;iso&quot;:&quot;250&quot;,&quot;shutter_speed&quot;:&quot;0.0055555555555556&quot;,&quot;title&quot;:&quot;&quot;,&quot;orientation&quot;:&quot;0&quot;}\" data-image-title=\"IMG_7731\" data-image-description=\"\" data-image-caption=\"\" data-medium-file=\"https:\/\/www.legistdf.gob.ar\/wp-content\/uploads\/2023\/08\/IMG_7731-300x200.jpg\" data-large-file=\"https:\/\/www.legistdf.gob.ar\/wp-content\/uploads\/2023\/08\/IMG_7731-1024x683.jpg\" class=\"alignright wp-image-39476 size-medium\" src=\"https:\/\/www.legistdf.gob.ar\/wp-content\/uploads\/2023\/08\/IMG_7731-300x200.jpg\" alt=\"\" width=\"300\" height=\"200\" srcset=\"https:\/\/www.legistdf.gob.ar\/wp-content\/uploads\/2023\/08\/IMG_7731-300x200.jpg 300w, https:\/\/www.legistdf.gob.ar\/wp-content\/uploads\/2023\/08\/IMG_7731-768x512.jpg 768w, https:\/\/www.legistdf.gob.ar\/wp-content\/uploads\/2023\/08\/IMG_7731-1024x683.jpg 1024w, https:\/\/www.legistdf.gob.ar\/wp-content\/uploads\/2023\/08\/IMG_7731-160x107.jpg 160w\" sizes=\"(max-width: 300px) 100vw, 300px\" \/><\/a>No obstante, dijo que desde el \u00e1rea de pesca se gestiona al respecto en conjunto a profesionales del Centro Austral de Investigaciones Cient\u00edficas (CADIC). Indic\u00f3 que se pudo conocer que existen tres zonas de pesca del producto que posee la premisa de abastecer al mercado interno.<\/span><\/p>\n<p>&nbsp;<\/p>\n<p><span style=\"font-family: arial, helvetica, sans-serif;font-size: 12pt\">Cabe destacar que el encuentro, permiti\u00f3 evidenciar la necesidad de contar con mayor n\u00famero de plantas de procesamiento y almacenamiento del producto. No todos los centros gastron\u00f3micos posee un espacio para el acopio, dijeron los funcionario de Gobierno.<\/span><\/p>\n<p>&nbsp;<\/p>\n<p><span style=\"font-family: arial, helvetica, sans-serif;font-size: 12pt\">Adem\u00e1s recepcionaron el pedido de <a href=\"http:\/\/200.41.191.125:134\/index.php\/1429-recursos-naturales-captura-de-lithodes-santolla-centolla-y-paralomis-granulosa-centollon-regulacion-en-aguas-del-canal-beagle-de-jurisdiccion-provincial\" target=\"_blank\" rel=\"noopener noreferrer\">modificaci\u00f3n de la normativa que regula la actividad pesquera<\/a> en la Provincia. En respuesta a ello, Acosta anunci\u00f3 pr\u00f3ximas reuniones en el marco de la Comisi\u00f3n de Recursos Naturales, N\u00ba 3, en la que invitar\u00e1n a pescadores, productores, funcionarios y propietarios de restaurantes de la capital fueguina. De esta forma, se podr\u00e1 conocer de primera mano, las necesidades de cada sector.<\/span><\/p>\n<p>&nbsp;<\/p>\n<p><span style=\"font-family: arial, helvetica, sans-serif;font-size: 12pt\">Del encuentro participaron el secretario de Pesca, Carlos Cant\u00fa y subsecretario Diego Mazioni, quienes brindaron detalles t\u00e9cnicos, relacionados al escenario en la Provincia. \u00a0<\/span><\/p>\n<p>&nbsp;<\/p>\n<p style=\"text-align: center\"><em><span style=\"font-family: arial, helvetica, sans-serif;font-size: 12pt\">Representantes gastron\u00f3micos<\/span><\/em><\/p>\n<p>&nbsp;<\/p>\n<p><span style=\"font-family: arial, helvetica, sans-serif;font-size: 12pt\"><a href=\"https:\/\/www.legistdf.gob.ar\/wp-content\/uploads\/2023\/08\/IMG_7709.jpg\"><img loading=\"lazy\" decoding=\"async\" data-attachment-id=\"39471\" data-permalink=\"https:\/\/www.legistdf.gob.ar\/index.php\/2023\/08\/18\/pesca-legisladores-analizaron-su-regularizacion-en-el-canal-beagle\/img_7709-2\/\" data-orig-file=\"https:\/\/www.legistdf.gob.ar\/wp-content\/uploads\/2023\/08\/IMG_7709.jpg\" data-orig-size=\"4520,3013\" data-comments-opened=\"0\" data-image-meta=\"{&quot;aperture&quot;:&quot;2.8&quot;,&quot;credit&quot;:&quot;&quot;,&quot;camera&quot;:&quot;Canon EOS 6D&quot;,&quot;caption&quot;:&quot;&quot;,&quot;created_timestamp&quot;:&quot;1692287311&quot;,&quot;copyright&quot;:&quot;&quot;,&quot;focal_length&quot;:&quot;24&quot;,&quot;iso&quot;:&quot;250&quot;,&quot;shutter_speed&quot;:&quot;0.016666666666667&quot;,&quot;title&quot;:&quot;&quot;,&quot;orientation&quot;:&quot;0&quot;}\" data-image-title=\"IMG_7709\" data-image-description=\"\" data-image-caption=\"\" data-medium-file=\"https:\/\/www.legistdf.gob.ar\/wp-content\/uploads\/2023\/08\/IMG_7709-300x200.jpg\" data-large-file=\"https:\/\/www.legistdf.gob.ar\/wp-content\/uploads\/2023\/08\/IMG_7709-1024x683.jpg\" class=\"alignleft wp-image-39471 size-medium\" src=\"https:\/\/www.legistdf.gob.ar\/wp-content\/uploads\/2023\/08\/IMG_7709-300x200.jpg\" alt=\"\" width=\"300\" height=\"200\" srcset=\"https:\/\/www.legistdf.gob.ar\/wp-content\/uploads\/2023\/08\/IMG_7709-300x200.jpg 300w, https:\/\/www.legistdf.gob.ar\/wp-content\/uploads\/2023\/08\/IMG_7709-768x512.jpg 768w, https:\/\/www.legistdf.gob.ar\/wp-content\/uploads\/2023\/08\/IMG_7709-1024x683.jpg 1024w, https:\/\/www.legistdf.gob.ar\/wp-content\/uploads\/2023\/08\/IMG_7709-160x107.jpg 160w\" sizes=\"(max-width: 300px) 100vw, 300px\" \/><\/a>Por su parte, los hombres de \u00a0la gastronom\u00eda local indicaron que en el sector existe preocupaci\u00f3n, dado que a trav\u00e9s de un art\u00edculo de period\u00edstico, se informaron acerca de la utilizaci\u00f3n del \u201cproducto centolla, centoll\u00f3n y erizos\u201d en restaurantes ubicados en centros urbanos de Buenos Aires. Al parecer, el mencionado acontecimiento, se llevar\u00eda adelante a pesar de que en el escenario local se evidencia una faltante de los esos recursos naturales, expresaron con alarma, los cocineros.<\/span><\/p>\n<p><span style=\"font-family: arial, helvetica, sans-serif;font-size: 12pt\">Asimismo, solicitaron a las autoridades, que se arbitren las medidas necesarias para que el recurso sea utilizado, en primer t\u00e9rmino, en la plaza local y en el caso de existir un excedente, s\u00ed, se habilite el uso en otros lugares, inclusive la posibilidad de su exportaci\u00f3n.<\/span><\/p>\n<p>&nbsp;<\/p>\n<p><span style=\"font-family: arial, helvetica, sans-serif;font-size: 12pt\">Tambi\u00e9n, requirieron la opini\u00f3n de profesionales del CADIC \u201cque son los que realmente saben qu\u00e9 pasa debajo del agua\u201d, afirm\u00f3 Adill\u00f3n al tiempo que cont\u00f3 que les solicitaron, adem\u00e1s que se aggiorne la actual Ley de pesca.<\/span><\/p>\n<p>&nbsp;<\/p>\n<p style=\"text-align: right\"><em>ZV-AT<\/em><\/p>\n<p style=\"text-align: right\"><a href=\"https:\/\/drive.google.com\/drive\/folders\/1j9FykvuJdnB5KfFD2oFo3xq0Hgd6wzRf?usp=drive_link\" target=\"_blank\" rel=\"noopener noreferrer\">Galer\u00eda de im\u00e1genes<\/a><\/p>\n\n\t\t<style type=\"text\/css\">\n\t\t\t#gallery-1 {\n\t\t\t\tmargin: auto;\n\t\t\t}\n\t\t\t#gallery-1 .gallery-item {\n\t\t\t\tfloat: left;\n\t\t\t\tmargin-top: 10px;\n\t\t\t\ttext-align: center;\n\t\t\t\twidth: 16%;\n\t\t\t}\n\t\t\t#gallery-1 img {\n\t\t\t\tborder: 2px solid #cfcfcf;\n\t\t\t}\n\t\t\t#gallery-1 .gallery-caption {\n\t\t\t\tmargin-left: 0;\n\t\t\t}\n\t\t\t\/* see gallery_shortcode() in wp-includes\/media.php *\/\n\t\t<\/style>\n\t\t<div data-carousel-extra='{\"blog_id\":1,\"permalink\":\"https:\\\/\\\/www.legistdf.gob.ar\\\/index.php\\\/2023\\\/08\\\/18\\\/pesca-legisladores-analizaron-su-regularizacion-en-el-canal-beagle\\\/\"}' id='gallery-1' class='gallery galleryid-39470 gallery-columns-6 gallery-size-thumbnail'><dl class='gallery-item'>\n\t\t\t<dt class='gallery-icon landscape'>\n\t\t\t\t<a href='https:\/\/www.legistdf.gob.ar\/index.php\/2023\/08\/18\/pesca-legisladores-analizaron-su-regularizacion-en-el-canal-beagle\/img_7709-2\/'><img loading=\"lazy\" decoding=\"async\" width=\"150\" height=\"150\" src=\"https:\/\/www.legistdf.gob.ar\/wp-content\/uploads\/2023\/08\/IMG_7709-150x150.jpg\" class=\"attachment-thumbnail size-thumbnail\" alt=\"\" srcset=\"https:\/\/www.legistdf.gob.ar\/wp-content\/uploads\/2023\/08\/IMG_7709-150x150.jpg 150w, https:\/\/www.legistdf.gob.ar\/wp-content\/uploads\/2023\/08\/IMG_7709-64x64.jpg 64w\" sizes=\"(max-width: 150px) 100vw, 150px\" data-attachment-id=\"39471\" data-permalink=\"https:\/\/www.legistdf.gob.ar\/index.php\/2023\/08\/18\/pesca-legisladores-analizaron-su-regularizacion-en-el-canal-beagle\/img_7709-2\/\" data-orig-file=\"https:\/\/www.legistdf.gob.ar\/wp-content\/uploads\/2023\/08\/IMG_7709.jpg\" data-orig-size=\"4520,3013\" data-comments-opened=\"0\" data-image-meta=\"{&quot;aperture&quot;:&quot;2.8&quot;,&quot;credit&quot;:&quot;&quot;,&quot;camera&quot;:&quot;Canon EOS 6D&quot;,&quot;caption&quot;:&quot;&quot;,&quot;created_timestamp&quot;:&quot;1692287311&quot;,&quot;copyright&quot;:&quot;&quot;,&quot;focal_length&quot;:&quot;24&quot;,&quot;iso&quot;:&quot;250&quot;,&quot;shutter_speed&quot;:&quot;0.016666666666667&quot;,&quot;title&quot;:&quot;&quot;,&quot;orientation&quot;:&quot;0&quot;}\" data-image-title=\"IMG_7709\" data-image-description=\"\" data-image-caption=\"\" data-medium-file=\"https:\/\/www.legistdf.gob.ar\/wp-content\/uploads\/2023\/08\/IMG_7709-300x200.jpg\" data-large-file=\"https:\/\/www.legistdf.gob.ar\/wp-content\/uploads\/2023\/08\/IMG_7709-1024x683.jpg\" \/><\/a>\n\t\t\t<\/dt><\/dl><dl class='gallery-item'>\n\t\t\t<dt class='gallery-icon landscape'>\n\t\t\t\t<a href='https:\/\/www.legistdf.gob.ar\/index.php\/2023\/08\/18\/pesca-legisladores-analizaron-su-regularizacion-en-el-canal-beagle\/img_7712-3\/'><img loading=\"lazy\" decoding=\"async\" width=\"150\" height=\"150\" src=\"https:\/\/www.legistdf.gob.ar\/wp-content\/uploads\/2023\/08\/IMG_7712-150x150.jpg\" class=\"attachment-thumbnail size-thumbnail\" alt=\"\" srcset=\"https:\/\/www.legistdf.gob.ar\/wp-content\/uploads\/2023\/08\/IMG_7712-150x150.jpg 150w, https:\/\/www.legistdf.gob.ar\/wp-content\/uploads\/2023\/08\/IMG_7712-64x64.jpg 64w\" sizes=\"(max-width: 150px) 100vw, 150px\" data-attachment-id=\"39472\" data-permalink=\"https:\/\/www.legistdf.gob.ar\/index.php\/2023\/08\/18\/pesca-legisladores-analizaron-su-regularizacion-en-el-canal-beagle\/img_7712-3\/\" data-orig-file=\"https:\/\/www.legistdf.gob.ar\/wp-content\/uploads\/2023\/08\/IMG_7712.jpg\" data-orig-size=\"5128,3419\" data-comments-opened=\"0\" data-image-meta=\"{&quot;aperture&quot;:&quot;2.8&quot;,&quot;credit&quot;:&quot;&quot;,&quot;camera&quot;:&quot;Canon EOS 6D&quot;,&quot;caption&quot;:&quot;&quot;,&quot;created_timestamp&quot;:&quot;1692287343&quot;,&quot;copyright&quot;:&quot;&quot;,&quot;focal_length&quot;:&quot;44&quot;,&quot;iso&quot;:&quot;250&quot;,&quot;shutter_speed&quot;:&quot;0.01&quot;,&quot;title&quot;:&quot;&quot;,&quot;orientation&quot;:&quot;0&quot;}\" data-image-title=\"IMG_7712\" data-image-description=\"\" data-image-caption=\"\" data-medium-file=\"https:\/\/www.legistdf.gob.ar\/wp-content\/uploads\/2023\/08\/IMG_7712-300x200.jpg\" data-large-file=\"https:\/\/www.legistdf.gob.ar\/wp-content\/uploads\/2023\/08\/IMG_7712-1024x683.jpg\" \/><\/a>\n\t\t\t<\/dt><\/dl><dl class='gallery-item'>\n\t\t\t<dt class='gallery-icon landscape'>\n\t\t\t\t<a href='https:\/\/www.legistdf.gob.ar\/index.php\/2023\/08\/18\/pesca-legisladores-analizaron-su-regularizacion-en-el-canal-beagle\/img_7719\/'><img loading=\"lazy\" decoding=\"async\" width=\"150\" height=\"150\" src=\"https:\/\/www.legistdf.gob.ar\/wp-content\/uploads\/2023\/08\/IMG_7719-150x150.jpg\" class=\"attachment-thumbnail size-thumbnail\" alt=\"\" srcset=\"https:\/\/www.legistdf.gob.ar\/wp-content\/uploads\/2023\/08\/IMG_7719-150x150.jpg 150w, https:\/\/www.legistdf.gob.ar\/wp-content\/uploads\/2023\/08\/IMG_7719-64x64.jpg 64w\" sizes=\"(max-width: 150px) 100vw, 150px\" data-attachment-id=\"39473\" data-permalink=\"https:\/\/www.legistdf.gob.ar\/index.php\/2023\/08\/18\/pesca-legisladores-analizaron-su-regularizacion-en-el-canal-beagle\/img_7719\/\" data-orig-file=\"https:\/\/www.legistdf.gob.ar\/wp-content\/uploads\/2023\/08\/IMG_7719.jpg\" data-orig-size=\"5472,3648\" data-comments-opened=\"0\" data-image-meta=\"{&quot;aperture&quot;:&quot;2.8&quot;,&quot;credit&quot;:&quot;&quot;,&quot;camera&quot;:&quot;Canon EOS 6D&quot;,&quot;caption&quot;:&quot;&quot;,&quot;created_timestamp&quot;:&quot;1692287420&quot;,&quot;copyright&quot;:&quot;&quot;,&quot;focal_length&quot;:&quot;57&quot;,&quot;iso&quot;:&quot;250&quot;,&quot;shutter_speed&quot;:&quot;0.01&quot;,&quot;title&quot;:&quot;&quot;,&quot;orientation&quot;:&quot;0&quot;}\" data-image-title=\"IMG_7719\" data-image-description=\"\" data-image-caption=\"\" data-medium-file=\"https:\/\/www.legistdf.gob.ar\/wp-content\/uploads\/2023\/08\/IMG_7719-300x200.jpg\" data-large-file=\"https:\/\/www.legistdf.gob.ar\/wp-content\/uploads\/2023\/08\/IMG_7719-1024x683.jpg\" \/><\/a>\n\t\t\t<\/dt><\/dl><dl class='gallery-item'>\n\t\t\t<dt class='gallery-icon landscape'>\n\t\t\t\t<a href='https:\/\/www.legistdf.gob.ar\/index.php\/2023\/08\/18\/pesca-legisladores-analizaron-su-regularizacion-en-el-canal-beagle\/img_7723\/'><img loading=\"lazy\" decoding=\"async\" width=\"150\" height=\"150\" src=\"https:\/\/www.legistdf.gob.ar\/wp-content\/uploads\/2023\/08\/IMG_7723-150x150.jpg\" class=\"attachment-thumbnail size-thumbnail\" alt=\"\" srcset=\"https:\/\/www.legistdf.gob.ar\/wp-content\/uploads\/2023\/08\/IMG_7723-150x150.jpg 150w, https:\/\/www.legistdf.gob.ar\/wp-content\/uploads\/2023\/08\/IMG_7723-64x64.jpg 64w\" sizes=\"(max-width: 150px) 100vw, 150px\" data-attachment-id=\"39474\" data-permalink=\"https:\/\/www.legistdf.gob.ar\/index.php\/2023\/08\/18\/pesca-legisladores-analizaron-su-regularizacion-en-el-canal-beagle\/img_7723\/\" data-orig-file=\"https:\/\/www.legistdf.gob.ar\/wp-content\/uploads\/2023\/08\/IMG_7723.jpg\" data-orig-size=\"5472,3648\" data-comments-opened=\"0\" data-image-meta=\"{&quot;aperture&quot;:&quot;2.8&quot;,&quot;credit&quot;:&quot;&quot;,&quot;camera&quot;:&quot;Canon EOS 6D&quot;,&quot;caption&quot;:&quot;&quot;,&quot;created_timestamp&quot;:&quot;1692287467&quot;,&quot;copyright&quot;:&quot;&quot;,&quot;focal_length&quot;:&quot;24&quot;,&quot;iso&quot;:&quot;250&quot;,&quot;shutter_speed&quot;:&quot;0.0055555555555556&quot;,&quot;title&quot;:&quot;&quot;,&quot;orientation&quot;:&quot;0&quot;}\" data-image-title=\"IMG_7723\" data-image-description=\"\" data-image-caption=\"\" data-medium-file=\"https:\/\/www.legistdf.gob.ar\/wp-content\/uploads\/2023\/08\/IMG_7723-300x200.jpg\" data-large-file=\"https:\/\/www.legistdf.gob.ar\/wp-content\/uploads\/2023\/08\/IMG_7723-1024x683.jpg\" \/><\/a>\n\t\t\t<\/dt><\/dl><dl class='gallery-item'>\n\t\t\t<dt class='gallery-icon landscape'>\n\t\t\t\t<a href='https:\/\/www.legistdf.gob.ar\/index.php\/2023\/08\/18\/pesca-legisladores-analizaron-su-regularizacion-en-el-canal-beagle\/img_7726-3\/'><img loading=\"lazy\" decoding=\"async\" width=\"150\" height=\"150\" src=\"https:\/\/www.legistdf.gob.ar\/wp-content\/uploads\/2023\/08\/IMG_7726-150x150.jpg\" class=\"attachment-thumbnail size-thumbnail\" alt=\"\" srcset=\"https:\/\/www.legistdf.gob.ar\/wp-content\/uploads\/2023\/08\/IMG_7726-150x150.jpg 150w, https:\/\/www.legistdf.gob.ar\/wp-content\/uploads\/2023\/08\/IMG_7726-64x64.jpg 64w\" sizes=\"(max-width: 150px) 100vw, 150px\" data-attachment-id=\"39475\" data-permalink=\"https:\/\/www.legistdf.gob.ar\/index.php\/2023\/08\/18\/pesca-legisladores-analizaron-su-regularizacion-en-el-canal-beagle\/img_7726-3\/\" data-orig-file=\"https:\/\/www.legistdf.gob.ar\/wp-content\/uploads\/2023\/08\/IMG_7726.jpg\" data-orig-size=\"4338,2892\" data-comments-opened=\"0\" data-image-meta=\"{&quot;aperture&quot;:&quot;2.8&quot;,&quot;credit&quot;:&quot;&quot;,&quot;camera&quot;:&quot;Canon EOS 6D&quot;,&quot;caption&quot;:&quot;&quot;,&quot;created_timestamp&quot;:&quot;1692288866&quot;,&quot;copyright&quot;:&quot;&quot;,&quot;focal_length&quot;:&quot;70&quot;,&quot;iso&quot;:&quot;250&quot;,&quot;shutter_speed&quot;:&quot;0.0055555555555556&quot;,&quot;title&quot;:&quot;&quot;,&quot;orientation&quot;:&quot;0&quot;}\" data-image-title=\"IMG_7726\" data-image-description=\"\" data-image-caption=\"\" data-medium-file=\"https:\/\/www.legistdf.gob.ar\/wp-content\/uploads\/2023\/08\/IMG_7726-300x200.jpg\" data-large-file=\"https:\/\/www.legistdf.gob.ar\/wp-content\/uploads\/2023\/08\/IMG_7726-1024x683.jpg\" \/><\/a>\n\t\t\t<\/dt><\/dl><dl class='gallery-item'>\n\t\t\t<dt class='gallery-icon landscape'>\n\t\t\t\t<a href='https:\/\/www.legistdf.gob.ar\/index.php\/2023\/08\/18\/pesca-legisladores-analizaron-su-regularizacion-en-el-canal-beagle\/img_7731\/'><img loading=\"lazy\" decoding=\"async\" width=\"150\" height=\"150\" src=\"https:\/\/www.legistdf.gob.ar\/wp-content\/uploads\/2023\/08\/IMG_7731-150x150.jpg\" class=\"attachment-thumbnail size-thumbnail\" alt=\"\" srcset=\"https:\/\/www.legistdf.gob.ar\/wp-content\/uploads\/2023\/08\/IMG_7731-150x150.jpg 150w, https:\/\/www.legistdf.gob.ar\/wp-content\/uploads\/2023\/08\/IMG_7731-64x64.jpg 64w\" sizes=\"(max-width: 150px) 100vw, 150px\" data-attachment-id=\"39476\" data-permalink=\"https:\/\/www.legistdf.gob.ar\/index.php\/2023\/08\/18\/pesca-legisladores-analizaron-su-regularizacion-en-el-canal-beagle\/img_7731\/\" data-orig-file=\"https:\/\/www.legistdf.gob.ar\/wp-content\/uploads\/2023\/08\/IMG_7731.jpg\" data-orig-size=\"4473,2982\" data-comments-opened=\"0\" data-image-meta=\"{&quot;aperture&quot;:&quot;2.8&quot;,&quot;credit&quot;:&quot;&quot;,&quot;camera&quot;:&quot;Canon EOS 6D&quot;,&quot;caption&quot;:&quot;&quot;,&quot;created_timestamp&quot;:&quot;1692291586&quot;,&quot;copyright&quot;:&quot;&quot;,&quot;focal_length&quot;:&quot;24&quot;,&quot;iso&quot;:&quot;250&quot;,&quot;shutter_speed&quot;:&quot;0.0055555555555556&quot;,&quot;title&quot;:&quot;&quot;,&quot;orientation&quot;:&quot;0&quot;}\" data-image-title=\"IMG_7731\" data-image-description=\"\" data-image-caption=\"\" data-medium-file=\"https:\/\/www.legistdf.gob.ar\/wp-content\/uploads\/2023\/08\/IMG_7731-300x200.jpg\" data-large-file=\"https:\/\/www.legistdf.gob.ar\/wp-content\/uploads\/2023\/08\/IMG_7731-1024x683.jpg\" \/><\/a>\n\t\t\t<\/dt><\/dl><br style=\"clear: both\" \/>\n\t\t<\/div>\n\n<blockquote class=\"twitter-tweet\" data-width=\"550\" data-dnt=\"true\">\n<p lang=\"es\" dir=\"ltr\">Expresiones de la leg MAcosta, luego de la reuni\u00f3n sobre el recurso pesca en la industria gastron\u00f3mica fueguina. <a href=\"https:\/\/t.co\/CiHbdPuytH\">pic.twitter.com\/CiHbdPuytH<\/a><\/p>\n<p>&mdash; Prensa Legislativa (@PrensaLegisTDF) <a href=\"https:\/\/twitter.com\/PrensaLegisTDF\/status\/1692580498822803550?ref_src=twsrc%5Etfw\">August 18, 2023<\/a><\/p><\/blockquote>\n<p><script async src=\"https:\/\/platform.twitter.com\/widgets.js\" charset=\"utf-8\"><\/script><\/p>\n<blockquote class=\"twitter-tweet\" data-width=\"550\" data-dnt=\"true\">\n<p lang=\"es\" dir=\"ltr\">El empresario gastron\u00f3mico Lino Adill\u00f3n de <a href=\"https:\/\/twitter.com\/hashtag\/Ushuaia?src=hash&amp;ref_src=twsrc%5Etfw\">#Ushuaia<\/a>, se mostr\u00f3 conforme con la reuni\u00f3n que busca potenciar la pesca artesanal para el consumo interno. Ayer se reuni\u00f3 con LMAllende, FSciurano y la leg MAcosta junto a funcionarios de la SecPesca. <a href=\"https:\/\/t.co\/U1bFiZpt1y\">pic.twitter.com\/U1bFiZpt1y<\/a><\/p>\n<p>&mdash; Prensa Legislativa (@PrensaLegisTDF) <a href=\"https:\/\/twitter.com\/PrensaLegisTDF\/status\/1692551189617856970?ref_src=twsrc%5Etfw\">August 18, 2023<\/a><\/p><\/blockquote>\n<p><script async src=\"https:\/\/platform.twitter.com\/widgets.js\" charset=\"utf-8\"><\/script><\/p>\n","protected":false},"excerpt":{"rendered":"<p>Ushuaia, viernes 18 de agosto de 2023.- La presidenta de la Comisi\u00f3n de Recursos Naturales N\u00ba 3, M\u00f3nica Acosta junto al legislador Federico Sciurano y la legisladora Liliana Mart\u00ednez Allende (UCR), mantuvieron un encuentro -fuera de ese espacio de debate- con propietarios de locales gastron\u00f3micos tradicionales de Ushuaia, del cual tambi\u00e9n participaron funcionarios del \u00e1rea [&hellip;]<\/p>\n","protected":false},"author":352,"featured_media":39474,"comment_status":"closed","ping_status":"closed","sticky":false,"template":"","format":"standard","meta":{"jetpack_post_was_ever_published":false,"_jetpack_newsletter_access":"","_jetpack_dont_email_post_to_subs":false,"_jetpack_newsletter_tier_id":0,"footnotes":"","jetpack_publicize_message":"","jetpack_publicize_feature_enabled":true,"jetpack_social_post_already_shared":true,"jetpack_social_options":{"image_generator_settings":{"template":"highway","enabled":false}}},"categories":[1],"tags":[3065,2562,3066,1817,3064,79,87],"jetpack_publicize_connections":[],"jetpack_sharing_enabled":true,"jetpack_featured_media_url":"https:\/\/www.legistdf.gob.ar\/wp-content\/uploads\/2023\/08\/IMG_7723.jpg","jetpack-related-posts":[],"_links":{"self":[{"href":"https:\/\/www.legistdf.gob.ar\/index.php\/wp-json\/wp\/v2\/posts\/39470"}],"collection":[{"href":"https:\/\/www.legistdf.gob.ar\/index.php\/wp-json\/wp\/v2\/posts"}],"about":[{"href":"https:\/\/www.legistdf.gob.ar\/index.php\/wp-json\/wp\/v2\/types\/post"}],"author":[{"embeddable":true,"href":"https:\/\/www.legistdf.gob.ar\/index.php\/wp-json\/wp\/v2\/users\/352"}],"replies":[{"embeddable":true,"href":"https:\/\/www.legistdf.gob.ar\/index.php\/wp-json\/wp\/v2\/comments?post=39470"}],"version-history":[{"count":1,"href":"https:\/\/www.legistdf.gob.ar\/index.php\/wp-json\/wp\/v2\/posts\/39470\/revisions"}],"predecessor-version":[{"id":39477,"href":"https:\/\/www.legistdf.gob.ar\/index.php\/wp-json\/wp\/v2\/posts\/39470\/revisions\/39477"}],"wp:featuredmedia":[{"embeddable":true,"href":"https:\/\/www.legistdf.gob.ar\/index.php\/wp-json\/wp\/v2\/media\/39474"}],"wp:attachment":[{"href":"https:\/\/www.legistdf.gob.ar\/index.php\/wp-json\/wp\/v2\/media?parent=39470"}],"wp:term":[{"taxonomy":"category","embeddable":true,"href":"https:\/\/www.legistdf.gob.ar\/index.php\/wp-json\/wp\/v2\/categories?post=39470"},{"taxonomy":"post_tag","embeddable":true,"href":"https:\/\/www.legistdf.gob.ar\/index.php\/wp-json\/wp\/v2\/tags?post=39470"}],"curies":[{"name":"wp","href":"https:\/\/api.w.org\/{rel}","templated":true}]}}