{"id":39530,"date":"2023-08-28T15:27:53","date_gmt":"2023-08-28T18:27:53","guid":{"rendered":"https:\/\/www.legistdf.gob.ar\/?p=39530"},"modified":"2023-08-28T15:27:53","modified_gmt":"2023-08-28T18:27:53","slug":"ambiente-el-alga-parda-especie-bandera-a-proteger","status":"publish","type":"post","link":"https:\/\/www.legistdf.gob.ar\/index.php\/2023\/08\/28\/ambiente-el-alga-parda-especie-bandera-a-proteger\/","title":{"rendered":"AMBIENTE: El alga parda, especie bandera a proteger"},"content":{"rendered":"<p><span style=\"font-size: 14pt\"><strong><span style=\"font-family: arial, helvetica, sans-serif\"><a href=\"https:\/\/www.legistdf.gob.ar\/wp-content\/uploads\/2023\/08\/peninsula-mitre-3jpg.jpg\"><img loading=\"lazy\" decoding=\"async\" data-attachment-id=\"39531\" data-permalink=\"https:\/\/www.legistdf.gob.ar\/index.php\/2023\/08\/28\/ambiente-el-alga-parda-especie-bandera-a-proteger\/peninsula-mitre-3jpg\/\" data-orig-file=\"https:\/\/www.legistdf.gob.ar\/wp-content\/uploads\/2023\/08\/peninsula-mitre-3jpg.jpg\" data-orig-size=\"1200,675\" data-comments-opened=\"0\" data-image-meta=\"{&quot;aperture&quot;:&quot;0&quot;,&quot;credit&quot;:&quot;&quot;,&quot;camera&quot;:&quot;&quot;,&quot;caption&quot;:&quot;&quot;,&quot;created_timestamp&quot;:&quot;0&quot;,&quot;copyright&quot;:&quot;&quot;,&quot;focal_length&quot;:&quot;0&quot;,&quot;iso&quot;:&quot;0&quot;,&quot;shutter_speed&quot;:&quot;0&quot;,&quot;title&quot;:&quot;&quot;,&quot;orientation&quot;:&quot;0&quot;}\" data-image-title=\"peninsula-mitre-3jpg\" data-image-description=\"\" data-image-caption=\"\" data-medium-file=\"https:\/\/www.legistdf.gob.ar\/wp-content\/uploads\/2023\/08\/peninsula-mitre-3jpg-300x169.jpg\" data-large-file=\"https:\/\/www.legistdf.gob.ar\/wp-content\/uploads\/2023\/08\/peninsula-mitre-3jpg-1024x576.jpg\" class=\"alignleft wp-image-39531 size-medium\" src=\"https:\/\/www.legistdf.gob.ar\/wp-content\/uploads\/2023\/08\/peninsula-mitre-3jpg-300x169.jpg\" alt=\"\" width=\"300\" height=\"169\" srcset=\"https:\/\/www.legistdf.gob.ar\/wp-content\/uploads\/2023\/08\/peninsula-mitre-3jpg-300x169.jpg 300w, https:\/\/www.legistdf.gob.ar\/wp-content\/uploads\/2023\/08\/peninsula-mitre-3jpg-768x432.jpg 768w, https:\/\/www.legistdf.gob.ar\/wp-content\/uploads\/2023\/08\/peninsula-mitre-3jpg-1024x576.jpg 1024w, https:\/\/www.legistdf.gob.ar\/wp-content\/uploads\/2023\/08\/peninsula-mitre-3jpg-160x90.jpg 160w, https:\/\/www.legistdf.gob.ar\/wp-content\/uploads\/2023\/08\/peninsula-mitre-3jpg.jpg 1200w\" sizes=\"(max-width: 300px) 100vw, 300px\" \/><\/a>Ushuaia, lunes 28 de agosto de 2023.- En la reciente reuni\u00f3n de la Comisi\u00f3n de Recursos Naturales de la Legislatura, el legislador Federico Sciurano (UCR) solicit\u00f3 a la Presidencia el tratamiento del asunto que busca declarar patrimonio natural de la Provincia, al alga parda (macrocystis pyrifera). El <a href=\"https:\/\/www.legistdf.gob.ar\/lp\/novedadesip\/Asuntos%20Entrados%202022\/As.%20N%BA%20296-22.pdf\" target=\"_blank\" rel=\"noopener noreferrer\">asunto N\u00b0 296\/22<\/a>, propone tambi\u00e9n la regulaci\u00f3n en la extracci\u00f3n del recurso en la zona de Pen\u00ednsula Mitre.<\/span><\/strong><\/span><\/p>\n<p>&nbsp;<\/p>\n<p><span style=\"font-family: arial, helvetica, sans-serif;font-size: 12pt\"><a href=\"https:\/\/www.legistdf.gob.ar\/wp-content\/uploads\/2023\/08\/IMG_7882.jpg\"><img loading=\"lazy\" decoding=\"async\" data-attachment-id=\"39512\" data-permalink=\"https:\/\/www.legistdf.gob.ar\/index.php\/2023\/08\/27\/soberania-se-debe-seguir-consolidando-la-hermandad-entre-los-pueblos-pidio-sciurano\/img_7882-4\/\" data-orig-file=\"https:\/\/www.legistdf.gob.ar\/wp-content\/uploads\/2023\/08\/IMG_7882.jpg\" data-orig-size=\"1500,1000\" data-comments-opened=\"0\" data-image-meta=\"{&quot;aperture&quot;:&quot;2.8&quot;,&quot;credit&quot;:&quot;&quot;,&quot;camera&quot;:&quot;Canon EOS 6D&quot;,&quot;caption&quot;:&quot;&quot;,&quot;created_timestamp&quot;:&quot;1692975254&quot;,&quot;copyright&quot;:&quot;&quot;,&quot;focal_length&quot;:&quot;42&quot;,&quot;iso&quot;:&quot;250&quot;,&quot;shutter_speed&quot;:&quot;0.016666666666667&quot;,&quot;title&quot;:&quot;&quot;,&quot;orientation&quot;:&quot;0&quot;}\" data-image-title=\"IMG_7882\" data-image-description=\"\" data-image-caption=\"\" data-medium-file=\"https:\/\/www.legistdf.gob.ar\/wp-content\/uploads\/2023\/08\/IMG_7882-300x200.jpg\" data-large-file=\"https:\/\/www.legistdf.gob.ar\/wp-content\/uploads\/2023\/08\/IMG_7882-1024x683.jpg\" class=\"alignright wp-image-39512 size-medium\" src=\"https:\/\/www.legistdf.gob.ar\/wp-content\/uploads\/2023\/08\/IMG_7882-300x200.jpg\" alt=\"\" width=\"300\" height=\"200\" srcset=\"https:\/\/www.legistdf.gob.ar\/wp-content\/uploads\/2023\/08\/IMG_7882-300x200.jpg 300w, https:\/\/www.legistdf.gob.ar\/wp-content\/uploads\/2023\/08\/IMG_7882-768x512.jpg 768w, https:\/\/www.legistdf.gob.ar\/wp-content\/uploads\/2023\/08\/IMG_7882-1024x683.jpg 1024w, https:\/\/www.legistdf.gob.ar\/wp-content\/uploads\/2023\/08\/IMG_7882-160x107.jpg 160w, https:\/\/www.legistdf.gob.ar\/wp-content\/uploads\/2023\/08\/IMG_7882.jpg 1500w\" sizes=\"(max-width: 300px) 100vw, 300px\" \/><\/a>En contacto con Prensa Legislativa, el referente radical sostuvo que proteger los bosques de macroalgas del litoral fueguino se sumar\u00e1 a la legislaci\u00f3n que hoy resguarda al <a href=\"https:\/\/www.legistdf.gob.ar\/index.php\/2022\/12\/06\/sesion-especial-creacion-anp-peninsula-mitre\/\" target=\"_blank\" rel=\"noopener noreferrer\">\u00e1rea natural de Pen\u00ednsula Mitre<\/a>. En este sentido, sostuvo que <a href=\"https:\/\/www.legistdf.gob.ar\/index.php\/2023\/06\/05\/ambiente-tierra-del-fuego-como-custodio-de-los-bosques-submarinos-de-algas-pardas\/\" target=\"_blank\" rel=\"noopener noreferrer\">el proyecto que ingres\u00f3 el radicalismo legislativo<\/a>, tambi\u00e9n regula la extracci\u00f3n de ese recurso, solo con fines de abordaje cient\u00edfico. \u201cTodo lo relacionado al desarrollo de la actividad productiva o comercial, tiene que estar siempre orientada\u201d a la preservaci\u00f3n del ambiente natural.<\/span><\/p>\n<p>&nbsp;<\/p>\n<p><em><span style=\"font-family: arial, helvetica, sans-serif;font-size: 14pt\">As\u00ed, en la reuni\u00f3n de la Comisi\u00f3n que preside la legisladora M\u00f3nica Acosta (FORJA), Sciurano volvi\u00f3 a insistir en la necesidad de dotar a Tierra del Fuego de una nueva normativa que preserve esa especie. En los fundamentos de la propuesta, la UCR legislativa se\u00f1ala que \u201cmacrocystis pyrifera, es la especie m\u00e1s abundante de estos bosques marinos\u201d y recordaron que el aumento en las temperaturas de las aguas, por encima de los 15 y 17\u00b0, las afectan pero no en las zonas subant\u00e1rticas que es donde se pretende legislar.<\/span><\/em><\/p>\n<p>&nbsp;<\/p>\n<p><span style=\"font-family: arial, helvetica, sans-serif;font-size: 12pt\"><a href=\"https:\/\/www.legistdf.gob.ar\/wp-content\/uploads\/2023\/08\/IMG_7873.jpg\"><img loading=\"lazy\" decoding=\"async\" data-attachment-id=\"39511\" data-permalink=\"https:\/\/www.legistdf.gob.ar\/index.php\/2023\/08\/27\/soberania-se-debe-seguir-consolidando-la-hermandad-entre-los-pueblos-pidio-sciurano\/img_7873-2\/\" data-orig-file=\"https:\/\/www.legistdf.gob.ar\/wp-content\/uploads\/2023\/08\/IMG_7873.jpg\" data-orig-size=\"1500,1000\" data-comments-opened=\"0\" data-image-meta=\"{&quot;aperture&quot;:&quot;2.8&quot;,&quot;credit&quot;:&quot;&quot;,&quot;camera&quot;:&quot;Canon EOS 6D&quot;,&quot;caption&quot;:&quot;&quot;,&quot;created_timestamp&quot;:&quot;1692974615&quot;,&quot;copyright&quot;:&quot;&quot;,&quot;focal_length&quot;:&quot;39&quot;,&quot;iso&quot;:&quot;250&quot;,&quot;shutter_speed&quot;:&quot;0.0055555555555556&quot;,&quot;title&quot;:&quot;&quot;,&quot;orientation&quot;:&quot;0&quot;}\" data-image-title=\"IMG_7873\" data-image-description=\"\" data-image-caption=\"\" data-medium-file=\"https:\/\/www.legistdf.gob.ar\/wp-content\/uploads\/2023\/08\/IMG_7873-300x200.jpg\" data-large-file=\"https:\/\/www.legistdf.gob.ar\/wp-content\/uploads\/2023\/08\/IMG_7873-1024x683.jpg\" class=\"alignleft wp-image-39511 size-medium\" src=\"https:\/\/www.legistdf.gob.ar\/wp-content\/uploads\/2023\/08\/IMG_7873-300x200.jpg\" alt=\"\" width=\"300\" height=\"200\" srcset=\"https:\/\/www.legistdf.gob.ar\/wp-content\/uploads\/2023\/08\/IMG_7873-300x200.jpg 300w, https:\/\/www.legistdf.gob.ar\/wp-content\/uploads\/2023\/08\/IMG_7873-768x512.jpg 768w, https:\/\/www.legistdf.gob.ar\/wp-content\/uploads\/2023\/08\/IMG_7873-1024x683.jpg 1024w, https:\/\/www.legistdf.gob.ar\/wp-content\/uploads\/2023\/08\/IMG_7873-160x107.jpg 160w, https:\/\/www.legistdf.gob.ar\/wp-content\/uploads\/2023\/08\/IMG_7873.jpg 1500w\" sizes=\"(max-width: 300px) 100vw, 300px\" \/><\/a>\u201cDe acuerdo a algunos modelos predictivos, dentro de los pr\u00f3ximos 100 a\u00f1os el mar patag\u00f3nico se convertir\u00e1 en el \u00faltimo refugio de aguas fr\u00edas del planeta debido a que el aumento progresivo de las temperaturas marinas se dar\u00e1 m\u00e1s lento que en otras partes del planeta\u201d, se\u00f1ala el proyecto.<\/span><\/p>\n<p>&nbsp;<\/p>\n<p><span style=\"font-family: arial, helvetica, sans-serif;font-size: 12pt\">\u201cEs muy importante que tengamos una mirada protectora sobre la vida silvestre; buscamos visibilizar la capacidad ict\u00edcola, hecho que \u00a0demostrar\u00e1 \u00a0el recurso que genera a la Provincia y al pa\u00eds\u201d. \u00a0En este sentido, Sciurano se esperanz\u00f3 en que durante 2023 la Legislatura fueguina, sancione dicha normativa.<\/span><\/p>\n<p>&nbsp;<\/p>\n<p><span style=\"font-family: arial, helvetica, sans-serif;font-size: 12pt\">En la actualidad, estos bosques cubren el 28% de las costas marinas alrededor del mundo aunque aproximadamente el 40% de ellos han desaparecido en los \u00faltimos 50 a\u00f1os. \u201cSu disminuci\u00f3n se ha dado entre dos y cuatro veces m\u00e1s r\u00e1pido que los bosques tropicales y las barreras de coral\u201d.<\/span><\/p>\n<p>&nbsp;<\/p>\n<blockquote><p><em><span style=\"font-family: arial, helvetica, sans-serif;font-size: 14pt\">Federico Sciurano se\u00f1al\u00f3 a Prensa Legislativa que, contar con un corpus normativo destinado a la preservaci\u00f3n del ambiente natural fueguino, \u201cen una zona tan importante para el planeta como el Atl\u00e1ntico Sur\u201d, busca garantizar la sustentabilidad de la especie.<\/span><\/em><\/p><\/blockquote>\n<p>&nbsp;<\/p>\n<p><span style=\"font-family: arial, helvetica, sans-serif;font-size: 12pt\">Un dato a considerar, es que en Tierra del Fuego \u201cno se explota ninguna clase de alga, tampoco se registran algas comestibles en calidad o cantidad para tener condiciones de explotaci\u00f3n sistem\u00e1tica. \u201cContamos con el privilegio, y la responsabilidad, de albergar 6.418 ha. de la especie de macroalga Macrocystis pyrifera, aproximadamente la mitad del \u00e1rea total de esta especie en Argentina, estimada en m\u00e1s de 10.000 ha. espec\u00edficamente, Pen\u00ednsula Mitre junto con la Isla de los Estados, re\u00fanen el 76% del \u00e1rea total de bosques presentes en la Provincia\u201d.<\/span><\/p>\n<p>&nbsp;<\/p>\n<p><span style=\"font-family: arial, helvetica, sans-serif;font-size: 12pt\"><a href=\"https:\/\/www.legistdf.gob.ar\/index.php\/2023\/06\/05\/ambiente-tierra-del-fuego-como-custodio-de-los-bosques-submarinos-de-algas-pardas\/\">AMBIENTE: Tierra del Fuego como custodio de los bosques submarinos de algas pardas \u2013 Legislatura TDF A.I.A.S. (legistdf.gob.ar)<\/a><\/span><\/p>\n<p>&nbsp;<\/p>\n<blockquote class=\"twitter-tweet\" data-width=\"550\" data-dnt=\"true\">\n<p lang=\"es\" dir=\"ltr\">AMBIENTE: El alga parda, especie bandera a proteger<\/p>\n<p>En la reciente reuni\u00f3n de la Comisi\u00f3n N\u00b0 3 el legislador Federico Sciurano (UCR) solicit\u00f3 a la Presidencia el tratamiento del asunto que busca declarar patrimonio natural de la Provincia, al alga parda (macrocystis pyrifera).<\/p>\n<p>&mdash; Prensa Legislativa (@PrensaLegisTDF) <a href=\"https:\/\/twitter.com\/PrensaLegisTDF\/status\/1696193245745664078?ref_src=twsrc%5Etfw\">August 28, 2023<\/a><\/p><\/blockquote>\n<p><script async src=\"https:\/\/platform.twitter.com\/widgets.js\" charset=\"utf-8\"><\/script><\/p>\n<p style=\"text-align: right\">AT-NEGM<\/p>\n","protected":false},"excerpt":{"rendered":"<p>Ushuaia, lunes 28 de agosto de 2023.- En la reciente reuni\u00f3n de la Comisi\u00f3n de Recursos Naturales de la Legislatura, el legislador Federico Sciurano (UCR) solicit\u00f3 a la Presidencia el tratamiento del asunto que busca declarar patrimonio natural de la Provincia, al alga parda (macrocystis pyrifera). El asunto N\u00b0 296\/22, propone tambi\u00e9n la regulaci\u00f3n en [&hellip;]<\/p>\n","protected":false},"author":352,"featured_media":39531,"comment_status":"closed","ping_status":"closed","sticky":false,"template":"","format":"standard","meta":{"jetpack_post_was_ever_published":false,"_jetpack_newsletter_access":"","_jetpack_dont_email_post_to_subs":false,"_jetpack_newsletter_tier_id":0,"footnotes":"","jetpack_publicize_message":"","jetpack_publicize_feature_enabled":true,"jetpack_social_post_already_shared":true,"jetpack_social_options":{"image_generator_settings":{"template":"highway","enabled":false}}},"categories":[1],"tags":[3001,433,3002,1824,78,2989,521,883,448,87],"jetpack_publicize_connections":[],"jetpack_sharing_enabled":true,"jetpack_featured_media_url":"https:\/\/www.legistdf.gob.ar\/wp-content\/uploads\/2023\/08\/peninsula-mitre-3jpg.jpg","jetpack-related-posts":[],"_links":{"self":[{"href":"https:\/\/www.legistdf.gob.ar\/index.php\/wp-json\/wp\/v2\/posts\/39530"}],"collection":[{"href":"https:\/\/www.legistdf.gob.ar\/index.php\/wp-json\/wp\/v2\/posts"}],"about":[{"href":"https:\/\/www.legistdf.gob.ar\/index.php\/wp-json\/wp\/v2\/types\/post"}],"author":[{"embeddable":true,"href":"https:\/\/www.legistdf.gob.ar\/index.php\/wp-json\/wp\/v2\/users\/352"}],"replies":[{"embeddable":true,"href":"https:\/\/www.legistdf.gob.ar\/index.php\/wp-json\/wp\/v2\/comments?post=39530"}],"version-history":[{"count":1,"href":"https:\/\/www.legistdf.gob.ar\/index.php\/wp-json\/wp\/v2\/posts\/39530\/revisions"}],"predecessor-version":[{"id":39532,"href":"https:\/\/www.legistdf.gob.ar\/index.php\/wp-json\/wp\/v2\/posts\/39530\/revisions\/39532"}],"wp:featuredmedia":[{"embeddable":true,"href":"https:\/\/www.legistdf.gob.ar\/index.php\/wp-json\/wp\/v2\/media\/39531"}],"wp:attachment":[{"href":"https:\/\/www.legistdf.gob.ar\/index.php\/wp-json\/wp\/v2\/media?parent=39530"}],"wp:term":[{"taxonomy":"category","embeddable":true,"href":"https:\/\/www.legistdf.gob.ar\/index.php\/wp-json\/wp\/v2\/categories?post=39530"},{"taxonomy":"post_tag","embeddable":true,"href":"https:\/\/www.legistdf.gob.ar\/index.php\/wp-json\/wp\/v2\/tags?post=39530"}],"curies":[{"name":"wp","href":"https:\/\/api.w.org\/{rel}","templated":true}]}}