{"id":39651,"date":"2023-09-07T13:47:57","date_gmt":"2023-09-07T16:47:57","guid":{"rendered":"https:\/\/www.legistdf.gob.ar\/?p=39651"},"modified":"2023-09-07T14:01:13","modified_gmt":"2023-09-07T17:01:13","slug":"juventudes-recta-final-para-la-sesion-del-parlamento-juvenil-del-mercosur","status":"publish","type":"post","link":"https:\/\/www.legistdf.gob.ar\/index.php\/2023\/09\/07\/juventudes-recta-final-para-la-sesion-del-parlamento-juvenil-del-mercosur\/","title":{"rendered":"JUVENTUDES: Recta final para la sesi\u00f3n del Parlamento Juvenil del Mercosur"},"content":{"rendered":"<p><span style=\"font-family: arial, helvetica, sans-serif;font-size: 14pt\"><strong>Ushuaia, jueves 7 de septiembre de 2023.- La sala de reuniones de la Presidencia del Poder Legislativo, fue el espacio donde se concret\u00f3 esta ma\u00f1ana, el encuentro entre autoridades de la C\u00e1mara y los j\u00f3venes funcionarios del Gobierno provincial. El objetivo fue ultimar los detalles organizativos para la concreci\u00f3n de la 14\u00ba sesi\u00f3n del Parlamento Juvenil del Mercosur que se realizar\u00e1 el 12 de septiembre en el recinto de sesiones ubicado en Yaganes y H\u00e9roes de Malvinas.<a href=\"https:\/\/www.legistdf.gob.ar\/wp-content\/uploads\/2023\/09\/IMG_8361.jpg\"><img loading=\"lazy\" decoding=\"async\" data-attachment-id=\"39652\" data-permalink=\"https:\/\/www.legistdf.gob.ar\/index.php\/2023\/09\/07\/juventudes-recta-final-para-la-sesion-del-parlamento-juvenil-del-mercosur\/img_8361-3\/\" data-orig-file=\"https:\/\/www.legistdf.gob.ar\/wp-content\/uploads\/2023\/09\/IMG_8361.jpg\" data-orig-size=\"1500,1000\" data-comments-opened=\"0\" data-image-meta=\"{&quot;aperture&quot;:&quot;2.8&quot;,&quot;credit&quot;:&quot;&quot;,&quot;camera&quot;:&quot;Canon EOS 6D&quot;,&quot;caption&quot;:&quot;&quot;,&quot;created_timestamp&quot;:&quot;1694085160&quot;,&quot;copyright&quot;:&quot;&quot;,&quot;focal_length&quot;:&quot;31&quot;,&quot;iso&quot;:&quot;250&quot;,&quot;shutter_speed&quot;:&quot;0.008&quot;,&quot;title&quot;:&quot;&quot;,&quot;orientation&quot;:&quot;0&quot;}\" data-image-title=\"IMG_8361\" data-image-description=\"\" data-image-caption=\"\" data-medium-file=\"https:\/\/www.legistdf.gob.ar\/wp-content\/uploads\/2023\/09\/IMG_8361-300x200.jpg\" data-large-file=\"https:\/\/www.legistdf.gob.ar\/wp-content\/uploads\/2023\/09\/IMG_8361-1024x683.jpg\" class=\"alignleft wp-image-39652 size-medium\" src=\"https:\/\/www.legistdf.gob.ar\/wp-content\/uploads\/2023\/09\/IMG_8361-300x200.jpg\" alt=\"\" width=\"300\" height=\"200\" srcset=\"https:\/\/www.legistdf.gob.ar\/wp-content\/uploads\/2023\/09\/IMG_8361-300x200.jpg 300w, https:\/\/www.legistdf.gob.ar\/wp-content\/uploads\/2023\/09\/IMG_8361-768x512.jpg 768w, https:\/\/www.legistdf.gob.ar\/wp-content\/uploads\/2023\/09\/IMG_8361-1024x683.jpg 1024w, https:\/\/www.legistdf.gob.ar\/wp-content\/uploads\/2023\/09\/IMG_8361-160x107.jpg 160w, https:\/\/www.legistdf.gob.ar\/wp-content\/uploads\/2023\/09\/IMG_8361.jpg 1500w\" sizes=\"(max-width: 300px) 100vw, 300px\" \/><\/a><\/strong><\/span><\/p>\n<p>&nbsp;<\/p>\n<p><span style=\"font-family: arial, helvetica, sans-serif;font-size: 12pt\">Keyla Jurnet, es directora de Juventudes del Gobierno de Tierra del Fuego y cont\u00f3 a Prensa Legislativa que \u201cpudimos avanzar en los preparativos para que pibes y pibas de la Provincia, puedan acercarse cada vez m\u00e1s\u00a0 a la instancia legislativa y de a poco culminar un a\u00f1o de trabajo\u201d, en el marco del PJM. En tanto agradeci\u00f3 al Poder Legislativo, por el acompa\u00f1amiento que reciben del personal de planta y de las autoridades.<\/span><\/p>\n<p>&nbsp;<\/p>\n<p><span style=\"font-family: arial, helvetica, sans-serif;font-size: 12pt\">La joven, reconoci\u00f3 que \u201cestamos muy ansiosos y ansiosas ya que vamos a inaugurar una nueva instancia del Parlamento Juvenil del MERCOSUR, donde j\u00f3venes de nuestra provincia sesionar\u00e1n despu\u00e9s de un a\u00f1o de arduo trabajo que venimos realizando con pibes y pibas de todas las escuelas de nivel secundario\u201d. Adem\u00e1s cont\u00f3 que, entre las actividades previstas, se ubican tambi\u00e9n, participaciones en el Senado y en la C\u00e1mara de Diputados de la Naci\u00f3n.<\/span><\/p>\n<p>&nbsp;<\/p>\n<p><span style=\"font-family: arial, helvetica, sans-serif;font-size: 12pt\">En rigor, se trata de espacios propicios para el intercambio de ideas, de acciones que permitan el enriquecimiento en la formaci\u00f3n en la vida p\u00fablica y de gesti\u00f3n. \u201cEllos presentar\u00e1n lo que estuvieron trabajando en cada una de las escuelas, con los distintos ejes tem\u00e1ticos. Es un proceso evolutivo de los chicos y chicas que continuar\u00e1 con esta instancia legislativa\u201d, ampli\u00f3 Keyla Jurnet.<\/span><\/p>\n<p>&nbsp;<\/p>\n<p><span style=\"font-family: arial, helvetica, sans-serif;font-size: 12pt\">Surge en 2009 en el marco del Sector Educativo del Mercosur para ser implementado en escuelas secundarias de Brasil, Paraguay, Bolivia, Uruguay y Argentina como respuesta a la necesidad de fortalecer los espacios de participaci\u00f3n de las y los j\u00f3venes en el proceso de promoci\u00f3n de la ciudadan\u00eda regional.<a href=\"https:\/\/www.legistdf.gob.ar\/wp-content\/uploads\/2023\/09\/IMG_8365.jpg\"><img loading=\"lazy\" decoding=\"async\" data-attachment-id=\"39653\" data-permalink=\"https:\/\/www.legistdf.gob.ar\/index.php\/2023\/09\/07\/juventudes-recta-final-para-la-sesion-del-parlamento-juvenil-del-mercosur\/img_8365\/\" data-orig-file=\"https:\/\/www.legistdf.gob.ar\/wp-content\/uploads\/2023\/09\/IMG_8365.jpg\" data-orig-size=\"1500,1000\" data-comments-opened=\"0\" data-image-meta=\"{&quot;aperture&quot;:&quot;2.8&quot;,&quot;credit&quot;:&quot;&quot;,&quot;camera&quot;:&quot;Canon EOS 6D&quot;,&quot;caption&quot;:&quot;&quot;,&quot;created_timestamp&quot;:&quot;1694085200&quot;,&quot;copyright&quot;:&quot;&quot;,&quot;focal_length&quot;:&quot;24&quot;,&quot;iso&quot;:&quot;250&quot;,&quot;shutter_speed&quot;:&quot;0.008&quot;,&quot;title&quot;:&quot;&quot;,&quot;orientation&quot;:&quot;0&quot;}\" data-image-title=\"IMG_8365\" data-image-description=\"\" data-image-caption=\"\" data-medium-file=\"https:\/\/www.legistdf.gob.ar\/wp-content\/uploads\/2023\/09\/IMG_8365-300x200.jpg\" data-large-file=\"https:\/\/www.legistdf.gob.ar\/wp-content\/uploads\/2023\/09\/IMG_8365-1024x683.jpg\" class=\"alignright wp-image-39653 size-medium\" src=\"https:\/\/www.legistdf.gob.ar\/wp-content\/uploads\/2023\/09\/IMG_8365-300x200.jpg\" alt=\"\" width=\"300\" height=\"200\" srcset=\"https:\/\/www.legistdf.gob.ar\/wp-content\/uploads\/2023\/09\/IMG_8365-300x200.jpg 300w, https:\/\/www.legistdf.gob.ar\/wp-content\/uploads\/2023\/09\/IMG_8365-768x512.jpg 768w, https:\/\/www.legistdf.gob.ar\/wp-content\/uploads\/2023\/09\/IMG_8365-1024x683.jpg 1024w, https:\/\/www.legistdf.gob.ar\/wp-content\/uploads\/2023\/09\/IMG_8365-160x107.jpg 160w, https:\/\/www.legistdf.gob.ar\/wp-content\/uploads\/2023\/09\/IMG_8365.jpg 1500w\" sizes=\"(max-width: 300px) 100vw, 300px\" \/><\/a><\/span><\/p>\n<p>&nbsp;<\/p>\n<p><span style=\"font-family: arial, helvetica, sans-serif;font-size: 12pt\">El Parlamento Juvenil del MERCOSUR promueve un espacio de di\u00e1logo institucionalizado entre estudiantes del nivel secundario de los pa\u00edses de la regi\u00f3n con el prop\u00f3sito de fomentar el debate como forma de construcci\u00f3n del conocimiento y la participaci\u00f3n como herramienta de transformaci\u00f3n social. Los debates se organizan a trav\u00e9s de diferentes instancias: escolar, provincial, nacional e internacional. En cada una de ellas las y los estudiantes elaboran propuestas que quedan plasmadas en documentos o declaraciones que son presentadas a las autoridades educativas nacionales y del sector educativo del MERCOSUR.<\/span><\/p>\n<p>&nbsp;<\/p>\n<p>&nbsp;<\/p>\n<p style=\"text-align: right\"><em><span style=\"font-family: arial, helvetica, sans-serif;font-size: 12pt\">ZV-NEGM<\/span><\/em><\/p>\n<p>&nbsp;<\/p>\n\n\t\t<style type=\"text\/css\">\n\t\t\t#gallery-1 {\n\t\t\t\tmargin: auto;\n\t\t\t}\n\t\t\t#gallery-1 .gallery-item {\n\t\t\t\tfloat: left;\n\t\t\t\tmargin-top: 10px;\n\t\t\t\ttext-align: center;\n\t\t\t\twidth: 33%;\n\t\t\t}\n\t\t\t#gallery-1 img {\n\t\t\t\tborder: 2px solid #cfcfcf;\n\t\t\t}\n\t\t\t#gallery-1 .gallery-caption {\n\t\t\t\tmargin-left: 0;\n\t\t\t}\n\t\t\t\/* see gallery_shortcode() in wp-includes\/media.php *\/\n\t\t<\/style>\n\t\t<div data-carousel-extra='{\"blog_id\":1,\"permalink\":\"https:\\\/\\\/www.legistdf.gob.ar\\\/index.php\\\/2023\\\/09\\\/07\\\/juventudes-recta-final-para-la-sesion-del-parlamento-juvenil-del-mercosur\\\/\"}' id='gallery-1' class='gallery galleryid-39651 gallery-columns-3 gallery-size-thumbnail'><dl class='gallery-item'>\n\t\t\t<dt class='gallery-icon landscape'>\n\t\t\t\t<a href='https:\/\/www.legistdf.gob.ar\/index.php\/2023\/09\/07\/juventudes-recta-final-para-la-sesion-del-parlamento-juvenil-del-mercosur\/img_8361-3\/'><img loading=\"lazy\" decoding=\"async\" width=\"150\" height=\"150\" src=\"https:\/\/www.legistdf.gob.ar\/wp-content\/uploads\/2023\/09\/IMG_8361-150x150.jpg\" class=\"attachment-thumbnail size-thumbnail\" alt=\"\" srcset=\"https:\/\/www.legistdf.gob.ar\/wp-content\/uploads\/2023\/09\/IMG_8361-150x150.jpg 150w, https:\/\/www.legistdf.gob.ar\/wp-content\/uploads\/2023\/09\/IMG_8361-64x64.jpg 64w\" sizes=\"(max-width: 150px) 100vw, 150px\" data-attachment-id=\"39652\" data-permalink=\"https:\/\/www.legistdf.gob.ar\/index.php\/2023\/09\/07\/juventudes-recta-final-para-la-sesion-del-parlamento-juvenil-del-mercosur\/img_8361-3\/\" data-orig-file=\"https:\/\/www.legistdf.gob.ar\/wp-content\/uploads\/2023\/09\/IMG_8361.jpg\" data-orig-size=\"1500,1000\" data-comments-opened=\"0\" data-image-meta=\"{&quot;aperture&quot;:&quot;2.8&quot;,&quot;credit&quot;:&quot;&quot;,&quot;camera&quot;:&quot;Canon EOS 6D&quot;,&quot;caption&quot;:&quot;&quot;,&quot;created_timestamp&quot;:&quot;1694085160&quot;,&quot;copyright&quot;:&quot;&quot;,&quot;focal_length&quot;:&quot;31&quot;,&quot;iso&quot;:&quot;250&quot;,&quot;shutter_speed&quot;:&quot;0.008&quot;,&quot;title&quot;:&quot;&quot;,&quot;orientation&quot;:&quot;0&quot;}\" data-image-title=\"IMG_8361\" data-image-description=\"\" data-image-caption=\"\" data-medium-file=\"https:\/\/www.legistdf.gob.ar\/wp-content\/uploads\/2023\/09\/IMG_8361-300x200.jpg\" data-large-file=\"https:\/\/www.legistdf.gob.ar\/wp-content\/uploads\/2023\/09\/IMG_8361-1024x683.jpg\" \/><\/a>\n\t\t\t<\/dt><\/dl><dl class='gallery-item'>\n\t\t\t<dt class='gallery-icon landscape'>\n\t\t\t\t<a href='https:\/\/www.legistdf.gob.ar\/index.php\/2023\/09\/07\/juventudes-recta-final-para-la-sesion-del-parlamento-juvenil-del-mercosur\/img_8365\/'><img loading=\"lazy\" decoding=\"async\" width=\"150\" height=\"150\" src=\"https:\/\/www.legistdf.gob.ar\/wp-content\/uploads\/2023\/09\/IMG_8365-150x150.jpg\" class=\"attachment-thumbnail size-thumbnail\" alt=\"\" srcset=\"https:\/\/www.legistdf.gob.ar\/wp-content\/uploads\/2023\/09\/IMG_8365-150x150.jpg 150w, https:\/\/www.legistdf.gob.ar\/wp-content\/uploads\/2023\/09\/IMG_8365-64x64.jpg 64w\" sizes=\"(max-width: 150px) 100vw, 150px\" data-attachment-id=\"39653\" data-permalink=\"https:\/\/www.legistdf.gob.ar\/index.php\/2023\/09\/07\/juventudes-recta-final-para-la-sesion-del-parlamento-juvenil-del-mercosur\/img_8365\/\" data-orig-file=\"https:\/\/www.legistdf.gob.ar\/wp-content\/uploads\/2023\/09\/IMG_8365.jpg\" data-orig-size=\"1500,1000\" data-comments-opened=\"0\" data-image-meta=\"{&quot;aperture&quot;:&quot;2.8&quot;,&quot;credit&quot;:&quot;&quot;,&quot;camera&quot;:&quot;Canon EOS 6D&quot;,&quot;caption&quot;:&quot;&quot;,&quot;created_timestamp&quot;:&quot;1694085200&quot;,&quot;copyright&quot;:&quot;&quot;,&quot;focal_length&quot;:&quot;24&quot;,&quot;iso&quot;:&quot;250&quot;,&quot;shutter_speed&quot;:&quot;0.008&quot;,&quot;title&quot;:&quot;&quot;,&quot;orientation&quot;:&quot;0&quot;}\" data-image-title=\"IMG_8365\" data-image-description=\"\" data-image-caption=\"\" data-medium-file=\"https:\/\/www.legistdf.gob.ar\/wp-content\/uploads\/2023\/09\/IMG_8365-300x200.jpg\" data-large-file=\"https:\/\/www.legistdf.gob.ar\/wp-content\/uploads\/2023\/09\/IMG_8365-1024x683.jpg\" \/><\/a>\n\t\t\t<\/dt><\/dl><dl class='gallery-item'>\n\t\t\t<dt class='gallery-icon landscape'>\n\t\t\t\t<a href='https:\/\/www.legistdf.gob.ar\/index.php\/2023\/09\/07\/juventudes-recta-final-para-la-sesion-del-parlamento-juvenil-del-mercosur\/img_8370-2\/'><img loading=\"lazy\" decoding=\"async\" width=\"150\" height=\"150\" src=\"https:\/\/www.legistdf.gob.ar\/wp-content\/uploads\/2023\/09\/IMG_8370-150x150.jpg\" class=\"attachment-thumbnail size-thumbnail\" alt=\"\" srcset=\"https:\/\/www.legistdf.gob.ar\/wp-content\/uploads\/2023\/09\/IMG_8370-150x150.jpg 150w, https:\/\/www.legistdf.gob.ar\/wp-content\/uploads\/2023\/09\/IMG_8370-64x64.jpg 64w\" sizes=\"(max-width: 150px) 100vw, 150px\" data-attachment-id=\"39654\" data-permalink=\"https:\/\/www.legistdf.gob.ar\/index.php\/2023\/09\/07\/juventudes-recta-final-para-la-sesion-del-parlamento-juvenil-del-mercosur\/img_8370-2\/\" data-orig-file=\"https:\/\/www.legistdf.gob.ar\/wp-content\/uploads\/2023\/09\/IMG_8370.jpg\" data-orig-size=\"1500,1000\" data-comments-opened=\"0\" data-image-meta=\"{&quot;aperture&quot;:&quot;2.8&quot;,&quot;credit&quot;:&quot;&quot;,&quot;camera&quot;:&quot;Canon EOS 6D&quot;,&quot;caption&quot;:&quot;&quot;,&quot;created_timestamp&quot;:&quot;1694085245&quot;,&quot;copyright&quot;:&quot;&quot;,&quot;focal_length&quot;:&quot;35&quot;,&quot;iso&quot;:&quot;250&quot;,&quot;shutter_speed&quot;:&quot;0.008&quot;,&quot;title&quot;:&quot;&quot;,&quot;orientation&quot;:&quot;0&quot;}\" data-image-title=\"IMG_8370\" data-image-description=\"\" data-image-caption=\"\" data-medium-file=\"https:\/\/www.legistdf.gob.ar\/wp-content\/uploads\/2023\/09\/IMG_8370-300x200.jpg\" data-large-file=\"https:\/\/www.legistdf.gob.ar\/wp-content\/uploads\/2023\/09\/IMG_8370-1024x683.jpg\" \/><\/a>\n\t\t\t<\/dt><\/dl><br style=\"clear: both\" \/>\n\t\t<\/div>\n\n<p>&nbsp;<\/p>\n<blockquote class=\"twitter-tweet\" data-width=\"550\" data-dnt=\"true\">\n<p lang=\"es\" dir=\"ltr\">En tanto agradeci\u00f3 al Poder Legislativo, por el acompa\u00f1amiento que reciben del personal de planta y de las autoridades. <a href=\"https:\/\/t.co\/rFw45s6f05\">pic.twitter.com\/rFw45s6f05<\/a><\/p>\n<p>&mdash; Prensa Legislativa (@PrensaLegisTDF) <a href=\"https:\/\/twitter.com\/PrensaLegisTDF\/status\/1699829584147993057?ref_src=twsrc%5Etfw\">September 7, 2023<\/a><\/p><\/blockquote>\n<p><script async src=\"https:\/\/platform.twitter.com\/widgets.js\" charset=\"utf-8\"><\/script><\/p>\n","protected":false},"excerpt":{"rendered":"<p>Ushuaia, jueves 7 de septiembre de 2023.- La sala de reuniones de la Presidencia del Poder Legislativo, fue el espacio donde se concret\u00f3 esta ma\u00f1ana, el encuentro entre autoridades de la C\u00e1mara y los j\u00f3venes funcionarios del Gobierno provincial. El objetivo fue ultimar los detalles organizativos para la concreci\u00f3n de la 14\u00ba sesi\u00f3n del Parlamento [&hellip;]<\/p>\n","protected":false},"author":352,"featured_media":39653,"comment_status":"closed","ping_status":"closed","sticky":false,"template":"","format":"standard","meta":{"jetpack_post_was_ever_published":false,"_jetpack_newsletter_access":"","_jetpack_dont_email_post_to_subs":false,"_jetpack_newsletter_tier_id":0,"footnotes":"","jetpack_publicize_message":"","jetpack_publicize_feature_enabled":true,"jetpack_social_post_already_shared":true,"jetpack_social_options":{"image_generator_settings":{"template":"highway","enabled":false}}},"categories":[1],"tags":[3085,3084,1981,2022,1923],"jetpack_publicize_connections":[],"jetpack_sharing_enabled":true,"jetpack_featured_media_url":"https:\/\/www.legistdf.gob.ar\/wp-content\/uploads\/2023\/09\/IMG_8365.jpg","jetpack-related-posts":[],"_links":{"self":[{"href":"https:\/\/www.legistdf.gob.ar\/index.php\/wp-json\/wp\/v2\/posts\/39651"}],"collection":[{"href":"https:\/\/www.legistdf.gob.ar\/index.php\/wp-json\/wp\/v2\/posts"}],"about":[{"href":"https:\/\/www.legistdf.gob.ar\/index.php\/wp-json\/wp\/v2\/types\/post"}],"author":[{"embeddable":true,"href":"https:\/\/www.legistdf.gob.ar\/index.php\/wp-json\/wp\/v2\/users\/352"}],"replies":[{"embeddable":true,"href":"https:\/\/www.legistdf.gob.ar\/index.php\/wp-json\/wp\/v2\/comments?post=39651"}],"version-history":[{"count":4,"href":"https:\/\/www.legistdf.gob.ar\/index.php\/wp-json\/wp\/v2\/posts\/39651\/revisions"}],"predecessor-version":[{"id":39728,"href":"https:\/\/www.legistdf.gob.ar\/index.php\/wp-json\/wp\/v2\/posts\/39651\/revisions\/39728"}],"wp:featuredmedia":[{"embeddable":true,"href":"https:\/\/www.legistdf.gob.ar\/index.php\/wp-json\/wp\/v2\/media\/39653"}],"wp:attachment":[{"href":"https:\/\/www.legistdf.gob.ar\/index.php\/wp-json\/wp\/v2\/media?parent=39651"}],"wp:term":[{"taxonomy":"category","embeddable":true,"href":"https:\/\/www.legistdf.gob.ar\/index.php\/wp-json\/wp\/v2\/categories?post=39651"},{"taxonomy":"post_tag","embeddable":true,"href":"https:\/\/www.legistdf.gob.ar\/index.php\/wp-json\/wp\/v2\/tags?post=39651"}],"curies":[{"name":"wp","href":"https:\/\/api.w.org\/{rel}","templated":true}]}}