{"id":39672,"date":"2023-09-12T17:12:42","date_gmt":"2023-09-12T20:12:42","guid":{"rendered":"https:\/\/www.legistdf.gob.ar\/?p=39672"},"modified":"2023-09-12T18:16:20","modified_gmt":"2023-09-12T21:16:20","slug":"legislatura-juventudes-de-toda-la-provincia-sesionaron-en-el-parlamento-juvenil-del-mercosur","status":"publish","type":"post","link":"https:\/\/www.legistdf.gob.ar\/index.php\/2023\/09\/12\/legislatura-juventudes-de-toda-la-provincia-sesionaron-en-el-parlamento-juvenil-del-mercosur\/","title":{"rendered":"LEGISLATURA: Juventudes de toda la Provincia sesionaron en el Parlamento Juvenil del Mercosur"},"content":{"rendered":"<p><strong><span style=\"font-family: arial, helvetica, sans-serif;font-size: 14pt\"><a href=\"https:\/\/www.legistdf.gob.ar\/wp-content\/uploads\/2023\/09\/IMG_8470.jpg\"><img loading=\"lazy\" decoding=\"async\" data-attachment-id=\"39675\" data-permalink=\"https:\/\/www.legistdf.gob.ar\/index.php\/2023\/09\/12\/legislatura-juventudes-de-toda-la-provincia-sesionaron-en-el-parlamento-juvenil-del-mercosur\/img_8470-2\/\" data-orig-file=\"https:\/\/www.legistdf.gob.ar\/wp-content\/uploads\/2023\/09\/IMG_8470.jpg\" data-orig-size=\"1500,1000\" data-comments-opened=\"0\" data-image-meta=\"{&quot;aperture&quot;:&quot;2.8&quot;,&quot;credit&quot;:&quot;&quot;,&quot;camera&quot;:&quot;Canon EOS 6D&quot;,&quot;caption&quot;:&quot;&quot;,&quot;created_timestamp&quot;:&quot;1694518212&quot;,&quot;copyright&quot;:&quot;&quot;,&quot;focal_length&quot;:&quot;63&quot;,&quot;iso&quot;:&quot;250&quot;,&quot;shutter_speed&quot;:&quot;0.00625&quot;,&quot;title&quot;:&quot;&quot;,&quot;orientation&quot;:&quot;0&quot;}\" data-image-title=\"IMG_8470\" data-image-description=\"\" data-image-caption=\"\" data-medium-file=\"https:\/\/www.legistdf.gob.ar\/wp-content\/uploads\/2023\/09\/IMG_8470-300x200.jpg\" data-large-file=\"https:\/\/www.legistdf.gob.ar\/wp-content\/uploads\/2023\/09\/IMG_8470-1024x683.jpg\" class=\"alignleft wp-image-39675 size-medium\" src=\"https:\/\/www.legistdf.gob.ar\/wp-content\/uploads\/2023\/09\/IMG_8470-300x200.jpg\" alt=\"\" width=\"300\" height=\"200\" srcset=\"https:\/\/www.legistdf.gob.ar\/wp-content\/uploads\/2023\/09\/IMG_8470-300x200.jpg 300w, https:\/\/www.legistdf.gob.ar\/wp-content\/uploads\/2023\/09\/IMG_8470-768x512.jpg 768w, https:\/\/www.legistdf.gob.ar\/wp-content\/uploads\/2023\/09\/IMG_8470-1024x683.jpg 1024w, https:\/\/www.legistdf.gob.ar\/wp-content\/uploads\/2023\/09\/IMG_8470-160x107.jpg 160w, https:\/\/www.legistdf.gob.ar\/wp-content\/uploads\/2023\/09\/IMG_8470.jpg 1500w\" sizes=\"(max-width: 300px) 100vw, 300px\" \/><\/a>Ushuaia, martes 12 de septiembre de 2023.- La Presidenta del Poder Legislativo, vicegobernadora M\u00f3nica Urquiza dio la bienvenida a las y los j\u00f3venes fueguinos que participaron hoy en la cuarta edici\u00f3n del <a href=\"https:\/\/www.legistdf.gob.ar\/wp-content\/uploads\/2023\/09\/RESOLUCI\u00d3N-PJM.pdf\" target=\"_blank\" rel=\"noopener noreferrer\">Parlamento Juvenil del Mercosur (PJM)<\/a>. Los inst\u00f3 a valorar este tipo de espacios democr\u00e1ticos, en los que se busca impulsarlos en el camino de la formaci\u00f3n ciudadana. Adem\u00e1s les agradeci\u00f3 el compromiso que expresan al debatir sus ideas e iniciativas. Estuvo presente, tambi\u00e9n, la legisladora Mar\u00eda Victoria Vuoto (PV), junto a funcionarios de Juventudes del Gobierno provincial.<\/span><\/strong><\/p>\n<p>&nbsp;<\/p>\n<p><span style=\"font-family: arial, helvetica, sans-serif;font-size: 12pt\">\u201cEs un honor recibirlos en nuestra C\u00e1mara Legislativa, estar con ellos y acompa\u00f1arlos en nombre de los quince Legisladores\u201d, indic\u00f3 Urquiza. En tanto cont\u00f3 que expusieron \u201cel trabajo que llevaron adelante los m\u00e1s de ciento cincuenta j\u00f3venes de toda la Provincia\u201d, dijo la titular de la Legislatura. Adem\u00e1s reiter\u00f3 el agradecimiento acerca de la participaci\u00f3n juvenil, siendo a\u00fan m\u00e1s relevante, en el a\u00f1o en el que se conmemoran 40 a\u00f1os de democracia.<\/span><\/p>\n<p>&nbsp;<\/p>\n<p><span style=\"font-family: arial, helvetica, sans-serif;font-size: 12pt\"><a href=\"https:\/\/www.legistdf.gob.ar\/wp-content\/uploads\/2023\/09\/IMG_8442.jpg\"><img loading=\"lazy\" decoding=\"async\" data-attachment-id=\"39674\" data-permalink=\"https:\/\/www.legistdf.gob.ar\/index.php\/2023\/09\/12\/legislatura-juventudes-de-toda-la-provincia-sesionaron-en-el-parlamento-juvenil-del-mercosur\/img_8442\/\" data-orig-file=\"https:\/\/www.legistdf.gob.ar\/wp-content\/uploads\/2023\/09\/IMG_8442.jpg\" data-orig-size=\"1500,1000\" data-comments-opened=\"0\" data-image-meta=\"{&quot;aperture&quot;:&quot;2.8&quot;,&quot;credit&quot;:&quot;&quot;,&quot;camera&quot;:&quot;Canon EOS 6D&quot;,&quot;caption&quot;:&quot;&quot;,&quot;created_timestamp&quot;:&quot;1694517911&quot;,&quot;copyright&quot;:&quot;&quot;,&quot;focal_length&quot;:&quot;24&quot;,&quot;iso&quot;:&quot;250&quot;,&quot;shutter_speed&quot;:&quot;0.008&quot;,&quot;title&quot;:&quot;&quot;,&quot;orientation&quot;:&quot;0&quot;}\" data-image-title=\"IMG_8442\" data-image-description=\"\" data-image-caption=\"\" data-medium-file=\"https:\/\/www.legistdf.gob.ar\/wp-content\/uploads\/2023\/09\/IMG_8442-300x200.jpg\" data-large-file=\"https:\/\/www.legistdf.gob.ar\/wp-content\/uploads\/2023\/09\/IMG_8442-1024x683.jpg\" class=\"alignright wp-image-39674 size-medium\" src=\"https:\/\/www.legistdf.gob.ar\/wp-content\/uploads\/2023\/09\/IMG_8442-300x200.jpg\" alt=\"\" width=\"300\" height=\"200\" srcset=\"https:\/\/www.legistdf.gob.ar\/wp-content\/uploads\/2023\/09\/IMG_8442-300x200.jpg 300w, https:\/\/www.legistdf.gob.ar\/wp-content\/uploads\/2023\/09\/IMG_8442-768x512.jpg 768w, https:\/\/www.legistdf.gob.ar\/wp-content\/uploads\/2023\/09\/IMG_8442-1024x683.jpg 1024w, https:\/\/www.legistdf.gob.ar\/wp-content\/uploads\/2023\/09\/IMG_8442-160x107.jpg 160w, https:\/\/www.legistdf.gob.ar\/wp-content\/uploads\/2023\/09\/IMG_8442.jpg 1500w\" sizes=\"(max-width: 300px) 100vw, 300px\" \/><\/a>Asimismo, destac\u00f3, que este tipo de iniciativas brindan herramientas para la defensa de los derechos y de la participaci\u00f3n ciudadana. \u201cEllos tienen una oportunidad en este programa que lleva catorce ediciones\u201d, resalt\u00f3.<\/span><\/p>\n<p>&nbsp;<\/p>\n<p><span style=\"font-family: arial, helvetica, sans-serif;font-size: 12pt\">Urquiza, se\u00f1al\u00f3 que el Director de Juventudes de la Provincia, Nahuel Carrizo, hace algunos a\u00f1os atr\u00e1s, cuando cursaba el colegio secundario, ocup\u00f3 una banca como integrante del PJM y actualmente es funcionario provincial.<\/span><\/p>\n<p>&nbsp;<\/p>\n<blockquote><p><span style=\"font-family: arial, helvetica, sans-serif;font-size: 12pt\">La sesi\u00f3n del PJM, estuvo a cargo del subdelegado Provincial per\u00edodo 2022, Santino Casanova. En primer lugar, aprobaron el <a href=\"https:\/\/www.legistdf.gob.ar\/wp-content\/uploads\/2023\/09\/Documento-final-PJM.pdf\" target=\"_blank\" rel=\"noopener noreferrer\">documento que elaboraron<\/a> luego de debates y an\u00e1lisis sobre los distintos ejes tem\u00e1ticos tales como: Inclusi\u00f3n educativa; J\u00f3venes y trabajo; G\u00e9nero, diversidades y Educaci\u00f3n Sexual Integral (ESI); Participaci\u00f3n ciudadana; Derechos humanos; Ambiente; Comunicaci\u00f3n, medios y redes; Integraci\u00f3n latinoamericana y Causa Malvinas.<\/span><\/p><\/blockquote>\n<p>&nbsp;<\/p>\n<p><span style=\"font-family: arial, helvetica, sans-serif;font-size: 12pt\"><a href=\"https:\/\/www.legistdf.gob.ar\/wp-content\/uploads\/2023\/09\/IMG_8477.jpg\"><img loading=\"lazy\" decoding=\"async\" data-attachment-id=\"39676\" data-permalink=\"https:\/\/www.legistdf.gob.ar\/index.php\/2023\/09\/12\/legislatura-juventudes-de-toda-la-provincia-sesionaron-en-el-parlamento-juvenil-del-mercosur\/img_8477-3\/\" data-orig-file=\"https:\/\/www.legistdf.gob.ar\/wp-content\/uploads\/2023\/09\/IMG_8477.jpg\" data-orig-size=\"1500,1000\" data-comments-opened=\"0\" data-image-meta=\"{&quot;aperture&quot;:&quot;2.8&quot;,&quot;credit&quot;:&quot;&quot;,&quot;camera&quot;:&quot;Canon EOS 6D&quot;,&quot;caption&quot;:&quot;&quot;,&quot;created_timestamp&quot;:&quot;1694518814&quot;,&quot;copyright&quot;:&quot;&quot;,&quot;focal_length&quot;:&quot;24&quot;,&quot;iso&quot;:&quot;250&quot;,&quot;shutter_speed&quot;:&quot;0.00625&quot;,&quot;title&quot;:&quot;&quot;,&quot;orientation&quot;:&quot;0&quot;}\" data-image-title=\"IMG_8477\" data-image-description=\"\" data-image-caption=\"\" data-medium-file=\"https:\/\/www.legistdf.gob.ar\/wp-content\/uploads\/2023\/09\/IMG_8477-300x200.jpg\" data-large-file=\"https:\/\/www.legistdf.gob.ar\/wp-content\/uploads\/2023\/09\/IMG_8477-1024x683.jpg\" class=\"alignleft wp-image-39676 size-medium\" src=\"https:\/\/www.legistdf.gob.ar\/wp-content\/uploads\/2023\/09\/IMG_8477-300x200.jpg\" alt=\"\" width=\"300\" height=\"200\" srcset=\"https:\/\/www.legistdf.gob.ar\/wp-content\/uploads\/2023\/09\/IMG_8477-300x200.jpg 300w, https:\/\/www.legistdf.gob.ar\/wp-content\/uploads\/2023\/09\/IMG_8477-768x512.jpg 768w, https:\/\/www.legistdf.gob.ar\/wp-content\/uploads\/2023\/09\/IMG_8477-1024x683.jpg 1024w, https:\/\/www.legistdf.gob.ar\/wp-content\/uploads\/2023\/09\/IMG_8477-160x107.jpg 160w, https:\/\/www.legistdf.gob.ar\/wp-content\/uploads\/2023\/09\/IMG_8477.jpg 1500w\" sizes=\"(max-width: 300px) 100vw, 300px\" \/><\/a>Cabe destacar, que desde la presidencia del PJM, anunciaron que el documento ser\u00e1 enviado al Congreso de la Naci\u00f3n. \u201cFelicito a esta delegaci\u00f3n, que asume un compromiso como militantes estudiantiles\u201d, afirm\u00f3 el joven. Record\u00f3 que \u201cestamos conmemorando los 40 a\u00f1os de democracia ininterrumpida. Muchos de ustedes no pretenden callarse, tampoco yo, hay que luchar por las ideas. Y hoy m\u00e1s que siempre, nunca m\u00e1s\u201d, enfatiz\u00f3 Santino Casanova que de manera inmediata cosech\u00f3 el aplauso de todo los presentes en el Recinto.\u00a0<\/span><\/p>\n<p>&nbsp;<\/p>\n<blockquote><p><span style=\"font-family: arial, helvetica, sans-serif;font-size: 12pt\">Luego, lleg\u00f3 el momento de la elecci\u00f3n de delegados nacionales. Cada candidato se present\u00f3 desde su banca y cont\u00f3 los motivos por los cuales se propon\u00eda para ocupar tal espacio. Muchas de las expresiones de los j\u00f3venes coincidieron en remarcar la necesidad de \u201cllevar la voz de los que reclaman ser escuchados\u201d; \u201cel amor a esta Provincia y agradecimiento por las oportunidades que les brinda\u201d y sumaron que \u201cbuscan un modelo de educaci\u00f3n que no solo les ense\u00f1e a despejar x, sino a ser ciudadanos\u201d.<\/span><\/p><\/blockquote>\n<p>&nbsp;<\/p>\n<p><span style=\"font-family: arial, helvetica, sans-serif;font-size: 12pt\"><a href=\"https:\/\/www.legistdf.gob.ar\/wp-content\/uploads\/2023\/09\/IMG_8424.jpg\"><img loading=\"lazy\" decoding=\"async\" data-attachment-id=\"39673\" data-permalink=\"https:\/\/www.legistdf.gob.ar\/index.php\/2023\/09\/12\/legislatura-juventudes-de-toda-la-provincia-sesionaron-en-el-parlamento-juvenil-del-mercosur\/img_8424\/\" data-orig-file=\"https:\/\/www.legistdf.gob.ar\/wp-content\/uploads\/2023\/09\/IMG_8424.jpg\" data-orig-size=\"1500,1000\" data-comments-opened=\"0\" data-image-meta=\"{&quot;aperture&quot;:&quot;2.8&quot;,&quot;credit&quot;:&quot;&quot;,&quot;camera&quot;:&quot;Canon EOS 6D&quot;,&quot;caption&quot;:&quot;&quot;,&quot;created_timestamp&quot;:&quot;1694517683&quot;,&quot;copyright&quot;:&quot;&quot;,&quot;focal_length&quot;:&quot;44&quot;,&quot;iso&quot;:&quot;250&quot;,&quot;shutter_speed&quot;:&quot;0.008&quot;,&quot;title&quot;:&quot;&quot;,&quot;orientation&quot;:&quot;0&quot;}\" data-image-title=\"IMG_8424\" data-image-description=\"\" data-image-caption=\"\" data-medium-file=\"https:\/\/www.legistdf.gob.ar\/wp-content\/uploads\/2023\/09\/IMG_8424-300x200.jpg\" data-large-file=\"https:\/\/www.legistdf.gob.ar\/wp-content\/uploads\/2023\/09\/IMG_8424-1024x683.jpg\" class=\"alignright wp-image-39673 size-medium\" src=\"https:\/\/www.legistdf.gob.ar\/wp-content\/uploads\/2023\/09\/IMG_8424-300x200.jpg\" alt=\"\" width=\"300\" height=\"200\" srcset=\"https:\/\/www.legistdf.gob.ar\/wp-content\/uploads\/2023\/09\/IMG_8424-300x200.jpg 300w, https:\/\/www.legistdf.gob.ar\/wp-content\/uploads\/2023\/09\/IMG_8424-768x512.jpg 768w, https:\/\/www.legistdf.gob.ar\/wp-content\/uploads\/2023\/09\/IMG_8424-1024x683.jpg 1024w, https:\/\/www.legistdf.gob.ar\/wp-content\/uploads\/2023\/09\/IMG_8424-160x107.jpg 160w, https:\/\/www.legistdf.gob.ar\/wp-content\/uploads\/2023\/09\/IMG_8424.jpg 1500w\" sizes=\"(max-width: 300px) 100vw, 300px\" \/><\/a>El Parlamento Juvenil del Mercosur (PJM) es un programa surge en 2009 en el marco del Sector Educativo del Mercosur para ser implementado en escuelas secundarias de Brasil, Paraguay, Bolivia, Uruguay y Argentina como respuesta a la necesidad de fortalecer los espacios de participaci\u00f3n de las y los j\u00f3venes en el proceso de promoci\u00f3n de la ciudadan\u00eda regional. Se busca fomentar el debate como forma de construcci\u00f3n del conocimiento y la participaci\u00f3n como herramienta de transformaci\u00f3n social.<\/span><\/p>\n<p>&nbsp;<\/p>\n<p>&nbsp;<\/p>\n\n\t\t<style type=\"text\/css\">\n\t\t\t#gallery-1 {\n\t\t\t\tmargin: auto;\n\t\t\t}\n\t\t\t#gallery-1 .gallery-item {\n\t\t\t\tfloat: left;\n\t\t\t\tmargin-top: 10px;\n\t\t\t\ttext-align: center;\n\t\t\t\twidth: 20%;\n\t\t\t}\n\t\t\t#gallery-1 img {\n\t\t\t\tborder: 2px solid #cfcfcf;\n\t\t\t}\n\t\t\t#gallery-1 .gallery-caption {\n\t\t\t\tmargin-left: 0;\n\t\t\t}\n\t\t\t\/* see gallery_shortcode() in wp-includes\/media.php *\/\n\t\t<\/style>\n\t\t<div data-carousel-extra='{\"blog_id\":1,\"permalink\":\"https:\\\/\\\/www.legistdf.gob.ar\\\/index.php\\\/2023\\\/09\\\/12\\\/legislatura-juventudes-de-toda-la-provincia-sesionaron-en-el-parlamento-juvenil-del-mercosur\\\/\"}' id='gallery-1' class='gallery galleryid-39672 gallery-columns-5 gallery-size-thumbnail'><dl class='gallery-item'>\n\t\t\t<dt class='gallery-icon landscape'>\n\t\t\t\t<a href='https:\/\/www.legistdf.gob.ar\/index.php\/2023\/09\/12\/legislatura-juventudes-de-toda-la-provincia-sesionaron-en-el-parlamento-juvenil-del-mercosur\/img_8424\/'><img loading=\"lazy\" decoding=\"async\" width=\"150\" height=\"150\" src=\"https:\/\/www.legistdf.gob.ar\/wp-content\/uploads\/2023\/09\/IMG_8424-150x150.jpg\" class=\"attachment-thumbnail size-thumbnail\" alt=\"\" srcset=\"https:\/\/www.legistdf.gob.ar\/wp-content\/uploads\/2023\/09\/IMG_8424-150x150.jpg 150w, https:\/\/www.legistdf.gob.ar\/wp-content\/uploads\/2023\/09\/IMG_8424-64x64.jpg 64w\" sizes=\"(max-width: 150px) 100vw, 150px\" data-attachment-id=\"39673\" data-permalink=\"https:\/\/www.legistdf.gob.ar\/index.php\/2023\/09\/12\/legislatura-juventudes-de-toda-la-provincia-sesionaron-en-el-parlamento-juvenil-del-mercosur\/img_8424\/\" data-orig-file=\"https:\/\/www.legistdf.gob.ar\/wp-content\/uploads\/2023\/09\/IMG_8424.jpg\" data-orig-size=\"1500,1000\" data-comments-opened=\"0\" data-image-meta=\"{&quot;aperture&quot;:&quot;2.8&quot;,&quot;credit&quot;:&quot;&quot;,&quot;camera&quot;:&quot;Canon EOS 6D&quot;,&quot;caption&quot;:&quot;&quot;,&quot;created_timestamp&quot;:&quot;1694517683&quot;,&quot;copyright&quot;:&quot;&quot;,&quot;focal_length&quot;:&quot;44&quot;,&quot;iso&quot;:&quot;250&quot;,&quot;shutter_speed&quot;:&quot;0.008&quot;,&quot;title&quot;:&quot;&quot;,&quot;orientation&quot;:&quot;0&quot;}\" data-image-title=\"IMG_8424\" data-image-description=\"\" data-image-caption=\"\" data-medium-file=\"https:\/\/www.legistdf.gob.ar\/wp-content\/uploads\/2023\/09\/IMG_8424-300x200.jpg\" data-large-file=\"https:\/\/www.legistdf.gob.ar\/wp-content\/uploads\/2023\/09\/IMG_8424-1024x683.jpg\" \/><\/a>\n\t\t\t<\/dt><\/dl><dl class='gallery-item'>\n\t\t\t<dt class='gallery-icon landscape'>\n\t\t\t\t<a href='https:\/\/www.legistdf.gob.ar\/index.php\/2023\/09\/12\/legislatura-juventudes-de-toda-la-provincia-sesionaron-en-el-parlamento-juvenil-del-mercosur\/img_8442\/'><img loading=\"lazy\" decoding=\"async\" width=\"150\" height=\"150\" src=\"https:\/\/www.legistdf.gob.ar\/wp-content\/uploads\/2023\/09\/IMG_8442-150x150.jpg\" class=\"attachment-thumbnail size-thumbnail\" alt=\"\" srcset=\"https:\/\/www.legistdf.gob.ar\/wp-content\/uploads\/2023\/09\/IMG_8442-150x150.jpg 150w, https:\/\/www.legistdf.gob.ar\/wp-content\/uploads\/2023\/09\/IMG_8442-64x64.jpg 64w\" sizes=\"(max-width: 150px) 100vw, 150px\" data-attachment-id=\"39674\" data-permalink=\"https:\/\/www.legistdf.gob.ar\/index.php\/2023\/09\/12\/legislatura-juventudes-de-toda-la-provincia-sesionaron-en-el-parlamento-juvenil-del-mercosur\/img_8442\/\" data-orig-file=\"https:\/\/www.legistdf.gob.ar\/wp-content\/uploads\/2023\/09\/IMG_8442.jpg\" data-orig-size=\"1500,1000\" data-comments-opened=\"0\" data-image-meta=\"{&quot;aperture&quot;:&quot;2.8&quot;,&quot;credit&quot;:&quot;&quot;,&quot;camera&quot;:&quot;Canon EOS 6D&quot;,&quot;caption&quot;:&quot;&quot;,&quot;created_timestamp&quot;:&quot;1694517911&quot;,&quot;copyright&quot;:&quot;&quot;,&quot;focal_length&quot;:&quot;24&quot;,&quot;iso&quot;:&quot;250&quot;,&quot;shutter_speed&quot;:&quot;0.008&quot;,&quot;title&quot;:&quot;&quot;,&quot;orientation&quot;:&quot;0&quot;}\" data-image-title=\"IMG_8442\" data-image-description=\"\" data-image-caption=\"\" data-medium-file=\"https:\/\/www.legistdf.gob.ar\/wp-content\/uploads\/2023\/09\/IMG_8442-300x200.jpg\" data-large-file=\"https:\/\/www.legistdf.gob.ar\/wp-content\/uploads\/2023\/09\/IMG_8442-1024x683.jpg\" \/><\/a>\n\t\t\t<\/dt><\/dl><dl class='gallery-item'>\n\t\t\t<dt class='gallery-icon landscape'>\n\t\t\t\t<a href='https:\/\/www.legistdf.gob.ar\/index.php\/2023\/09\/12\/legislatura-juventudes-de-toda-la-provincia-sesionaron-en-el-parlamento-juvenil-del-mercosur\/img_8470-2\/'><img loading=\"lazy\" decoding=\"async\" width=\"150\" height=\"150\" src=\"https:\/\/www.legistdf.gob.ar\/wp-content\/uploads\/2023\/09\/IMG_8470-150x150.jpg\" class=\"attachment-thumbnail size-thumbnail\" alt=\"\" srcset=\"https:\/\/www.legistdf.gob.ar\/wp-content\/uploads\/2023\/09\/IMG_8470-150x150.jpg 150w, https:\/\/www.legistdf.gob.ar\/wp-content\/uploads\/2023\/09\/IMG_8470-64x64.jpg 64w\" sizes=\"(max-width: 150px) 100vw, 150px\" data-attachment-id=\"39675\" data-permalink=\"https:\/\/www.legistdf.gob.ar\/index.php\/2023\/09\/12\/legislatura-juventudes-de-toda-la-provincia-sesionaron-en-el-parlamento-juvenil-del-mercosur\/img_8470-2\/\" data-orig-file=\"https:\/\/www.legistdf.gob.ar\/wp-content\/uploads\/2023\/09\/IMG_8470.jpg\" data-orig-size=\"1500,1000\" data-comments-opened=\"0\" data-image-meta=\"{&quot;aperture&quot;:&quot;2.8&quot;,&quot;credit&quot;:&quot;&quot;,&quot;camera&quot;:&quot;Canon EOS 6D&quot;,&quot;caption&quot;:&quot;&quot;,&quot;created_timestamp&quot;:&quot;1694518212&quot;,&quot;copyright&quot;:&quot;&quot;,&quot;focal_length&quot;:&quot;63&quot;,&quot;iso&quot;:&quot;250&quot;,&quot;shutter_speed&quot;:&quot;0.00625&quot;,&quot;title&quot;:&quot;&quot;,&quot;orientation&quot;:&quot;0&quot;}\" data-image-title=\"IMG_8470\" data-image-description=\"\" data-image-caption=\"\" data-medium-file=\"https:\/\/www.legistdf.gob.ar\/wp-content\/uploads\/2023\/09\/IMG_8470-300x200.jpg\" data-large-file=\"https:\/\/www.legistdf.gob.ar\/wp-content\/uploads\/2023\/09\/IMG_8470-1024x683.jpg\" \/><\/a>\n\t\t\t<\/dt><\/dl><dl class='gallery-item'>\n\t\t\t<dt class='gallery-icon landscape'>\n\t\t\t\t<a href='https:\/\/www.legistdf.gob.ar\/index.php\/2023\/09\/12\/legislatura-juventudes-de-toda-la-provincia-sesionaron-en-el-parlamento-juvenil-del-mercosur\/img_8477-3\/'><img loading=\"lazy\" decoding=\"async\" width=\"150\" height=\"150\" src=\"https:\/\/www.legistdf.gob.ar\/wp-content\/uploads\/2023\/09\/IMG_8477-150x150.jpg\" class=\"attachment-thumbnail size-thumbnail\" alt=\"\" srcset=\"https:\/\/www.legistdf.gob.ar\/wp-content\/uploads\/2023\/09\/IMG_8477-150x150.jpg 150w, https:\/\/www.legistdf.gob.ar\/wp-content\/uploads\/2023\/09\/IMG_8477-64x64.jpg 64w\" sizes=\"(max-width: 150px) 100vw, 150px\" data-attachment-id=\"39676\" data-permalink=\"https:\/\/www.legistdf.gob.ar\/index.php\/2023\/09\/12\/legislatura-juventudes-de-toda-la-provincia-sesionaron-en-el-parlamento-juvenil-del-mercosur\/img_8477-3\/\" data-orig-file=\"https:\/\/www.legistdf.gob.ar\/wp-content\/uploads\/2023\/09\/IMG_8477.jpg\" data-orig-size=\"1500,1000\" data-comments-opened=\"0\" data-image-meta=\"{&quot;aperture&quot;:&quot;2.8&quot;,&quot;credit&quot;:&quot;&quot;,&quot;camera&quot;:&quot;Canon EOS 6D&quot;,&quot;caption&quot;:&quot;&quot;,&quot;created_timestamp&quot;:&quot;1694518814&quot;,&quot;copyright&quot;:&quot;&quot;,&quot;focal_length&quot;:&quot;24&quot;,&quot;iso&quot;:&quot;250&quot;,&quot;shutter_speed&quot;:&quot;0.00625&quot;,&quot;title&quot;:&quot;&quot;,&quot;orientation&quot;:&quot;0&quot;}\" data-image-title=\"IMG_8477\" data-image-description=\"\" data-image-caption=\"\" data-medium-file=\"https:\/\/www.legistdf.gob.ar\/wp-content\/uploads\/2023\/09\/IMG_8477-300x200.jpg\" data-large-file=\"https:\/\/www.legistdf.gob.ar\/wp-content\/uploads\/2023\/09\/IMG_8477-1024x683.jpg\" \/><\/a>\n\t\t\t<\/dt><\/dl><dl class='gallery-item'>\n\t\t\t<dt class='gallery-icon landscape'>\n\t\t\t\t<a href='https:\/\/www.legistdf.gob.ar\/index.php\/2023\/09\/12\/legislatura-juventudes-de-toda-la-provincia-sesionaron-en-el-parlamento-juvenil-del-mercosur\/img_8596-3\/'><img loading=\"lazy\" decoding=\"async\" width=\"150\" height=\"150\" src=\"https:\/\/www.legistdf.gob.ar\/wp-content\/uploads\/2023\/09\/IMG_8596-150x150.jpg\" class=\"attachment-thumbnail size-thumbnail\" alt=\"\" srcset=\"https:\/\/www.legistdf.gob.ar\/wp-content\/uploads\/2023\/09\/IMG_8596-150x150.jpg 150w, https:\/\/www.legistdf.gob.ar\/wp-content\/uploads\/2023\/09\/IMG_8596-64x64.jpg 64w\" sizes=\"(max-width: 150px) 100vw, 150px\" data-attachment-id=\"39677\" data-permalink=\"https:\/\/www.legistdf.gob.ar\/index.php\/2023\/09\/12\/legislatura-juventudes-de-toda-la-provincia-sesionaron-en-el-parlamento-juvenil-del-mercosur\/img_8596-3\/\" data-orig-file=\"https:\/\/www.legistdf.gob.ar\/wp-content\/uploads\/2023\/09\/IMG_8596.jpg\" data-orig-size=\"1500,1000\" data-comments-opened=\"0\" data-image-meta=\"{&quot;aperture&quot;:&quot;2.8&quot;,&quot;credit&quot;:&quot;&quot;,&quot;camera&quot;:&quot;Canon EOS 6D&quot;,&quot;caption&quot;:&quot;&quot;,&quot;created_timestamp&quot;:&quot;1694526189&quot;,&quot;copyright&quot;:&quot;&quot;,&quot;focal_length&quot;:&quot;24&quot;,&quot;iso&quot;:&quot;400&quot;,&quot;shutter_speed&quot;:&quot;0.008&quot;,&quot;title&quot;:&quot;&quot;,&quot;orientation&quot;:&quot;0&quot;}\" data-image-title=\"IMG_8596\" data-image-description=\"\" data-image-caption=\"\" data-medium-file=\"https:\/\/www.legistdf.gob.ar\/wp-content\/uploads\/2023\/09\/IMG_8596-300x200.jpg\" data-large-file=\"https:\/\/www.legistdf.gob.ar\/wp-content\/uploads\/2023\/09\/IMG_8596-1024x683.jpg\" \/><\/a>\n\t\t\t<\/dt><\/dl><br style=\"clear: both\" \/><dl class='gallery-item'>\n\t\t\t<dt class='gallery-icon landscape'>\n\t\t\t\t<a href='https:\/\/www.legistdf.gob.ar\/index.php\/2023\/09\/12\/legislatura-juventudes-de-toda-la-provincia-sesionaron-en-el-parlamento-juvenil-del-mercosur\/img_8587\/'><img loading=\"lazy\" decoding=\"async\" width=\"150\" height=\"150\" src=\"https:\/\/www.legistdf.gob.ar\/wp-content\/uploads\/2023\/09\/IMG_8587-150x150.jpg\" class=\"attachment-thumbnail size-thumbnail\" alt=\"\" srcset=\"https:\/\/www.legistdf.gob.ar\/wp-content\/uploads\/2023\/09\/IMG_8587-150x150.jpg 150w, https:\/\/www.legistdf.gob.ar\/wp-content\/uploads\/2023\/09\/IMG_8587-64x64.jpg 64w\" sizes=\"(max-width: 150px) 100vw, 150px\" data-attachment-id=\"39680\" data-permalink=\"https:\/\/www.legistdf.gob.ar\/index.php\/2023\/09\/12\/legislatura-juventudes-de-toda-la-provincia-sesionaron-en-el-parlamento-juvenil-del-mercosur\/img_8587\/\" data-orig-file=\"https:\/\/www.legistdf.gob.ar\/wp-content\/uploads\/2023\/09\/IMG_8587.jpg\" data-orig-size=\"1500,1000\" data-comments-opened=\"0\" data-image-meta=\"{&quot;aperture&quot;:&quot;2.8&quot;,&quot;credit&quot;:&quot;&quot;,&quot;camera&quot;:&quot;Canon EOS 6D&quot;,&quot;caption&quot;:&quot;&quot;,&quot;created_timestamp&quot;:&quot;1694525931&quot;,&quot;copyright&quot;:&quot;&quot;,&quot;focal_length&quot;:&quot;28&quot;,&quot;iso&quot;:&quot;400&quot;,&quot;shutter_speed&quot;:&quot;0.008&quot;,&quot;title&quot;:&quot;&quot;,&quot;orientation&quot;:&quot;0&quot;}\" data-image-title=\"IMG_8587\" data-image-description=\"\" data-image-caption=\"\" data-medium-file=\"https:\/\/www.legistdf.gob.ar\/wp-content\/uploads\/2023\/09\/IMG_8587-300x200.jpg\" data-large-file=\"https:\/\/www.legistdf.gob.ar\/wp-content\/uploads\/2023\/09\/IMG_8587-1024x683.jpg\" \/><\/a>\n\t\t\t<\/dt><\/dl><dl class='gallery-item'>\n\t\t\t<dt class='gallery-icon portrait'>\n\t\t\t\t<a href='https:\/\/www.legistdf.gob.ar\/index.php\/2023\/09\/12\/legislatura-juventudes-de-toda-la-provincia-sesionaron-en-el-parlamento-juvenil-del-mercosur\/documento-final-pjm_pages-to-jpg-0001\/'><img loading=\"lazy\" decoding=\"async\" width=\"150\" height=\"150\" src=\"https:\/\/www.legistdf.gob.ar\/wp-content\/uploads\/2023\/09\/Documento-final-PJM_pages-to-jpg-0001-150x150.jpg\" class=\"attachment-thumbnail size-thumbnail\" alt=\"\" srcset=\"https:\/\/www.legistdf.gob.ar\/wp-content\/uploads\/2023\/09\/Documento-final-PJM_pages-to-jpg-0001-150x150.jpg 150w, https:\/\/www.legistdf.gob.ar\/wp-content\/uploads\/2023\/09\/Documento-final-PJM_pages-to-jpg-0001-64x64.jpg 64w\" sizes=\"(max-width: 150px) 100vw, 150px\" data-attachment-id=\"39685\" data-permalink=\"https:\/\/www.legistdf.gob.ar\/index.php\/2023\/09\/12\/legislatura-juventudes-de-toda-la-provincia-sesionaron-en-el-parlamento-juvenil-del-mercosur\/documento-final-pjm_pages-to-jpg-0001\/\" data-orig-file=\"https:\/\/www.legistdf.gob.ar\/wp-content\/uploads\/2023\/09\/Documento-final-PJM_pages-to-jpg-0001.jpg\" data-orig-size=\"1240,1753\" data-comments-opened=\"0\" data-image-meta=\"{&quot;aperture&quot;:&quot;0&quot;,&quot;credit&quot;:&quot;&quot;,&quot;camera&quot;:&quot;&quot;,&quot;caption&quot;:&quot;&quot;,&quot;created_timestamp&quot;:&quot;0&quot;,&quot;copyright&quot;:&quot;&quot;,&quot;focal_length&quot;:&quot;0&quot;,&quot;iso&quot;:&quot;0&quot;,&quot;shutter_speed&quot;:&quot;0&quot;,&quot;title&quot;:&quot;&quot;,&quot;orientation&quot;:&quot;0&quot;}\" data-image-title=\"Documento final PJM_pages-to-jpg-0001\" data-image-description=\"\" data-image-caption=\"\" data-medium-file=\"https:\/\/www.legistdf.gob.ar\/wp-content\/uploads\/2023\/09\/Documento-final-PJM_pages-to-jpg-0001-212x300.jpg\" data-large-file=\"https:\/\/www.legistdf.gob.ar\/wp-content\/uploads\/2023\/09\/Documento-final-PJM_pages-to-jpg-0001-724x1024.jpg\" \/><\/a>\n\t\t\t<\/dt><\/dl><dl class='gallery-item'>\n\t\t\t<dt class='gallery-icon portrait'>\n\t\t\t\t<a href='https:\/\/www.legistdf.gob.ar\/index.php\/2023\/09\/12\/legislatura-juventudes-de-toda-la-provincia-sesionaron-en-el-parlamento-juvenil-del-mercosur\/documento-final-pjm_pages-to-jpg-0002\/'><img loading=\"lazy\" decoding=\"async\" width=\"150\" height=\"150\" src=\"https:\/\/www.legistdf.gob.ar\/wp-content\/uploads\/2023\/09\/Documento-final-PJM_pages-to-jpg-0002-150x150.jpg\" class=\"attachment-thumbnail size-thumbnail\" alt=\"\" srcset=\"https:\/\/www.legistdf.gob.ar\/wp-content\/uploads\/2023\/09\/Documento-final-PJM_pages-to-jpg-0002-150x150.jpg 150w, https:\/\/www.legistdf.gob.ar\/wp-content\/uploads\/2023\/09\/Documento-final-PJM_pages-to-jpg-0002-64x64.jpg 64w\" sizes=\"(max-width: 150px) 100vw, 150px\" data-attachment-id=\"39686\" data-permalink=\"https:\/\/www.legistdf.gob.ar\/index.php\/2023\/09\/12\/legislatura-juventudes-de-toda-la-provincia-sesionaron-en-el-parlamento-juvenil-del-mercosur\/documento-final-pjm_pages-to-jpg-0002\/\" data-orig-file=\"https:\/\/www.legistdf.gob.ar\/wp-content\/uploads\/2023\/09\/Documento-final-PJM_pages-to-jpg-0002.jpg\" data-orig-size=\"1240,1753\" data-comments-opened=\"0\" data-image-meta=\"{&quot;aperture&quot;:&quot;0&quot;,&quot;credit&quot;:&quot;&quot;,&quot;camera&quot;:&quot;&quot;,&quot;caption&quot;:&quot;&quot;,&quot;created_timestamp&quot;:&quot;0&quot;,&quot;copyright&quot;:&quot;&quot;,&quot;focal_length&quot;:&quot;0&quot;,&quot;iso&quot;:&quot;0&quot;,&quot;shutter_speed&quot;:&quot;0&quot;,&quot;title&quot;:&quot;&quot;,&quot;orientation&quot;:&quot;0&quot;}\" data-image-title=\"Documento final PJM_pages-to-jpg-0002\" data-image-description=\"\" data-image-caption=\"\" data-medium-file=\"https:\/\/www.legistdf.gob.ar\/wp-content\/uploads\/2023\/09\/Documento-final-PJM_pages-to-jpg-0002-212x300.jpg\" data-large-file=\"https:\/\/www.legistdf.gob.ar\/wp-content\/uploads\/2023\/09\/Documento-final-PJM_pages-to-jpg-0002-724x1024.jpg\" \/><\/a>\n\t\t\t<\/dt><\/dl><dl class='gallery-item'>\n\t\t\t<dt class='gallery-icon portrait'>\n\t\t\t\t<a href='https:\/\/www.legistdf.gob.ar\/index.php\/2023\/09\/12\/legislatura-juventudes-de-toda-la-provincia-sesionaron-en-el-parlamento-juvenil-del-mercosur\/documento-final-pjm_pages-to-jpg-0003\/'><img loading=\"lazy\" decoding=\"async\" width=\"150\" height=\"150\" src=\"https:\/\/www.legistdf.gob.ar\/wp-content\/uploads\/2023\/09\/Documento-final-PJM_pages-to-jpg-0003-150x150.jpg\" class=\"attachment-thumbnail size-thumbnail\" alt=\"\" srcset=\"https:\/\/www.legistdf.gob.ar\/wp-content\/uploads\/2023\/09\/Documento-final-PJM_pages-to-jpg-0003-150x150.jpg 150w, https:\/\/www.legistdf.gob.ar\/wp-content\/uploads\/2023\/09\/Documento-final-PJM_pages-to-jpg-0003-64x64.jpg 64w\" sizes=\"(max-width: 150px) 100vw, 150px\" data-attachment-id=\"39687\" data-permalink=\"https:\/\/www.legistdf.gob.ar\/index.php\/2023\/09\/12\/legislatura-juventudes-de-toda-la-provincia-sesionaron-en-el-parlamento-juvenil-del-mercosur\/documento-final-pjm_pages-to-jpg-0003\/\" data-orig-file=\"https:\/\/www.legistdf.gob.ar\/wp-content\/uploads\/2023\/09\/Documento-final-PJM_pages-to-jpg-0003.jpg\" data-orig-size=\"1240,1753\" data-comments-opened=\"0\" data-image-meta=\"{&quot;aperture&quot;:&quot;0&quot;,&quot;credit&quot;:&quot;&quot;,&quot;camera&quot;:&quot;&quot;,&quot;caption&quot;:&quot;&quot;,&quot;created_timestamp&quot;:&quot;0&quot;,&quot;copyright&quot;:&quot;&quot;,&quot;focal_length&quot;:&quot;0&quot;,&quot;iso&quot;:&quot;0&quot;,&quot;shutter_speed&quot;:&quot;0&quot;,&quot;title&quot;:&quot;&quot;,&quot;orientation&quot;:&quot;0&quot;}\" data-image-title=\"Documento final PJM_pages-to-jpg-0003\" data-image-description=\"\" data-image-caption=\"\" data-medium-file=\"https:\/\/www.legistdf.gob.ar\/wp-content\/uploads\/2023\/09\/Documento-final-PJM_pages-to-jpg-0003-212x300.jpg\" data-large-file=\"https:\/\/www.legistdf.gob.ar\/wp-content\/uploads\/2023\/09\/Documento-final-PJM_pages-to-jpg-0003-724x1024.jpg\" \/><\/a>\n\t\t\t<\/dt><\/dl><dl class='gallery-item'>\n\t\t\t<dt class='gallery-icon portrait'>\n\t\t\t\t<a href='https:\/\/www.legistdf.gob.ar\/index.php\/2023\/09\/12\/legislatura-juventudes-de-toda-la-provincia-sesionaron-en-el-parlamento-juvenil-del-mercosur\/documento-final-pjm_pages-to-jpg-0004\/'><img loading=\"lazy\" decoding=\"async\" width=\"150\" height=\"150\" src=\"https:\/\/www.legistdf.gob.ar\/wp-content\/uploads\/2023\/09\/Documento-final-PJM_pages-to-jpg-0004-150x150.jpg\" class=\"attachment-thumbnail size-thumbnail\" alt=\"\" srcset=\"https:\/\/www.legistdf.gob.ar\/wp-content\/uploads\/2023\/09\/Documento-final-PJM_pages-to-jpg-0004-150x150.jpg 150w, https:\/\/www.legistdf.gob.ar\/wp-content\/uploads\/2023\/09\/Documento-final-PJM_pages-to-jpg-0004-64x64.jpg 64w\" sizes=\"(max-width: 150px) 100vw, 150px\" data-attachment-id=\"39688\" data-permalink=\"https:\/\/www.legistdf.gob.ar\/index.php\/2023\/09\/12\/legislatura-juventudes-de-toda-la-provincia-sesionaron-en-el-parlamento-juvenil-del-mercosur\/documento-final-pjm_pages-to-jpg-0004\/\" data-orig-file=\"https:\/\/www.legistdf.gob.ar\/wp-content\/uploads\/2023\/09\/Documento-final-PJM_pages-to-jpg-0004.jpg\" data-orig-size=\"1240,1753\" data-comments-opened=\"0\" data-image-meta=\"{&quot;aperture&quot;:&quot;0&quot;,&quot;credit&quot;:&quot;&quot;,&quot;camera&quot;:&quot;&quot;,&quot;caption&quot;:&quot;&quot;,&quot;created_timestamp&quot;:&quot;0&quot;,&quot;copyright&quot;:&quot;&quot;,&quot;focal_length&quot;:&quot;0&quot;,&quot;iso&quot;:&quot;0&quot;,&quot;shutter_speed&quot;:&quot;0&quot;,&quot;title&quot;:&quot;&quot;,&quot;orientation&quot;:&quot;0&quot;}\" data-image-title=\"Documento final PJM_pages-to-jpg-0004\" data-image-description=\"\" data-image-caption=\"\" data-medium-file=\"https:\/\/www.legistdf.gob.ar\/wp-content\/uploads\/2023\/09\/Documento-final-PJM_pages-to-jpg-0004-212x300.jpg\" data-large-file=\"https:\/\/www.legistdf.gob.ar\/wp-content\/uploads\/2023\/09\/Documento-final-PJM_pages-to-jpg-0004-724x1024.jpg\" \/><\/a>\n\t\t\t<\/dt><\/dl><br style=\"clear: both\" \/><dl class='gallery-item'>\n\t\t\t<dt class='gallery-icon portrait'>\n\t\t\t\t<a href='https:\/\/www.legistdf.gob.ar\/index.php\/2023\/09\/12\/legislatura-juventudes-de-toda-la-provincia-sesionaron-en-el-parlamento-juvenil-del-mercosur\/documento-final-pjm_pages-to-jpg-0005\/'><img loading=\"lazy\" decoding=\"async\" width=\"150\" height=\"150\" src=\"https:\/\/www.legistdf.gob.ar\/wp-content\/uploads\/2023\/09\/Documento-final-PJM_pages-to-jpg-0005-150x150.jpg\" class=\"attachment-thumbnail size-thumbnail\" alt=\"\" srcset=\"https:\/\/www.legistdf.gob.ar\/wp-content\/uploads\/2023\/09\/Documento-final-PJM_pages-to-jpg-0005-150x150.jpg 150w, https:\/\/www.legistdf.gob.ar\/wp-content\/uploads\/2023\/09\/Documento-final-PJM_pages-to-jpg-0005-64x64.jpg 64w\" sizes=\"(max-width: 150px) 100vw, 150px\" data-attachment-id=\"39689\" data-permalink=\"https:\/\/www.legistdf.gob.ar\/index.php\/2023\/09\/12\/legislatura-juventudes-de-toda-la-provincia-sesionaron-en-el-parlamento-juvenil-del-mercosur\/documento-final-pjm_pages-to-jpg-0005\/\" data-orig-file=\"https:\/\/www.legistdf.gob.ar\/wp-content\/uploads\/2023\/09\/Documento-final-PJM_pages-to-jpg-0005.jpg\" data-orig-size=\"1240,1753\" data-comments-opened=\"0\" data-image-meta=\"{&quot;aperture&quot;:&quot;0&quot;,&quot;credit&quot;:&quot;&quot;,&quot;camera&quot;:&quot;&quot;,&quot;caption&quot;:&quot;&quot;,&quot;created_timestamp&quot;:&quot;0&quot;,&quot;copyright&quot;:&quot;&quot;,&quot;focal_length&quot;:&quot;0&quot;,&quot;iso&quot;:&quot;0&quot;,&quot;shutter_speed&quot;:&quot;0&quot;,&quot;title&quot;:&quot;&quot;,&quot;orientation&quot;:&quot;0&quot;}\" data-image-title=\"Documento final PJM_pages-to-jpg-0005\" data-image-description=\"\" data-image-caption=\"\" data-medium-file=\"https:\/\/www.legistdf.gob.ar\/wp-content\/uploads\/2023\/09\/Documento-final-PJM_pages-to-jpg-0005-212x300.jpg\" data-large-file=\"https:\/\/www.legistdf.gob.ar\/wp-content\/uploads\/2023\/09\/Documento-final-PJM_pages-to-jpg-0005-724x1024.jpg\" \/><\/a>\n\t\t\t<\/dt><\/dl><dl class='gallery-item'>\n\t\t\t<dt class='gallery-icon portrait'>\n\t\t\t\t<a href='https:\/\/www.legistdf.gob.ar\/index.php\/2023\/09\/12\/legislatura-juventudes-de-toda-la-provincia-sesionaron-en-el-parlamento-juvenil-del-mercosur\/documento-final-pjm_pages-to-jpg-0006\/'><img loading=\"lazy\" decoding=\"async\" width=\"150\" height=\"150\" src=\"https:\/\/www.legistdf.gob.ar\/wp-content\/uploads\/2023\/09\/Documento-final-PJM_pages-to-jpg-0006-150x150.jpg\" class=\"attachment-thumbnail size-thumbnail\" alt=\"\" srcset=\"https:\/\/www.legistdf.gob.ar\/wp-content\/uploads\/2023\/09\/Documento-final-PJM_pages-to-jpg-0006-150x150.jpg 150w, https:\/\/www.legistdf.gob.ar\/wp-content\/uploads\/2023\/09\/Documento-final-PJM_pages-to-jpg-0006-64x64.jpg 64w\" sizes=\"(max-width: 150px) 100vw, 150px\" data-attachment-id=\"39690\" data-permalink=\"https:\/\/www.legistdf.gob.ar\/index.php\/2023\/09\/12\/legislatura-juventudes-de-toda-la-provincia-sesionaron-en-el-parlamento-juvenil-del-mercosur\/documento-final-pjm_pages-to-jpg-0006\/\" data-orig-file=\"https:\/\/www.legistdf.gob.ar\/wp-content\/uploads\/2023\/09\/Documento-final-PJM_pages-to-jpg-0006.jpg\" data-orig-size=\"1240,1753\" data-comments-opened=\"0\" data-image-meta=\"{&quot;aperture&quot;:&quot;0&quot;,&quot;credit&quot;:&quot;&quot;,&quot;camera&quot;:&quot;&quot;,&quot;caption&quot;:&quot;&quot;,&quot;created_timestamp&quot;:&quot;0&quot;,&quot;copyright&quot;:&quot;&quot;,&quot;focal_length&quot;:&quot;0&quot;,&quot;iso&quot;:&quot;0&quot;,&quot;shutter_speed&quot;:&quot;0&quot;,&quot;title&quot;:&quot;&quot;,&quot;orientation&quot;:&quot;0&quot;}\" data-image-title=\"Documento final PJM_pages-to-jpg-0006\" data-image-description=\"\" data-image-caption=\"\" data-medium-file=\"https:\/\/www.legistdf.gob.ar\/wp-content\/uploads\/2023\/09\/Documento-final-PJM_pages-to-jpg-0006-212x300.jpg\" data-large-file=\"https:\/\/www.legistdf.gob.ar\/wp-content\/uploads\/2023\/09\/Documento-final-PJM_pages-to-jpg-0006-724x1024.jpg\" \/><\/a>\n\t\t\t<\/dt><\/dl><dl class='gallery-item'>\n\t\t\t<dt class='gallery-icon portrait'>\n\t\t\t\t<a href='https:\/\/www.legistdf.gob.ar\/index.php\/2023\/09\/12\/legislatura-juventudes-de-toda-la-provincia-sesionaron-en-el-parlamento-juvenil-del-mercosur\/documento-final-pjm_pages-to-jpg-0007\/'><img loading=\"lazy\" decoding=\"async\" width=\"150\" height=\"150\" src=\"https:\/\/www.legistdf.gob.ar\/wp-content\/uploads\/2023\/09\/Documento-final-PJM_pages-to-jpg-0007-150x150.jpg\" class=\"attachment-thumbnail size-thumbnail\" alt=\"\" srcset=\"https:\/\/www.legistdf.gob.ar\/wp-content\/uploads\/2023\/09\/Documento-final-PJM_pages-to-jpg-0007-150x150.jpg 150w, https:\/\/www.legistdf.gob.ar\/wp-content\/uploads\/2023\/09\/Documento-final-PJM_pages-to-jpg-0007-64x64.jpg 64w\" sizes=\"(max-width: 150px) 100vw, 150px\" data-attachment-id=\"39691\" data-permalink=\"https:\/\/www.legistdf.gob.ar\/index.php\/2023\/09\/12\/legislatura-juventudes-de-toda-la-provincia-sesionaron-en-el-parlamento-juvenil-del-mercosur\/documento-final-pjm_pages-to-jpg-0007\/\" data-orig-file=\"https:\/\/www.legistdf.gob.ar\/wp-content\/uploads\/2023\/09\/Documento-final-PJM_pages-to-jpg-0007.jpg\" data-orig-size=\"1240,1753\" data-comments-opened=\"0\" data-image-meta=\"{&quot;aperture&quot;:&quot;0&quot;,&quot;credit&quot;:&quot;&quot;,&quot;camera&quot;:&quot;&quot;,&quot;caption&quot;:&quot;&quot;,&quot;created_timestamp&quot;:&quot;0&quot;,&quot;copyright&quot;:&quot;&quot;,&quot;focal_length&quot;:&quot;0&quot;,&quot;iso&quot;:&quot;0&quot;,&quot;shutter_speed&quot;:&quot;0&quot;,&quot;title&quot;:&quot;&quot;,&quot;orientation&quot;:&quot;0&quot;}\" data-image-title=\"Documento final PJM_pages-to-jpg-0007\" data-image-description=\"\" data-image-caption=\"\" data-medium-file=\"https:\/\/www.legistdf.gob.ar\/wp-content\/uploads\/2023\/09\/Documento-final-PJM_pages-to-jpg-0007-212x300.jpg\" data-large-file=\"https:\/\/www.legistdf.gob.ar\/wp-content\/uploads\/2023\/09\/Documento-final-PJM_pages-to-jpg-0007-724x1024.jpg\" \/><\/a>\n\t\t\t<\/dt><\/dl><dl class='gallery-item'>\n\t\t\t<dt class='gallery-icon portrait'>\n\t\t\t\t<a href='https:\/\/www.legistdf.gob.ar\/index.php\/2023\/09\/12\/legislatura-juventudes-de-toda-la-provincia-sesionaron-en-el-parlamento-juvenil-del-mercosur\/documento-final-pjm_pages-to-jpg-0008\/'><img loading=\"lazy\" decoding=\"async\" width=\"150\" height=\"150\" src=\"https:\/\/www.legistdf.gob.ar\/wp-content\/uploads\/2023\/09\/Documento-final-PJM_pages-to-jpg-0008-150x150.jpg\" class=\"attachment-thumbnail size-thumbnail\" alt=\"\" srcset=\"https:\/\/www.legistdf.gob.ar\/wp-content\/uploads\/2023\/09\/Documento-final-PJM_pages-to-jpg-0008-150x150.jpg 150w, https:\/\/www.legistdf.gob.ar\/wp-content\/uploads\/2023\/09\/Documento-final-PJM_pages-to-jpg-0008-64x64.jpg 64w\" sizes=\"(max-width: 150px) 100vw, 150px\" data-attachment-id=\"39692\" data-permalink=\"https:\/\/www.legistdf.gob.ar\/index.php\/2023\/09\/12\/legislatura-juventudes-de-toda-la-provincia-sesionaron-en-el-parlamento-juvenil-del-mercosur\/documento-final-pjm_pages-to-jpg-0008\/\" data-orig-file=\"https:\/\/www.legistdf.gob.ar\/wp-content\/uploads\/2023\/09\/Documento-final-PJM_pages-to-jpg-0008.jpg\" data-orig-size=\"1240,1753\" data-comments-opened=\"0\" data-image-meta=\"{&quot;aperture&quot;:&quot;0&quot;,&quot;credit&quot;:&quot;&quot;,&quot;camera&quot;:&quot;&quot;,&quot;caption&quot;:&quot;&quot;,&quot;created_timestamp&quot;:&quot;0&quot;,&quot;copyright&quot;:&quot;&quot;,&quot;focal_length&quot;:&quot;0&quot;,&quot;iso&quot;:&quot;0&quot;,&quot;shutter_speed&quot;:&quot;0&quot;,&quot;title&quot;:&quot;&quot;,&quot;orientation&quot;:&quot;0&quot;}\" data-image-title=\"Documento final PJM_pages-to-jpg-0008\" data-image-description=\"\" data-image-caption=\"\" data-medium-file=\"https:\/\/www.legistdf.gob.ar\/wp-content\/uploads\/2023\/09\/Documento-final-PJM_pages-to-jpg-0008-212x300.jpg\" data-large-file=\"https:\/\/www.legistdf.gob.ar\/wp-content\/uploads\/2023\/09\/Documento-final-PJM_pages-to-jpg-0008-724x1024.jpg\" \/><\/a>\n\t\t\t<\/dt><\/dl><dl class='gallery-item'>\n\t\t\t<dt class='gallery-icon portrait'>\n\t\t\t\t<a href='https:\/\/www.legistdf.gob.ar\/index.php\/2023\/09\/12\/legislatura-juventudes-de-toda-la-provincia-sesionaron-en-el-parlamento-juvenil-del-mercosur\/documento-final-pjm_pages-to-jpg-0009\/'><img loading=\"lazy\" decoding=\"async\" width=\"150\" height=\"150\" src=\"https:\/\/www.legistdf.gob.ar\/wp-content\/uploads\/2023\/09\/Documento-final-PJM_pages-to-jpg-0009-150x150.jpg\" class=\"attachment-thumbnail size-thumbnail\" alt=\"\" srcset=\"https:\/\/www.legistdf.gob.ar\/wp-content\/uploads\/2023\/09\/Documento-final-PJM_pages-to-jpg-0009-150x150.jpg 150w, https:\/\/www.legistdf.gob.ar\/wp-content\/uploads\/2023\/09\/Documento-final-PJM_pages-to-jpg-0009-64x64.jpg 64w\" sizes=\"(max-width: 150px) 100vw, 150px\" data-attachment-id=\"39693\" data-permalink=\"https:\/\/www.legistdf.gob.ar\/index.php\/2023\/09\/12\/legislatura-juventudes-de-toda-la-provincia-sesionaron-en-el-parlamento-juvenil-del-mercosur\/documento-final-pjm_pages-to-jpg-0009\/\" data-orig-file=\"https:\/\/www.legistdf.gob.ar\/wp-content\/uploads\/2023\/09\/Documento-final-PJM_pages-to-jpg-0009.jpg\" data-orig-size=\"1240,1753\" data-comments-opened=\"0\" data-image-meta=\"{&quot;aperture&quot;:&quot;0&quot;,&quot;credit&quot;:&quot;&quot;,&quot;camera&quot;:&quot;&quot;,&quot;caption&quot;:&quot;&quot;,&quot;created_timestamp&quot;:&quot;0&quot;,&quot;copyright&quot;:&quot;&quot;,&quot;focal_length&quot;:&quot;0&quot;,&quot;iso&quot;:&quot;0&quot;,&quot;shutter_speed&quot;:&quot;0&quot;,&quot;title&quot;:&quot;&quot;,&quot;orientation&quot;:&quot;0&quot;}\" data-image-title=\"Documento final PJM_pages-to-jpg-0009\" data-image-description=\"\" data-image-caption=\"\" data-medium-file=\"https:\/\/www.legistdf.gob.ar\/wp-content\/uploads\/2023\/09\/Documento-final-PJM_pages-to-jpg-0009-212x300.jpg\" data-large-file=\"https:\/\/www.legistdf.gob.ar\/wp-content\/uploads\/2023\/09\/Documento-final-PJM_pages-to-jpg-0009-724x1024.jpg\" \/><\/a>\n\t\t\t<\/dt><\/dl><br style=\"clear: both\" \/><dl class='gallery-item'>\n\t\t\t<dt class='gallery-icon portrait'>\n\t\t\t\t<a href='https:\/\/www.legistdf.gob.ar\/index.php\/2023\/09\/12\/legislatura-juventudes-de-toda-la-provincia-sesionaron-en-el-parlamento-juvenil-del-mercosur\/documento-final-pjm_pages-to-jpg-0010\/'><img loading=\"lazy\" decoding=\"async\" width=\"150\" height=\"150\" src=\"https:\/\/www.legistdf.gob.ar\/wp-content\/uploads\/2023\/09\/Documento-final-PJM_pages-to-jpg-0010-150x150.jpg\" class=\"attachment-thumbnail size-thumbnail\" alt=\"\" srcset=\"https:\/\/www.legistdf.gob.ar\/wp-content\/uploads\/2023\/09\/Documento-final-PJM_pages-to-jpg-0010-150x150.jpg 150w, https:\/\/www.legistdf.gob.ar\/wp-content\/uploads\/2023\/09\/Documento-final-PJM_pages-to-jpg-0010-64x64.jpg 64w\" sizes=\"(max-width: 150px) 100vw, 150px\" data-attachment-id=\"39694\" data-permalink=\"https:\/\/www.legistdf.gob.ar\/index.php\/2023\/09\/12\/legislatura-juventudes-de-toda-la-provincia-sesionaron-en-el-parlamento-juvenil-del-mercosur\/documento-final-pjm_pages-to-jpg-0010\/\" data-orig-file=\"https:\/\/www.legistdf.gob.ar\/wp-content\/uploads\/2023\/09\/Documento-final-PJM_pages-to-jpg-0010.jpg\" data-orig-size=\"1240,1753\" data-comments-opened=\"0\" data-image-meta=\"{&quot;aperture&quot;:&quot;0&quot;,&quot;credit&quot;:&quot;&quot;,&quot;camera&quot;:&quot;&quot;,&quot;caption&quot;:&quot;&quot;,&quot;created_timestamp&quot;:&quot;0&quot;,&quot;copyright&quot;:&quot;&quot;,&quot;focal_length&quot;:&quot;0&quot;,&quot;iso&quot;:&quot;0&quot;,&quot;shutter_speed&quot;:&quot;0&quot;,&quot;title&quot;:&quot;&quot;,&quot;orientation&quot;:&quot;0&quot;}\" data-image-title=\"Documento final PJM_pages-to-jpg-0010\" data-image-description=\"\" data-image-caption=\"\" data-medium-file=\"https:\/\/www.legistdf.gob.ar\/wp-content\/uploads\/2023\/09\/Documento-final-PJM_pages-to-jpg-0010-212x300.jpg\" data-large-file=\"https:\/\/www.legistdf.gob.ar\/wp-content\/uploads\/2023\/09\/Documento-final-PJM_pages-to-jpg-0010-724x1024.jpg\" \/><\/a>\n\t\t\t<\/dt><\/dl><dl class='gallery-item'>\n\t\t\t<dt class='gallery-icon portrait'>\n\t\t\t\t<a href='https:\/\/www.legistdf.gob.ar\/index.php\/2023\/09\/12\/legislatura-juventudes-de-toda-la-provincia-sesionaron-en-el-parlamento-juvenil-del-mercosur\/documento-final-pjm_pages-to-jpg-0011\/'><img loading=\"lazy\" decoding=\"async\" width=\"150\" height=\"150\" src=\"https:\/\/www.legistdf.gob.ar\/wp-content\/uploads\/2023\/09\/Documento-final-PJM_pages-to-jpg-0011-150x150.jpg\" class=\"attachment-thumbnail size-thumbnail\" alt=\"\" srcset=\"https:\/\/www.legistdf.gob.ar\/wp-content\/uploads\/2023\/09\/Documento-final-PJM_pages-to-jpg-0011-150x150.jpg 150w, https:\/\/www.legistdf.gob.ar\/wp-content\/uploads\/2023\/09\/Documento-final-PJM_pages-to-jpg-0011-64x64.jpg 64w\" sizes=\"(max-width: 150px) 100vw, 150px\" data-attachment-id=\"39695\" data-permalink=\"https:\/\/www.legistdf.gob.ar\/index.php\/2023\/09\/12\/legislatura-juventudes-de-toda-la-provincia-sesionaron-en-el-parlamento-juvenil-del-mercosur\/documento-final-pjm_pages-to-jpg-0011\/\" data-orig-file=\"https:\/\/www.legistdf.gob.ar\/wp-content\/uploads\/2023\/09\/Documento-final-PJM_pages-to-jpg-0011.jpg\" data-orig-size=\"1240,1753\" data-comments-opened=\"0\" data-image-meta=\"{&quot;aperture&quot;:&quot;0&quot;,&quot;credit&quot;:&quot;&quot;,&quot;camera&quot;:&quot;&quot;,&quot;caption&quot;:&quot;&quot;,&quot;created_timestamp&quot;:&quot;0&quot;,&quot;copyright&quot;:&quot;&quot;,&quot;focal_length&quot;:&quot;0&quot;,&quot;iso&quot;:&quot;0&quot;,&quot;shutter_speed&quot;:&quot;0&quot;,&quot;title&quot;:&quot;&quot;,&quot;orientation&quot;:&quot;0&quot;}\" data-image-title=\"Documento final PJM_pages-to-jpg-0011\" data-image-description=\"\" data-image-caption=\"\" data-medium-file=\"https:\/\/www.legistdf.gob.ar\/wp-content\/uploads\/2023\/09\/Documento-final-PJM_pages-to-jpg-0011-212x300.jpg\" data-large-file=\"https:\/\/www.legistdf.gob.ar\/wp-content\/uploads\/2023\/09\/Documento-final-PJM_pages-to-jpg-0011-724x1024.jpg\" \/><\/a>\n\t\t\t<\/dt><\/dl><dl class='gallery-item'>\n\t\t\t<dt class='gallery-icon portrait'>\n\t\t\t\t<a href='https:\/\/www.legistdf.gob.ar\/index.php\/2023\/09\/12\/legislatura-juventudes-de-toda-la-provincia-sesionaron-en-el-parlamento-juvenil-del-mercosur\/documento-final-pjm_pages-to-jpg-0012\/'><img loading=\"lazy\" decoding=\"async\" width=\"150\" height=\"150\" src=\"https:\/\/www.legistdf.gob.ar\/wp-content\/uploads\/2023\/09\/Documento-final-PJM_pages-to-jpg-0012-150x150.jpg\" class=\"attachment-thumbnail size-thumbnail\" alt=\"\" srcset=\"https:\/\/www.legistdf.gob.ar\/wp-content\/uploads\/2023\/09\/Documento-final-PJM_pages-to-jpg-0012-150x150.jpg 150w, https:\/\/www.legistdf.gob.ar\/wp-content\/uploads\/2023\/09\/Documento-final-PJM_pages-to-jpg-0012-64x64.jpg 64w\" sizes=\"(max-width: 150px) 100vw, 150px\" data-attachment-id=\"39696\" data-permalink=\"https:\/\/www.legistdf.gob.ar\/index.php\/2023\/09\/12\/legislatura-juventudes-de-toda-la-provincia-sesionaron-en-el-parlamento-juvenil-del-mercosur\/documento-final-pjm_pages-to-jpg-0012\/\" data-orig-file=\"https:\/\/www.legistdf.gob.ar\/wp-content\/uploads\/2023\/09\/Documento-final-PJM_pages-to-jpg-0012.jpg\" data-orig-size=\"1240,1753\" data-comments-opened=\"0\" data-image-meta=\"{&quot;aperture&quot;:&quot;0&quot;,&quot;credit&quot;:&quot;&quot;,&quot;camera&quot;:&quot;&quot;,&quot;caption&quot;:&quot;&quot;,&quot;created_timestamp&quot;:&quot;0&quot;,&quot;copyright&quot;:&quot;&quot;,&quot;focal_length&quot;:&quot;0&quot;,&quot;iso&quot;:&quot;0&quot;,&quot;shutter_speed&quot;:&quot;0&quot;,&quot;title&quot;:&quot;&quot;,&quot;orientation&quot;:&quot;0&quot;}\" data-image-title=\"Documento final PJM_pages-to-jpg-0012\" data-image-description=\"\" data-image-caption=\"\" data-medium-file=\"https:\/\/www.legistdf.gob.ar\/wp-content\/uploads\/2023\/09\/Documento-final-PJM_pages-to-jpg-0012-212x300.jpg\" data-large-file=\"https:\/\/www.legistdf.gob.ar\/wp-content\/uploads\/2023\/09\/Documento-final-PJM_pages-to-jpg-0012-724x1024.jpg\" \/><\/a>\n\t\t\t<\/dt><\/dl><dl class='gallery-item'>\n\t\t\t<dt class='gallery-icon portrait'>\n\t\t\t\t<a href='https:\/\/www.legistdf.gob.ar\/index.php\/2023\/09\/12\/legislatura-juventudes-de-toda-la-provincia-sesionaron-en-el-parlamento-juvenil-del-mercosur\/documento-final-pjm_pages-to-jpg-0013\/'><img loading=\"lazy\" decoding=\"async\" width=\"150\" height=\"150\" src=\"https:\/\/www.legistdf.gob.ar\/wp-content\/uploads\/2023\/09\/Documento-final-PJM_pages-to-jpg-0013-150x150.jpg\" class=\"attachment-thumbnail size-thumbnail\" alt=\"\" srcset=\"https:\/\/www.legistdf.gob.ar\/wp-content\/uploads\/2023\/09\/Documento-final-PJM_pages-to-jpg-0013-150x150.jpg 150w, https:\/\/www.legistdf.gob.ar\/wp-content\/uploads\/2023\/09\/Documento-final-PJM_pages-to-jpg-0013-64x64.jpg 64w\" sizes=\"(max-width: 150px) 100vw, 150px\" data-attachment-id=\"39697\" data-permalink=\"https:\/\/www.legistdf.gob.ar\/index.php\/2023\/09\/12\/legislatura-juventudes-de-toda-la-provincia-sesionaron-en-el-parlamento-juvenil-del-mercosur\/documento-final-pjm_pages-to-jpg-0013\/\" data-orig-file=\"https:\/\/www.legistdf.gob.ar\/wp-content\/uploads\/2023\/09\/Documento-final-PJM_pages-to-jpg-0013.jpg\" data-orig-size=\"1240,1753\" data-comments-opened=\"0\" data-image-meta=\"{&quot;aperture&quot;:&quot;0&quot;,&quot;credit&quot;:&quot;&quot;,&quot;camera&quot;:&quot;&quot;,&quot;caption&quot;:&quot;&quot;,&quot;created_timestamp&quot;:&quot;0&quot;,&quot;copyright&quot;:&quot;&quot;,&quot;focal_length&quot;:&quot;0&quot;,&quot;iso&quot;:&quot;0&quot;,&quot;shutter_speed&quot;:&quot;0&quot;,&quot;title&quot;:&quot;&quot;,&quot;orientation&quot;:&quot;0&quot;}\" data-image-title=\"Documento final PJM_pages-to-jpg-0013\" data-image-description=\"\" data-image-caption=\"\" data-medium-file=\"https:\/\/www.legistdf.gob.ar\/wp-content\/uploads\/2023\/09\/Documento-final-PJM_pages-to-jpg-0013-212x300.jpg\" data-large-file=\"https:\/\/www.legistdf.gob.ar\/wp-content\/uploads\/2023\/09\/Documento-final-PJM_pages-to-jpg-0013-724x1024.jpg\" \/><\/a>\n\t\t\t<\/dt><\/dl><dl class='gallery-item'>\n\t\t\t<dt class='gallery-icon portrait'>\n\t\t\t\t<a href='https:\/\/www.legistdf.gob.ar\/index.php\/2023\/09\/12\/legislatura-juventudes-de-toda-la-provincia-sesionaron-en-el-parlamento-juvenil-del-mercosur\/documento-final-pjm_pages-to-jpg-0014\/'><img loading=\"lazy\" decoding=\"async\" width=\"150\" height=\"150\" src=\"https:\/\/www.legistdf.gob.ar\/wp-content\/uploads\/2023\/09\/Documento-final-PJM_pages-to-jpg-0014-150x150.jpg\" class=\"attachment-thumbnail size-thumbnail\" alt=\"\" srcset=\"https:\/\/www.legistdf.gob.ar\/wp-content\/uploads\/2023\/09\/Documento-final-PJM_pages-to-jpg-0014-150x150.jpg 150w, https:\/\/www.legistdf.gob.ar\/wp-content\/uploads\/2023\/09\/Documento-final-PJM_pages-to-jpg-0014-64x64.jpg 64w\" sizes=\"(max-width: 150px) 100vw, 150px\" data-attachment-id=\"39698\" data-permalink=\"https:\/\/www.legistdf.gob.ar\/index.php\/2023\/09\/12\/legislatura-juventudes-de-toda-la-provincia-sesionaron-en-el-parlamento-juvenil-del-mercosur\/documento-final-pjm_pages-to-jpg-0014\/\" data-orig-file=\"https:\/\/www.legistdf.gob.ar\/wp-content\/uploads\/2023\/09\/Documento-final-PJM_pages-to-jpg-0014.jpg\" data-orig-size=\"1240,1753\" data-comments-opened=\"0\" data-image-meta=\"{&quot;aperture&quot;:&quot;0&quot;,&quot;credit&quot;:&quot;&quot;,&quot;camera&quot;:&quot;&quot;,&quot;caption&quot;:&quot;&quot;,&quot;created_timestamp&quot;:&quot;0&quot;,&quot;copyright&quot;:&quot;&quot;,&quot;focal_length&quot;:&quot;0&quot;,&quot;iso&quot;:&quot;0&quot;,&quot;shutter_speed&quot;:&quot;0&quot;,&quot;title&quot;:&quot;&quot;,&quot;orientation&quot;:&quot;0&quot;}\" data-image-title=\"Documento final PJM_pages-to-jpg-0014\" data-image-description=\"\" data-image-caption=\"\" data-medium-file=\"https:\/\/www.legistdf.gob.ar\/wp-content\/uploads\/2023\/09\/Documento-final-PJM_pages-to-jpg-0014-212x300.jpg\" data-large-file=\"https:\/\/www.legistdf.gob.ar\/wp-content\/uploads\/2023\/09\/Documento-final-PJM_pages-to-jpg-0014-724x1024.jpg\" \/><\/a>\n\t\t\t<\/dt><\/dl><br style=\"clear: both\" \/><dl class='gallery-item'>\n\t\t\t<dt class='gallery-icon portrait'>\n\t\t\t\t<a href='https:\/\/www.legistdf.gob.ar\/index.php\/2023\/09\/12\/legislatura-juventudes-de-toda-la-provincia-sesionaron-en-el-parlamento-juvenil-del-mercosur\/resolucion-pjm_page-0001\/'><img loading=\"lazy\" decoding=\"async\" width=\"150\" height=\"150\" src=\"https:\/\/www.legistdf.gob.ar\/wp-content\/uploads\/2023\/09\/RESOLUCI\u00d3N-PJM_page-0001-150x150.jpg\" class=\"attachment-thumbnail size-thumbnail\" alt=\"\" srcset=\"https:\/\/www.legistdf.gob.ar\/wp-content\/uploads\/2023\/09\/RESOLUCI\u00d3N-PJM_page-0001-150x150.jpg 150w, https:\/\/www.legistdf.gob.ar\/wp-content\/uploads\/2023\/09\/RESOLUCI\u00d3N-PJM_page-0001-64x64.jpg 64w\" sizes=\"(max-width: 150px) 100vw, 150px\" data-attachment-id=\"39699\" data-permalink=\"https:\/\/www.legistdf.gob.ar\/index.php\/2023\/09\/12\/legislatura-juventudes-de-toda-la-provincia-sesionaron-en-el-parlamento-juvenil-del-mercosur\/resolucion-pjm_page-0001\/\" data-orig-file=\"https:\/\/www.legistdf.gob.ar\/wp-content\/uploads\/2023\/09\/RESOLUCI\u00d3N-PJM_page-0001.jpg\" data-orig-size=\"1275,2100\" data-comments-opened=\"0\" data-image-meta=\"{&quot;aperture&quot;:&quot;0&quot;,&quot;credit&quot;:&quot;&quot;,&quot;camera&quot;:&quot;&quot;,&quot;caption&quot;:&quot;&quot;,&quot;created_timestamp&quot;:&quot;0&quot;,&quot;copyright&quot;:&quot;&quot;,&quot;focal_length&quot;:&quot;0&quot;,&quot;iso&quot;:&quot;0&quot;,&quot;shutter_speed&quot;:&quot;0&quot;,&quot;title&quot;:&quot;&quot;,&quot;orientation&quot;:&quot;0&quot;}\" data-image-title=\"RESOLUCI\u00d3N PJM_page-0001\" data-image-description=\"\" data-image-caption=\"\" data-medium-file=\"https:\/\/www.legistdf.gob.ar\/wp-content\/uploads\/2023\/09\/RESOLUCI\u00d3N-PJM_page-0001-182x300.jpg\" data-large-file=\"https:\/\/www.legistdf.gob.ar\/wp-content\/uploads\/2023\/09\/RESOLUCI\u00d3N-PJM_page-0001-622x1024.jpg\" \/><\/a>\n\t\t\t<\/dt><\/dl><dl class='gallery-item'>\n\t\t\t<dt class='gallery-icon portrait'>\n\t\t\t\t<a href='https:\/\/www.legistdf.gob.ar\/index.php\/2023\/09\/12\/legislatura-juventudes-de-toda-la-provincia-sesionaron-en-el-parlamento-juvenil-del-mercosur\/resolucion-pjm_page-0002\/'><img loading=\"lazy\" decoding=\"async\" width=\"150\" height=\"150\" src=\"https:\/\/www.legistdf.gob.ar\/wp-content\/uploads\/2023\/09\/RESOLUCI\u00d3N-PJM_page-0002-150x150.jpg\" class=\"attachment-thumbnail size-thumbnail\" alt=\"\" srcset=\"https:\/\/www.legistdf.gob.ar\/wp-content\/uploads\/2023\/09\/RESOLUCI\u00d3N-PJM_page-0002-150x150.jpg 150w, https:\/\/www.legistdf.gob.ar\/wp-content\/uploads\/2023\/09\/RESOLUCI\u00d3N-PJM_page-0002-64x64.jpg 64w\" sizes=\"(max-width: 150px) 100vw, 150px\" data-attachment-id=\"39700\" data-permalink=\"https:\/\/www.legistdf.gob.ar\/index.php\/2023\/09\/12\/legislatura-juventudes-de-toda-la-provincia-sesionaron-en-el-parlamento-juvenil-del-mercosur\/resolucion-pjm_page-0002\/\" data-orig-file=\"https:\/\/www.legistdf.gob.ar\/wp-content\/uploads\/2023\/09\/RESOLUCI\u00d3N-PJM_page-0002.jpg\" data-orig-size=\"1275,2100\" data-comments-opened=\"0\" data-image-meta=\"{&quot;aperture&quot;:&quot;0&quot;,&quot;credit&quot;:&quot;&quot;,&quot;camera&quot;:&quot;&quot;,&quot;caption&quot;:&quot;&quot;,&quot;created_timestamp&quot;:&quot;0&quot;,&quot;copyright&quot;:&quot;&quot;,&quot;focal_length&quot;:&quot;0&quot;,&quot;iso&quot;:&quot;0&quot;,&quot;shutter_speed&quot;:&quot;0&quot;,&quot;title&quot;:&quot;&quot;,&quot;orientation&quot;:&quot;0&quot;}\" data-image-title=\"RESOLUCI\u00d3N PJM_page-0002\" data-image-description=\"\" data-image-caption=\"\" data-medium-file=\"https:\/\/www.legistdf.gob.ar\/wp-content\/uploads\/2023\/09\/RESOLUCI\u00d3N-PJM_page-0002-182x300.jpg\" data-large-file=\"https:\/\/www.legistdf.gob.ar\/wp-content\/uploads\/2023\/09\/RESOLUCI\u00d3N-PJM_page-0002-622x1024.jpg\" \/><\/a>\n\t\t\t<\/dt><\/dl>\n\t\t\t<br style='clear: both' \/>\n\t\t<\/div>\n\n<p>&nbsp;<\/p>\n<p style=\"text-align: right\"><em>ZV-NEGM-AT<\/em><\/p>\n<p style=\"text-align: right\"><a href=\"https:\/\/drive.google.com\/drive\/folders\/1ADIOKlBN2njJkkXi9LBh0vzuLtoQk0Bq?usp=sharing\" target=\"_blank\" rel=\"noopener noreferrer\"><em>Galer\u00eda de im\u00e1genes<\/em><\/a><\/p>\n","protected":false},"excerpt":{"rendered":"<p>Ushuaia, martes 12 de septiembre de 2023.- La Presidenta del Poder Legislativo, vicegobernadora M\u00f3nica Urquiza dio la bienvenida a las y los j\u00f3venes fueguinos que participaron hoy en la cuarta edici\u00f3n del Parlamento Juvenil del Mercosur (PJM). Los inst\u00f3 a valorar este tipo de espacios democr\u00e1ticos, en los que se busca impulsarlos en el camino [&hellip;]<\/p>\n","protected":false},"author":352,"featured_media":39680,"comment_status":"closed","ping_status":"closed","sticky":false,"template":"","format":"standard","meta":{"jetpack_post_was_ever_published":false,"_jetpack_newsletter_access":"","_jetpack_dont_email_post_to_subs":false,"_jetpack_newsletter_tier_id":0,"footnotes":"","jetpack_publicize_message":"","jetpack_publicize_feature_enabled":true,"jetpack_social_post_already_shared":true,"jetpack_social_options":{"image_generator_settings":{"template":"highway","enabled":false}}},"categories":[1],"tags":[3085,144,2394,79,87],"jetpack_publicize_connections":[],"jetpack_sharing_enabled":true,"jetpack_featured_media_url":"https:\/\/www.legistdf.gob.ar\/wp-content\/uploads\/2023\/09\/IMG_8587.jpg","jetpack-related-posts":[],"_links":{"self":[{"href":"https:\/\/www.legistdf.gob.ar\/index.php\/wp-json\/wp\/v2\/posts\/39672"}],"collection":[{"href":"https:\/\/www.legistdf.gob.ar\/index.php\/wp-json\/wp\/v2\/posts"}],"about":[{"href":"https:\/\/www.legistdf.gob.ar\/index.php\/wp-json\/wp\/v2\/types\/post"}],"author":[{"embeddable":true,"href":"https:\/\/www.legistdf.gob.ar\/index.php\/wp-json\/wp\/v2\/users\/352"}],"replies":[{"embeddable":true,"href":"https:\/\/www.legistdf.gob.ar\/index.php\/wp-json\/wp\/v2\/comments?post=39672"}],"version-history":[{"count":4,"href":"https:\/\/www.legistdf.gob.ar\/index.php\/wp-json\/wp\/v2\/posts\/39672\/revisions"}],"predecessor-version":[{"id":39701,"href":"https:\/\/www.legistdf.gob.ar\/index.php\/wp-json\/wp\/v2\/posts\/39672\/revisions\/39701"}],"wp:featuredmedia":[{"embeddable":true,"href":"https:\/\/www.legistdf.gob.ar\/index.php\/wp-json\/wp\/v2\/media\/39680"}],"wp:attachment":[{"href":"https:\/\/www.legistdf.gob.ar\/index.php\/wp-json\/wp\/v2\/media?parent=39672"}],"wp:term":[{"taxonomy":"category","embeddable":true,"href":"https:\/\/www.legistdf.gob.ar\/index.php\/wp-json\/wp\/v2\/categories?post=39672"},{"taxonomy":"post_tag","embeddable":true,"href":"https:\/\/www.legistdf.gob.ar\/index.php\/wp-json\/wp\/v2\/tags?post=39672"}],"curies":[{"name":"wp","href":"https:\/\/api.w.org\/{rel}","templated":true}]}}