{"id":39836,"date":"2023-09-20T11:00:42","date_gmt":"2023-09-20T14:00:42","guid":{"rendered":"https:\/\/www.legistdf.gob.ar\/?p=39836"},"modified":"2023-09-20T11:00:42","modified_gmt":"2023-09-20T14:00:42","slug":"educacion-estudiantes-secundarios-analizaron-la-contaminacion-urbana-en-ushuaia","status":"publish","type":"post","link":"https:\/\/www.legistdf.gob.ar\/index.php\/2023\/09\/20\/educacion-estudiantes-secundarios-analizaron-la-contaminacion-urbana-en-ushuaia\/","title":{"rendered":"EDUCACI\u00d3N: Estudiantes secundarios analizaron la contaminaci\u00f3n urbana en Ushuaia"},"content":{"rendered":"<p><span style=\"font-size: 14pt\"><strong><span style=\"font-family: arial, helvetica, sans-serif\"><a href=\"https:\/\/www.legistdf.gob.ar\/wp-content\/uploads\/2023\/09\/IMG_7498.jpg\"><img loading=\"lazy\" decoding=\"async\" data-attachment-id=\"39839\" data-permalink=\"https:\/\/www.legistdf.gob.ar\/index.php\/2023\/09\/20\/educacion-estudiantes-secundarios-analizaron-la-contaminacion-urbana-en-ushuaia\/img_7498-3\/\" data-orig-file=\"https:\/\/www.legistdf.gob.ar\/wp-content\/uploads\/2023\/09\/IMG_7498.jpg\" data-orig-size=\"1500,1000\" data-comments-opened=\"0\" data-image-meta=\"{&quot;aperture&quot;:&quot;4&quot;,&quot;credit&quot;:&quot;&quot;,&quot;camera&quot;:&quot;Canon EOS Rebel T6i&quot;,&quot;caption&quot;:&quot;&quot;,&quot;created_timestamp&quot;:&quot;1695134833&quot;,&quot;copyright&quot;:&quot;&quot;,&quot;focal_length&quot;:&quot;13&quot;,&quot;iso&quot;:&quot;1600&quot;,&quot;shutter_speed&quot;:&quot;0.0125&quot;,&quot;title&quot;:&quot;&quot;,&quot;orientation&quot;:&quot;0&quot;}\" data-image-title=\"IMG_7498\" data-image-description=\"\" data-image-caption=\"\" data-medium-file=\"https:\/\/www.legistdf.gob.ar\/wp-content\/uploads\/2023\/09\/IMG_7498-300x200.jpg\" data-large-file=\"https:\/\/www.legistdf.gob.ar\/wp-content\/uploads\/2023\/09\/IMG_7498-1024x683.jpg\" class=\"alignleft wp-image-39839 size-medium\" src=\"https:\/\/www.legistdf.gob.ar\/wp-content\/uploads\/2023\/09\/IMG_7498-300x200.jpg\" alt=\"\" width=\"300\" height=\"200\" srcset=\"https:\/\/www.legistdf.gob.ar\/wp-content\/uploads\/2023\/09\/IMG_7498-300x200.jpg 300w, https:\/\/www.legistdf.gob.ar\/wp-content\/uploads\/2023\/09\/IMG_7498-768x512.jpg 768w, https:\/\/www.legistdf.gob.ar\/wp-content\/uploads\/2023\/09\/IMG_7498-1024x683.jpg 1024w, https:\/\/www.legistdf.gob.ar\/wp-content\/uploads\/2023\/09\/IMG_7498-160x107.jpg 160w, https:\/\/www.legistdf.gob.ar\/wp-content\/uploads\/2023\/09\/IMG_7498.jpg 1500w\" sizes=\"(max-width: 300px) 100vw, 300px\" \/><\/a>Ushuaia, mi\u00e9rcoles 20 de septiembre de 2023.- Un proyecto educativo sobre la contaminaci\u00f3n de los ambientes naturales urbanos de la capital fueguina, logr\u00f3 posicionarse como representante del fin del mundo ante la instancia nacional de la Feria de Ciencias y Tecnolog\u00eda. Se trata de una iniciativa de estudiantes de 5\u00b0 ESO \u00abA\u00bb Ciencias Naturales de la Escuela Modelo de Educaci\u00f3n Integral de Ushuaia (EMEI) y ser\u00e1n Alba \u00c1guila y Mia Cajal\u00a0 quienes representen a su divisi\u00f3n. El legislador Pablo Villegas (MPF) acompa\u00f1\u00f3 la presentaci\u00f3n del resultado final, previo a la participaci\u00f3n de esa instituci\u00f3n junto a la delegaci\u00f3n de j\u00f3venes en Tecn\u00f3polis.<\/span><\/strong><\/span><\/p>\n<p>&nbsp;<\/p>\n<p><span style=\"font-family: arial, helvetica, sans-serif;font-size: 12pt\">El trabajo de investigaci\u00f3n se llev\u00f3 adelante junto a la prof. Victoria Anti\u00f1anco, dentro del espacio curricular de Ecolog\u00eda. Buscaban \u201cconocer el grado de contaminaci\u00f3n en la ciudad de Ushuaia debido al impacto ambiental generado por el crecimiento poblacional\u201d. El desconocimiento de los agentes contaminantes de los ambientes naturales \u201cles permiti\u00f3 conocer y valorar los ecosistemas naturales y la importancia de la preservaci\u00f3n de estos ambientes\u201d.<\/span><\/p>\n<p>&nbsp;<\/p>\n<p><span style=\"font-family: arial, helvetica, sans-serif;font-size: 12pt\"><a href=\"https:\/\/www.legistdf.gob.ar\/wp-content\/uploads\/2023\/09\/IMG_7496.jpg\"><img loading=\"lazy\" decoding=\"async\" data-attachment-id=\"39838\" data-permalink=\"https:\/\/www.legistdf.gob.ar\/index.php\/2023\/09\/20\/educacion-estudiantes-secundarios-analizaron-la-contaminacion-urbana-en-ushuaia\/img_7496-2\/\" data-orig-file=\"https:\/\/www.legistdf.gob.ar\/wp-content\/uploads\/2023\/09\/IMG_7496.jpg\" data-orig-size=\"1500,1000\" data-comments-opened=\"0\" data-image-meta=\"{&quot;aperture&quot;:&quot;3.5&quot;,&quot;credit&quot;:&quot;&quot;,&quot;camera&quot;:&quot;Canon EOS Rebel T6i&quot;,&quot;caption&quot;:&quot;&quot;,&quot;created_timestamp&quot;:&quot;1695134825&quot;,&quot;copyright&quot;:&quot;&quot;,&quot;focal_length&quot;:&quot;10&quot;,&quot;iso&quot;:&quot;1600&quot;,&quot;shutter_speed&quot;:&quot;0.0125&quot;,&quot;title&quot;:&quot;&quot;,&quot;orientation&quot;:&quot;0&quot;}\" data-image-title=\"IMG_7496\" data-image-description=\"\" data-image-caption=\"\" data-medium-file=\"https:\/\/www.legistdf.gob.ar\/wp-content\/uploads\/2023\/09\/IMG_7496-300x200.jpg\" data-large-file=\"https:\/\/www.legistdf.gob.ar\/wp-content\/uploads\/2023\/09\/IMG_7496-1024x683.jpg\" class=\"alignright wp-image-39838 size-medium\" src=\"https:\/\/www.legistdf.gob.ar\/wp-content\/uploads\/2023\/09\/IMG_7496-300x200.jpg\" alt=\"\" width=\"300\" height=\"200\" srcset=\"https:\/\/www.legistdf.gob.ar\/wp-content\/uploads\/2023\/09\/IMG_7496-300x200.jpg 300w, https:\/\/www.legistdf.gob.ar\/wp-content\/uploads\/2023\/09\/IMG_7496-768x512.jpg 768w, https:\/\/www.legistdf.gob.ar\/wp-content\/uploads\/2023\/09\/IMG_7496-1024x683.jpg 1024w, https:\/\/www.legistdf.gob.ar\/wp-content\/uploads\/2023\/09\/IMG_7496-160x107.jpg 160w, https:\/\/www.legistdf.gob.ar\/wp-content\/uploads\/2023\/09\/IMG_7496.jpg 1500w\" sizes=\"(max-width: 300px) 100vw, 300px\" \/><\/a>Entre las tareas de campo, las y los estudiantes se basaron en informaci\u00f3n documental cient\u00edfica publicada en la revista de divulgaci\u00f3n La Lupa, sitios web y \u201cun sondeo en distintas zonas de la ciudad con el objetivo de obtener muestras de agua y analizarlas posteriormente en el laboratorio escolar\u201d, bajo la gu\u00eda de la docente prof. Roxana Pimenta. A la presentaci\u00f3n, tambi\u00e9n asisti\u00f3 el vicerrector de la instituci\u00f3n, prof. Jos\u00e9 Luis Fern\u00e1ndez.<\/span><\/p>\n<p>&nbsp;<\/p>\n<p><span style=\"font-family: arial, helvetica, sans-serif;font-size: 12pt\">La presencia de l\u00edquenes en zonas urbanas son considerados bioindicadores de la pureza del aire, cuesti\u00f3n que fue analizada en una salida de campo, donde registraron fotogr\u00e1ficamente su presencia. Tambi\u00e9n centraron su b\u00fasqueda en las fuentes de agua que se encuentran en la ciudad, y estudiaron la situaci\u00f3n del arroyo Buena Esperanza, \u201ccon el objetivo de proponer posibles soluciones para revertir o disminuir los efectos contaminantes de la actividad humana en una de las fuentes de agua potable m\u00e1s importante de nuestra ciudad\u201d.<\/span><\/p>\n<p>&nbsp;<\/p>\n<blockquote><p><span style=\"font-family: arial, helvetica, sans-serif;font-size: 12pt\"><a href=\"https:\/\/www.legistdf.gob.ar\/wp-content\/uploads\/2023\/09\/IMG_7500.jpg\"><img loading=\"lazy\" decoding=\"async\" data-attachment-id=\"39841\" data-permalink=\"https:\/\/www.legistdf.gob.ar\/index.php\/2023\/09\/20\/educacion-estudiantes-secundarios-analizaron-la-contaminacion-urbana-en-ushuaia\/img_7500-2\/\" data-orig-file=\"https:\/\/www.legistdf.gob.ar\/wp-content\/uploads\/2023\/09\/IMG_7500.jpg\" data-orig-size=\"1500,1000\" data-comments-opened=\"0\" data-image-meta=\"{&quot;aperture&quot;:&quot;4&quot;,&quot;credit&quot;:&quot;&quot;,&quot;camera&quot;:&quot;Canon EOS Rebel T6i&quot;,&quot;caption&quot;:&quot;&quot;,&quot;created_timestamp&quot;:&quot;1695134918&quot;,&quot;copyright&quot;:&quot;&quot;,&quot;focal_length&quot;:&quot;14&quot;,&quot;iso&quot;:&quot;1600&quot;,&quot;shutter_speed&quot;:&quot;0.016666666666667&quot;,&quot;title&quot;:&quot;&quot;,&quot;orientation&quot;:&quot;0&quot;}\" data-image-title=\"IMG_7500\" data-image-description=\"\" data-image-caption=\"\" data-medium-file=\"https:\/\/www.legistdf.gob.ar\/wp-content\/uploads\/2023\/09\/IMG_7500-300x200.jpg\" data-large-file=\"https:\/\/www.legistdf.gob.ar\/wp-content\/uploads\/2023\/09\/IMG_7500-1024x683.jpg\" class=\"alignleft wp-image-39841 size-medium\" src=\"https:\/\/www.legistdf.gob.ar\/wp-content\/uploads\/2023\/09\/IMG_7500-300x200.jpg\" alt=\"\" width=\"300\" height=\"200\" srcset=\"https:\/\/www.legistdf.gob.ar\/wp-content\/uploads\/2023\/09\/IMG_7500-300x200.jpg 300w, https:\/\/www.legistdf.gob.ar\/wp-content\/uploads\/2023\/09\/IMG_7500-768x512.jpg 768w, https:\/\/www.legistdf.gob.ar\/wp-content\/uploads\/2023\/09\/IMG_7500-1024x683.jpg 1024w, https:\/\/www.legistdf.gob.ar\/wp-content\/uploads\/2023\/09\/IMG_7500-160x107.jpg 160w, https:\/\/www.legistdf.gob.ar\/wp-content\/uploads\/2023\/09\/IMG_7500.jpg 1500w\" sizes=\"(max-width: 300px) 100vw, 300px\" \/><\/a>En di\u00e1logo con Prensa Legislativa, los estudiantes <a href=\"https:\/\/x.com\/PrensaLegisTDF\/status\/1704232962965877205?s=20\" target=\"_blank\" rel=\"noopener noreferrer\">Dar\u00edo Leguizam\u00f3n y Tob\u00edas Froy<\/a> dieron cuenta de la tarea, que insumi\u00f3 a poco m\u00e1s de 20 alumnas y alumnos de esa instituci\u00f3n, interesados en el ambiente de la capital fueguina. \u201cFue una tarea divertida\u201d dijo Leguizam\u00f3n al tiempo que resalt\u00f3 \u201clo interesante\u201d de la propuesta acad\u00e9mica en la que, tambi\u00e9n, intervinieron las docentes Anti\u00f1anco y Pimenta. Evalu\u00f3 que la informaci\u00f3n y el conocimiento que adquirieron en la experiencia, los lleva \u201ca tener que cuidar nuestro ambiente\u201d.<\/span><\/p><\/blockquote>\n<p>&nbsp;<\/p>\n<p><span style=\"font-family: arial, helvetica, sans-serif;font-size: 12pt\">En tanto, Froy sostuvo que la investigaci\u00f3n \u201cno solo fue enriquecedora y did\u00e1ctica, sino que nos permiti\u00f3 compartir salidas, caminatas y recorridos con muestreos\u201d. Cabe se\u00f1alar que tambi\u00e9n, en el proceso de ahondar en la propuesta educativa, las y los alumnos de la instituci\u00f3n participaron de una jornada de limpieza de la zona aleda\u00f1a al arroyo Buena Esperanza, donde alcanzaron a recolectar m\u00e1s de 20 bolsas de consorcio con residuos s\u00f3lidos.<\/span><\/p>\n<p>&nbsp;<\/p>\n<p><span style=\"font-family: arial, helvetica, sans-serif;font-size: 12pt\">Consultado sobre las expectativas en su participaci\u00f3n en Tecn\u00f3polis, los estudiantes informaron que buscan ganar la instancia en la que fueron seleccionados aunque tambi\u00e9n reconocieron que \u201clo m\u00e1s importante es que la comunidad reconozca la concientizaci\u00f3n que intentamos\u201d brindamos a la ciudad.<\/span><\/p>\n<blockquote><p>&nbsp;<\/p>\n<p><span style=\"font-family: arial, helvetica, sans-serif;font-size: 12pt\">Por \u00faltimo, informaron que ser\u00e1n Alba \u00c1guila y Mia Cajal \u00a0quienes representen a esa divisi\u00f3n de la EMEI en la presentaci\u00f3n nacional, integrantes que resultaron electas en \u201cun proceso democr\u00e1tico\u201d, dentro del aula.<\/span><\/p><\/blockquote>\n<p>&nbsp;<\/p>\n<p style=\"text-align: center\"><span style=\"font-family: arial, helvetica, sans-serif;font-size: 12pt\"><em>LA LEGISLATURA DECLARAR\u00c1 DE INTER\u00c9S PROVINCIAL EL TRAYECTO ACAD\u00c9MICO<\/em><\/span><\/p>\n<p>&nbsp;<\/p>\n<p><span style=\"font-family: arial, helvetica, sans-serif;font-size: 12pt\"><a href=\"https:\/\/www.legistdf.gob.ar\/wp-content\/uploads\/2023\/09\/IMG_7499.jpg\"><img loading=\"lazy\" decoding=\"async\" data-attachment-id=\"39840\" data-permalink=\"https:\/\/www.legistdf.gob.ar\/index.php\/2023\/09\/20\/educacion-estudiantes-secundarios-analizaron-la-contaminacion-urbana-en-ushuaia\/img_7499\/\" data-orig-file=\"https:\/\/www.legistdf.gob.ar\/wp-content\/uploads\/2023\/09\/IMG_7499.jpg\" data-orig-size=\"1500,1000\" data-comments-opened=\"0\" data-image-meta=\"{&quot;aperture&quot;:&quot;3.5&quot;,&quot;credit&quot;:&quot;&quot;,&quot;camera&quot;:&quot;Canon EOS Rebel T6i&quot;,&quot;caption&quot;:&quot;&quot;,&quot;created_timestamp&quot;:&quot;1695134847&quot;,&quot;copyright&quot;:&quot;&quot;,&quot;focal_length&quot;:&quot;10&quot;,&quot;iso&quot;:&quot;1600&quot;,&quot;shutter_speed&quot;:&quot;0.00625&quot;,&quot;title&quot;:&quot;&quot;,&quot;orientation&quot;:&quot;0&quot;}\" data-image-title=\"IMG_7499\" data-image-description=\"\" data-image-caption=\"\" data-medium-file=\"https:\/\/www.legistdf.gob.ar\/wp-content\/uploads\/2023\/09\/IMG_7499-300x200.jpg\" data-large-file=\"https:\/\/www.legistdf.gob.ar\/wp-content\/uploads\/2023\/09\/IMG_7499-1024x683.jpg\" class=\"alignright wp-image-39840 size-medium\" src=\"https:\/\/www.legistdf.gob.ar\/wp-content\/uploads\/2023\/09\/IMG_7499-300x200.jpg\" alt=\"\" width=\"300\" height=\"200\" srcset=\"https:\/\/www.legistdf.gob.ar\/wp-content\/uploads\/2023\/09\/IMG_7499-300x200.jpg 300w, https:\/\/www.legistdf.gob.ar\/wp-content\/uploads\/2023\/09\/IMG_7499-768x512.jpg 768w, https:\/\/www.legistdf.gob.ar\/wp-content\/uploads\/2023\/09\/IMG_7499-1024x683.jpg 1024w, https:\/\/www.legistdf.gob.ar\/wp-content\/uploads\/2023\/09\/IMG_7499-160x107.jpg 160w, https:\/\/www.legistdf.gob.ar\/wp-content\/uploads\/2023\/09\/IMG_7499.jpg 1500w\" sizes=\"(max-width: 300px) 100vw, 300px\" \/><\/a>El legislador Villegas present\u00f3 ante el Parlamento fueguino un proyecto de declaraci\u00f3n que pretender resaltar la iniciativa de las y los estudiantes, toda vez que, se\u00f1al\u00f3: \u201cLa concientizaci\u00f3n ambiental es un aprendizaje necesario, con independencia de la edad o de los conocimientos que posean las personas\u201d. As\u00ed, para concluir su propuesta, desde la instituci\u00f3n educativa ushuaiense y junto a las y los autores \u201celaboraron folletos informativos y un video de concientizaci\u00f3n para difundir la investigaci\u00f3n con la comunidad\u201d.<\/span><\/p>\n<p>&nbsp;<\/p>\n<p><span style=\"font-family: arial, helvetica, sans-serif;font-size: 12pt\">La propuesta educativa \u201cpas\u00f3 a instancia nacional de Feria de Ciencias, Arte y Tecnolog\u00eda 2023, siendo destacado como mejor propuesta en materia de cuidado ambiental, y formando parte de la delegaci\u00f3n que representar\u00e1 a la Provincia de Tierra del Fuego en dicha instancia\u201d.<\/span><\/p>\n<p>&nbsp;<\/p>\n\n\t\t<style type=\"text\/css\">\n\t\t\t#gallery-1 {\n\t\t\t\tmargin: auto;\n\t\t\t}\n\t\t\t#gallery-1 .gallery-item {\n\t\t\t\tfloat: left;\n\t\t\t\tmargin-top: 10px;\n\t\t\t\ttext-align: center;\n\t\t\t\twidth: 16%;\n\t\t\t}\n\t\t\t#gallery-1 img {\n\t\t\t\tborder: 2px solid #cfcfcf;\n\t\t\t}\n\t\t\t#gallery-1 .gallery-caption {\n\t\t\t\tmargin-left: 0;\n\t\t\t}\n\t\t\t\/* see gallery_shortcode() in wp-includes\/media.php *\/\n\t\t<\/style>\n\t\t<div data-carousel-extra='{\"blog_id\":1,\"permalink\":\"https:\\\/\\\/www.legistdf.gob.ar\\\/index.php\\\/2023\\\/09\\\/20\\\/educacion-estudiantes-secundarios-analizaron-la-contaminacion-urbana-en-ushuaia\\\/\"}' id='gallery-1' class='gallery galleryid-39836 gallery-columns-6 gallery-size-thumbnail'><dl class='gallery-item'>\n\t\t\t<dt class='gallery-icon landscape'>\n\t\t\t\t<a href='https:\/\/www.legistdf.gob.ar\/index.php\/2023\/09\/20\/educacion-estudiantes-secundarios-analizaron-la-contaminacion-urbana-en-ushuaia\/img_7494-3\/'><img loading=\"lazy\" decoding=\"async\" width=\"150\" height=\"150\" src=\"https:\/\/www.legistdf.gob.ar\/wp-content\/uploads\/2023\/09\/IMG_7494-150x150.jpg\" class=\"attachment-thumbnail size-thumbnail\" alt=\"\" srcset=\"https:\/\/www.legistdf.gob.ar\/wp-content\/uploads\/2023\/09\/IMG_7494-150x150.jpg 150w, https:\/\/www.legistdf.gob.ar\/wp-content\/uploads\/2023\/09\/IMG_7494-64x64.jpg 64w\" sizes=\"(max-width: 150px) 100vw, 150px\" data-attachment-id=\"39837\" data-permalink=\"https:\/\/www.legistdf.gob.ar\/index.php\/2023\/09\/20\/educacion-estudiantes-secundarios-analizaron-la-contaminacion-urbana-en-ushuaia\/img_7494-3\/\" data-orig-file=\"https:\/\/www.legistdf.gob.ar\/wp-content\/uploads\/2023\/09\/IMG_7494.jpg\" data-orig-size=\"1500,1000\" data-comments-opened=\"0\" data-image-meta=\"{&quot;aperture&quot;:&quot;3.5&quot;,&quot;credit&quot;:&quot;&quot;,&quot;camera&quot;:&quot;Canon EOS Rebel T6i&quot;,&quot;caption&quot;:&quot;&quot;,&quot;created_timestamp&quot;:&quot;1695134816&quot;,&quot;copyright&quot;:&quot;&quot;,&quot;focal_length&quot;:&quot;10&quot;,&quot;iso&quot;:&quot;1600&quot;,&quot;shutter_speed&quot;:&quot;0.0125&quot;,&quot;title&quot;:&quot;&quot;,&quot;orientation&quot;:&quot;0&quot;}\" data-image-title=\"IMG_7494\" data-image-description=\"\" data-image-caption=\"\" data-medium-file=\"https:\/\/www.legistdf.gob.ar\/wp-content\/uploads\/2023\/09\/IMG_7494-300x200.jpg\" data-large-file=\"https:\/\/www.legistdf.gob.ar\/wp-content\/uploads\/2023\/09\/IMG_7494-1024x683.jpg\" \/><\/a>\n\t\t\t<\/dt><\/dl><dl class='gallery-item'>\n\t\t\t<dt class='gallery-icon landscape'>\n\t\t\t\t<a href='https:\/\/www.legistdf.gob.ar\/index.php\/2023\/09\/20\/educacion-estudiantes-secundarios-analizaron-la-contaminacion-urbana-en-ushuaia\/img_7496-2\/'><img loading=\"lazy\" decoding=\"async\" width=\"150\" height=\"150\" src=\"https:\/\/www.legistdf.gob.ar\/wp-content\/uploads\/2023\/09\/IMG_7496-150x150.jpg\" class=\"attachment-thumbnail size-thumbnail\" alt=\"\" srcset=\"https:\/\/www.legistdf.gob.ar\/wp-content\/uploads\/2023\/09\/IMG_7496-150x150.jpg 150w, https:\/\/www.legistdf.gob.ar\/wp-content\/uploads\/2023\/09\/IMG_7496-64x64.jpg 64w\" sizes=\"(max-width: 150px) 100vw, 150px\" data-attachment-id=\"39838\" data-permalink=\"https:\/\/www.legistdf.gob.ar\/index.php\/2023\/09\/20\/educacion-estudiantes-secundarios-analizaron-la-contaminacion-urbana-en-ushuaia\/img_7496-2\/\" data-orig-file=\"https:\/\/www.legistdf.gob.ar\/wp-content\/uploads\/2023\/09\/IMG_7496.jpg\" data-orig-size=\"1500,1000\" data-comments-opened=\"0\" data-image-meta=\"{&quot;aperture&quot;:&quot;3.5&quot;,&quot;credit&quot;:&quot;&quot;,&quot;camera&quot;:&quot;Canon EOS Rebel T6i&quot;,&quot;caption&quot;:&quot;&quot;,&quot;created_timestamp&quot;:&quot;1695134825&quot;,&quot;copyright&quot;:&quot;&quot;,&quot;focal_length&quot;:&quot;10&quot;,&quot;iso&quot;:&quot;1600&quot;,&quot;shutter_speed&quot;:&quot;0.0125&quot;,&quot;title&quot;:&quot;&quot;,&quot;orientation&quot;:&quot;0&quot;}\" data-image-title=\"IMG_7496\" data-image-description=\"\" data-image-caption=\"\" data-medium-file=\"https:\/\/www.legistdf.gob.ar\/wp-content\/uploads\/2023\/09\/IMG_7496-300x200.jpg\" data-large-file=\"https:\/\/www.legistdf.gob.ar\/wp-content\/uploads\/2023\/09\/IMG_7496-1024x683.jpg\" \/><\/a>\n\t\t\t<\/dt><\/dl><dl class='gallery-item'>\n\t\t\t<dt class='gallery-icon landscape'>\n\t\t\t\t<a href='https:\/\/www.legistdf.gob.ar\/index.php\/2023\/09\/20\/educacion-estudiantes-secundarios-analizaron-la-contaminacion-urbana-en-ushuaia\/img_7498-3\/'><img loading=\"lazy\" decoding=\"async\" width=\"150\" height=\"150\" src=\"https:\/\/www.legistdf.gob.ar\/wp-content\/uploads\/2023\/09\/IMG_7498-150x150.jpg\" class=\"attachment-thumbnail size-thumbnail\" alt=\"\" srcset=\"https:\/\/www.legistdf.gob.ar\/wp-content\/uploads\/2023\/09\/IMG_7498-150x150.jpg 150w, https:\/\/www.legistdf.gob.ar\/wp-content\/uploads\/2023\/09\/IMG_7498-64x64.jpg 64w\" sizes=\"(max-width: 150px) 100vw, 150px\" data-attachment-id=\"39839\" data-permalink=\"https:\/\/www.legistdf.gob.ar\/index.php\/2023\/09\/20\/educacion-estudiantes-secundarios-analizaron-la-contaminacion-urbana-en-ushuaia\/img_7498-3\/\" data-orig-file=\"https:\/\/www.legistdf.gob.ar\/wp-content\/uploads\/2023\/09\/IMG_7498.jpg\" data-orig-size=\"1500,1000\" data-comments-opened=\"0\" data-image-meta=\"{&quot;aperture&quot;:&quot;4&quot;,&quot;credit&quot;:&quot;&quot;,&quot;camera&quot;:&quot;Canon EOS Rebel T6i&quot;,&quot;caption&quot;:&quot;&quot;,&quot;created_timestamp&quot;:&quot;1695134833&quot;,&quot;copyright&quot;:&quot;&quot;,&quot;focal_length&quot;:&quot;13&quot;,&quot;iso&quot;:&quot;1600&quot;,&quot;shutter_speed&quot;:&quot;0.0125&quot;,&quot;title&quot;:&quot;&quot;,&quot;orientation&quot;:&quot;0&quot;}\" data-image-title=\"IMG_7498\" data-image-description=\"\" data-image-caption=\"\" data-medium-file=\"https:\/\/www.legistdf.gob.ar\/wp-content\/uploads\/2023\/09\/IMG_7498-300x200.jpg\" data-large-file=\"https:\/\/www.legistdf.gob.ar\/wp-content\/uploads\/2023\/09\/IMG_7498-1024x683.jpg\" \/><\/a>\n\t\t\t<\/dt><\/dl><dl class='gallery-item'>\n\t\t\t<dt class='gallery-icon landscape'>\n\t\t\t\t<a href='https:\/\/www.legistdf.gob.ar\/index.php\/2023\/09\/20\/educacion-estudiantes-secundarios-analizaron-la-contaminacion-urbana-en-ushuaia\/img_7499\/'><img loading=\"lazy\" decoding=\"async\" width=\"150\" height=\"150\" src=\"https:\/\/www.legistdf.gob.ar\/wp-content\/uploads\/2023\/09\/IMG_7499-150x150.jpg\" class=\"attachment-thumbnail size-thumbnail\" alt=\"\" srcset=\"https:\/\/www.legistdf.gob.ar\/wp-content\/uploads\/2023\/09\/IMG_7499-150x150.jpg 150w, https:\/\/www.legistdf.gob.ar\/wp-content\/uploads\/2023\/09\/IMG_7499-64x64.jpg 64w\" sizes=\"(max-width: 150px) 100vw, 150px\" data-attachment-id=\"39840\" data-permalink=\"https:\/\/www.legistdf.gob.ar\/index.php\/2023\/09\/20\/educacion-estudiantes-secundarios-analizaron-la-contaminacion-urbana-en-ushuaia\/img_7499\/\" data-orig-file=\"https:\/\/www.legistdf.gob.ar\/wp-content\/uploads\/2023\/09\/IMG_7499.jpg\" data-orig-size=\"1500,1000\" data-comments-opened=\"0\" data-image-meta=\"{&quot;aperture&quot;:&quot;3.5&quot;,&quot;credit&quot;:&quot;&quot;,&quot;camera&quot;:&quot;Canon EOS Rebel T6i&quot;,&quot;caption&quot;:&quot;&quot;,&quot;created_timestamp&quot;:&quot;1695134847&quot;,&quot;copyright&quot;:&quot;&quot;,&quot;focal_length&quot;:&quot;10&quot;,&quot;iso&quot;:&quot;1600&quot;,&quot;shutter_speed&quot;:&quot;0.00625&quot;,&quot;title&quot;:&quot;&quot;,&quot;orientation&quot;:&quot;0&quot;}\" data-image-title=\"IMG_7499\" data-image-description=\"\" data-image-caption=\"\" data-medium-file=\"https:\/\/www.legistdf.gob.ar\/wp-content\/uploads\/2023\/09\/IMG_7499-300x200.jpg\" data-large-file=\"https:\/\/www.legistdf.gob.ar\/wp-content\/uploads\/2023\/09\/IMG_7499-1024x683.jpg\" \/><\/a>\n\t\t\t<\/dt><\/dl><dl class='gallery-item'>\n\t\t\t<dt class='gallery-icon landscape'>\n\t\t\t\t<a href='https:\/\/www.legistdf.gob.ar\/index.php\/2023\/09\/20\/educacion-estudiantes-secundarios-analizaron-la-contaminacion-urbana-en-ushuaia\/img_7500-2\/'><img loading=\"lazy\" decoding=\"async\" width=\"150\" height=\"150\" src=\"https:\/\/www.legistdf.gob.ar\/wp-content\/uploads\/2023\/09\/IMG_7500-150x150.jpg\" class=\"attachment-thumbnail size-thumbnail\" alt=\"\" srcset=\"https:\/\/www.legistdf.gob.ar\/wp-content\/uploads\/2023\/09\/IMG_7500-150x150.jpg 150w, https:\/\/www.legistdf.gob.ar\/wp-content\/uploads\/2023\/09\/IMG_7500-64x64.jpg 64w\" sizes=\"(max-width: 150px) 100vw, 150px\" data-attachment-id=\"39841\" data-permalink=\"https:\/\/www.legistdf.gob.ar\/index.php\/2023\/09\/20\/educacion-estudiantes-secundarios-analizaron-la-contaminacion-urbana-en-ushuaia\/img_7500-2\/\" data-orig-file=\"https:\/\/www.legistdf.gob.ar\/wp-content\/uploads\/2023\/09\/IMG_7500.jpg\" data-orig-size=\"1500,1000\" data-comments-opened=\"0\" data-image-meta=\"{&quot;aperture&quot;:&quot;4&quot;,&quot;credit&quot;:&quot;&quot;,&quot;camera&quot;:&quot;Canon EOS Rebel T6i&quot;,&quot;caption&quot;:&quot;&quot;,&quot;created_timestamp&quot;:&quot;1695134918&quot;,&quot;copyright&quot;:&quot;&quot;,&quot;focal_length&quot;:&quot;14&quot;,&quot;iso&quot;:&quot;1600&quot;,&quot;shutter_speed&quot;:&quot;0.016666666666667&quot;,&quot;title&quot;:&quot;&quot;,&quot;orientation&quot;:&quot;0&quot;}\" data-image-title=\"IMG_7500\" data-image-description=\"\" data-image-caption=\"\" data-medium-file=\"https:\/\/www.legistdf.gob.ar\/wp-content\/uploads\/2023\/09\/IMG_7500-300x200.jpg\" data-large-file=\"https:\/\/www.legistdf.gob.ar\/wp-content\/uploads\/2023\/09\/IMG_7500-1024x683.jpg\" \/><\/a>\n\t\t\t<\/dt><\/dl><dl class='gallery-item'>\n\t\t\t<dt class='gallery-icon landscape'>\n\t\t\t\t<a href='https:\/\/www.legistdf.gob.ar\/index.php\/2023\/09\/20\/educacion-estudiantes-secundarios-analizaron-la-contaminacion-urbana-en-ushuaia\/img_7503-3\/'><img loading=\"lazy\" decoding=\"async\" width=\"150\" height=\"150\" src=\"https:\/\/www.legistdf.gob.ar\/wp-content\/uploads\/2023\/09\/IMG_7503-150x150.jpg\" class=\"attachment-thumbnail size-thumbnail\" alt=\"\" srcset=\"https:\/\/www.legistdf.gob.ar\/wp-content\/uploads\/2023\/09\/IMG_7503-150x150.jpg 150w, https:\/\/www.legistdf.gob.ar\/wp-content\/uploads\/2023\/09\/IMG_7503-64x64.jpg 64w\" sizes=\"(max-width: 150px) 100vw, 150px\" data-attachment-id=\"39842\" data-permalink=\"https:\/\/www.legistdf.gob.ar\/index.php\/2023\/09\/20\/educacion-estudiantes-secundarios-analizaron-la-contaminacion-urbana-en-ushuaia\/img_7503-3\/\" data-orig-file=\"https:\/\/www.legistdf.gob.ar\/wp-content\/uploads\/2023\/09\/IMG_7503.jpg\" data-orig-size=\"1500,1000\" data-comments-opened=\"0\" data-image-meta=\"{&quot;aperture&quot;:&quot;3.5&quot;,&quot;credit&quot;:&quot;&quot;,&quot;camera&quot;:&quot;Canon EOS Rebel T6i&quot;,&quot;caption&quot;:&quot;&quot;,&quot;created_timestamp&quot;:&quot;1695137121&quot;,&quot;copyright&quot;:&quot;&quot;,&quot;focal_length&quot;:&quot;11&quot;,&quot;iso&quot;:&quot;1600&quot;,&quot;shutter_speed&quot;:&quot;0.016666666666667&quot;,&quot;title&quot;:&quot;&quot;,&quot;orientation&quot;:&quot;0&quot;}\" data-image-title=\"IMG_7503\" data-image-description=\"\" data-image-caption=\"\" data-medium-file=\"https:\/\/www.legistdf.gob.ar\/wp-content\/uploads\/2023\/09\/IMG_7503-300x200.jpg\" data-large-file=\"https:\/\/www.legistdf.gob.ar\/wp-content\/uploads\/2023\/09\/IMG_7503-1024x683.jpg\" \/><\/a>\n\t\t\t<\/dt><\/dl><br style=\"clear: both\" \/>\n\t\t<\/div>\n\n<p>&nbsp;<\/p>\n<p style=\"text-align: right\"><em>AT<\/em><\/p>\n","protected":false},"excerpt":{"rendered":"<p>Ushuaia, mi\u00e9rcoles 20 de septiembre de 2023.- Un proyecto educativo sobre la contaminaci\u00f3n de los ambientes naturales urbanos de la capital fueguina, logr\u00f3 posicionarse como representante del fin del mundo ante la instancia nacional de la Feria de Ciencias y Tecnolog\u00eda. Se trata de una iniciativa de estudiantes de 5\u00b0 ESO \u00abA\u00bb Ciencias Naturales de [&hellip;]<\/p>\n","protected":false},"author":352,"featured_media":39842,"comment_status":"closed","ping_status":"closed","sticky":false,"template":"","format":"standard","meta":{"jetpack_post_was_ever_published":false,"_jetpack_newsletter_access":"","_jetpack_dont_email_post_to_subs":false,"_jetpack_newsletter_tier_id":0,"footnotes":"","jetpack_publicize_message":"","jetpack_publicize_feature_enabled":true,"jetpack_social_post_already_shared":true,"jetpack_social_options":{"image_generator_settings":{"template":"highway","enabled":false}}},"categories":[1],"tags":[80,228,78,106,79,87],"jetpack_publicize_connections":[],"jetpack_sharing_enabled":true,"jetpack_featured_media_url":"https:\/\/www.legistdf.gob.ar\/wp-content\/uploads\/2023\/09\/IMG_7503.jpg","jetpack-related-posts":[],"_links":{"self":[{"href":"https:\/\/www.legistdf.gob.ar\/index.php\/wp-json\/wp\/v2\/posts\/39836"}],"collection":[{"href":"https:\/\/www.legistdf.gob.ar\/index.php\/wp-json\/wp\/v2\/posts"}],"about":[{"href":"https:\/\/www.legistdf.gob.ar\/index.php\/wp-json\/wp\/v2\/types\/post"}],"author":[{"embeddable":true,"href":"https:\/\/www.legistdf.gob.ar\/index.php\/wp-json\/wp\/v2\/users\/352"}],"replies":[{"embeddable":true,"href":"https:\/\/www.legistdf.gob.ar\/index.php\/wp-json\/wp\/v2\/comments?post=39836"}],"version-history":[{"count":3,"href":"https:\/\/www.legistdf.gob.ar\/index.php\/wp-json\/wp\/v2\/posts\/39836\/revisions"}],"predecessor-version":[{"id":39845,"href":"https:\/\/www.legistdf.gob.ar\/index.php\/wp-json\/wp\/v2\/posts\/39836\/revisions\/39845"}],"wp:featuredmedia":[{"embeddable":true,"href":"https:\/\/www.legistdf.gob.ar\/index.php\/wp-json\/wp\/v2\/media\/39842"}],"wp:attachment":[{"href":"https:\/\/www.legistdf.gob.ar\/index.php\/wp-json\/wp\/v2\/media?parent=39836"}],"wp:term":[{"taxonomy":"category","embeddable":true,"href":"https:\/\/www.legistdf.gob.ar\/index.php\/wp-json\/wp\/v2\/categories?post=39836"},{"taxonomy":"post_tag","embeddable":true,"href":"https:\/\/www.legistdf.gob.ar\/index.php\/wp-json\/wp\/v2\/tags?post=39836"}],"curies":[{"name":"wp","href":"https:\/\/api.w.org\/{rel}","templated":true}]}}