{"id":40307,"date":"2023-10-18T16:30:31","date_gmt":"2023-10-18T19:30:31","guid":{"rendered":"https:\/\/www.legistdf.gob.ar\/?p=40307"},"modified":"2023-10-18T16:30:31","modified_gmt":"2023-10-18T19:30:31","slug":"deportes-la-legislatura-destaco-la-participacion-de-la-delegacion-fueguina-en-los-juegos-nacionales-evita-2023","status":"publish","type":"post","link":"https:\/\/www.legistdf.gob.ar\/index.php\/2023\/10\/18\/deportes-la-legislatura-destaco-la-participacion-de-la-delegacion-fueguina-en-los-juegos-nacionales-evita-2023\/","title":{"rendered":"DEPORTES: La Legislatura destac\u00f3 la participaci\u00f3n de la delegaci\u00f3n fueguina en los Juegos Nacionales Evita 2023"},"content":{"rendered":"<p><strong><span style=\"font-family: arial, helvetica, sans-serif;font-size: 14pt\"><a href=\"https:\/\/www.legistdf.gob.ar\/wp-content\/uploads\/2023\/10\/IMG_9752.jpg\"><img loading=\"lazy\" decoding=\"async\" data-attachment-id=\"40309\" data-permalink=\"https:\/\/www.legistdf.gob.ar\/index.php\/2023\/10\/18\/deportes-la-legislatura-destaco-la-participacion-de-la-delegacion-fueguina-en-los-juegos-nacionales-evita-2023\/img_9752-2\/\" data-orig-file=\"https:\/\/www.legistdf.gob.ar\/wp-content\/uploads\/2023\/10\/IMG_9752.jpg\" data-orig-size=\"1500,1000\" data-comments-opened=\"0\" data-image-meta=\"{&quot;aperture&quot;:&quot;3.5&quot;,&quot;credit&quot;:&quot;&quot;,&quot;camera&quot;:&quot;Canon EOS Rebel T6i&quot;,&quot;caption&quot;:&quot;&quot;,&quot;created_timestamp&quot;:&quot;1697635736&quot;,&quot;copyright&quot;:&quot;&quot;,&quot;focal_length&quot;:&quot;22&quot;,&quot;iso&quot;:&quot;1600&quot;,&quot;shutter_speed&quot;:&quot;0.008&quot;,&quot;title&quot;:&quot;&quot;,&quot;orientation&quot;:&quot;0&quot;}\" data-image-title=\"IMG_9752\" data-image-description=\"\" data-image-caption=\"\" data-medium-file=\"https:\/\/www.legistdf.gob.ar\/wp-content\/uploads\/2023\/10\/IMG_9752-300x200.jpg\" data-large-file=\"https:\/\/www.legistdf.gob.ar\/wp-content\/uploads\/2023\/10\/IMG_9752-1024x683.jpg\" class=\"alignleft wp-image-40309 size-medium\" src=\"https:\/\/www.legistdf.gob.ar\/wp-content\/uploads\/2023\/10\/IMG_9752-300x200.jpg\" alt=\"\" width=\"300\" height=\"200\" srcset=\"https:\/\/www.legistdf.gob.ar\/wp-content\/uploads\/2023\/10\/IMG_9752-300x200.jpg 300w, https:\/\/www.legistdf.gob.ar\/wp-content\/uploads\/2023\/10\/IMG_9752-768x512.jpg 768w, https:\/\/www.legistdf.gob.ar\/wp-content\/uploads\/2023\/10\/IMG_9752-1024x683.jpg 1024w, https:\/\/www.legistdf.gob.ar\/wp-content\/uploads\/2023\/10\/IMG_9752-160x107.jpg 160w, https:\/\/www.legistdf.gob.ar\/wp-content\/uploads\/2023\/10\/IMG_9752.jpg 1500w\" sizes=\"(max-width: 300px) 100vw, 300px\" \/><\/a>Ushuaia, mi\u00e9rcoles 18 de octubre de 2023.- \u201cLas pol\u00edticas de Estado son fundamentales para el desarrollo del deporte. Destacamos el apoyo de las familias de cada uno de los deportistas y les agradezco que hayan representado a nuestra Provincia\u201d, dijo la vicegobernadora M\u00f3nica Urquiza. Fue hoy en el acto donde se galardon\u00f3 a las y los j\u00f3venes que representaron a Tierra del Fuego en los Juegos Nacionales Evita 2023 en su edici\u00f3n 75. Tambi\u00e9n participaron el legislador Emmanuel Trentino y las legisladoras Andrea Freites y Liliana Mart\u00ednez Allende, quienes alentaron a las y los adolescentes a continuar en el camino de la vida saludable que proporciona el deporte.<\/span><\/strong><\/p>\n<p>&nbsp;<\/p>\n<p><span style=\"font-family: arial, helvetica, sans-serif;font-size: 12pt\">Pasado el mediod\u00eda, las y los adolescentes junto a sus entrenadores comenzaron a llegar al Recinto de Sesiones de la C\u00e1mara Legislativa, de Yaganes y H\u00e9roes de Malvinas. All\u00ed, las autoridades les entregaron los diplomas que expresan el reconocimiento por representar a la Provincia. Tambi\u00e9n se destac\u00f3 el acompa\u00f1amiento que les brind\u00f3 la Secretar\u00eda de Deportes y Juventudes del Gobierno fueguino, a cargo de Carlos Turd\u00f3. Cabe mencionar que un encuentro de similares caracter\u00edsticas se realizar\u00e1 en R\u00edo Grande.<\/span><\/p>\n<p>&nbsp;<\/p>\n<blockquote><p><span style=\"font-family: arial, helvetica, sans-serif;font-size: 12pt\"><a href=\"https:\/\/www.legistdf.gob.ar\/wp-content\/uploads\/2023\/10\/IMG_9765.jpg\"><img loading=\"lazy\" decoding=\"async\" data-attachment-id=\"40310\" data-permalink=\"https:\/\/www.legistdf.gob.ar\/index.php\/2023\/10\/18\/deportes-la-legislatura-destaco-la-participacion-de-la-delegacion-fueguina-en-los-juegos-nacionales-evita-2023\/img_9765\/\" data-orig-file=\"https:\/\/www.legistdf.gob.ar\/wp-content\/uploads\/2023\/10\/IMG_9765.jpg\" data-orig-size=\"1500,1000\" data-comments-opened=\"0\" data-image-meta=\"{&quot;aperture&quot;:&quot;4&quot;,&quot;credit&quot;:&quot;&quot;,&quot;camera&quot;:&quot;Canon EOS Rebel T6i&quot;,&quot;caption&quot;:&quot;&quot;,&quot;created_timestamp&quot;:&quot;1697635941&quot;,&quot;copyright&quot;:&quot;&quot;,&quot;focal_length&quot;:&quot;28&quot;,&quot;iso&quot;:&quot;1600&quot;,&quot;shutter_speed&quot;:&quot;0.0125&quot;,&quot;title&quot;:&quot;&quot;,&quot;orientation&quot;:&quot;0&quot;}\" data-image-title=\"IMG_9765\" data-image-description=\"\" data-image-caption=\"\" data-medium-file=\"https:\/\/www.legistdf.gob.ar\/wp-content\/uploads\/2023\/10\/IMG_9765-300x200.jpg\" data-large-file=\"https:\/\/www.legistdf.gob.ar\/wp-content\/uploads\/2023\/10\/IMG_9765-1024x683.jpg\" class=\"alignright wp-image-40310 size-medium\" src=\"https:\/\/www.legistdf.gob.ar\/wp-content\/uploads\/2023\/10\/IMG_9765-300x200.jpg\" alt=\"\" width=\"300\" height=\"200\" srcset=\"https:\/\/www.legistdf.gob.ar\/wp-content\/uploads\/2023\/10\/IMG_9765-300x200.jpg 300w, https:\/\/www.legistdf.gob.ar\/wp-content\/uploads\/2023\/10\/IMG_9765-768x512.jpg 768w, https:\/\/www.legistdf.gob.ar\/wp-content\/uploads\/2023\/10\/IMG_9765-1024x683.jpg 1024w, https:\/\/www.legistdf.gob.ar\/wp-content\/uploads\/2023\/10\/IMG_9765-160x107.jpg 160w, https:\/\/www.legistdf.gob.ar\/wp-content\/uploads\/2023\/10\/IMG_9765.jpg 1500w\" sizes=\"(max-width: 300px) 100vw, 300px\" \/><\/a>\u201cPara nosotros es muy importante que nos hayan representado. El deporte les permiten generar una vida saludable y espacios amigables, m\u00e1s all\u00e1 de los logros. Ustedes ya ganaron por poder participar en esta instancia nacional\u201d, expres\u00f3 Urquiza.<\/span><\/p><\/blockquote>\n<p>&nbsp;<\/p>\n<p><span style=\"font-family: arial, helvetica, sans-serif;font-size: 12pt\">Menci\u00f3n especial, hizo acerca del acompa\u00f1amiento que realizan las familias: \u201cLos padres y madres, hacen todo lo posible para que ustedes realicen sus sue\u00f1os, las familias son el n\u00facleo fundamental de la sociedad\u201d, opin\u00f3 la m\u00e1xima responsable de la C\u00e1mara.<\/span><\/p>\n<p>&nbsp;<\/p>\n<p><span style=\"font-family: arial, helvetica, sans-serif;font-size: 12pt\">Por otro lado, el legislador Trentino reconoci\u00f3 el orgullo de los Parlamentarios de recibirlos en la Casa del pueblo. Adem\u00e1s agradeci\u00f3 a las y los entrenadores y a los padres de \u201cnuestros chicos y chicas\u201d, dado que dijo conocer el gran esfuerzo que realizan para acompa\u00f1arlos en el desarrollo de los talentos que cada uno expresa.<\/span><\/p>\n<p>&nbsp;<\/p>\n<p><span style=\"font-family: arial, helvetica, sans-serif;font-size: 12pt\"><a href=\"https:\/\/www.legistdf.gob.ar\/wp-content\/uploads\/2023\/10\/IMG_9771.jpg\"><img loading=\"lazy\" decoding=\"async\" data-attachment-id=\"40312\" data-permalink=\"https:\/\/www.legistdf.gob.ar\/index.php\/2023\/10\/18\/deportes-la-legislatura-destaco-la-participacion-de-la-delegacion-fueguina-en-los-juegos-nacionales-evita-2023\/img_9771\/\" data-orig-file=\"https:\/\/www.legistdf.gob.ar\/wp-content\/uploads\/2023\/10\/IMG_9771.jpg\" data-orig-size=\"1500,1000\" data-comments-opened=\"0\" data-image-meta=\"{&quot;aperture&quot;:&quot;3.5&quot;,&quot;credit&quot;:&quot;&quot;,&quot;camera&quot;:&quot;Canon EOS Rebel T6i&quot;,&quot;caption&quot;:&quot;&quot;,&quot;created_timestamp&quot;:&quot;1697636043&quot;,&quot;copyright&quot;:&quot;&quot;,&quot;focal_length&quot;:&quot;18&quot;,&quot;iso&quot;:&quot;1600&quot;,&quot;shutter_speed&quot;:&quot;0.01&quot;,&quot;title&quot;:&quot;&quot;,&quot;orientation&quot;:&quot;0&quot;}\" data-image-title=\"IMG_9771\" data-image-description=\"\" data-image-caption=\"\" data-medium-file=\"https:\/\/www.legistdf.gob.ar\/wp-content\/uploads\/2023\/10\/IMG_9771-300x200.jpg\" data-large-file=\"https:\/\/www.legistdf.gob.ar\/wp-content\/uploads\/2023\/10\/IMG_9771-1024x683.jpg\" class=\"alignleft wp-image-40312 size-medium\" src=\"https:\/\/www.legistdf.gob.ar\/wp-content\/uploads\/2023\/10\/IMG_9771-300x200.jpg\" alt=\"\" width=\"300\" height=\"200\" srcset=\"https:\/\/www.legistdf.gob.ar\/wp-content\/uploads\/2023\/10\/IMG_9771-300x200.jpg 300w, https:\/\/www.legistdf.gob.ar\/wp-content\/uploads\/2023\/10\/IMG_9771-768x512.jpg 768w, https:\/\/www.legistdf.gob.ar\/wp-content\/uploads\/2023\/10\/IMG_9771-1024x683.jpg 1024w, https:\/\/www.legistdf.gob.ar\/wp-content\/uploads\/2023\/10\/IMG_9771-160x107.jpg 160w, https:\/\/www.legistdf.gob.ar\/wp-content\/uploads\/2023\/10\/IMG_9771.jpg 1500w\" sizes=\"(max-width: 300px) 100vw, 300px\" \/><\/a>\u201cLogramos un hist\u00f3rico d\u00e9cimo puesto y eso no es un dato menor, porque para nosotros ustedes son campeones en cada oportunidad que participan de los Evita, m\u00e1s all\u00e1 que logren o no medallas, porque sabemos de las dificultades que deben atravesar\u201d, afirm\u00f3 el Parlamentario.<\/span><\/p>\n<p>&nbsp;<\/p>\n<p><span style=\"font-family: arial, helvetica, sans-serif;font-size: 12pt\">Otra de las legisladoras que alent\u00f3 y felicit\u00f3 a las y los j\u00f3venes por el \u00edmpetu que demostraron en el certamen nacional, fue la parlamentaria Andrea Freites. En consonancia con el resto de las autoridades, la representante del FdT-PJ, ponder\u00f3 la labor articulada que existe entre entrenadores y familias detr\u00e1s de cada uno de los deportistas.<\/span><\/p>\n<p><span style=\"font-family: arial, helvetica, sans-serif;font-size: 12pt\"><strong><em>\u00a0<\/em><\/strong><\/span><\/p>\n<p style=\"text-align: center\"><em><span style=\"font-family: arial, helvetica, sans-serif;font-size: 12pt\">Caracter\u00edsticas del Certamen Nacional <\/span><\/em><\/p>\n<p>&nbsp;<\/p>\n<p><span style=\"font-family: arial, helvetica, sans-serif;font-size: 12pt\"><a href=\"https:\/\/www.legistdf.gob.ar\/wp-content\/uploads\/2023\/10\/IMG_9693.jpg\"><img loading=\"lazy\" decoding=\"async\" data-attachment-id=\"40308\" data-permalink=\"https:\/\/www.legistdf.gob.ar\/index.php\/2023\/10\/18\/deportes-la-legislatura-destaco-la-participacion-de-la-delegacion-fueguina-en-los-juegos-nacionales-evita-2023\/img_9693-3\/\" data-orig-file=\"https:\/\/www.legistdf.gob.ar\/wp-content\/uploads\/2023\/10\/IMG_9693.jpg\" data-orig-size=\"1500,1000\" data-comments-opened=\"0\" data-image-meta=\"{&quot;aperture&quot;:&quot;3.5&quot;,&quot;credit&quot;:&quot;&quot;,&quot;camera&quot;:&quot;Canon EOS Rebel T6i&quot;,&quot;caption&quot;:&quot;&quot;,&quot;created_timestamp&quot;:&quot;1697635042&quot;,&quot;copyright&quot;:&quot;&quot;,&quot;focal_length&quot;:&quot;19&quot;,&quot;iso&quot;:&quot;1600&quot;,&quot;shutter_speed&quot;:&quot;0.005&quot;,&quot;title&quot;:&quot;&quot;,&quot;orientation&quot;:&quot;0&quot;}\" data-image-title=\"IMG_9693\" data-image-description=\"\" data-image-caption=\"\" data-medium-file=\"https:\/\/www.legistdf.gob.ar\/wp-content\/uploads\/2023\/10\/IMG_9693-300x200.jpg\" data-large-file=\"https:\/\/www.legistdf.gob.ar\/wp-content\/uploads\/2023\/10\/IMG_9693-1024x683.jpg\" class=\"alignright wp-image-40308 size-medium\" src=\"https:\/\/www.legistdf.gob.ar\/wp-content\/uploads\/2023\/10\/IMG_9693-300x200.jpg\" alt=\"\" width=\"300\" height=\"200\" srcset=\"https:\/\/www.legistdf.gob.ar\/wp-content\/uploads\/2023\/10\/IMG_9693-300x200.jpg 300w, https:\/\/www.legistdf.gob.ar\/wp-content\/uploads\/2023\/10\/IMG_9693-768x512.jpg 768w, https:\/\/www.legistdf.gob.ar\/wp-content\/uploads\/2023\/10\/IMG_9693-1024x683.jpg 1024w, https:\/\/www.legistdf.gob.ar\/wp-content\/uploads\/2023\/10\/IMG_9693-160x107.jpg 160w, https:\/\/www.legistdf.gob.ar\/wp-content\/uploads\/2023\/10\/IMG_9693.jpg 1500w\" sizes=\"(max-width: 300px) 100vw, 300px\" \/><\/a>Hay que mencionar que los Juegos Nacionales Evita promueven la inclusi\u00f3n y la integraci\u00f3n social, propician instancias de participaci\u00f3n amplia y sin restricciones para que las y los \u00a0j\u00f3venes, adultos de todo el pa\u00eds, que se han expresado a trav\u00e9s del arte y la cultura, se encuentran e intercambian experiencias, se nutran y se formen en compa\u00f1erismo, \u00e9tica, m\u00e9todo y solidaridad.<\/span><\/p>\n<p>&nbsp;<\/p>\n<p><span style=\"font-family: arial, helvetica, sans-serif;font-size: 12pt\">El medallero final de esta edici\u00f3n se compone con los siguientes resultados: 7 medallas de oro; 16 de plata y 8 de bronce en deportes convencionales y 6 de oro, 6 de plata y 2 de bronce en deportes adaptados fue la cosecha fueguina que refleja el trabajo consecuente y progresivo del deporte en R\u00edo Grande, Tolhuin y Ushuaia.<\/span><\/p>\n<p>&nbsp;<\/p>\n<p><span style=\"font-family: arial, helvetica, sans-serif;font-size: 12pt\">El Poder Legislativo fueguino reconoci\u00f3 a los deportistas de Tierra del Fuego, quienes han dejado en lo m\u00e1s alto al deporte provincial y pondera su representaci\u00f3n como la formaci\u00f3n de deportistas de elite que llevan en alto la bandera de las y los fueguinos.<\/span><\/p>\n<p>&nbsp;<\/p>\n<p>Participaron adem\u00e1s el subsecretario de Deportes Zona Sur de Tierra del Fuego, Mariano Vallaro y el director Provincial de Deportes y Adulto Mayor, Andr\u00e9s Spert.<\/p>\n\n\t\t<style type=\"text\/css\">\n\t\t\t#gallery-1 {\n\t\t\t\tmargin: auto;\n\t\t\t}\n\t\t\t#gallery-1 .gallery-item {\n\t\t\t\tfloat: left;\n\t\t\t\tmargin-top: 10px;\n\t\t\t\ttext-align: center;\n\t\t\t\twidth: 20%;\n\t\t\t}\n\t\t\t#gallery-1 img {\n\t\t\t\tborder: 2px solid #cfcfcf;\n\t\t\t}\n\t\t\t#gallery-1 .gallery-caption {\n\t\t\t\tmargin-left: 0;\n\t\t\t}\n\t\t\t\/* see gallery_shortcode() in wp-includes\/media.php *\/\n\t\t<\/style>\n\t\t<div data-carousel-extra='{\"blog_id\":1,\"permalink\":\"https:\\\/\\\/www.legistdf.gob.ar\\\/index.php\\\/2023\\\/10\\\/18\\\/deportes-la-legislatura-destaco-la-participacion-de-la-delegacion-fueguina-en-los-juegos-nacionales-evita-2023\\\/\"}' id='gallery-1' class='gallery galleryid-40307 gallery-columns-5 gallery-size-thumbnail'><dl class='gallery-item'>\n\t\t\t<dt class='gallery-icon landscape'>\n\t\t\t\t<a href='https:\/\/www.legistdf.gob.ar\/index.php\/2023\/10\/18\/deportes-la-legislatura-destaco-la-participacion-de-la-delegacion-fueguina-en-los-juegos-nacionales-evita-2023\/img_9693-3\/'><img loading=\"lazy\" decoding=\"async\" width=\"150\" height=\"150\" src=\"https:\/\/www.legistdf.gob.ar\/wp-content\/uploads\/2023\/10\/IMG_9693-150x150.jpg\" class=\"attachment-thumbnail size-thumbnail\" alt=\"\" srcset=\"https:\/\/www.legistdf.gob.ar\/wp-content\/uploads\/2023\/10\/IMG_9693-150x150.jpg 150w, https:\/\/www.legistdf.gob.ar\/wp-content\/uploads\/2023\/10\/IMG_9693-64x64.jpg 64w\" sizes=\"(max-width: 150px) 100vw, 150px\" data-attachment-id=\"40308\" data-permalink=\"https:\/\/www.legistdf.gob.ar\/index.php\/2023\/10\/18\/deportes-la-legislatura-destaco-la-participacion-de-la-delegacion-fueguina-en-los-juegos-nacionales-evita-2023\/img_9693-3\/\" data-orig-file=\"https:\/\/www.legistdf.gob.ar\/wp-content\/uploads\/2023\/10\/IMG_9693.jpg\" data-orig-size=\"1500,1000\" data-comments-opened=\"0\" data-image-meta=\"{&quot;aperture&quot;:&quot;3.5&quot;,&quot;credit&quot;:&quot;&quot;,&quot;camera&quot;:&quot;Canon EOS Rebel T6i&quot;,&quot;caption&quot;:&quot;&quot;,&quot;created_timestamp&quot;:&quot;1697635042&quot;,&quot;copyright&quot;:&quot;&quot;,&quot;focal_length&quot;:&quot;19&quot;,&quot;iso&quot;:&quot;1600&quot;,&quot;shutter_speed&quot;:&quot;0.005&quot;,&quot;title&quot;:&quot;&quot;,&quot;orientation&quot;:&quot;0&quot;}\" data-image-title=\"IMG_9693\" data-image-description=\"\" data-image-caption=\"\" data-medium-file=\"https:\/\/www.legistdf.gob.ar\/wp-content\/uploads\/2023\/10\/IMG_9693-300x200.jpg\" data-large-file=\"https:\/\/www.legistdf.gob.ar\/wp-content\/uploads\/2023\/10\/IMG_9693-1024x683.jpg\" \/><\/a>\n\t\t\t<\/dt><\/dl><dl class='gallery-item'>\n\t\t\t<dt class='gallery-icon landscape'>\n\t\t\t\t<a href='https:\/\/www.legistdf.gob.ar\/index.php\/2023\/10\/18\/deportes-la-legislatura-destaco-la-participacion-de-la-delegacion-fueguina-en-los-juegos-nacionales-evita-2023\/img_9752-2\/'><img loading=\"lazy\" decoding=\"async\" width=\"150\" height=\"150\" src=\"https:\/\/www.legistdf.gob.ar\/wp-content\/uploads\/2023\/10\/IMG_9752-150x150.jpg\" class=\"attachment-thumbnail size-thumbnail\" alt=\"\" srcset=\"https:\/\/www.legistdf.gob.ar\/wp-content\/uploads\/2023\/10\/IMG_9752-150x150.jpg 150w, https:\/\/www.legistdf.gob.ar\/wp-content\/uploads\/2023\/10\/IMG_9752-64x64.jpg 64w\" sizes=\"(max-width: 150px) 100vw, 150px\" data-attachment-id=\"40309\" data-permalink=\"https:\/\/www.legistdf.gob.ar\/index.php\/2023\/10\/18\/deportes-la-legislatura-destaco-la-participacion-de-la-delegacion-fueguina-en-los-juegos-nacionales-evita-2023\/img_9752-2\/\" data-orig-file=\"https:\/\/www.legistdf.gob.ar\/wp-content\/uploads\/2023\/10\/IMG_9752.jpg\" data-orig-size=\"1500,1000\" data-comments-opened=\"0\" data-image-meta=\"{&quot;aperture&quot;:&quot;3.5&quot;,&quot;credit&quot;:&quot;&quot;,&quot;camera&quot;:&quot;Canon EOS Rebel T6i&quot;,&quot;caption&quot;:&quot;&quot;,&quot;created_timestamp&quot;:&quot;1697635736&quot;,&quot;copyright&quot;:&quot;&quot;,&quot;focal_length&quot;:&quot;22&quot;,&quot;iso&quot;:&quot;1600&quot;,&quot;shutter_speed&quot;:&quot;0.008&quot;,&quot;title&quot;:&quot;&quot;,&quot;orientation&quot;:&quot;0&quot;}\" data-image-title=\"IMG_9752\" data-image-description=\"\" data-image-caption=\"\" data-medium-file=\"https:\/\/www.legistdf.gob.ar\/wp-content\/uploads\/2023\/10\/IMG_9752-300x200.jpg\" data-large-file=\"https:\/\/www.legistdf.gob.ar\/wp-content\/uploads\/2023\/10\/IMG_9752-1024x683.jpg\" \/><\/a>\n\t\t\t<\/dt><\/dl><dl class='gallery-item'>\n\t\t\t<dt class='gallery-icon landscape'>\n\t\t\t\t<a href='https:\/\/www.legistdf.gob.ar\/index.php\/2023\/10\/18\/deportes-la-legislatura-destaco-la-participacion-de-la-delegacion-fueguina-en-los-juegos-nacionales-evita-2023\/img_9765\/'><img loading=\"lazy\" decoding=\"async\" width=\"150\" height=\"150\" src=\"https:\/\/www.legistdf.gob.ar\/wp-content\/uploads\/2023\/10\/IMG_9765-150x150.jpg\" class=\"attachment-thumbnail size-thumbnail\" alt=\"\" srcset=\"https:\/\/www.legistdf.gob.ar\/wp-content\/uploads\/2023\/10\/IMG_9765-150x150.jpg 150w, https:\/\/www.legistdf.gob.ar\/wp-content\/uploads\/2023\/10\/IMG_9765-64x64.jpg 64w\" sizes=\"(max-width: 150px) 100vw, 150px\" data-attachment-id=\"40310\" data-permalink=\"https:\/\/www.legistdf.gob.ar\/index.php\/2023\/10\/18\/deportes-la-legislatura-destaco-la-participacion-de-la-delegacion-fueguina-en-los-juegos-nacionales-evita-2023\/img_9765\/\" data-orig-file=\"https:\/\/www.legistdf.gob.ar\/wp-content\/uploads\/2023\/10\/IMG_9765.jpg\" data-orig-size=\"1500,1000\" data-comments-opened=\"0\" data-image-meta=\"{&quot;aperture&quot;:&quot;4&quot;,&quot;credit&quot;:&quot;&quot;,&quot;camera&quot;:&quot;Canon EOS Rebel T6i&quot;,&quot;caption&quot;:&quot;&quot;,&quot;created_timestamp&quot;:&quot;1697635941&quot;,&quot;copyright&quot;:&quot;&quot;,&quot;focal_length&quot;:&quot;28&quot;,&quot;iso&quot;:&quot;1600&quot;,&quot;shutter_speed&quot;:&quot;0.0125&quot;,&quot;title&quot;:&quot;&quot;,&quot;orientation&quot;:&quot;0&quot;}\" data-image-title=\"IMG_9765\" data-image-description=\"\" data-image-caption=\"\" data-medium-file=\"https:\/\/www.legistdf.gob.ar\/wp-content\/uploads\/2023\/10\/IMG_9765-300x200.jpg\" data-large-file=\"https:\/\/www.legistdf.gob.ar\/wp-content\/uploads\/2023\/10\/IMG_9765-1024x683.jpg\" \/><\/a>\n\t\t\t<\/dt><\/dl><dl class='gallery-item'>\n\t\t\t<dt class='gallery-icon landscape'>\n\t\t\t\t<a href='https:\/\/www.legistdf.gob.ar\/index.php\/2023\/10\/18\/deportes-la-legislatura-destaco-la-participacion-de-la-delegacion-fueguina-en-los-juegos-nacionales-evita-2023\/img_9769\/'><img loading=\"lazy\" decoding=\"async\" width=\"150\" height=\"150\" src=\"https:\/\/www.legistdf.gob.ar\/wp-content\/uploads\/2023\/10\/IMG_9769-150x150.jpg\" class=\"attachment-thumbnail size-thumbnail\" alt=\"\" srcset=\"https:\/\/www.legistdf.gob.ar\/wp-content\/uploads\/2023\/10\/IMG_9769-150x150.jpg 150w, https:\/\/www.legistdf.gob.ar\/wp-content\/uploads\/2023\/10\/IMG_9769-64x64.jpg 64w\" sizes=\"(max-width: 150px) 100vw, 150px\" data-attachment-id=\"40311\" data-permalink=\"https:\/\/www.legistdf.gob.ar\/index.php\/2023\/10\/18\/deportes-la-legislatura-destaco-la-participacion-de-la-delegacion-fueguina-en-los-juegos-nacionales-evita-2023\/img_9769\/\" data-orig-file=\"https:\/\/www.legistdf.gob.ar\/wp-content\/uploads\/2023\/10\/IMG_9769.jpg\" data-orig-size=\"1500,1000\" data-comments-opened=\"0\" data-image-meta=\"{&quot;aperture&quot;:&quot;3.5&quot;,&quot;credit&quot;:&quot;&quot;,&quot;camera&quot;:&quot;Canon EOS Rebel T6i&quot;,&quot;caption&quot;:&quot;&quot;,&quot;created_timestamp&quot;:&quot;1697636042&quot;,&quot;copyright&quot;:&quot;&quot;,&quot;focal_length&quot;:&quot;18&quot;,&quot;iso&quot;:&quot;1600&quot;,&quot;shutter_speed&quot;:&quot;0.01&quot;,&quot;title&quot;:&quot;&quot;,&quot;orientation&quot;:&quot;0&quot;}\" data-image-title=\"IMG_9769\" data-image-description=\"\" data-image-caption=\"\" data-medium-file=\"https:\/\/www.legistdf.gob.ar\/wp-content\/uploads\/2023\/10\/IMG_9769-300x200.jpg\" data-large-file=\"https:\/\/www.legistdf.gob.ar\/wp-content\/uploads\/2023\/10\/IMG_9769-1024x683.jpg\" \/><\/a>\n\t\t\t<\/dt><\/dl><dl class='gallery-item'>\n\t\t\t<dt class='gallery-icon landscape'>\n\t\t\t\t<a href='https:\/\/www.legistdf.gob.ar\/index.php\/2023\/10\/18\/deportes-la-legislatura-destaco-la-participacion-de-la-delegacion-fueguina-en-los-juegos-nacionales-evita-2023\/img_9771\/'><img loading=\"lazy\" decoding=\"async\" width=\"150\" height=\"150\" src=\"https:\/\/www.legistdf.gob.ar\/wp-content\/uploads\/2023\/10\/IMG_9771-150x150.jpg\" class=\"attachment-thumbnail size-thumbnail\" alt=\"\" srcset=\"https:\/\/www.legistdf.gob.ar\/wp-content\/uploads\/2023\/10\/IMG_9771-150x150.jpg 150w, https:\/\/www.legistdf.gob.ar\/wp-content\/uploads\/2023\/10\/IMG_9771-64x64.jpg 64w\" sizes=\"(max-width: 150px) 100vw, 150px\" data-attachment-id=\"40312\" data-permalink=\"https:\/\/www.legistdf.gob.ar\/index.php\/2023\/10\/18\/deportes-la-legislatura-destaco-la-participacion-de-la-delegacion-fueguina-en-los-juegos-nacionales-evita-2023\/img_9771\/\" data-orig-file=\"https:\/\/www.legistdf.gob.ar\/wp-content\/uploads\/2023\/10\/IMG_9771.jpg\" data-orig-size=\"1500,1000\" data-comments-opened=\"0\" data-image-meta=\"{&quot;aperture&quot;:&quot;3.5&quot;,&quot;credit&quot;:&quot;&quot;,&quot;camera&quot;:&quot;Canon EOS Rebel T6i&quot;,&quot;caption&quot;:&quot;&quot;,&quot;created_timestamp&quot;:&quot;1697636043&quot;,&quot;copyright&quot;:&quot;&quot;,&quot;focal_length&quot;:&quot;18&quot;,&quot;iso&quot;:&quot;1600&quot;,&quot;shutter_speed&quot;:&quot;0.01&quot;,&quot;title&quot;:&quot;&quot;,&quot;orientation&quot;:&quot;0&quot;}\" data-image-title=\"IMG_9771\" data-image-description=\"\" data-image-caption=\"\" data-medium-file=\"https:\/\/www.legistdf.gob.ar\/wp-content\/uploads\/2023\/10\/IMG_9771-300x200.jpg\" data-large-file=\"https:\/\/www.legistdf.gob.ar\/wp-content\/uploads\/2023\/10\/IMG_9771-1024x683.jpg\" \/><\/a>\n\t\t\t<\/dt><\/dl><br style=\"clear: both\" \/>\n\t\t<\/div>\n\n<p><iframe loading=\"lazy\" title=\"DEPORTES: Destacan la participaci\u00f3n de la delegaci\u00f3n fueguina en los Juegos Nacionales Evita 2023\" width=\"844\" height=\"475\" src=\"https:\/\/www.youtube.com\/embed\/vllE76Mk0fU?feature=oembed\" frameborder=\"0\" allow=\"accelerometer; autoplay; clipboard-write; encrypted-media; gyroscope; picture-in-picture; web-share\" allowfullscreen><\/iframe><\/p>\n<p style=\"text-align: right\"><em>ZV-VV-AT<\/em><\/p>\n<p style=\"text-align: right\"><em><a href=\"https:\/\/drive.google.com\/file\/d\/1aqa7i0Ke2eutoPU4iyPzBtXBOP79EczF\/view?usp=drive_link\" target=\"_blank\" rel=\"noopener noreferrer\">Galer\u00eda de im\u00e1genes<\/a><\/em><\/p>\n","protected":false},"excerpt":{"rendered":"<p>Ushuaia, mi\u00e9rcoles 18 de octubre de 2023.- \u201cLas pol\u00edticas de Estado son fundamentales para el desarrollo del deporte. Destacamos el apoyo de las familias de cada uno de los deportistas y les agradezco que hayan representado a nuestra Provincia\u201d, dijo la vicegobernadora M\u00f3nica Urquiza. Fue hoy en el acto donde se galardon\u00f3 a las y [&hellip;]<\/p>\n","protected":false},"author":352,"featured_media":40309,"comment_status":"closed","ping_status":"closed","sticky":false,"template":"","format":"standard","meta":{"jetpack_post_was_ever_published":false,"_jetpack_newsletter_access":"","_jetpack_dont_email_post_to_subs":false,"_jetpack_newsletter_tier_id":0,"footnotes":"","jetpack_publicize_message":"","jetpack_publicize_feature_enabled":true,"jetpack_social_post_already_shared":true,"jetpack_social_options":{"image_generator_settings":{"template":"highway","enabled":false}}},"categories":[1],"tags":[81,291,1818,3139,78,155,144,87],"jetpack_publicize_connections":[],"jetpack_sharing_enabled":true,"jetpack_featured_media_url":"https:\/\/www.legistdf.gob.ar\/wp-content\/uploads\/2023\/10\/IMG_9752.jpg","jetpack-related-posts":[],"_links":{"self":[{"href":"https:\/\/www.legistdf.gob.ar\/index.php\/wp-json\/wp\/v2\/posts\/40307"}],"collection":[{"href":"https:\/\/www.legistdf.gob.ar\/index.php\/wp-json\/wp\/v2\/posts"}],"about":[{"href":"https:\/\/www.legistdf.gob.ar\/index.php\/wp-json\/wp\/v2\/types\/post"}],"author":[{"embeddable":true,"href":"https:\/\/www.legistdf.gob.ar\/index.php\/wp-json\/wp\/v2\/users\/352"}],"replies":[{"embeddable":true,"href":"https:\/\/www.legistdf.gob.ar\/index.php\/wp-json\/wp\/v2\/comments?post=40307"}],"version-history":[{"count":1,"href":"https:\/\/www.legistdf.gob.ar\/index.php\/wp-json\/wp\/v2\/posts\/40307\/revisions"}],"predecessor-version":[{"id":40313,"href":"https:\/\/www.legistdf.gob.ar\/index.php\/wp-json\/wp\/v2\/posts\/40307\/revisions\/40313"}],"wp:featuredmedia":[{"embeddable":true,"href":"https:\/\/www.legistdf.gob.ar\/index.php\/wp-json\/wp\/v2\/media\/40309"}],"wp:attachment":[{"href":"https:\/\/www.legistdf.gob.ar\/index.php\/wp-json\/wp\/v2\/media?parent=40307"}],"wp:term":[{"taxonomy":"category","embeddable":true,"href":"https:\/\/www.legistdf.gob.ar\/index.php\/wp-json\/wp\/v2\/categories?post=40307"},{"taxonomy":"post_tag","embeddable":true,"href":"https:\/\/www.legistdf.gob.ar\/index.php\/wp-json\/wp\/v2\/tags?post=40307"}],"curies":[{"name":"wp","href":"https:\/\/api.w.org\/{rel}","templated":true}]}}