{"id":40463,"date":"2023-11-02T12:44:22","date_gmt":"2023-11-02T15:44:22","guid":{"rendered":"https:\/\/www.legistdf.gob.ar\/?p=40463"},"modified":"2023-11-02T12:44:22","modified_gmt":"2023-11-02T15:44:22","slug":"colazo-citaran-a-mas-interesados-por-la-creacion-del-anp-gl-vinciguerra","status":"publish","type":"post","link":"https:\/\/www.legistdf.gob.ar\/index.php\/2023\/11\/02\/colazo-citaran-a-mas-interesados-por-la-creacion-del-anp-gl-vinciguerra\/","title":{"rendered":"COLAZO: Citar\u00e1n a m\u00e1s interesados por la creaci\u00f3n del ANP Gl. Vinciguerra"},"content":{"rendered":"<p><strong><span style=\"font-family: arial, helvetica, sans-serif;font-size: 14pt\"><a href=\"https:\/\/www.legistdf.gob.ar\/wp-content\/uploads\/2023\/10\/dsc_2819.jpg\"><img loading=\"lazy\" decoding=\"async\" data-attachment-id=\"40345\" data-permalink=\"https:\/\/www.legistdf.gob.ar\/index.php\/2023\/10\/25\/ambiente-la-creacion-del-area-natural-protegida-glaciar-vinciguerra-suma-apoyo-parlamentario\/dsc_2819\/\" data-orig-file=\"https:\/\/www.legistdf.gob.ar\/wp-content\/uploads\/2023\/10\/dsc_2819.jpg\" data-orig-size=\"891,591\" data-comments-opened=\"0\" data-image-meta=\"{&quot;aperture&quot;:&quot;8&quot;,&quot;credit&quot;:&quot;&quot;,&quot;camera&quot;:&quot;NIKON D50&quot;,&quot;caption&quot;:&quot;&quot;,&quot;created_timestamp&quot;:&quot;1203248618&quot;,&quot;copyright&quot;:&quot;&quot;,&quot;focal_length&quot;:&quot;32&quot;,&quot;iso&quot;:&quot;0&quot;,&quot;shutter_speed&quot;:&quot;0.004&quot;,&quot;title&quot;:&quot;&quot;,&quot;orientation&quot;:&quot;1&quot;}\" data-image-title=\"dsc_2819\" data-image-description=\"\" data-image-caption=\"\" data-medium-file=\"https:\/\/www.legistdf.gob.ar\/wp-content\/uploads\/2023\/10\/dsc_2819-300x199.jpg\" data-large-file=\"https:\/\/www.legistdf.gob.ar\/wp-content\/uploads\/2023\/10\/dsc_2819.jpg\" class=\"alignleft wp-image-40345 size-medium\" src=\"https:\/\/www.legistdf.gob.ar\/wp-content\/uploads\/2023\/10\/dsc_2819-300x199.jpg\" alt=\"\" width=\"300\" height=\"199\" srcset=\"https:\/\/www.legistdf.gob.ar\/wp-content\/uploads\/2023\/10\/dsc_2819-300x199.jpg 300w, https:\/\/www.legistdf.gob.ar\/wp-content\/uploads\/2023\/10\/dsc_2819-768x509.jpg 768w, https:\/\/www.legistdf.gob.ar\/wp-content\/uploads\/2023\/10\/dsc_2819-160x106.jpg 160w, https:\/\/www.legistdf.gob.ar\/wp-content\/uploads\/2023\/10\/dsc_2819.jpg 891w\" sizes=\"(max-width: 300px) 100vw, 300px\" \/><\/a>Ushuaia, jueves 2 de noviembre de 2023.- La titular de la bancada del Partido Verde y autora del proyecto de Ley que fomenta <a href=\"https:\/\/www.legistdf.gob.ar\/index.php\/2023\/11\/01\/ambiente-lograron-dictamen-en-mayoria-por-sistema-de-financiamiento-ambiental\/\" target=\"_blank\" rel=\"noopener noreferrer\">la creaci\u00f3n del \u00e1rea natural protegida (ANP) Glaciar Vinciguerra<\/a>, adelant\u00f3 que el Parlamento continuar\u00e1 en la b\u00fasqueda de opiniones para resolver el texto normativo. Asimismo, celebr\u00f3 el dictamen por la creaci\u00f3n de \u201cun fondo para las ANP\u201d, tambi\u00e9n iniciativa del PV. Resalt\u00f3 el compromiso parlamentario y record\u00f3 que la responsabilidad en la agenda ambiental \u201ces colaborativa y avanza en la Legislatura\u201d.<\/span><\/strong><\/p>\n<p><span style=\"font-family: arial, helvetica, sans-serif;font-size: 12pt\">\u00a0<\/span><\/p>\n<p><span style=\"font-family: arial, helvetica, sans-serif;font-size: 12pt\">La referente del Partido Verde puso en valor el compromiso parlamentario \u201cde todos los bloques pol\u00edticos. Es por unanimidad de esta C\u00e1mara\u201d, se\u00f1al\u00f3 Colazo a Prensa Legislativa, en relaci\u00f3n al tratamiento de los asuntos N\u00ba \u00a0<a href=\"https:\/\/www.legistdf.gob.ar\/index.php\/2023\/09\/29\/ambiente-buscan-crear-el-area-natural-protegida-glaciar-vinciguerra\/\">N\u00b0 394\/23<\/a>\u00a0e interbloque\u00a0<a href=\"https:\/\/www.legistdf.gob.ar\/index.php\/2023\/10\/25\/ambiente-la-creacion-del-area-natural-protegida-glaciar-vinciguerra-suma-apoyo-parlamentario\/\">N\u00b0 472\/23<\/a>.<\/span><\/p>\n<p><span style=\"font-family: arial, helvetica, sans-serif;font-size: 12pt\">\u00a0<\/span><\/p>\n<blockquote><p><span style=\"font-family: arial, helvetica, sans-serif;font-size: 12pt\"><a href=\"https:\/\/www.legistdf.gob.ar\/wp-content\/uploads\/2023\/11\/IMG_9950.jpg\"><img loading=\"lazy\" decoding=\"async\" data-attachment-id=\"40434\" data-permalink=\"https:\/\/www.legistdf.gob.ar\/index.php\/2023\/11\/01\/ambiente-lograron-dictamen-en-mayoria-por-sistema-de-financiamiento-ambiental\/img_9950-2\/\" data-orig-file=\"https:\/\/www.legistdf.gob.ar\/wp-content\/uploads\/2023\/11\/IMG_9950.jpg\" data-orig-size=\"1500,1000\" data-comments-opened=\"0\" data-image-meta=\"{&quot;aperture&quot;:&quot;7.1&quot;,&quot;credit&quot;:&quot;&quot;,&quot;camera&quot;:&quot;Canon EOS Rebel T6i&quot;,&quot;caption&quot;:&quot;&quot;,&quot;created_timestamp&quot;:&quot;1698765667&quot;,&quot;copyright&quot;:&quot;&quot;,&quot;focal_length&quot;:&quot;19&quot;,&quot;iso&quot;:&quot;800&quot;,&quot;shutter_speed&quot;:&quot;0.005&quot;,&quot;title&quot;:&quot;&quot;,&quot;orientation&quot;:&quot;0&quot;}\" data-image-title=\"IMG_9950\" data-image-description=\"\" data-image-caption=\"\" data-medium-file=\"https:\/\/www.legistdf.gob.ar\/wp-content\/uploads\/2023\/11\/IMG_9950-300x200.jpg\" data-large-file=\"https:\/\/www.legistdf.gob.ar\/wp-content\/uploads\/2023\/11\/IMG_9950-1024x683.jpg\" class=\"wp-image-40434 size-medium alignright\" src=\"https:\/\/www.legistdf.gob.ar\/wp-content\/uploads\/2023\/11\/IMG_9950-300x200.jpg\" alt=\"\" width=\"300\" height=\"200\" srcset=\"https:\/\/www.legistdf.gob.ar\/wp-content\/uploads\/2023\/11\/IMG_9950-300x200.jpg 300w, https:\/\/www.legistdf.gob.ar\/wp-content\/uploads\/2023\/11\/IMG_9950-768x512.jpg 768w, https:\/\/www.legistdf.gob.ar\/wp-content\/uploads\/2023\/11\/IMG_9950-1024x683.jpg 1024w, https:\/\/www.legistdf.gob.ar\/wp-content\/uploads\/2023\/11\/IMG_9950-160x107.jpg 160w, https:\/\/www.legistdf.gob.ar\/wp-content\/uploads\/2023\/11\/IMG_9950.jpg 1500w\" sizes=\"(max-width: 300px) 100vw, 300px\" \/><\/a><span style=\"font-size: 14pt\">La Legisladora referenci\u00f3 en la presencia de asociaciones ambientalistas de Tierra del Fuego, como Mane`Kenk y la investigadora Nancy Fern\u00e1ndez y la m\u00e9dica Nora Loekemeyer; del cient\u00edfico Rodolfo Iturraspe, destacado investigadoras de la Universidad Nacional de Tierra del Fuego y estudiosas de los glaciares del sitio RAMSAR que se ubica al norte de la ciudad. Tambi\u00e9n salud\u00f3 la participaci\u00f3n de las y los guias profesionales de la Provincia, representados por Loreto Fern\u00e1ndez Genova, quienes trabajan en el territorio y conocen particularidades de esa zona, que pronto ser\u00e1 una zona protegida por Tierra del Fuego. Destac\u00f3 tambi\u00e9n, la presencia del titular del Instituto Fueguino de Turismo (INFUETUR), Dante Querciali y referentes t\u00e9cnicos del organismo.<\/span><\/span><\/p><\/blockquote>\n<p><span style=\"font-family: arial, helvetica, sans-serif;font-size: 12pt\">\u00a0<\/span><\/p>\n<p><span style=\"font-family: arial, helvetica, sans-serif;font-size: 12pt\">En otro orden, Colazo dijo que, zanjadas las cuestiones del texto normativo propuesto, acordaron \u201crequerir la presencia de m\u00e1s instituciones de la Provincia como la Administraci\u00f3n de Parques Nacionales (APN); de la Direcci\u00f3n Provincial de Obras y Servicios Sanitarios (DPOSS) y de la Municipalidad de la Ciudad\u201d. En este punto, es dable indicar que el \u00e1rea a proteger linda con una jurisdicci\u00f3n nacional, otra de Ushuaia y adem\u00e1s, significa el sistema h\u00eddrico m\u00e1s importante del sur de Tierra del Fuego, desde donde la Ciudad se vale del agua potable para su distribuci\u00f3n y consumo. Es por ello, que es preciso acordar diversas cuestiones y legislar en un mismo sentido y no colisionar con jurisdicciones.<\/span><\/p>\n<p><span style=\"font-family: arial, helvetica, sans-serif;font-size: 12pt\">\u00a0<\/span><\/p>\n<p><span style=\"font-family: arial, helvetica, sans-serif;font-size: 12pt\"><a href=\"https:\/\/www.legistdf.gob.ar\/wp-content\/uploads\/2023\/11\/IMG_9903.jpg\"><img loading=\"lazy\" decoding=\"async\" data-attachment-id=\"40464\" data-permalink=\"https:\/\/www.legistdf.gob.ar\/index.php\/2023\/11\/02\/colazo-citaran-a-mas-interesados-por-la-creacion-del-anp-gl-vinciguerra\/img_9903\/\" data-orig-file=\"https:\/\/www.legistdf.gob.ar\/wp-content\/uploads\/2023\/11\/IMG_9903.jpg\" data-orig-size=\"1500,1000\" data-comments-opened=\"0\" data-image-meta=\"{&quot;aperture&quot;:&quot;7.1&quot;,&quot;credit&quot;:&quot;&quot;,&quot;camera&quot;:&quot;Canon EOS Rebel T6i&quot;,&quot;caption&quot;:&quot;&quot;,&quot;created_timestamp&quot;:&quot;1698764363&quot;,&quot;copyright&quot;:&quot;&quot;,&quot;focal_length&quot;:&quot;42&quot;,&quot;iso&quot;:&quot;800&quot;,&quot;shutter_speed&quot;:&quot;0.005&quot;,&quot;title&quot;:&quot;&quot;,&quot;orientation&quot;:&quot;0&quot;}\" data-image-title=\"IMG_9903\" data-image-description=\"\" data-image-caption=\"\" data-medium-file=\"https:\/\/www.legistdf.gob.ar\/wp-content\/uploads\/2023\/11\/IMG_9903-300x200.jpg\" data-large-file=\"https:\/\/www.legistdf.gob.ar\/wp-content\/uploads\/2023\/11\/IMG_9903-1024x683.jpg\" class=\"alignright wp-image-40464 size-medium\" src=\"https:\/\/www.legistdf.gob.ar\/wp-content\/uploads\/2023\/11\/IMG_9903-300x200.jpg\" alt=\"\" width=\"300\" height=\"200\" srcset=\"https:\/\/www.legistdf.gob.ar\/wp-content\/uploads\/2023\/11\/IMG_9903-300x200.jpg 300w, https:\/\/www.legistdf.gob.ar\/wp-content\/uploads\/2023\/11\/IMG_9903-768x512.jpg 768w, https:\/\/www.legistdf.gob.ar\/wp-content\/uploads\/2023\/11\/IMG_9903-1024x683.jpg 1024w, https:\/\/www.legistdf.gob.ar\/wp-content\/uploads\/2023\/11\/IMG_9903-160x107.jpg 160w, https:\/\/www.legistdf.gob.ar\/wp-content\/uploads\/2023\/11\/IMG_9903.jpg 1500w\" sizes=\"(max-width: 300px) 100vw, 300px\" \/><\/a>Se espera contar con estas presencias, debido a que la zona a proteger est\u00e1 enmarcada tambi\u00e9n en \u201cla reserva h\u00eddrica de Ushuaia que provee el agua potable\u201d. En este sentido, consider\u00f3 que es preciso \u201chacer un trabajo en conjunto\u201d con miras a elaborar un \u201cplan de manejo que sea participativo\u201d. As\u00ed, en la Comisi\u00f3n consultiva que propone el PV en el texto, \u201cpara la elaboraci\u00f3n de ese plan, es importante que sea abierto y participativo\u201d, dijo.<\/span><\/p>\n<p><span style=\"font-family: arial, helvetica, sans-serif;font-size: 12pt\">\u00a0<\/span><\/p>\n<p><span style=\"font-family: arial, helvetica, sans-serif;font-size: 12pt\">Finalmente, la Legisladora inform\u00f3 que se acord\u00f3 avanzar en una pr\u00f3xima reuni\u00f3n con los actores que se convocar\u00e1n en breve.<\/span><\/p>\n<p><span style=\"font-family: arial, helvetica, sans-serif;font-size: 12pt\">\u00a0<\/span><\/p>\n<p style=\"text-align: center\"><strong><span style=\"font-family: arial, helvetica, sans-serif;font-size: 12pt\">ACOSTA: Buscan sumar a la Municipalidad de Ushuaia \u201cpara preservar la totalidad de la zona\u201d del glaciar Vinciguerra<\/span><\/strong><\/p>\n<p><span style=\"font-family: arial, helvetica, sans-serif;font-size: 12pt\">\u00a0<\/span><\/p>\n<p><strong><span style=\"font-family: arial, helvetica, sans-serif;font-size: 14pt\"><a href=\"https:\/\/www.legistdf.gob.ar\/wp-content\/uploads\/2023\/11\/IMG_9915.jpg\"><img loading=\"lazy\" decoding=\"async\" data-attachment-id=\"40432\" data-permalink=\"https:\/\/www.legistdf.gob.ar\/index.php\/2023\/11\/01\/ambiente-lograron-dictamen-en-mayoria-por-sistema-de-financiamiento-ambiental\/img_9915-2\/\" data-orig-file=\"https:\/\/www.legistdf.gob.ar\/wp-content\/uploads\/2023\/11\/IMG_9915.jpg\" data-orig-size=\"1500,1000\" data-comments-opened=\"0\" data-image-meta=\"{&quot;aperture&quot;:&quot;7.1&quot;,&quot;credit&quot;:&quot;&quot;,&quot;camera&quot;:&quot;Canon EOS Rebel T6i&quot;,&quot;caption&quot;:&quot;&quot;,&quot;created_timestamp&quot;:&quot;1698764759&quot;,&quot;copyright&quot;:&quot;&quot;,&quot;focal_length&quot;:&quot;31&quot;,&quot;iso&quot;:&quot;1600&quot;,&quot;shutter_speed&quot;:&quot;0.005&quot;,&quot;title&quot;:&quot;&quot;,&quot;orientation&quot;:&quot;0&quot;}\" data-image-title=\"IMG_9915\" data-image-description=\"\" data-image-caption=\"\" data-medium-file=\"https:\/\/www.legistdf.gob.ar\/wp-content\/uploads\/2023\/11\/IMG_9915-300x200.jpg\" data-large-file=\"https:\/\/www.legistdf.gob.ar\/wp-content\/uploads\/2023\/11\/IMG_9915-1024x683.jpg\" class=\"alignleft wp-image-40432 size-medium\" src=\"https:\/\/www.legistdf.gob.ar\/wp-content\/uploads\/2023\/11\/IMG_9915-300x200.jpg\" alt=\"\" width=\"300\" height=\"200\" srcset=\"https:\/\/www.legistdf.gob.ar\/wp-content\/uploads\/2023\/11\/IMG_9915-300x200.jpg 300w, https:\/\/www.legistdf.gob.ar\/wp-content\/uploads\/2023\/11\/IMG_9915-768x512.jpg 768w, https:\/\/www.legistdf.gob.ar\/wp-content\/uploads\/2023\/11\/IMG_9915-1024x683.jpg 1024w, https:\/\/www.legistdf.gob.ar\/wp-content\/uploads\/2023\/11\/IMG_9915-160x107.jpg 160w, https:\/\/www.legistdf.gob.ar\/wp-content\/uploads\/2023\/11\/IMG_9915.jpg 1500w\" sizes=\"(max-width: 300px) 100vw, 300px\" \/><\/a>En tanto, la titular de la Comisi\u00f3n de Recursos Naturales, M\u00f3nica Acosta dijo que la zona a proteger es \u201c\u00fanica en el mundo\u201d que ya cuenta con una protecci\u00f3n de \u00edndole internacional como es la del sitio RAMSAR m\u00e1s austral del mundo que proporciona protecci\u00f3n a los humedales y glaciares. Y al igual que su par Mar\u00eda Laura Colazo, record\u00f3 que es parte de la mayor zona acu\u00edfera de Ushuaia.<\/span><\/strong><\/p>\n<p><span style=\"font-family: arial, helvetica, sans-serif;font-size: 12pt\">\u00a0<\/span><\/p>\n<p><span style=\"font-family: arial, helvetica, sans-serif;font-size: 12pt\">Dijo que la convocatoria a la Municipalidad de la capital, es \u201cpara no legislar solo sobre un sector del pol\u00edgono\u201d que delimita ese espacio y establecer un trabajo en conjunto entre los Estados (provincial y municipal) \u201cpara preservar la totalidad de la zona\u201d. Como punto a favor, Acosta se\u00f1al\u00f3 que en esa zona ubicada al norte del valle de Andorra \u201cno tenemos actividades preexistentes ni antiguas poblaciones\u201d.<\/span><\/p>\n<p><span style=\"font-family: arial, helvetica, sans-serif;font-size: 12pt\">\u00a0<\/span><\/p>\n<p><span style=\"font-family: arial, helvetica, sans-serif;font-size: 12pt\"><a href=\"https:\/\/www.legistdf.gob.ar\/wp-content\/uploads\/2023\/10\/dsc_2864.jpg\"><img loading=\"lazy\" decoding=\"async\" data-attachment-id=\"40348\" data-permalink=\"https:\/\/www.legistdf.gob.ar\/index.php\/2023\/10\/25\/ambiente-la-creacion-del-area-natural-protegida-glaciar-vinciguerra-suma-apoyo-parlamentario\/dsc_2864-2\/\" data-orig-file=\"https:\/\/www.legistdf.gob.ar\/wp-content\/uploads\/2023\/10\/dsc_2864.jpg\" data-orig-size=\"891,591\" data-comments-opened=\"0\" data-image-meta=\"{&quot;aperture&quot;:&quot;9.5&quot;,&quot;credit&quot;:&quot;&quot;,&quot;camera&quot;:&quot;NIKON D50&quot;,&quot;caption&quot;:&quot;&quot;,&quot;created_timestamp&quot;:&quot;1203253749&quot;,&quot;copyright&quot;:&quot;&quot;,&quot;focal_length&quot;:&quot;38&quot;,&quot;iso&quot;:&quot;0&quot;,&quot;shutter_speed&quot;:&quot;0.0028571428571429&quot;,&quot;title&quot;:&quot;&quot;,&quot;orientation&quot;:&quot;1&quot;}\" data-image-title=\"dsc_2864\" data-image-description=\"\" data-image-caption=\"\" data-medium-file=\"https:\/\/www.legistdf.gob.ar\/wp-content\/uploads\/2023\/10\/dsc_2864-300x199.jpg\" data-large-file=\"https:\/\/www.legistdf.gob.ar\/wp-content\/uploads\/2023\/10\/dsc_2864.jpg\" class=\"alignright wp-image-40348 size-medium\" src=\"https:\/\/www.legistdf.gob.ar\/wp-content\/uploads\/2023\/10\/dsc_2864-300x199.jpg\" alt=\"\" width=\"300\" height=\"199\" srcset=\"https:\/\/www.legistdf.gob.ar\/wp-content\/uploads\/2023\/10\/dsc_2864-300x199.jpg 300w, https:\/\/www.legistdf.gob.ar\/wp-content\/uploads\/2023\/10\/dsc_2864-768x509.jpg 768w, https:\/\/www.legistdf.gob.ar\/wp-content\/uploads\/2023\/10\/dsc_2864-160x106.jpg 160w, https:\/\/www.legistdf.gob.ar\/wp-content\/uploads\/2023\/10\/dsc_2864.jpg 891w\" sizes=\"(max-width: 300px) 100vw, 300px\" \/><\/a>Prensa Legislativa consult\u00f3 a la legisladora ante la posibilidad de la sanci\u00f3n de esta nueva Ley: \u201cTodas las autoridades parlamentarias, autoridades del Poder Ejecutivo y las organizaciones civiles que militan la causa ambiental y la comunidad cient\u00edfica\u201d, est\u00e1n de acuerdo en promover esta sanci\u00f3n. Adelant\u00f3 que, aun as\u00ed, continuar\u00e1n en el trabajo en el marco de la Comisi\u00f3n que preside.<\/span><\/p>\n<p><span style=\"font-family: arial, helvetica, sans-serif;font-size: 12pt\">\u00a0<\/span><\/p>\n<p><span style=\"font-family: arial, helvetica, sans-serif;font-size: 12pt\">De la reuni\u00f3n que presidi\u00f3 la legisladora M\u00f3nica Acosta, participaron adem\u00e1s las legisladoras Liliana Mart\u00ednez Allende (UCR); Myriam Mart\u00ednez (FdT-PJ) y Mar\u00eda Victoria Vuoto y Mar\u00eda Laura Colazo (PV) junto a Federico Greve y Daniel Rivarola (FORJA) y Emmanuel Trentino (UP). Por parte de organismos asistieron investigadores de la UNTDF; referentes de organizaciones ambientales encabezadas por la Asociaci\u00f3n Mane\u2019Kenk y Asociaci\u00f3n Laguna de los T\u00e9mpanos; CADIC, Gu\u00edas profesionales de turismo; INFUETUR y \u00e1reas t\u00e9cnicas de la Secretar\u00eda de Ambiente de Tierra del Fuego.<\/span><\/p>\n<p style=\"text-align: right\">\n\n\t\t<style type=\"text\/css\">\n\t\t\t#gallery-1 {\n\t\t\t\tmargin: auto;\n\t\t\t}\n\t\t\t#gallery-1 .gallery-item {\n\t\t\t\tfloat: left;\n\t\t\t\tmargin-top: 10px;\n\t\t\t\ttext-align: center;\n\t\t\t\twidth: 14%;\n\t\t\t}\n\t\t\t#gallery-1 img {\n\t\t\t\tborder: 2px solid #cfcfcf;\n\t\t\t}\n\t\t\t#gallery-1 .gallery-caption {\n\t\t\t\tmargin-left: 0;\n\t\t\t}\n\t\t\t\/* see gallery_shortcode() in wp-includes\/media.php *\/\n\t\t<\/style>\n\t\t<div data-carousel-extra='{\"blog_id\":1,\"permalink\":\"https:\\\/\\\/www.legistdf.gob.ar\\\/index.php\\\/2023\\\/11\\\/02\\\/colazo-citaran-a-mas-interesados-por-la-creacion-del-anp-gl-vinciguerra\\\/\"}' id='gallery-1' class='gallery galleryid-40463 gallery-columns-7 gallery-size-thumbnail'><dl class='gallery-item'>\n\t\t\t<dt class='gallery-icon landscape'>\n\t\t\t\t<a href='https:\/\/www.legistdf.gob.ar\/index.php\/2023\/11\/01\/ambiente-lograron-dictamen-en-mayoria-por-sistema-de-financiamiento-ambiental\/img_9972-2\/'><img loading=\"lazy\" decoding=\"async\" width=\"150\" height=\"150\" src=\"https:\/\/www.legistdf.gob.ar\/wp-content\/uploads\/2023\/11\/IMG_9972-150x150.jpg\" class=\"attachment-thumbnail size-thumbnail\" alt=\"\" srcset=\"https:\/\/www.legistdf.gob.ar\/wp-content\/uploads\/2023\/11\/IMG_9972-150x150.jpg 150w, https:\/\/www.legistdf.gob.ar\/wp-content\/uploads\/2023\/11\/IMG_9972-64x64.jpg 64w\" sizes=\"(max-width: 150px) 100vw, 150px\" data-attachment-id=\"40437\" data-permalink=\"https:\/\/www.legistdf.gob.ar\/index.php\/2023\/11\/01\/ambiente-lograron-dictamen-en-mayoria-por-sistema-de-financiamiento-ambiental\/img_9972-2\/\" data-orig-file=\"https:\/\/www.legistdf.gob.ar\/wp-content\/uploads\/2023\/11\/IMG_9972.jpg\" data-orig-size=\"1500,1000\" data-comments-opened=\"0\" data-image-meta=\"{&quot;aperture&quot;:&quot;7.1&quot;,&quot;credit&quot;:&quot;&quot;,&quot;camera&quot;:&quot;Canon EOS Rebel T6i&quot;,&quot;caption&quot;:&quot;&quot;,&quot;created_timestamp&quot;:&quot;1698766120&quot;,&quot;copyright&quot;:&quot;&quot;,&quot;focal_length&quot;:&quot;150&quot;,&quot;iso&quot;:&quot;800&quot;,&quot;shutter_speed&quot;:&quot;0.005&quot;,&quot;title&quot;:&quot;&quot;,&quot;orientation&quot;:&quot;0&quot;}\" data-image-title=\"IMG_9972\" data-image-description=\"\" data-image-caption=\"\" data-medium-file=\"https:\/\/www.legistdf.gob.ar\/wp-content\/uploads\/2023\/11\/IMG_9972-300x200.jpg\" data-large-file=\"https:\/\/www.legistdf.gob.ar\/wp-content\/uploads\/2023\/11\/IMG_9972-1024x683.jpg\" \/><\/a>\n\t\t\t<\/dt><\/dl><dl class='gallery-item'>\n\t\t\t<dt class='gallery-icon landscape'>\n\t\t\t\t<a href='https:\/\/www.legistdf.gob.ar\/index.php\/2023\/11\/02\/colazo-citaran-a-mas-interesados-por-la-creacion-del-anp-gl-vinciguerra\/img_9903\/'><img loading=\"lazy\" decoding=\"async\" width=\"150\" height=\"150\" src=\"https:\/\/www.legistdf.gob.ar\/wp-content\/uploads\/2023\/11\/IMG_9903-150x150.jpg\" class=\"attachment-thumbnail size-thumbnail\" alt=\"\" srcset=\"https:\/\/www.legistdf.gob.ar\/wp-content\/uploads\/2023\/11\/IMG_9903-150x150.jpg 150w, https:\/\/www.legistdf.gob.ar\/wp-content\/uploads\/2023\/11\/IMG_9903-64x64.jpg 64w\" sizes=\"(max-width: 150px) 100vw, 150px\" data-attachment-id=\"40464\" data-permalink=\"https:\/\/www.legistdf.gob.ar\/index.php\/2023\/11\/02\/colazo-citaran-a-mas-interesados-por-la-creacion-del-anp-gl-vinciguerra\/img_9903\/\" data-orig-file=\"https:\/\/www.legistdf.gob.ar\/wp-content\/uploads\/2023\/11\/IMG_9903.jpg\" data-orig-size=\"1500,1000\" data-comments-opened=\"0\" data-image-meta=\"{&quot;aperture&quot;:&quot;7.1&quot;,&quot;credit&quot;:&quot;&quot;,&quot;camera&quot;:&quot;Canon EOS Rebel T6i&quot;,&quot;caption&quot;:&quot;&quot;,&quot;created_timestamp&quot;:&quot;1698764363&quot;,&quot;copyright&quot;:&quot;&quot;,&quot;focal_length&quot;:&quot;42&quot;,&quot;iso&quot;:&quot;800&quot;,&quot;shutter_speed&quot;:&quot;0.005&quot;,&quot;title&quot;:&quot;&quot;,&quot;orientation&quot;:&quot;0&quot;}\" data-image-title=\"IMG_9903\" data-image-description=\"\" data-image-caption=\"\" data-medium-file=\"https:\/\/www.legistdf.gob.ar\/wp-content\/uploads\/2023\/11\/IMG_9903-300x200.jpg\" data-large-file=\"https:\/\/www.legistdf.gob.ar\/wp-content\/uploads\/2023\/11\/IMG_9903-1024x683.jpg\" \/><\/a>\n\t\t\t<\/dt><\/dl><dl class='gallery-item'>\n\t\t\t<dt class='gallery-icon landscape'>\n\t\t\t\t<a href='https:\/\/www.legistdf.gob.ar\/index.php\/2023\/11\/01\/ambiente-lograron-dictamen-en-mayoria-por-sistema-de-financiamiento-ambiental\/img_9981-3\/'><img loading=\"lazy\" decoding=\"async\" width=\"150\" height=\"150\" src=\"https:\/\/www.legistdf.gob.ar\/wp-content\/uploads\/2023\/11\/IMG_9981-150x150.jpg\" class=\"attachment-thumbnail size-thumbnail\" alt=\"\" srcset=\"https:\/\/www.legistdf.gob.ar\/wp-content\/uploads\/2023\/11\/IMG_9981-150x150.jpg 150w, https:\/\/www.legistdf.gob.ar\/wp-content\/uploads\/2023\/11\/IMG_9981-64x64.jpg 64w\" sizes=\"(max-width: 150px) 100vw, 150px\" data-attachment-id=\"40436\" data-permalink=\"https:\/\/www.legistdf.gob.ar\/index.php\/2023\/11\/01\/ambiente-lograron-dictamen-en-mayoria-por-sistema-de-financiamiento-ambiental\/img_9981-3\/\" data-orig-file=\"https:\/\/www.legistdf.gob.ar\/wp-content\/uploads\/2023\/11\/IMG_9981.jpg\" data-orig-size=\"1500,1000\" data-comments-opened=\"0\" data-image-meta=\"{&quot;aperture&quot;:&quot;7.1&quot;,&quot;credit&quot;:&quot;&quot;,&quot;camera&quot;:&quot;Canon EOS Rebel T6i&quot;,&quot;caption&quot;:&quot;&quot;,&quot;created_timestamp&quot;:&quot;1698766477&quot;,&quot;copyright&quot;:&quot;&quot;,&quot;focal_length&quot;:&quot;53&quot;,&quot;iso&quot;:&quot;800&quot;,&quot;shutter_speed&quot;:&quot;0.005&quot;,&quot;title&quot;:&quot;&quot;,&quot;orientation&quot;:&quot;0&quot;}\" data-image-title=\"IMG_9981\" data-image-description=\"\" data-image-caption=\"\" data-medium-file=\"https:\/\/www.legistdf.gob.ar\/wp-content\/uploads\/2023\/11\/IMG_9981-300x200.jpg\" data-large-file=\"https:\/\/www.legistdf.gob.ar\/wp-content\/uploads\/2023\/11\/IMG_9981-1024x683.jpg\" \/><\/a>\n\t\t\t<\/dt><\/dl><dl class='gallery-item'>\n\t\t\t<dt class='gallery-icon landscape'>\n\t\t\t\t<a href='https:\/\/www.legistdf.gob.ar\/index.php\/2023\/11\/01\/ambiente-lograron-dictamen-en-mayoria-por-sistema-de-financiamiento-ambiental\/img_9977-3\/'><img loading=\"lazy\" decoding=\"async\" width=\"150\" height=\"150\" src=\"https:\/\/www.legistdf.gob.ar\/wp-content\/uploads\/2023\/11\/IMG_9977-150x150.jpg\" class=\"attachment-thumbnail size-thumbnail\" alt=\"\" srcset=\"https:\/\/www.legistdf.gob.ar\/wp-content\/uploads\/2023\/11\/IMG_9977-150x150.jpg 150w, https:\/\/www.legistdf.gob.ar\/wp-content\/uploads\/2023\/11\/IMG_9977-64x64.jpg 64w\" sizes=\"(max-width: 150px) 100vw, 150px\" data-attachment-id=\"40435\" data-permalink=\"https:\/\/www.legistdf.gob.ar\/index.php\/2023\/11\/01\/ambiente-lograron-dictamen-en-mayoria-por-sistema-de-financiamiento-ambiental\/img_9977-3\/\" data-orig-file=\"https:\/\/www.legistdf.gob.ar\/wp-content\/uploads\/2023\/11\/IMG_9977.jpg\" data-orig-size=\"1500,1000\" data-comments-opened=\"0\" data-image-meta=\"{&quot;aperture&quot;:&quot;7.1&quot;,&quot;credit&quot;:&quot;&quot;,&quot;camera&quot;:&quot;Canon EOS Rebel T6i&quot;,&quot;caption&quot;:&quot;&quot;,&quot;created_timestamp&quot;:&quot;1698766244&quot;,&quot;copyright&quot;:&quot;&quot;,&quot;focal_length&quot;:&quot;100&quot;,&quot;iso&quot;:&quot;800&quot;,&quot;shutter_speed&quot;:&quot;0.005&quot;,&quot;title&quot;:&quot;&quot;,&quot;orientation&quot;:&quot;0&quot;}\" data-image-title=\"IMG_9977\" data-image-description=\"\" data-image-caption=\"\" data-medium-file=\"https:\/\/www.legistdf.gob.ar\/wp-content\/uploads\/2023\/11\/IMG_9977-300x200.jpg\" data-large-file=\"https:\/\/www.legistdf.gob.ar\/wp-content\/uploads\/2023\/11\/IMG_9977-1024x683.jpg\" \/><\/a>\n\t\t\t<\/dt><\/dl><dl class='gallery-item'>\n\t\t\t<dt class='gallery-icon landscape'>\n\t\t\t\t<a href='https:\/\/www.legistdf.gob.ar\/index.php\/2023\/11\/01\/ambiente-lograron-dictamen-en-mayoria-por-sistema-de-financiamiento-ambiental\/img_9950-2\/'><img loading=\"lazy\" decoding=\"async\" width=\"150\" height=\"150\" src=\"https:\/\/www.legistdf.gob.ar\/wp-content\/uploads\/2023\/11\/IMG_9950-150x150.jpg\" class=\"attachment-thumbnail size-thumbnail\" alt=\"\" srcset=\"https:\/\/www.legistdf.gob.ar\/wp-content\/uploads\/2023\/11\/IMG_9950-150x150.jpg 150w, https:\/\/www.legistdf.gob.ar\/wp-content\/uploads\/2023\/11\/IMG_9950-64x64.jpg 64w\" sizes=\"(max-width: 150px) 100vw, 150px\" data-attachment-id=\"40434\" data-permalink=\"https:\/\/www.legistdf.gob.ar\/index.php\/2023\/11\/01\/ambiente-lograron-dictamen-en-mayoria-por-sistema-de-financiamiento-ambiental\/img_9950-2\/\" data-orig-file=\"https:\/\/www.legistdf.gob.ar\/wp-content\/uploads\/2023\/11\/IMG_9950.jpg\" data-orig-size=\"1500,1000\" data-comments-opened=\"0\" data-image-meta=\"{&quot;aperture&quot;:&quot;7.1&quot;,&quot;credit&quot;:&quot;&quot;,&quot;camera&quot;:&quot;Canon EOS Rebel T6i&quot;,&quot;caption&quot;:&quot;&quot;,&quot;created_timestamp&quot;:&quot;1698765667&quot;,&quot;copyright&quot;:&quot;&quot;,&quot;focal_length&quot;:&quot;19&quot;,&quot;iso&quot;:&quot;800&quot;,&quot;shutter_speed&quot;:&quot;0.005&quot;,&quot;title&quot;:&quot;&quot;,&quot;orientation&quot;:&quot;0&quot;}\" data-image-title=\"IMG_9950\" data-image-description=\"\" data-image-caption=\"\" data-medium-file=\"https:\/\/www.legistdf.gob.ar\/wp-content\/uploads\/2023\/11\/IMG_9950-300x200.jpg\" data-large-file=\"https:\/\/www.legistdf.gob.ar\/wp-content\/uploads\/2023\/11\/IMG_9950-1024x683.jpg\" \/><\/a>\n\t\t\t<\/dt><\/dl><dl class='gallery-item'>\n\t\t\t<dt class='gallery-icon landscape'>\n\t\t\t\t<a href='https:\/\/www.legistdf.gob.ar\/index.php\/2023\/11\/01\/ambiente-lograron-dictamen-en-mayoria-por-sistema-de-financiamiento-ambiental\/img_9932-3\/'><img loading=\"lazy\" decoding=\"async\" width=\"150\" height=\"150\" src=\"https:\/\/www.legistdf.gob.ar\/wp-content\/uploads\/2023\/11\/IMG_9932-150x150.jpg\" class=\"attachment-thumbnail size-thumbnail\" alt=\"\" srcset=\"https:\/\/www.legistdf.gob.ar\/wp-content\/uploads\/2023\/11\/IMG_9932-150x150.jpg 150w, https:\/\/www.legistdf.gob.ar\/wp-content\/uploads\/2023\/11\/IMG_9932-64x64.jpg 64w\" sizes=\"(max-width: 150px) 100vw, 150px\" data-attachment-id=\"40433\" data-permalink=\"https:\/\/www.legistdf.gob.ar\/index.php\/2023\/11\/01\/ambiente-lograron-dictamen-en-mayoria-por-sistema-de-financiamiento-ambiental\/img_9932-3\/\" data-orig-file=\"https:\/\/www.legistdf.gob.ar\/wp-content\/uploads\/2023\/11\/IMG_9932.jpg\" data-orig-size=\"1500,1000\" data-comments-opened=\"0\" data-image-meta=\"{&quot;aperture&quot;:&quot;7.1&quot;,&quot;credit&quot;:&quot;&quot;,&quot;camera&quot;:&quot;Canon EOS Rebel T6i&quot;,&quot;caption&quot;:&quot;&quot;,&quot;created_timestamp&quot;:&quot;1698765462&quot;,&quot;copyright&quot;:&quot;&quot;,&quot;focal_length&quot;:&quot;118&quot;,&quot;iso&quot;:&quot;1600&quot;,&quot;shutter_speed&quot;:&quot;0.005&quot;,&quot;title&quot;:&quot;&quot;,&quot;orientation&quot;:&quot;0&quot;}\" data-image-title=\"IMG_9932\" data-image-description=\"\" data-image-caption=\"\" data-medium-file=\"https:\/\/www.legistdf.gob.ar\/wp-content\/uploads\/2023\/11\/IMG_9932-300x200.jpg\" data-large-file=\"https:\/\/www.legistdf.gob.ar\/wp-content\/uploads\/2023\/11\/IMG_9932-1024x683.jpg\" \/><\/a>\n\t\t\t<\/dt><\/dl><dl class='gallery-item'>\n\t\t\t<dt class='gallery-icon landscape'>\n\t\t\t\t<a href='https:\/\/www.legistdf.gob.ar\/index.php\/2023\/11\/01\/ambiente-lograron-dictamen-en-mayoria-por-sistema-de-financiamiento-ambiental\/img_9915-2\/'><img loading=\"lazy\" decoding=\"async\" width=\"150\" height=\"150\" src=\"https:\/\/www.legistdf.gob.ar\/wp-content\/uploads\/2023\/11\/IMG_9915-150x150.jpg\" class=\"attachment-thumbnail size-thumbnail\" alt=\"\" srcset=\"https:\/\/www.legistdf.gob.ar\/wp-content\/uploads\/2023\/11\/IMG_9915-150x150.jpg 150w, https:\/\/www.legistdf.gob.ar\/wp-content\/uploads\/2023\/11\/IMG_9915-64x64.jpg 64w\" sizes=\"(max-width: 150px) 100vw, 150px\" data-attachment-id=\"40432\" data-permalink=\"https:\/\/www.legistdf.gob.ar\/index.php\/2023\/11\/01\/ambiente-lograron-dictamen-en-mayoria-por-sistema-de-financiamiento-ambiental\/img_9915-2\/\" data-orig-file=\"https:\/\/www.legistdf.gob.ar\/wp-content\/uploads\/2023\/11\/IMG_9915.jpg\" data-orig-size=\"1500,1000\" data-comments-opened=\"0\" data-image-meta=\"{&quot;aperture&quot;:&quot;7.1&quot;,&quot;credit&quot;:&quot;&quot;,&quot;camera&quot;:&quot;Canon EOS Rebel T6i&quot;,&quot;caption&quot;:&quot;&quot;,&quot;created_timestamp&quot;:&quot;1698764759&quot;,&quot;copyright&quot;:&quot;&quot;,&quot;focal_length&quot;:&quot;31&quot;,&quot;iso&quot;:&quot;1600&quot;,&quot;shutter_speed&quot;:&quot;0.005&quot;,&quot;title&quot;:&quot;&quot;,&quot;orientation&quot;:&quot;0&quot;}\" data-image-title=\"IMG_9915\" data-image-description=\"\" data-image-caption=\"\" data-medium-file=\"https:\/\/www.legistdf.gob.ar\/wp-content\/uploads\/2023\/11\/IMG_9915-300x200.jpg\" data-large-file=\"https:\/\/www.legistdf.gob.ar\/wp-content\/uploads\/2023\/11\/IMG_9915-1024x683.jpg\" \/><\/a>\n\t\t\t<\/dt><\/dl><br style=\"clear: both\" \/>\n\t\t<\/div>\n\n<p style=\"text-align: right\"><em>AT-NEGM<\/em><\/p>\n","protected":false},"excerpt":{"rendered":"<p>Ushuaia, jueves 2 de noviembre de 2023.- La titular de la bancada del Partido Verde y autora del proyecto de Ley que fomenta la creaci\u00f3n del \u00e1rea natural protegida (ANP) Glaciar Vinciguerra, adelant\u00f3 que el Parlamento continuar\u00e1 en la b\u00fasqueda de opiniones para resolver el texto normativo. Asimismo, celebr\u00f3 el dictamen por la creaci\u00f3n de [&hellip;]<\/p>\n","protected":false},"author":352,"featured_media":40349,"comment_status":"closed","ping_status":"closed","sticky":false,"template":"","format":"standard","meta":{"jetpack_post_was_ever_published":false,"_jetpack_newsletter_access":"","_jetpack_dont_email_post_to_subs":false,"_jetpack_newsletter_tier_id":0,"footnotes":"","jetpack_publicize_message":"","jetpack_publicize_feature_enabled":true,"jetpack_social_post_already_shared":true,"jetpack_social_options":{"image_generator_settings":{"template":"highway","enabled":false}}},"categories":[1],"tags":[433,84,3154,1876,448,799,3153,79,87],"jetpack_publicize_connections":[],"jetpack_sharing_enabled":true,"jetpack_featured_media_url":"https:\/\/www.legistdf.gob.ar\/wp-content\/uploads\/2023\/10\/dsc_27311.jpg","jetpack-related-posts":[],"_links":{"self":[{"href":"https:\/\/www.legistdf.gob.ar\/index.php\/wp-json\/wp\/v2\/posts\/40463"}],"collection":[{"href":"https:\/\/www.legistdf.gob.ar\/index.php\/wp-json\/wp\/v2\/posts"}],"about":[{"href":"https:\/\/www.legistdf.gob.ar\/index.php\/wp-json\/wp\/v2\/types\/post"}],"author":[{"embeddable":true,"href":"https:\/\/www.legistdf.gob.ar\/index.php\/wp-json\/wp\/v2\/users\/352"}],"replies":[{"embeddable":true,"href":"https:\/\/www.legistdf.gob.ar\/index.php\/wp-json\/wp\/v2\/comments?post=40463"}],"version-history":[{"count":1,"href":"https:\/\/www.legistdf.gob.ar\/index.php\/wp-json\/wp\/v2\/posts\/40463\/revisions"}],"predecessor-version":[{"id":40465,"href":"https:\/\/www.legistdf.gob.ar\/index.php\/wp-json\/wp\/v2\/posts\/40463\/revisions\/40465"}],"wp:featuredmedia":[{"embeddable":true,"href":"https:\/\/www.legistdf.gob.ar\/index.php\/wp-json\/wp\/v2\/media\/40349"}],"wp:attachment":[{"href":"https:\/\/www.legistdf.gob.ar\/index.php\/wp-json\/wp\/v2\/media?parent=40463"}],"wp:term":[{"taxonomy":"category","embeddable":true,"href":"https:\/\/www.legistdf.gob.ar\/index.php\/wp-json\/wp\/v2\/categories?post=40463"},{"taxonomy":"post_tag","embeddable":true,"href":"https:\/\/www.legistdf.gob.ar\/index.php\/wp-json\/wp\/v2\/tags?post=40463"}],"curies":[{"name":"wp","href":"https:\/\/api.w.org\/{rel}","templated":true}]}}