{"id":41212,"date":"2023-11-30T16:39:00","date_gmt":"2023-11-30T19:39:00","guid":{"rendered":"https:\/\/www.legistdf.gob.ar\/?p=41212"},"modified":"2023-11-30T16:39:00","modified_gmt":"2023-11-30T19:39:00","slug":"greve-forja-demostro-su-presencia-como-fuerza-politica","status":"publish","type":"post","link":"https:\/\/www.legistdf.gob.ar\/index.php\/2023\/11\/30\/greve-forja-demostro-su-presencia-como-fuerza-politica\/","title":{"rendered":"GREVE: \u201cFORJA demostr\u00f3 su presencia como fuerza pol\u00edtica\u201d"},"content":{"rendered":"<p><span style=\"font-family: arial, helvetica, sans-serif;font-size: 12pt\"><strong><a href=\"https:\/\/www.legistdf.gob.ar\/wp-content\/uploads\/2023\/11\/IMG_0025.jpg\"><img loading=\"lazy\" decoding=\"async\" data-attachment-id=\"41199\" data-permalink=\"https:\/\/www.legistdf.gob.ar\/index.php\/2023\/11\/30\/legislatura-tendremos-que-estar-atentos-defendiendo-los-intereses-fueguinos-afirmo-urquiza\/img_0025-15\/\" data-orig-file=\"https:\/\/www.legistdf.gob.ar\/wp-content\/uploads\/2023\/11\/IMG_0025.jpg\" data-orig-size=\"1500,1000\" data-comments-opened=\"0\" data-image-meta=\"{&quot;aperture&quot;:&quot;3.5&quot;,&quot;credit&quot;:&quot;&quot;,&quot;camera&quot;:&quot;Canon EOS 6D&quot;,&quot;caption&quot;:&quot;&quot;,&quot;created_timestamp&quot;:&quot;1701344255&quot;,&quot;copyright&quot;:&quot;&quot;,&quot;focal_length&quot;:&quot;33&quot;,&quot;iso&quot;:&quot;640&quot;,&quot;shutter_speed&quot;:&quot;0.0055555555555556&quot;,&quot;title&quot;:&quot;&quot;,&quot;orientation&quot;:&quot;0&quot;}\" data-image-title=\"IMG_0025\" data-image-description=\"\" data-image-caption=\"\" data-medium-file=\"https:\/\/www.legistdf.gob.ar\/wp-content\/uploads\/2023\/11\/IMG_0025-300x200.jpg\" data-large-file=\"https:\/\/www.legistdf.gob.ar\/wp-content\/uploads\/2023\/11\/IMG_0025-1024x683.jpg\" class=\"alignright wp-image-41199 size-medium\" src=\"https:\/\/www.legistdf.gob.ar\/wp-content\/uploads\/2023\/11\/IMG_0025-300x200.jpg\" alt=\"\" width=\"300\" height=\"200\" srcset=\"https:\/\/www.legistdf.gob.ar\/wp-content\/uploads\/2023\/11\/IMG_0025-300x200.jpg 300w, https:\/\/www.legistdf.gob.ar\/wp-content\/uploads\/2023\/11\/IMG_0025-768x512.jpg 768w, https:\/\/www.legistdf.gob.ar\/wp-content\/uploads\/2023\/11\/IMG_0025-1024x683.jpg 1024w, https:\/\/www.legistdf.gob.ar\/wp-content\/uploads\/2023\/11\/IMG_0025-160x107.jpg 160w, https:\/\/www.legistdf.gob.ar\/wp-content\/uploads\/2023\/11\/IMG_0025.jpg 1500w\" sizes=\"(max-width: 300px) 100vw, 300px\" \/><\/a>Ushuaia, jueves 30 de noviembre de 2023.- El legislador del oficialismo, Federico Greve, particip\u00f3 hoy de la ceremonia de proclamaci\u00f3n, organizado por la Justicia Electoral. El referente Parlamentario, dijo que FORJA demostr\u00f3 su presencia electoral, \u201chemos llevado una propuesta alternativa y estamos muy contentos por el apoyo de la gente\u201d.<\/strong><\/span><\/p>\n<p>&nbsp;<\/p>\n<blockquote><p><span style=\"font-family: arial, helvetica, sans-serif;font-size: 12pt\">En tanto, record\u00f3 que Gustavo Melella, renov\u00f3 la gobernaci\u00f3n junto a M\u00f3nica Urquiza con m\u00e1s del cincuenta por ciento de los votos, y \u201cesto no hay que olvidarlo, eso es lo que ha votado la gran mayor\u00eda en la Tierra del Fuego\u201d, sostuvo.<\/span><\/p><\/blockquote>\n<p>&nbsp;<\/p>\n<p><span style=\"font-family: arial, helvetica, sans-serif;font-size: 12pt\">Adem\u00e1s se\u00f1al\u00f3 que ese hecho \u201cnos invita a seguir trabajando en esta etapa que ser\u00e1 diferente a nivel nacional\u201d, al tiempo que reconoci\u00f3 que se encuentran expectantes ante las decisiones de la nueva gesti\u00f3n presidencial.<\/span><\/p>\n<p>&nbsp;<\/p>\n<blockquote><p><span style=\"font-family: arial, helvetica, sans-serif;font-size: 12pt\"><a href=\"https:\/\/www.legistdf.gob.ar\/wp-content\/uploads\/2023\/11\/IMG_0056.jpg\"><img loading=\"lazy\" decoding=\"async\" data-attachment-id=\"41202\" data-permalink=\"https:\/\/www.legistdf.gob.ar\/index.php\/2023\/11\/30\/legislatura-tendremos-que-estar-atentos-defendiendo-los-intereses-fueguinos-afirmo-urquiza\/img_0056-19\/\" data-orig-file=\"https:\/\/www.legistdf.gob.ar\/wp-content\/uploads\/2023\/11\/IMG_0056.jpg\" data-orig-size=\"1500,1000\" data-comments-opened=\"0\" data-image-meta=\"{&quot;aperture&quot;:&quot;3.5&quot;,&quot;credit&quot;:&quot;&quot;,&quot;camera&quot;:&quot;Canon EOS 6D&quot;,&quot;caption&quot;:&quot;&quot;,&quot;created_timestamp&quot;:&quot;1701344480&quot;,&quot;copyright&quot;:&quot;&quot;,&quot;focal_length&quot;:&quot;24&quot;,&quot;iso&quot;:&quot;640&quot;,&quot;shutter_speed&quot;:&quot;0.0055555555555556&quot;,&quot;title&quot;:&quot;&quot;,&quot;orientation&quot;:&quot;0&quot;}\" data-image-title=\"IMG_0056\" data-image-description=\"\" data-image-caption=\"\" data-medium-file=\"https:\/\/www.legistdf.gob.ar\/wp-content\/uploads\/2023\/11\/IMG_0056-300x200.jpg\" data-large-file=\"https:\/\/www.legistdf.gob.ar\/wp-content\/uploads\/2023\/11\/IMG_0056-1024x683.jpg\" class=\"alignleft wp-image-41202 size-medium\" src=\"https:\/\/www.legistdf.gob.ar\/wp-content\/uploads\/2023\/11\/IMG_0056-300x200.jpg\" alt=\"\" width=\"300\" height=\"200\" srcset=\"https:\/\/www.legistdf.gob.ar\/wp-content\/uploads\/2023\/11\/IMG_0056-300x200.jpg 300w, https:\/\/www.legistdf.gob.ar\/wp-content\/uploads\/2023\/11\/IMG_0056-768x512.jpg 768w, https:\/\/www.legistdf.gob.ar\/wp-content\/uploads\/2023\/11\/IMG_0056-1024x683.jpg 1024w, https:\/\/www.legistdf.gob.ar\/wp-content\/uploads\/2023\/11\/IMG_0056-160x107.jpg 160w, https:\/\/www.legistdf.gob.ar\/wp-content\/uploads\/2023\/11\/IMG_0056.jpg 1500w\" sizes=\"(max-width: 300px) 100vw, 300px\" \/><\/a>\u201cEstaremos atentos ante el env\u00edo o no, del\u00a0 paquete de leyes, al Congreso de Naci\u00f3n. En base a ello, nosotros trabajaremos en la elaboraci\u00f3n del presupuesto. Veremos cu\u00e1les son las medidas para la Provincia y que impacten lo menos posible en los bolsillo de las y los fueguinos\u201d, se esperanz\u00f3 Greve.<\/span><\/p><\/blockquote>\n<p>&nbsp;<\/p>\n<p><span style=\"font-family: arial, helvetica, sans-serif;font-size: 12pt\">Acerca de la conformaci\u00f3n legislativa, se\u00f1al\u00f3 que al sumarse otras fuerzas pol\u00edticas, se generar\u00e1 nuevos espacios de consensos, \u201ca los fines de la construcci\u00f3n de las\u00a0 mayor\u00edas para la Legislatura\u201d, finaliz\u00f3. <\/span><\/p>\n<p>&nbsp;<\/p>\n<p style=\"text-align: right\"><span style=\"font-family: arial, helvetica, sans-serif;font-size: 12pt\">Z<em>V-NEGM<\/em><\/span><\/p>\n<p style=\"text-align: right\"><a href=\"https:\/\/drive.google.com\/drive\/folders\/1N0GMgHDDR3P1H0bfPGehFS9W279jF2fA?usp=drive_link\" target=\"_blank\" rel=\"noopener noreferrer\"><span style=\"font-family: arial, helvetica, sans-serif;font-size: 12pt\"><em>Galer\u00eda de im\u00e1genes<\/em><\/span><\/a><\/p>\n","protected":false},"excerpt":{"rendered":"<p>Ushuaia, jueves 30 de noviembre de 2023.- El legislador del oficialismo, Federico Greve, particip\u00f3 hoy de la ceremonia de proclamaci\u00f3n, organizado por la Justicia Electoral. El referente Parlamentario, dijo que FORJA demostr\u00f3 su presencia electoral, \u201chemos llevado una propuesta alternativa y estamos muy contentos por el apoyo de la gente\u201d. &nbsp; En tanto, record\u00f3 que [&hellip;]<\/p>\n","protected":false},"author":352,"featured_media":41199,"comment_status":"closed","ping_status":"closed","sticky":false,"template":"","format":"standard","meta":{"jetpack_post_was_ever_published":false,"_jetpack_newsletter_access":"","_jetpack_dont_email_post_to_subs":false,"_jetpack_newsletter_tier_id":0,"footnotes":"","jetpack_publicize_message":"","jetpack_publicize_feature_enabled":true,"jetpack_social_post_already_shared":true,"jetpack_social_options":{"image_generator_settings":{"template":"highway","enabled":false}}},"categories":[1],"tags":[1816,1752,3198],"jetpack_publicize_connections":[],"jetpack_sharing_enabled":true,"jetpack_featured_media_url":"https:\/\/www.legistdf.gob.ar\/wp-content\/uploads\/2023\/11\/IMG_0025.jpg","jetpack-related-posts":[],"_links":{"self":[{"href":"https:\/\/www.legistdf.gob.ar\/index.php\/wp-json\/wp\/v2\/posts\/41212"}],"collection":[{"href":"https:\/\/www.legistdf.gob.ar\/index.php\/wp-json\/wp\/v2\/posts"}],"about":[{"href":"https:\/\/www.legistdf.gob.ar\/index.php\/wp-json\/wp\/v2\/types\/post"}],"author":[{"embeddable":true,"href":"https:\/\/www.legistdf.gob.ar\/index.php\/wp-json\/wp\/v2\/users\/352"}],"replies":[{"embeddable":true,"href":"https:\/\/www.legistdf.gob.ar\/index.php\/wp-json\/wp\/v2\/comments?post=41212"}],"version-history":[{"count":1,"href":"https:\/\/www.legistdf.gob.ar\/index.php\/wp-json\/wp\/v2\/posts\/41212\/revisions"}],"predecessor-version":[{"id":41213,"href":"https:\/\/www.legistdf.gob.ar\/index.php\/wp-json\/wp\/v2\/posts\/41212\/revisions\/41213"}],"wp:featuredmedia":[{"embeddable":true,"href":"https:\/\/www.legistdf.gob.ar\/index.php\/wp-json\/wp\/v2\/media\/41199"}],"wp:attachment":[{"href":"https:\/\/www.legistdf.gob.ar\/index.php\/wp-json\/wp\/v2\/media?parent=41212"}],"wp:term":[{"taxonomy":"category","embeddable":true,"href":"https:\/\/www.legistdf.gob.ar\/index.php\/wp-json\/wp\/v2\/categories?post=41212"},{"taxonomy":"post_tag","embeddable":true,"href":"https:\/\/www.legistdf.gob.ar\/index.php\/wp-json\/wp\/v2\/tags?post=41212"}],"curies":[{"name":"wp","href":"https:\/\/api.w.org\/{rel}","templated":true}]}}