{"id":41214,"date":"2023-11-30T16:56:58","date_gmt":"2023-11-30T19:56:58","guid":{"rendered":"https:\/\/www.legistdf.gob.ar\/?p=41214"},"modified":"2023-11-30T16:56:58","modified_gmt":"2023-11-30T19:56:58","slug":"legislatura-el-desafio-estara-centrado-en-garantizar-la-gobernabilidad-junto-al-poder-ejecutivo-dijo-villegas","status":"publish","type":"post","link":"https:\/\/www.legistdf.gob.ar\/index.php\/2023\/11\/30\/legislatura-el-desafio-estara-centrado-en-garantizar-la-gobernabilidad-junto-al-poder-ejecutivo-dijo-villegas\/","title":{"rendered":"LEGISLATURA: \u201cEl desaf\u00edo estar\u00e1 centrado en garantizar la gobernabilidad junto al Poder Ejecutivo\u201d, dijo Villegas"},"content":{"rendered":"<p><span style=\"font-family: arial, helvetica, sans-serif;font-size: 14pt\"><strong>Ushuaia, jueves 30 de noviembre de 2023.- El Poder Legislativo se prepara para renovar su conformaci\u00f3n Parlamentaria. El pr\u00f3ximo 17 de diciembre, asumir\u00e1n las y los Legisladores que fueron elegidos por la comunidad, en mayo pasado. En ese marco, el legislador del MPF, Pablo Villegas comenzar\u00e1 a transitar su tercera gesti\u00f3n: \u201ces un orgullo, pero a la vez lo tomo con mucha responsabilidad, por los tiempos que estamos viviendo y por lo que representa ser Legislador de la Provincia\u201d, reconoci\u00f3.<a href=\"https:\/\/www.legistdf.gob.ar\/wp-content\/uploads\/2023\/11\/IMG_0030.jpg\"><img loading=\"lazy\" decoding=\"async\" data-attachment-id=\"41200\" data-permalink=\"https:\/\/www.legistdf.gob.ar\/index.php\/2023\/11\/30\/legislatura-tendremos-que-estar-atentos-defendiendo-los-intereses-fueguinos-afirmo-urquiza\/img_0030-17\/\" data-orig-file=\"https:\/\/www.legistdf.gob.ar\/wp-content\/uploads\/2023\/11\/IMG_0030.jpg\" data-orig-size=\"1500,1000\" data-comments-opened=\"0\" data-image-meta=\"{&quot;aperture&quot;:&quot;3.5&quot;,&quot;credit&quot;:&quot;&quot;,&quot;camera&quot;:&quot;Canon EOS 6D&quot;,&quot;caption&quot;:&quot;&quot;,&quot;created_timestamp&quot;:&quot;1701344282&quot;,&quot;copyright&quot;:&quot;&quot;,&quot;focal_length&quot;:&quot;24&quot;,&quot;iso&quot;:&quot;640&quot;,&quot;shutter_speed&quot;:&quot;0.0055555555555556&quot;,&quot;title&quot;:&quot;&quot;,&quot;orientation&quot;:&quot;0&quot;}\" data-image-title=\"IMG_0030\" data-image-description=\"\" data-image-caption=\"\" data-medium-file=\"https:\/\/www.legistdf.gob.ar\/wp-content\/uploads\/2023\/11\/IMG_0030-300x200.jpg\" data-large-file=\"https:\/\/www.legistdf.gob.ar\/wp-content\/uploads\/2023\/11\/IMG_0030-1024x683.jpg\" class=\"alignright wp-image-41200 size-medium\" src=\"https:\/\/www.legistdf.gob.ar\/wp-content\/uploads\/2023\/11\/IMG_0030-300x200.jpg\" alt=\"\" width=\"300\" height=\"200\" srcset=\"https:\/\/www.legistdf.gob.ar\/wp-content\/uploads\/2023\/11\/IMG_0030-300x200.jpg 300w, https:\/\/www.legistdf.gob.ar\/wp-content\/uploads\/2023\/11\/IMG_0030-768x512.jpg 768w, https:\/\/www.legistdf.gob.ar\/wp-content\/uploads\/2023\/11\/IMG_0030-1024x683.jpg 1024w, https:\/\/www.legistdf.gob.ar\/wp-content\/uploads\/2023\/11\/IMG_0030-160x107.jpg 160w, https:\/\/www.legistdf.gob.ar\/wp-content\/uploads\/2023\/11\/IMG_0030.jpg 1500w\" sizes=\"(max-width: 300px) 100vw, 300px\" \/><\/a><\/strong><\/span><\/p>\n<p>&nbsp;<\/p>\n<p><span style=\"font-family: arial, helvetica, sans-serif;font-size: 12pt\">En tanto, agradeci\u00f3 a los integrantes del Movimiento Popular Fueguino (MPF), y al pueblo de la Provincia quienes conf\u00edan y apoyan su gesti\u00f3n, que se renovar\u00e1 en diciembre. \u201cNuestras ideas, nuestras convicciones siempre apegadas a nuestra Constituci\u00f3n de la Provincial\u201d, coment\u00f3.<\/span><\/p>\n<p>&nbsp;<\/p>\n<blockquote><p><span style=\"font-family: arial, helvetica, sans-serif;font-size: 12pt\">En el seno del Parlamento convergir\u00e1n diferentes fuerza pol\u00edticas, y respecto al di\u00e1logo que se generar\u00e1, Villegas expres\u00f3 que el desaf\u00edo estar\u00e1 centrado en garantizar la \u201cgobernabilidad\u201d en la Provincia, en conjunto con el Poder Ejecutivo.<\/span><\/p><\/blockquote>\n<p>&nbsp;<\/p>\n<blockquote><p><span style=\"font-family: arial, helvetica, sans-serif;font-size: 12pt\">\u201cM\u00e1s all\u00e1 de las diferencias que podamos tener, sobre todo en materia de pol\u00edticas p\u00fablicas, el gran desaf\u00edo que tenemos es salir a defender ante el resto del pa\u00eds la Ley 19.640 y los \u00edndices de coparticipaci\u00f3n\u201d, aclar\u00f3 el referente del MPF.<\/span><\/p><\/blockquote>\n<p>&nbsp;<\/p>\n<p><span style=\"font-family: arial, helvetica, sans-serif;font-size: 12pt\">Sigui\u00f3 al considerar que al momento de macar diferencias, \u201cno me tiembla el pulso ni la voz para decir lo que pienso, en el camino de ser coherente con lo que digo y lo que hago\u201d, concluy\u00f3.<\/span><\/p>\n<p>&nbsp;<\/p>\n<p style=\"text-align: right\"><em><span style=\"font-family: arial, helvetica, sans-serif;font-size: 12pt\">ZV-NEGM<\/span><\/em><\/p>\n<p style=\"text-align: right\"><a href=\"https:\/\/drive.google.com\/drive\/folders\/1N0GMgHDDR3P1H0bfPGehFS9W279jF2fA?usp=drive_link\" target=\"_blank\" rel=\"noopener noreferrer\"><em><span style=\"font-family: arial, helvetica, sans-serif;font-size: 12pt\">Galer\u00eda de im\u00e1genes<\/span><\/em><\/a><\/p>\n","protected":false},"excerpt":{"rendered":"<p>Ushuaia, jueves 30 de noviembre de 2023.- El Poder Legislativo se prepara para renovar su conformaci\u00f3n Parlamentaria. El pr\u00f3ximo 17 de diciembre, asumir\u00e1n las y los Legisladores que fueron elegidos por la comunidad, en mayo pasado. En ese marco, el legislador del MPF, Pablo Villegas comenzar\u00e1 a transitar su tercera gesti\u00f3n: \u201ces un orgullo, pero [&hellip;]<\/p>\n","protected":false},"author":352,"featured_media":41200,"comment_status":"closed","ping_status":"closed","sticky":false,"template":"","format":"standard","meta":{"jetpack_post_was_ever_published":false,"_jetpack_newsletter_access":"","_jetpack_dont_email_post_to_subs":false,"_jetpack_newsletter_tier_id":0,"footnotes":"","jetpack_publicize_message":"","jetpack_publicize_feature_enabled":true,"jetpack_social_post_already_shared":true,"jetpack_social_options":{"image_generator_settings":{"template":"highway","enabled":false}}},"categories":[1],"tags":[3200,217,2750,113,106,3201],"jetpack_publicize_connections":[],"jetpack_sharing_enabled":true,"jetpack_featured_media_url":"https:\/\/www.legistdf.gob.ar\/wp-content\/uploads\/2023\/11\/IMG_0030.jpg","jetpack-related-posts":[],"_links":{"self":[{"href":"https:\/\/www.legistdf.gob.ar\/index.php\/wp-json\/wp\/v2\/posts\/41214"}],"collection":[{"href":"https:\/\/www.legistdf.gob.ar\/index.php\/wp-json\/wp\/v2\/posts"}],"about":[{"href":"https:\/\/www.legistdf.gob.ar\/index.php\/wp-json\/wp\/v2\/types\/post"}],"author":[{"embeddable":true,"href":"https:\/\/www.legistdf.gob.ar\/index.php\/wp-json\/wp\/v2\/users\/352"}],"replies":[{"embeddable":true,"href":"https:\/\/www.legistdf.gob.ar\/index.php\/wp-json\/wp\/v2\/comments?post=41214"}],"version-history":[{"count":1,"href":"https:\/\/www.legistdf.gob.ar\/index.php\/wp-json\/wp\/v2\/posts\/41214\/revisions"}],"predecessor-version":[{"id":41215,"href":"https:\/\/www.legistdf.gob.ar\/index.php\/wp-json\/wp\/v2\/posts\/41214\/revisions\/41215"}],"wp:featuredmedia":[{"embeddable":true,"href":"https:\/\/www.legistdf.gob.ar\/index.php\/wp-json\/wp\/v2\/media\/41200"}],"wp:attachment":[{"href":"https:\/\/www.legistdf.gob.ar\/index.php\/wp-json\/wp\/v2\/media?parent=41214"}],"wp:term":[{"taxonomy":"category","embeddable":true,"href":"https:\/\/www.legistdf.gob.ar\/index.php\/wp-json\/wp\/v2\/categories?post=41214"},{"taxonomy":"post_tag","embeddable":true,"href":"https:\/\/www.legistdf.gob.ar\/index.php\/wp-json\/wp\/v2\/tags?post=41214"}],"curies":[{"name":"wp","href":"https:\/\/api.w.org\/{rel}","templated":true}]}}