{"id":41445,"date":"2023-12-17T17:35:52","date_gmt":"2023-12-17T20:35:52","guid":{"rendered":"https:\/\/www.legistdf.gob.ar\/?p=41445"},"modified":"2023-12-18T11:08:39","modified_gmt":"2023-12-18T14:08:39","slug":"vuoto-es-una-responsabilidad-ser-la-primera-fuerza-politica-en-la-provincia-senalo","status":"publish","type":"post","link":"https:\/\/www.legistdf.gob.ar\/index.php\/2023\/12\/17\/vuoto-es-una-responsabilidad-ser-la-primera-fuerza-politica-en-la-provincia-senalo\/","title":{"rendered":"VUOTO: \u201cEs una responsabilidad ser la primera fuerza pol\u00edtica en la Provincia\u201d, se\u00f1al\u00f3"},"content":{"rendered":"<p><span style=\"font-family: arial, helvetica, sans-serif;font-size: 14pt\"><a href=\"https:\/\/www.legistdf.gob.ar\/wp-content\/uploads\/2023\/12\/FAH_3568.jpg\"><img loading=\"lazy\" decoding=\"async\" data-attachment-id=\"41446\" data-permalink=\"https:\/\/www.legistdf.gob.ar\/index.php\/2023\/12\/17\/vuoto-es-una-responsabilidad-ser-la-primera-fuerza-politica-en-la-provincia-senalo\/fah_3568\/\" data-orig-file=\"https:\/\/www.legistdf.gob.ar\/wp-content\/uploads\/2023\/12\/FAH_3568.jpg\" data-orig-size=\"1500,1001\" data-comments-opened=\"0\" data-image-meta=\"{&quot;aperture&quot;:&quot;4&quot;,&quot;credit&quot;:&quot;&quot;,&quot;camera&quot;:&quot;NIKON D750&quot;,&quot;caption&quot;:&quot;&quot;,&quot;created_timestamp&quot;:&quot;1702805768&quot;,&quot;copyright&quot;:&quot;&quot;,&quot;focal_length&quot;:&quot;50&quot;,&quot;iso&quot;:&quot;800&quot;,&quot;shutter_speed&quot;:&quot;0.01&quot;,&quot;title&quot;:&quot;&quot;,&quot;orientation&quot;:&quot;0&quot;}\" data-image-title=\"Vuoto\" data-image-description=\"\" data-image-caption=\"\" data-medium-file=\"https:\/\/www.legistdf.gob.ar\/wp-content\/uploads\/2023\/12\/FAH_3568-300x200.jpg\" data-large-file=\"https:\/\/www.legistdf.gob.ar\/wp-content\/uploads\/2023\/12\/FAH_3568-1024x683.jpg\" class=\"alignleft wp-image-41446 size-medium\" src=\"https:\/\/www.legistdf.gob.ar\/wp-content\/uploads\/2023\/12\/FAH_3568-300x200.jpg\" alt=\"\" width=\"300\" height=\"200\" srcset=\"https:\/\/www.legistdf.gob.ar\/wp-content\/uploads\/2023\/12\/FAH_3568-300x200.jpg 300w, https:\/\/www.legistdf.gob.ar\/wp-content\/uploads\/2023\/12\/FAH_3568-768x513.jpg 768w, https:\/\/www.legistdf.gob.ar\/wp-content\/uploads\/2023\/12\/FAH_3568-1024x683.jpg 1024w, https:\/\/www.legistdf.gob.ar\/wp-content\/uploads\/2023\/12\/FAH_3568-160x107.jpg 160w, https:\/\/www.legistdf.gob.ar\/wp-content\/uploads\/2023\/12\/FAH_3568.jpg 1500w\" sizes=\"(max-width: 300px) 100vw, 300px\" \/><\/a><\/span><strong><span style=\"font-family: arial, helvetica, sans-serif;font-size: 14pt\">R\u00edo Grande, domingo 17 de diciembre de 2023.- La legisladora del Partido Justicialista, Mar\u00eda Victoria Vuoto, jur\u00f3 esta ma\u00f1ana como integrante del bloque, hecho que consider\u00f3 un desaf\u00edo. \u201cFuimos la primera fuerza pol\u00edtica, obtuvimos m\u00e1s de 12 mil votos, y para nosotros es un orgullo, pero a su vez lo tomamos con mucha responsabilidad\u201d, asegur\u00f3 la referente parlamentaria.<\/span><\/strong><\/p>\n<p>&nbsp;<\/p>\n<p><span style=\"font-family: arial, helvetica, sans-serif;font-size: 12pt\">Sigui\u00f3 al considerar que la ciudadan\u00eda les otorg\u00f3 la responsabilidad de representar sus intereses y adelant\u00f3 que, entre los tres integrantes del bloque, trabajar\u00e1n en conjunto con el objetivo de hacer realidad todas aquellas propuestas que les hicieron a las y los fueguinos.<\/span><\/p>\n<p>&nbsp;<\/p>\n<p style=\"text-align: left\"><span style=\"font-family: arial, helvetica, sans-serif;font-size: 12pt\"><a href=\"https:\/\/www.legistdf.gob.ar\/wp-content\/uploads\/2023\/12\/FAH_3679.jpg\"><img loading=\"lazy\" decoding=\"async\" data-attachment-id=\"41447\" data-permalink=\"https:\/\/www.legistdf.gob.ar\/index.php\/2023\/12\/17\/vuoto-es-una-responsabilidad-ser-la-primera-fuerza-politica-en-la-provincia-senalo\/fah_3679\/\" data-orig-file=\"https:\/\/www.legistdf.gob.ar\/wp-content\/uploads\/2023\/12\/FAH_3679.jpg\" data-orig-size=\"1500,1001\" data-comments-opened=\"0\" data-image-meta=\"{&quot;aperture&quot;:&quot;4&quot;,&quot;credit&quot;:&quot;&quot;,&quot;camera&quot;:&quot;NIKON D750&quot;,&quot;caption&quot;:&quot;&quot;,&quot;created_timestamp&quot;:&quot;1702809065&quot;,&quot;copyright&quot;:&quot;&quot;,&quot;focal_length&quot;:&quot;24&quot;,&quot;iso&quot;:&quot;800&quot;,&quot;shutter_speed&quot;:&quot;0.008&quot;,&quot;title&quot;:&quot;&quot;,&quot;orientation&quot;:&quot;0&quot;}\" data-image-title=\"Vuoto\" data-image-description=\"\" data-image-caption=\"\" data-medium-file=\"https:\/\/www.legistdf.gob.ar\/wp-content\/uploads\/2023\/12\/FAH_3679-300x200.jpg\" data-large-file=\"https:\/\/www.legistdf.gob.ar\/wp-content\/uploads\/2023\/12\/FAH_3679-1024x683.jpg\" class=\"alignright wp-image-41447 size-medium\" src=\"https:\/\/www.legistdf.gob.ar\/wp-content\/uploads\/2023\/12\/FAH_3679-300x200.jpg\" alt=\"\" width=\"300\" height=\"200\" srcset=\"https:\/\/www.legistdf.gob.ar\/wp-content\/uploads\/2023\/12\/FAH_3679-300x200.jpg 300w, https:\/\/www.legistdf.gob.ar\/wp-content\/uploads\/2023\/12\/FAH_3679-768x513.jpg 768w, https:\/\/www.legistdf.gob.ar\/wp-content\/uploads\/2023\/12\/FAH_3679-1024x683.jpg 1024w, https:\/\/www.legistdf.gob.ar\/wp-content\/uploads\/2023\/12\/FAH_3679-160x107.jpg 160w, https:\/\/www.legistdf.gob.ar\/wp-content\/uploads\/2023\/12\/FAH_3679.jpg 1500w\" sizes=\"(max-width: 300px) 100vw, 300px\" \/><\/a>Acerca de la coyuntura nacional, Vuoto avizor\u00f3 tiempos \u201cmuy complejos para todo el pa\u00eds. Ya muchas fueguinos y fueguinos est\u00e1n viviendo una situaci\u00f3n muy angustiante, sumado al \u00edndice de inflaci\u00f3n que amenaza a trepar al cincuenta por ciento y eso ser\u00eda una hiperinflaci\u00f3n en nuestro pa\u00eds\u201d, opin\u00f3.<\/span><\/p>\n<p>&nbsp;<\/p>\n<p><span style=\"font-family: arial, helvetica, sans-serif;font-size: 12pt\">En tanto, se\u00f1al\u00f3 que, tras los anuncios presidenciales, muchos trabajadores de medios de comunicaci\u00f3n p\u00fablicos transitan momentos de zozobra porque no saben si conservar\u00e1n sus puestos laborales. \u201cEl gobierno anunci\u00f3 el recorte de las pautas oficiales y ello implica un recorte tambi\u00e9n en los medios de comunicaci\u00f3n\u201d, alert\u00f3.<\/span><\/p>\n<p>&nbsp;<\/p>\n<p><span style=\"font-family: arial, helvetica, sans-serif;font-size: 12pt\">Para finalizar, no quiso dejar de lado la situaci\u00f3n que viven los trabajadores fabriles, quienes vieron interrumpidos sus contratos y no saben si en marzo volver\u00e1n a contar con su espacio laboral.<\/span><\/p>\n<p>&nbsp;<\/p>\n\n\t\t<style type=\"text\/css\">\n\t\t\t#gallery-1 {\n\t\t\t\tmargin: auto;\n\t\t\t}\n\t\t\t#gallery-1 .gallery-item {\n\t\t\t\tfloat: left;\n\t\t\t\tmargin-top: 10px;\n\t\t\t\ttext-align: center;\n\t\t\t\twidth: 50%;\n\t\t\t}\n\t\t\t#gallery-1 img {\n\t\t\t\tborder: 2px solid #cfcfcf;\n\t\t\t}\n\t\t\t#gallery-1 .gallery-caption {\n\t\t\t\tmargin-left: 0;\n\t\t\t}\n\t\t\t\/* see gallery_shortcode() in wp-includes\/media.php *\/\n\t\t<\/style>\n\t\t<div data-carousel-extra='{\"blog_id\":1,\"permalink\":\"https:\\\/\\\/www.legistdf.gob.ar\\\/index.php\\\/2023\\\/12\\\/17\\\/vuoto-es-una-responsabilidad-ser-la-primera-fuerza-politica-en-la-provincia-senalo\\\/\"}' id='gallery-1' class='gallery galleryid-41445 gallery-columns-2 gallery-size-thumbnail'><dl class='gallery-item'>\n\t\t\t<dt class='gallery-icon landscape'>\n\t\t\t\t<a href='https:\/\/www.legistdf.gob.ar\/index.php\/2023\/12\/17\/vuoto-es-una-responsabilidad-ser-la-primera-fuerza-politica-en-la-provincia-senalo\/fah_3568\/'><img loading=\"lazy\" decoding=\"async\" width=\"150\" height=\"150\" src=\"https:\/\/www.legistdf.gob.ar\/wp-content\/uploads\/2023\/12\/FAH_3568-150x150.jpg\" class=\"attachment-thumbnail size-thumbnail\" alt=\"\" srcset=\"https:\/\/www.legistdf.gob.ar\/wp-content\/uploads\/2023\/12\/FAH_3568-150x150.jpg 150w, https:\/\/www.legistdf.gob.ar\/wp-content\/uploads\/2023\/12\/FAH_3568-64x64.jpg 64w\" sizes=\"(max-width: 150px) 100vw, 150px\" data-attachment-id=\"41446\" data-permalink=\"https:\/\/www.legistdf.gob.ar\/index.php\/2023\/12\/17\/vuoto-es-una-responsabilidad-ser-la-primera-fuerza-politica-en-la-provincia-senalo\/fah_3568\/\" data-orig-file=\"https:\/\/www.legistdf.gob.ar\/wp-content\/uploads\/2023\/12\/FAH_3568.jpg\" data-orig-size=\"1500,1001\" data-comments-opened=\"0\" data-image-meta=\"{&quot;aperture&quot;:&quot;4&quot;,&quot;credit&quot;:&quot;&quot;,&quot;camera&quot;:&quot;NIKON D750&quot;,&quot;caption&quot;:&quot;&quot;,&quot;created_timestamp&quot;:&quot;1702805768&quot;,&quot;copyright&quot;:&quot;&quot;,&quot;focal_length&quot;:&quot;50&quot;,&quot;iso&quot;:&quot;800&quot;,&quot;shutter_speed&quot;:&quot;0.01&quot;,&quot;title&quot;:&quot;&quot;,&quot;orientation&quot;:&quot;0&quot;}\" data-image-title=\"Vuoto\" data-image-description=\"\" data-image-caption=\"\" data-medium-file=\"https:\/\/www.legistdf.gob.ar\/wp-content\/uploads\/2023\/12\/FAH_3568-300x200.jpg\" data-large-file=\"https:\/\/www.legistdf.gob.ar\/wp-content\/uploads\/2023\/12\/FAH_3568-1024x683.jpg\" \/><\/a>\n\t\t\t<\/dt><\/dl><dl class='gallery-item'>\n\t\t\t<dt class='gallery-icon landscape'>\n\t\t\t\t<a href='https:\/\/www.legistdf.gob.ar\/index.php\/2023\/12\/17\/vuoto-es-una-responsabilidad-ser-la-primera-fuerza-politica-en-la-provincia-senalo\/fah_3679\/'><img loading=\"lazy\" decoding=\"async\" width=\"150\" height=\"150\" src=\"https:\/\/www.legistdf.gob.ar\/wp-content\/uploads\/2023\/12\/FAH_3679-150x150.jpg\" class=\"attachment-thumbnail size-thumbnail\" alt=\"\" srcset=\"https:\/\/www.legistdf.gob.ar\/wp-content\/uploads\/2023\/12\/FAH_3679-150x150.jpg 150w, https:\/\/www.legistdf.gob.ar\/wp-content\/uploads\/2023\/12\/FAH_3679-64x64.jpg 64w\" sizes=\"(max-width: 150px) 100vw, 150px\" data-attachment-id=\"41447\" data-permalink=\"https:\/\/www.legistdf.gob.ar\/index.php\/2023\/12\/17\/vuoto-es-una-responsabilidad-ser-la-primera-fuerza-politica-en-la-provincia-senalo\/fah_3679\/\" data-orig-file=\"https:\/\/www.legistdf.gob.ar\/wp-content\/uploads\/2023\/12\/FAH_3679.jpg\" data-orig-size=\"1500,1001\" data-comments-opened=\"0\" data-image-meta=\"{&quot;aperture&quot;:&quot;4&quot;,&quot;credit&quot;:&quot;&quot;,&quot;camera&quot;:&quot;NIKON D750&quot;,&quot;caption&quot;:&quot;&quot;,&quot;created_timestamp&quot;:&quot;1702809065&quot;,&quot;copyright&quot;:&quot;&quot;,&quot;focal_length&quot;:&quot;24&quot;,&quot;iso&quot;:&quot;800&quot;,&quot;shutter_speed&quot;:&quot;0.008&quot;,&quot;title&quot;:&quot;&quot;,&quot;orientation&quot;:&quot;0&quot;}\" data-image-title=\"Vuoto\" data-image-description=\"\" data-image-caption=\"\" data-medium-file=\"https:\/\/www.legistdf.gob.ar\/wp-content\/uploads\/2023\/12\/FAH_3679-300x200.jpg\" data-large-file=\"https:\/\/www.legistdf.gob.ar\/wp-content\/uploads\/2023\/12\/FAH_3679-1024x683.jpg\" \/><\/a>\n\t\t\t<\/dt><\/dl><br style=\"clear: both\" \/>\n\t\t<\/div>\n\n<p style=\"text-align: right\"><em>ZV-NEGM-AH<\/em><\/p>\n","protected":false},"excerpt":{"rendered":"<p>R\u00edo Grande, domingo 17 de diciembre de 2023.- La legisladora del Partido Justicialista, Mar\u00eda Victoria Vuoto, jur\u00f3 esta ma\u00f1ana como integrante del bloque, hecho que consider\u00f3 un desaf\u00edo. \u201cFuimos la primera fuerza pol\u00edtica, obtuvimos m\u00e1s de 12 mil votos, y para nosotros es un orgullo, pero a su vez lo tomamos con mucha responsabilidad\u201d, asegur\u00f3 [&hellip;]<\/p>\n","protected":false},"author":352,"featured_media":41446,"comment_status":"closed","ping_status":"closed","sticky":false,"template":"","format":"standard","meta":{"jetpack_post_was_ever_published":false,"_jetpack_newsletter_access":"","_jetpack_dont_email_post_to_subs":false,"_jetpack_newsletter_tier_id":0,"footnotes":"","jetpack_publicize_message":"","jetpack_publicize_feature_enabled":true,"jetpack_social_post_already_shared":true,"jetpack_social_options":{"image_generator_settings":{"template":"highway","enabled":false}}},"categories":[1],"tags":[78,2168,3213,96,117,79],"jetpack_publicize_connections":[],"jetpack_sharing_enabled":true,"jetpack_featured_media_url":"https:\/\/www.legistdf.gob.ar\/wp-content\/uploads\/2023\/12\/FAH_3568.jpg","jetpack-related-posts":[],"_links":{"self":[{"href":"https:\/\/www.legistdf.gob.ar\/index.php\/wp-json\/wp\/v2\/posts\/41445"}],"collection":[{"href":"https:\/\/www.legistdf.gob.ar\/index.php\/wp-json\/wp\/v2\/posts"}],"about":[{"href":"https:\/\/www.legistdf.gob.ar\/index.php\/wp-json\/wp\/v2\/types\/post"}],"author":[{"embeddable":true,"href":"https:\/\/www.legistdf.gob.ar\/index.php\/wp-json\/wp\/v2\/users\/352"}],"replies":[{"embeddable":true,"href":"https:\/\/www.legistdf.gob.ar\/index.php\/wp-json\/wp\/v2\/comments?post=41445"}],"version-history":[{"count":3,"href":"https:\/\/www.legistdf.gob.ar\/index.php\/wp-json\/wp\/v2\/posts\/41445\/revisions"}],"predecessor-version":[{"id":41483,"href":"https:\/\/www.legistdf.gob.ar\/index.php\/wp-json\/wp\/v2\/posts\/41445\/revisions\/41483"}],"wp:featuredmedia":[{"embeddable":true,"href":"https:\/\/www.legistdf.gob.ar\/index.php\/wp-json\/wp\/v2\/media\/41446"}],"wp:attachment":[{"href":"https:\/\/www.legistdf.gob.ar\/index.php\/wp-json\/wp\/v2\/media?parent=41445"}],"wp:term":[{"taxonomy":"category","embeddable":true,"href":"https:\/\/www.legistdf.gob.ar\/index.php\/wp-json\/wp\/v2\/categories?post=41445"},{"taxonomy":"post_tag","embeddable":true,"href":"https:\/\/www.legistdf.gob.ar\/index.php\/wp-json\/wp\/v2\/tags?post=41445"}],"curies":[{"name":"wp","href":"https:\/\/api.w.org\/{rel}","templated":true}]}}