{"id":41539,"date":"2023-12-19T13:44:24","date_gmt":"2023-12-19T16:44:24","guid":{"rendered":"https:\/\/www.legistdf.gob.ar\/?p=41539"},"modified":"2023-12-19T14:46:41","modified_gmt":"2023-12-19T17:46:41","slug":"garcia-representare-a-los-trabajadores-hoteleros-y-gastronomicos-lo-mejor-posible","status":"publish","type":"post","link":"https:\/\/www.legistdf.gob.ar\/index.php\/2023\/12\/19\/garcia-representare-a-los-trabajadores-hoteleros-y-gastronomicos-lo-mejor-posible\/","title":{"rendered":"GARC\u00cdA: \u201cRepresentar\u00e9 a los trabajadores hoteleros y gastron\u00f3micos lo mejor posible\u201d"},"content":{"rendered":"<p><strong><span style=\"font-family: arial, helvetica, sans-serif;font-size: 14pt\"><a href=\"https:\/\/www.legistdf.gob.ar\/wp-content\/uploads\/2023\/12\/FAH_3557.jpg\"><img loading=\"lazy\" decoding=\"async\" data-attachment-id=\"41540\" data-permalink=\"https:\/\/www.legistdf.gob.ar\/index.php\/2023\/12\/19\/garcia-representare-a-los-trabajadores-hoteleros-y-gastronomicos-lo-mejor-posible\/fah_3557\/\" data-orig-file=\"https:\/\/www.legistdf.gob.ar\/wp-content\/uploads\/2023\/12\/FAH_3557.jpg\" data-orig-size=\"1500,1001\" data-comments-opened=\"0\" data-image-meta=\"{&quot;aperture&quot;:&quot;4&quot;,&quot;credit&quot;:&quot;&quot;,&quot;camera&quot;:&quot;NIKON D750&quot;,&quot;caption&quot;:&quot;&quot;,&quot;created_timestamp&quot;:&quot;1702805635&quot;,&quot;copyright&quot;:&quot;&quot;,&quot;focal_length&quot;:&quot;58&quot;,&quot;iso&quot;:&quot;800&quot;,&quot;shutter_speed&quot;:&quot;0.01&quot;,&quot;title&quot;:&quot;&quot;,&quot;orientation&quot;:&quot;0&quot;}\" data-image-title=\"FAH_3557\" data-image-description=\"\" data-image-caption=\"\" data-medium-file=\"https:\/\/www.legistdf.gob.ar\/wp-content\/uploads\/2023\/12\/FAH_3557-300x200.jpg\" data-large-file=\"https:\/\/www.legistdf.gob.ar\/wp-content\/uploads\/2023\/12\/FAH_3557-1024x683.jpg\" class=\"alignleft wp-image-41540 size-medium\" src=\"https:\/\/www.legistdf.gob.ar\/wp-content\/uploads\/2023\/12\/FAH_3557-300x200.jpg\" alt=\"\" width=\"300\" height=\"200\" srcset=\"https:\/\/www.legistdf.gob.ar\/wp-content\/uploads\/2023\/12\/FAH_3557-300x200.jpg 300w, https:\/\/www.legistdf.gob.ar\/wp-content\/uploads\/2023\/12\/FAH_3557-768x513.jpg 768w, https:\/\/www.legistdf.gob.ar\/wp-content\/uploads\/2023\/12\/FAH_3557-1024x683.jpg 1024w, https:\/\/www.legistdf.gob.ar\/wp-content\/uploads\/2023\/12\/FAH_3557-160x107.jpg 160w, https:\/\/www.legistdf.gob.ar\/wp-content\/uploads\/2023\/12\/FAH_3557.jpg 1500w\" sizes=\"(max-width: 300px) 100vw, 300px\" \/><\/a> Ushuaia, martes 19 de diciembre de 2023.- \u00a0Otro de los Legisladores que jur\u00f3 el domingo en R\u00edo Grande, fue el referente gastron\u00f3mico de R\u00edo Grande, Tom\u00e1s Garc\u00eda quien conforma junto a Mar\u00eda Victoria Vuoto y Juan Carlos Pino el bloque del Partido Justicialista.<\/span><\/strong><\/p>\n<p>&nbsp;<\/p>\n<p>&nbsp;<\/p>\n<p><span style=\"font-family: arial, helvetica, sans-serif;font-size: 12pt\"><a href=\"https:\/\/www.legistdf.gob.ar\/wp-content\/uploads\/2023\/12\/FAH_3681.jpg\"><img loading=\"lazy\" decoding=\"async\" data-attachment-id=\"41541\" data-permalink=\"https:\/\/www.legistdf.gob.ar\/index.php\/2023\/12\/19\/garcia-representare-a-los-trabajadores-hoteleros-y-gastronomicos-lo-mejor-posible\/fah_3681\/\" data-orig-file=\"https:\/\/www.legistdf.gob.ar\/wp-content\/uploads\/2023\/12\/FAH_3681.jpg\" data-orig-size=\"1500,1001\" data-comments-opened=\"0\" data-image-meta=\"{&quot;aperture&quot;:&quot;4&quot;,&quot;credit&quot;:&quot;&quot;,&quot;camera&quot;:&quot;NIKON D750&quot;,&quot;caption&quot;:&quot;&quot;,&quot;created_timestamp&quot;:&quot;1702809078&quot;,&quot;copyright&quot;:&quot;&quot;,&quot;focal_length&quot;:&quot;34&quot;,&quot;iso&quot;:&quot;800&quot;,&quot;shutter_speed&quot;:&quot;0.008&quot;,&quot;title&quot;:&quot;&quot;,&quot;orientation&quot;:&quot;0&quot;}\" data-image-title=\"Garc\u00eda\" data-image-description=\"\" data-image-caption=\"\" data-medium-file=\"https:\/\/www.legistdf.gob.ar\/wp-content\/uploads\/2023\/12\/FAH_3681-300x200.jpg\" data-large-file=\"https:\/\/www.legistdf.gob.ar\/wp-content\/uploads\/2023\/12\/FAH_3681-1024x683.jpg\" class=\"alignright wp-image-41541 size-medium\" src=\"https:\/\/www.legistdf.gob.ar\/wp-content\/uploads\/2023\/12\/FAH_3681-300x200.jpg\" alt=\"\" width=\"300\" height=\"200\" srcset=\"https:\/\/www.legistdf.gob.ar\/wp-content\/uploads\/2023\/12\/FAH_3681-300x200.jpg 300w, https:\/\/www.legistdf.gob.ar\/wp-content\/uploads\/2023\/12\/FAH_3681-768x513.jpg 768w, https:\/\/www.legistdf.gob.ar\/wp-content\/uploads\/2023\/12\/FAH_3681-1024x683.jpg 1024w, https:\/\/www.legistdf.gob.ar\/wp-content\/uploads\/2023\/12\/FAH_3681-160x107.jpg 160w, https:\/\/www.legistdf.gob.ar\/wp-content\/uploads\/2023\/12\/FAH_3681.jpg 1500w\" sizes=\"(max-width: 300px) 100vw, 300px\" \/><\/a>El integrante del PJ reconoci\u00f3 ante Prensa Legislativa que ser\u00e1 un desaf\u00edo su nueva labor en el Parlamento dado que proviene del sector gremial. \u201cEstoy agradecido de lo que estoy viviendo, espero poder estar a la altura y representar bien a los compa\u00f1eros hoteleros gastron\u00f3micos, que es el espacio de donde provengo\u201d, cont\u00f3.<\/span><\/p>\n<p>&nbsp;<\/p>\n<p><span style=\"font-family: arial, helvetica, sans-serif;font-size: 12pt\"><a href=\"https:\/\/www.legistdf.gob.ar\/wp-content\/uploads\/2023\/12\/FAH_3805.jpg\"><img loading=\"lazy\" decoding=\"async\" data-attachment-id=\"41542\" data-permalink=\"https:\/\/www.legistdf.gob.ar\/index.php\/2023\/12\/19\/garcia-representare-a-los-trabajadores-hoteleros-y-gastronomicos-lo-mejor-posible\/fah_3805\/\" data-orig-file=\"https:\/\/www.legistdf.gob.ar\/wp-content\/uploads\/2023\/12\/FAH_3805.jpg\" data-orig-size=\"1500,1001\" data-comments-opened=\"0\" data-image-meta=\"{&quot;aperture&quot;:&quot;4&quot;,&quot;credit&quot;:&quot;&quot;,&quot;camera&quot;:&quot;NIKON D750&quot;,&quot;caption&quot;:&quot;&quot;,&quot;created_timestamp&quot;:&quot;1702810407&quot;,&quot;copyright&quot;:&quot;&quot;,&quot;focal_length&quot;:&quot;105&quot;,&quot;iso&quot;:&quot;800&quot;,&quot;shutter_speed&quot;:&quot;0.008&quot;,&quot;title&quot;:&quot;&quot;,&quot;orientation&quot;:&quot;0&quot;}\" data-image-title=\"FAH_3805\" data-image-description=\"\" data-image-caption=\"\" data-medium-file=\"https:\/\/www.legistdf.gob.ar\/wp-content\/uploads\/2023\/12\/FAH_3805-300x200.jpg\" data-large-file=\"https:\/\/www.legistdf.gob.ar\/wp-content\/uploads\/2023\/12\/FAH_3805-1024x683.jpg\" class=\"alignleft wp-image-41542 size-medium\" src=\"https:\/\/www.legistdf.gob.ar\/wp-content\/uploads\/2023\/12\/FAH_3805-300x200.jpg\" alt=\"\" width=\"300\" height=\"200\" srcset=\"https:\/\/www.legistdf.gob.ar\/wp-content\/uploads\/2023\/12\/FAH_3805-300x200.jpg 300w, https:\/\/www.legistdf.gob.ar\/wp-content\/uploads\/2023\/12\/FAH_3805-768x513.jpg 768w, https:\/\/www.legistdf.gob.ar\/wp-content\/uploads\/2023\/12\/FAH_3805-1024x683.jpg 1024w, https:\/\/www.legistdf.gob.ar\/wp-content\/uploads\/2023\/12\/FAH_3805-160x107.jpg 160w, https:\/\/www.legistdf.gob.ar\/wp-content\/uploads\/2023\/12\/FAH_3805.jpg 1500w\" sizes=\"(max-width: 300px) 100vw, 300px\" \/><\/a>Cabe destacar que, por la tarde, luego de la jura de los quince legisladores, la f\u00f3rmula gubernamental integrada por el profesor Gustavo Melella y M\u00f3nica Urquiza, asumi\u00f3 su segundo mandato frente al pueblo de la Provincia. En un hecho in\u00e9dito, R\u00edo Grande fue el epicentro donde las autoridades provinciales iniciaron la gesti\u00f3n 2023 \u2013 2027.<\/span><\/p>\n<p>&nbsp;<\/p>\n<p>&nbsp;<\/p>\n<p>&nbsp;<\/p>\n<p style=\"text-align: right\"><span style=\"font-family: arial, helvetica, sans-serif;font-size: 12pt\"><em>ZV-AT-AH-NEGM<\/em><\/span><\/p>\n<p style=\"text-align: right\"><span style=\"font-family: arial, helvetica, sans-serif;font-size: 12pt\"><em><a href=\"https:\/\/drive.google.com\/drive\/folders\/1D5nJzwjyUiH92b5PzvOOuYMGNtYsweKy?usp=sharing\" target=\"_blank\" rel=\"noopener noreferrer\">Galer\u00eda de im\u00e1genes\u00a0<\/a><\/em><\/span><\/p>\n","protected":false},"excerpt":{"rendered":"<p>Ushuaia, martes 19 de diciembre de 2023.- \u00a0Otro de los Legisladores que jur\u00f3 el domingo en R\u00edo Grande, fue el referente gastron\u00f3mico de R\u00edo Grande, Tom\u00e1s Garc\u00eda quien conforma junto a Mar\u00eda Victoria Vuoto y Juan Carlos Pino el bloque del Partido Justicialista. &nbsp; &nbsp; El integrante del PJ reconoci\u00f3 ante Prensa Legislativa que ser\u00e1 [&hellip;]<\/p>\n","protected":false},"author":352,"featured_media":41542,"comment_status":"closed","ping_status":"closed","sticky":false,"template":"","format":"standard","meta":{"jetpack_post_was_ever_published":false,"_jetpack_newsletter_access":"","_jetpack_dont_email_post_to_subs":false,"_jetpack_newsletter_tier_id":0,"footnotes":"","jetpack_publicize_message":"","jetpack_publicize_feature_enabled":true,"jetpack_social_post_already_shared":true,"jetpack_social_options":{"image_generator_settings":{"template":"highway","enabled":false}}},"categories":[1],"tags":[78,3213,3217,96,117,79,3218],"jetpack_publicize_connections":[],"jetpack_sharing_enabled":true,"jetpack_featured_media_url":"https:\/\/www.legistdf.gob.ar\/wp-content\/uploads\/2023\/12\/FAH_3805.jpg","jetpack-related-posts":[],"_links":{"self":[{"href":"https:\/\/www.legistdf.gob.ar\/index.php\/wp-json\/wp\/v2\/posts\/41539"}],"collection":[{"href":"https:\/\/www.legistdf.gob.ar\/index.php\/wp-json\/wp\/v2\/posts"}],"about":[{"href":"https:\/\/www.legistdf.gob.ar\/index.php\/wp-json\/wp\/v2\/types\/post"}],"author":[{"embeddable":true,"href":"https:\/\/www.legistdf.gob.ar\/index.php\/wp-json\/wp\/v2\/users\/352"}],"replies":[{"embeddable":true,"href":"https:\/\/www.legistdf.gob.ar\/index.php\/wp-json\/wp\/v2\/comments?post=41539"}],"version-history":[{"count":4,"href":"https:\/\/www.legistdf.gob.ar\/index.php\/wp-json\/wp\/v2\/posts\/41539\/revisions"}],"predecessor-version":[{"id":41546,"href":"https:\/\/www.legistdf.gob.ar\/index.php\/wp-json\/wp\/v2\/posts\/41539\/revisions\/41546"}],"wp:featuredmedia":[{"embeddable":true,"href":"https:\/\/www.legistdf.gob.ar\/index.php\/wp-json\/wp\/v2\/media\/41542"}],"wp:attachment":[{"href":"https:\/\/www.legistdf.gob.ar\/index.php\/wp-json\/wp\/v2\/media?parent=41539"}],"wp:term":[{"taxonomy":"category","embeddable":true,"href":"https:\/\/www.legistdf.gob.ar\/index.php\/wp-json\/wp\/v2\/categories?post=41539"},{"taxonomy":"post_tag","embeddable":true,"href":"https:\/\/www.legistdf.gob.ar\/index.php\/wp-json\/wp\/v2\/tags?post=41539"}],"curies":[{"name":"wp","href":"https:\/\/api.w.org\/{rel}","templated":true}]}}