{"id":42300,"date":"2024-03-25T19:57:07","date_gmt":"2024-03-25T22:57:07","guid":{"rendered":"https:\/\/www.legistdf.gob.ar\/?p=42300"},"modified":"2024-03-25T20:11:13","modified_gmt":"2024-03-25T23:11:13","slug":"legislatura-se-realizo-la-segunda-sesion-ordinaria-del-parlamento-fueguino","status":"publish","type":"post","link":"https:\/\/www.legistdf.gob.ar\/index.php\/2024\/03\/25\/legislatura-se-realizo-la-segunda-sesion-ordinaria-del-parlamento-fueguino\/","title":{"rendered":"LEGISLATURA: Se realiz\u00f3 la segunda sesi\u00f3n ordinaria del Parlamento fueguino"},"content":{"rendered":"<p><span style=\"font-family: arial, helvetica, sans-serif;font-size: 12pt\"><strong><a href=\"https:\/\/www.legistdf.gob.ar\/wp-content\/uploads\/2024\/03\/IMG_3079.jpg\"><img loading=\"lazy\" decoding=\"async\" data-attachment-id=\"42237\" data-permalink=\"https:\/\/www.legistdf.gob.ar\/index.php\/2024\/03\/25\/galeria-imagenes-2a-sesion-ordinaria\/img_3079\/\" data-orig-file=\"https:\/\/www.legistdf.gob.ar\/wp-content\/uploads\/2024\/03\/IMG_3079.jpg\" data-orig-size=\"1500,1000\" data-comments-opened=\"0\" data-image-meta=\"{&quot;aperture&quot;:&quot;3.5&quot;,&quot;credit&quot;:&quot;&quot;,&quot;camera&quot;:&quot;Canon EOS 6D&quot;,&quot;caption&quot;:&quot;&quot;,&quot;created_timestamp&quot;:&quot;1711364391&quot;,&quot;copyright&quot;:&quot;&quot;,&quot;focal_length&quot;:&quot;24&quot;,&quot;iso&quot;:&quot;640&quot;,&quot;shutter_speed&quot;:&quot;0.02&quot;,&quot;title&quot;:&quot;&quot;,&quot;orientation&quot;:&quot;0&quot;}\" data-image-title=\"IMG_3079\" data-image-description=\"\" data-image-caption=\"\" data-medium-file=\"https:\/\/www.legistdf.gob.ar\/wp-content\/uploads\/2024\/03\/IMG_3079-300x200.jpg\" data-large-file=\"https:\/\/www.legistdf.gob.ar\/wp-content\/uploads\/2024\/03\/IMG_3079-1024x683.jpg\" class=\"alignleft wp-image-42237 size-medium\" src=\"https:\/\/www.legistdf.gob.ar\/wp-content\/uploads\/2024\/03\/IMG_3079-300x200.jpg\" alt=\"\" width=\"300\" height=\"200\" srcset=\"https:\/\/www.legistdf.gob.ar\/wp-content\/uploads\/2024\/03\/IMG_3079-300x200.jpg 300w, https:\/\/www.legistdf.gob.ar\/wp-content\/uploads\/2024\/03\/IMG_3079-1024x683.jpg 1024w, https:\/\/www.legistdf.gob.ar\/wp-content\/uploads\/2024\/03\/IMG_3079-768x512.jpg 768w, https:\/\/www.legistdf.gob.ar\/wp-content\/uploads\/2024\/03\/IMG_3079-160x107.jpg 160w, https:\/\/www.legistdf.gob.ar\/wp-content\/uploads\/2024\/03\/IMG_3079.jpg 1500w\" sizes=\"(max-width: 300px) 100vw, 300px\" \/><\/a><span style=\"font-size: 14pt\">Ushuaia, lunes 25 de marzo de 2024.- La Legislatura de Tierra del Fuego celebr\u00f3 su segunda sesi\u00f3n ordinaria. Presidi\u00f3 la titular de la C\u00e1mara, vicegobernadora M\u00f3nica Urquiza. Sancionaron la iniciativa impulsada por el Ejecutivo, que busca dar respuesta a la actual situaci\u00f3n que atraviesa la Obra Social del Estado Fueguino (OSEF). La pr\u00f3xima sesi\u00f3n ordinaria ser\u00e1 el 24 de abril. <\/span><\/strong><\/span><\/p>\n<p>&nbsp;<\/p>\n<p><span style=\"font-family: arial, helvetica, sans-serif;font-size: 12pt\">La composici\u00f3n legislativa dio tratamiento al Bolet\u00edn de Asuntos Entrados (BAE), donde definieron una serie de propuestas que fueron giradas a las Comisiones de Asesoramiento permanente y que tendr\u00e1n su tratamiento oportunamente. Asimismo el Orden del D\u00eda (OD) fue abordado por las y los Legisladores, donde incorporaron asuntos para su tratamiento sobre tablas, en el particular sobre la coyuntura en torno a la OSEF.<\/span><\/p>\n<p>&nbsp;<\/p>\n<p><span style=\"font-family: arial, helvetica, sans-serif;font-size: 12pt\">En el tiempo de homenajes, el legislador Pablo Villegas solicit\u00f3 un minuto de silencio en homenaje a las v\u00edctimas de la represi\u00f3n del Estado, a 48 a\u00f1os del golpe c\u00edvico militar. En tanto, la legisladora Natalia Gracian\u00eda (RU) record\u00f3 que el 25 de marzo se recuerda el <a href=\"http:\/\/200.41.191.125:134\/index.php\/1716-poder-ejecutivo-provincial-instituyese-en-el-ambito-provincial-el-dia-de-los-derechos-del-nino-por-nacer-el-25-de-marzo-de-cada-ano\" target=\"_blank\" rel=\"noopener\">D\u00eda Provincial del Ni\u00f1o por nacer<\/a> y sent\u00f3 la postura respecto de iniciativas en torno a la interrupci\u00f3n voluntaria del embarazo.<a href=\"https:\/\/www.legistdf.gob.ar\/wp-content\/uploads\/2024\/03\/IMG_3067.jpg\"><img loading=\"lazy\" decoding=\"async\" data-attachment-id=\"42232\" data-permalink=\"https:\/\/www.legistdf.gob.ar\/index.php\/2024\/03\/25\/galeria-imagenes-2a-sesion-ordinaria\/img_3067-4\/\" data-orig-file=\"https:\/\/www.legistdf.gob.ar\/wp-content\/uploads\/2024\/03\/IMG_3067.jpg\" data-orig-size=\"1500,1000\" data-comments-opened=\"0\" data-image-meta=\"{&quot;aperture&quot;:&quot;3.5&quot;,&quot;credit&quot;:&quot;&quot;,&quot;camera&quot;:&quot;Canon EOS 6D&quot;,&quot;caption&quot;:&quot;&quot;,&quot;created_timestamp&quot;:&quot;1711361964&quot;,&quot;copyright&quot;:&quot;&quot;,&quot;focal_length&quot;:&quot;24&quot;,&quot;iso&quot;:&quot;640&quot;,&quot;shutter_speed&quot;:&quot;0.01&quot;,&quot;title&quot;:&quot;&quot;,&quot;orientation&quot;:&quot;0&quot;}\" data-image-title=\"IMG_3067\" data-image-description=\"\" data-image-caption=\"\" data-medium-file=\"https:\/\/www.legistdf.gob.ar\/wp-content\/uploads\/2024\/03\/IMG_3067-300x200.jpg\" data-large-file=\"https:\/\/www.legistdf.gob.ar\/wp-content\/uploads\/2024\/03\/IMG_3067-1024x683.jpg\" class=\"alignright wp-image-42232 size-medium\" src=\"https:\/\/www.legistdf.gob.ar\/wp-content\/uploads\/2024\/03\/IMG_3067-300x200.jpg\" alt=\"\" width=\"300\" height=\"200\" srcset=\"https:\/\/www.legistdf.gob.ar\/wp-content\/uploads\/2024\/03\/IMG_3067-300x200.jpg 300w, https:\/\/www.legistdf.gob.ar\/wp-content\/uploads\/2024\/03\/IMG_3067-1024x683.jpg 1024w, https:\/\/www.legistdf.gob.ar\/wp-content\/uploads\/2024\/03\/IMG_3067-768x512.jpg 768w, https:\/\/www.legistdf.gob.ar\/wp-content\/uploads\/2024\/03\/IMG_3067-160x107.jpg 160w, https:\/\/www.legistdf.gob.ar\/wp-content\/uploads\/2024\/03\/IMG_3067.jpg 1500w\" sizes=\"(max-width: 300px) 100vw, 300px\" \/><\/a><\/span><\/p>\n<p>&nbsp;<\/p>\n<p><span style=\"font-family: arial, helvetica, sans-serif;font-size: 12pt\">En otro orden, tambi\u00e9n la legisladora Mar\u00eda Victoria Vuoto (PJ) coincidi\u00f3 con la expresi\u00f3n del legislador Villegas y record\u00f3 sendas cifras que recrearon los resultados \u201cpenosos\u201d que arroj\u00f3 el conocido proceso de reorganizaci\u00f3n nacional y cit\u00f3 guarismos sobre la actividad econ\u00f3mica, el nivel de empleo, inflaci\u00f3n y n\u00famero de empresas que cerraron, entonces.<\/span><\/p>\n<p>&nbsp;<\/p>\n<p><span style=\"font-family: arial, helvetica, sans-serif;font-size: 12pt\"><a href=\"https:\/\/www.legistdf.gob.ar\/wp-content\/uploads\/2024\/03\/IMG_3082.jpg\"><img loading=\"lazy\" decoding=\"async\" data-attachment-id=\"42239\" data-permalink=\"https:\/\/www.legistdf.gob.ar\/index.php\/2024\/03\/25\/galeria-imagenes-2a-sesion-ordinaria\/img_3082-2\/\" data-orig-file=\"https:\/\/www.legistdf.gob.ar\/wp-content\/uploads\/2024\/03\/IMG_3082.jpg\" data-orig-size=\"1500,1000\" data-comments-opened=\"0\" data-image-meta=\"{&quot;aperture&quot;:&quot;3.5&quot;,&quot;credit&quot;:&quot;&quot;,&quot;camera&quot;:&quot;Canon EOS 6D&quot;,&quot;caption&quot;:&quot;&quot;,&quot;created_timestamp&quot;:&quot;1711364439&quot;,&quot;copyright&quot;:&quot;&quot;,&quot;focal_length&quot;:&quot;70&quot;,&quot;iso&quot;:&quot;640&quot;,&quot;shutter_speed&quot;:&quot;0.0125&quot;,&quot;title&quot;:&quot;&quot;,&quot;orientation&quot;:&quot;0&quot;}\" data-image-title=\"IMG_3082\" data-image-description=\"\" data-image-caption=\"\" data-medium-file=\"https:\/\/www.legistdf.gob.ar\/wp-content\/uploads\/2024\/03\/IMG_3082-300x200.jpg\" data-large-file=\"https:\/\/www.legistdf.gob.ar\/wp-content\/uploads\/2024\/03\/IMG_3082-1024x683.jpg\" class=\"alignleft wp-image-42239 size-medium\" src=\"https:\/\/www.legistdf.gob.ar\/wp-content\/uploads\/2024\/03\/IMG_3082-300x200.jpg\" alt=\"\" width=\"300\" height=\"200\" srcset=\"https:\/\/www.legistdf.gob.ar\/wp-content\/uploads\/2024\/03\/IMG_3082-300x200.jpg 300w, https:\/\/www.legistdf.gob.ar\/wp-content\/uploads\/2024\/03\/IMG_3082-1024x683.jpg 1024w, https:\/\/www.legistdf.gob.ar\/wp-content\/uploads\/2024\/03\/IMG_3082-768x512.jpg 768w, https:\/\/www.legistdf.gob.ar\/wp-content\/uploads\/2024\/03\/IMG_3082-160x107.jpg 160w, https:\/\/www.legistdf.gob.ar\/wp-content\/uploads\/2024\/03\/IMG_3082.jpg 1500w\" sizes=\"(max-width: 300px) 100vw, 300px\" \/><\/a>Posteriormente, desde la bancada de \u201cSomos Fueguinos\u201d, platearon el tratamiento sobre tablas el <a href=\"https:\/\/www.legistdf.gob.ar\/lp\/novedadesip\/Asuntos%20Entrados%202024\/As.%20N%BA%20074-24.pdf\" target=\"_blank\" rel=\"noopener\">asunto N\u00ba 074\/24<\/a>, que propone abrogar la <a href=\"http:\/\/200.41.191.125:134\/index.php\/2027-declarese-la-reforma-parcial-de-la-constitucion-provincial-de-tierra-del-fuego-antartida-e-islas-del-atlantico-sur\" target=\"_blank\" rel=\"noopener\">Ley provincial N\u00ba 1529<\/a> (Reforma de la Constituci\u00f3n fueguina), pero la\u00a0 iniciativa impulsada por el legislador Jorge Lechman, no prosper\u00f3 dado que no cont\u00f3 con los votos requeridos.<\/span><\/p>\n<p>&nbsp;<\/p>\n<p><span style=\"font-family: arial, helvetica, sans-serif;font-size: 12pt\">Luego sancionaron, con el voto de los bloques del MPF, RU, PJ, PV, FORJA,\u00a0 la Ley que habilita al Poder Ejecutivo, a afectar fondos de la Caja de Previsi\u00f3n Social, para ser girados a la OSEF. Las y los legisladores, coincidieron en marcar que es necesario generar un an\u00e1lisis profundo acerca del estado de la obra social.<\/span><\/p>\n<p>&nbsp;<\/p>\n<p><span style=\"font-family: arial, helvetica, sans-serif;font-size: 12pt\"><a href=\"https:\/\/www.legistdf.gob.ar\/wp-content\/uploads\/2024\/03\/IMG_3106.jpg\"><img loading=\"lazy\" decoding=\"async\" data-attachment-id=\"42256\" data-permalink=\"https:\/\/www.legistdf.gob.ar\/index.php\/2024\/03\/25\/galeria-imagenes-2a-sesion-ordinaria\/img_3106-2\/\" data-orig-file=\"https:\/\/www.legistdf.gob.ar\/wp-content\/uploads\/2024\/03\/IMG_3106.jpg\" data-orig-size=\"1500,1000\" data-comments-opened=\"0\" data-image-meta=\"{&quot;aperture&quot;:&quot;3.5&quot;,&quot;credit&quot;:&quot;&quot;,&quot;camera&quot;:&quot;Canon EOS 6D&quot;,&quot;caption&quot;:&quot;&quot;,&quot;created_timestamp&quot;:&quot;1711364814&quot;,&quot;copyright&quot;:&quot;&quot;,&quot;focal_length&quot;:&quot;24&quot;,&quot;iso&quot;:&quot;400&quot;,&quot;shutter_speed&quot;:&quot;0.02&quot;,&quot;title&quot;:&quot;&quot;,&quot;orientation&quot;:&quot;0&quot;}\" data-image-title=\"IMG_3106\" data-image-description=\"\" data-image-caption=\"\" data-medium-file=\"https:\/\/www.legistdf.gob.ar\/wp-content\/uploads\/2024\/03\/IMG_3106-300x200.jpg\" data-large-file=\"https:\/\/www.legistdf.gob.ar\/wp-content\/uploads\/2024\/03\/IMG_3106-1024x683.jpg\" class=\"alignright wp-image-42256 size-medium\" src=\"https:\/\/www.legistdf.gob.ar\/wp-content\/uploads\/2024\/03\/IMG_3106-300x200.jpg\" alt=\"\" width=\"300\" height=\"200\" srcset=\"https:\/\/www.legistdf.gob.ar\/wp-content\/uploads\/2024\/03\/IMG_3106-300x200.jpg 300w, https:\/\/www.legistdf.gob.ar\/wp-content\/uploads\/2024\/03\/IMG_3106-1024x683.jpg 1024w, https:\/\/www.legistdf.gob.ar\/wp-content\/uploads\/2024\/03\/IMG_3106-768x512.jpg 768w, https:\/\/www.legistdf.gob.ar\/wp-content\/uploads\/2024\/03\/IMG_3106-160x107.jpg 160w, https:\/\/www.legistdf.gob.ar\/wp-content\/uploads\/2024\/03\/IMG_3106.jpg 1500w\" sizes=\"(max-width: 300px) 100vw, 300px\" \/><\/a>No obstante, detallaron que los montos que la Administraci\u00f3n Central dispondr\u00e1, no se utilizar\u00e1n para el pago de salarios, sino que su destino estar\u00e1 dispuesto para el desarrollo m\u00e9dico asistencial. La norma establece que este hecho se llevar\u00e1 a cabo por un plazo de ciento ochenta d\u00edas (6 meses), con un plazo de pr\u00f3rroga de otros ciento ochenta m\u00e1s.<\/span><\/p>\n<p>&nbsp;<\/p>\n<p><span style=\"font-family: arial, helvetica, sans-serif;font-size: 12pt\">Al finalizar, acordaron, que la tercera sesi\u00f3n ordinaria se realizar\u00e1 el pr\u00f3ximo 24 de abril, el cierre de asuntos ser\u00e1 el 19 de abril y la Comisi\u00f3n de Labor Parlamentaria se efectuar\u00e1 el 22 de abril.<\/span><\/p>\n<p>&nbsp;<\/p>\n<p>&nbsp;<\/p>\n<p style=\"text-align: right\"><em><span style=\"font-family: arial, helvetica, sans-serif;font-size: 12pt\">AT-ZV-NEGM<\/span><\/em><\/p>\n<p style=\"text-align: right\"><a href=\"https:\/\/www.legistdf.gob.ar\/index.php\/2024\/03\/25\/galeria-imagenes-2a-sesion-ordinaria\/\" target=\"_blank\" rel=\"noopener\"><em><span style=\"font-family: arial, helvetica, sans-serif;font-size: 12pt\">Galer\u00eda de im\u00e1genes<\/span><\/em><\/a><\/p>\n<p>&nbsp;<\/p>\n","protected":false},"excerpt":{"rendered":"<p>Ushuaia, lunes 25 de marzo de 2024.- La Legislatura de Tierra del Fuego celebr\u00f3 su segunda sesi\u00f3n ordinaria. Presidi\u00f3 la titular de la C\u00e1mara, vicegobernadora M\u00f3nica Urquiza. Sancionaron la iniciativa impulsada por el Ejecutivo, que busca dar respuesta a la actual situaci\u00f3n que atraviesa la Obra Social del Estado Fueguino (OSEF). La pr\u00f3xima sesi\u00f3n ordinaria [&hellip;]<\/p>\n","protected":false},"author":352,"featured_media":42233,"comment_status":"closed","ping_status":"closed","sticky":false,"template":"","format":"standard","meta":{"jetpack_post_was_ever_published":false,"_jetpack_newsletter_access":"","_jetpack_dont_email_post_to_subs":false,"_jetpack_newsletter_tier_id":0,"footnotes":"","jetpack_publicize_message":"","jetpack_publicize_feature_enabled":true,"jetpack_social_post_already_shared":true,"jetpack_social_options":{"image_generator_settings":{"template":"highway","enabled":false}}},"categories":[1],"tags":[1198,2059,450,144,179],"jetpack_publicize_connections":[],"jetpack_sharing_enabled":true,"jetpack_featured_media_url":"https:\/\/www.legistdf.gob.ar\/wp-content\/uploads\/2024\/03\/IMG_3074.jpg","jetpack-related-posts":[],"_links":{"self":[{"href":"https:\/\/www.legistdf.gob.ar\/index.php\/wp-json\/wp\/v2\/posts\/42300"}],"collection":[{"href":"https:\/\/www.legistdf.gob.ar\/index.php\/wp-json\/wp\/v2\/posts"}],"about":[{"href":"https:\/\/www.legistdf.gob.ar\/index.php\/wp-json\/wp\/v2\/types\/post"}],"author":[{"embeddable":true,"href":"https:\/\/www.legistdf.gob.ar\/index.php\/wp-json\/wp\/v2\/users\/352"}],"replies":[{"embeddable":true,"href":"https:\/\/www.legistdf.gob.ar\/index.php\/wp-json\/wp\/v2\/comments?post=42300"}],"version-history":[{"count":2,"href":"https:\/\/www.legistdf.gob.ar\/index.php\/wp-json\/wp\/v2\/posts\/42300\/revisions"}],"predecessor-version":[{"id":42314,"href":"https:\/\/www.legistdf.gob.ar\/index.php\/wp-json\/wp\/v2\/posts\/42300\/revisions\/42314"}],"wp:featuredmedia":[{"embeddable":true,"href":"https:\/\/www.legistdf.gob.ar\/index.php\/wp-json\/wp\/v2\/media\/42233"}],"wp:attachment":[{"href":"https:\/\/www.legistdf.gob.ar\/index.php\/wp-json\/wp\/v2\/media?parent=42300"}],"wp:term":[{"taxonomy":"category","embeddable":true,"href":"https:\/\/www.legistdf.gob.ar\/index.php\/wp-json\/wp\/v2\/categories?post=42300"},{"taxonomy":"post_tag","embeddable":true,"href":"https:\/\/www.legistdf.gob.ar\/index.php\/wp-json\/wp\/v2\/tags?post=42300"}],"curies":[{"name":"wp","href":"https:\/\/api.w.org\/{rel}","templated":true}]}}