{"id":42546,"date":"2024-04-17T12:55:33","date_gmt":"2024-04-17T15:55:33","guid":{"rendered":"https:\/\/www.legistdf.gob.ar\/?p=42546"},"modified":"2024-04-17T12:55:33","modified_gmt":"2024-04-17T15:55:33","slug":"legislatura-greve-y-sciurano-convocaron-a-las-comisiones-de-legislacion-general-y-de-economia","status":"publish","type":"post","link":"https:\/\/www.legistdf.gob.ar\/index.php\/2024\/04\/17\/legislatura-greve-y-sciurano-convocaron-a-las-comisiones-de-legislacion-general-y-de-economia\/","title":{"rendered":"LEGISLATURA: Greve y Sciurano convocaron a las comisiones de Legislaci\u00f3n General y de Econom\u00eda"},"content":{"rendered":"<p><span style=\"font-family: arial, helvetica, sans-serif;font-size: 12pt\"><strong>Ushuaia, mi\u00e9rcoles 17 de abril de 2024.- Los legisladores Federico Greve y Federico Sciurano (FORJA) convocaron a una reuni\u00f3n en conjunto de las Comisiones Legislaci\u00f3n General N\u00b0 1 y de Econom\u00eda N\u00b0 2, para ma\u00f1ana jueves 18 de abril desde las 12 h. El encuentro se llevar\u00e1 adelante en el sal\u00f3n de Comisiones del edificio de los bloques pol\u00edticos de la capital fueguina.\u00a0 <\/strong><\/span><\/p>\n<p>&nbsp;<\/p>\n<p><span style=\"font-family: arial, helvetica, sans-serif;font-size: 12pt\">Seg\u00fan el memorando interno N\u00b0 09\/24 de la Direcci\u00f3n de Comisiones, se cursaron invitaciones a representantes de la C\u00e1mara de Comercio de R\u00edo Grande: Marilina Henninger; de Ushuaia: Claudia Fern\u00e1ndez y de Tolhuin a la C\u00e1mara de Industria, Comercio y Turismo, N\u00e9lida Ant\u00fanez.\u00a0\u00a0 \u00a0<\/span><\/p>\n<p>&nbsp;<\/p>\n\n\t\t<style type=\"text\/css\">\n\t\t\t#gallery-1 {\n\t\t\t\tmargin: auto;\n\t\t\t}\n\t\t\t#gallery-1 .gallery-item {\n\t\t\t\tfloat: left;\n\t\t\t\tmargin-top: 10px;\n\t\t\t\ttext-align: center;\n\t\t\t\twidth: 50%;\n\t\t\t}\n\t\t\t#gallery-1 img {\n\t\t\t\tborder: 2px solid #cfcfcf;\n\t\t\t}\n\t\t\t#gallery-1 .gallery-caption {\n\t\t\t\tmargin-left: 0;\n\t\t\t}\n\t\t\t\/* see gallery_shortcode() in wp-includes\/media.php *\/\n\t\t<\/style>\n\t\t<div data-carousel-extra='{\"blog_id\":1,\"permalink\":\"https:\\\/\\\/www.legistdf.gob.ar\\\/index.php\\\/2024\\\/04\\\/17\\\/legislatura-greve-y-sciurano-convocaron-a-las-comisiones-de-legislacion-general-y-de-economia\\\/\"}' id='gallery-1' class='gallery galleryid-42546 gallery-columns-2 gallery-size-thumbnail'><dl class='gallery-item'>\n\t\t\t<dt class='gallery-icon landscape'>\n\t\t\t\t<a href='https:\/\/www.legistdf.gob.ar\/index.php\/2024\/04\/17\/legislatura-greve-y-sciurano-convocaron-a-las-comisiones-de-legislacion-general-y-de-economia\/img_3093-4\/'><img loading=\"lazy\" decoding=\"async\" width=\"150\" height=\"150\" src=\"https:\/\/www.legistdf.gob.ar\/wp-content\/uploads\/2024\/04\/IMG_3093-150x150.jpg\" class=\"attachment-thumbnail size-thumbnail\" alt=\"\" srcset=\"https:\/\/www.legistdf.gob.ar\/wp-content\/uploads\/2024\/04\/IMG_3093-150x150.jpg 150w, https:\/\/www.legistdf.gob.ar\/wp-content\/uploads\/2024\/04\/IMG_3093-64x64.jpg 64w\" sizes=\"(max-width: 150px) 100vw, 150px\" data-attachment-id=\"42547\" data-permalink=\"https:\/\/www.legistdf.gob.ar\/index.php\/2024\/04\/17\/legislatura-greve-y-sciurano-convocaron-a-las-comisiones-de-legislacion-general-y-de-economia\/img_3093-4\/\" data-orig-file=\"https:\/\/www.legistdf.gob.ar\/wp-content\/uploads\/2024\/04\/IMG_3093.jpg\" data-orig-size=\"1500,1000\" data-comments-opened=\"0\" data-image-meta=\"{&quot;aperture&quot;:&quot;3.5&quot;,&quot;credit&quot;:&quot;&quot;,&quot;camera&quot;:&quot;Canon EOS 6D&quot;,&quot;caption&quot;:&quot;&quot;,&quot;created_timestamp&quot;:&quot;1711364518&quot;,&quot;copyright&quot;:&quot;&quot;,&quot;focal_length&quot;:&quot;57&quot;,&quot;iso&quot;:&quot;640&quot;,&quot;shutter_speed&quot;:&quot;0.0125&quot;,&quot;title&quot;:&quot;&quot;,&quot;orientation&quot;:&quot;0&quot;}\" data-image-title=\"IMG_3093\" data-image-description=\"\" data-image-caption=\"\" data-medium-file=\"https:\/\/www.legistdf.gob.ar\/wp-content\/uploads\/2024\/04\/IMG_3093-300x200.jpg\" data-large-file=\"https:\/\/www.legistdf.gob.ar\/wp-content\/uploads\/2024\/04\/IMG_3093-1024x683.jpg\" \/><\/a>\n\t\t\t<\/dt><\/dl><dl class='gallery-item'>\n\t\t\t<dt class='gallery-icon landscape'>\n\t\t\t\t<a href='https:\/\/www.legistdf.gob.ar\/index.php\/2024\/04\/17\/legislatura-greve-y-sciurano-convocaron-a-las-comisiones-de-legislacion-general-y-de-economia\/img_3113-3\/'><img loading=\"lazy\" decoding=\"async\" width=\"150\" height=\"150\" src=\"https:\/\/www.legistdf.gob.ar\/wp-content\/uploads\/2024\/04\/IMG_3113-150x150.jpg\" class=\"attachment-thumbnail size-thumbnail\" alt=\"\" srcset=\"https:\/\/www.legistdf.gob.ar\/wp-content\/uploads\/2024\/04\/IMG_3113-150x150.jpg 150w, https:\/\/www.legistdf.gob.ar\/wp-content\/uploads\/2024\/04\/IMG_3113-64x64.jpg 64w\" sizes=\"(max-width: 150px) 100vw, 150px\" data-attachment-id=\"42548\" data-permalink=\"https:\/\/www.legistdf.gob.ar\/index.php\/2024\/04\/17\/legislatura-greve-y-sciurano-convocaron-a-las-comisiones-de-legislacion-general-y-de-economia\/img_3113-3\/\" data-orig-file=\"https:\/\/www.legistdf.gob.ar\/wp-content\/uploads\/2024\/04\/IMG_3113.jpg\" data-orig-size=\"1500,1000\" data-comments-opened=\"0\" data-image-meta=\"{&quot;aperture&quot;:&quot;3.5&quot;,&quot;credit&quot;:&quot;&quot;,&quot;camera&quot;:&quot;Canon EOS 6D&quot;,&quot;caption&quot;:&quot;&quot;,&quot;created_timestamp&quot;:&quot;1711364867&quot;,&quot;copyright&quot;:&quot;&quot;,&quot;focal_length&quot;:&quot;41&quot;,&quot;iso&quot;:&quot;400&quot;,&quot;shutter_speed&quot;:&quot;0.02&quot;,&quot;title&quot;:&quot;&quot;,&quot;orientation&quot;:&quot;0&quot;}\" data-image-title=\"IMG_3113\" data-image-description=\"\" data-image-caption=\"\" data-medium-file=\"https:\/\/www.legistdf.gob.ar\/wp-content\/uploads\/2024\/04\/IMG_3113-300x200.jpg\" data-large-file=\"https:\/\/www.legistdf.gob.ar\/wp-content\/uploads\/2024\/04\/IMG_3113-1024x683.jpg\" \/><\/a>\n\t\t\t<\/dt><\/dl><br style=\"clear: both\" \/>\n\t\t<\/div>\n\n<p>&nbsp;<\/p>\n<p>&nbsp;<\/p>\n<p style=\"text-align: right\"><em><span style=\"font-family: arial, helvetica, sans-serif;font-size: 12pt\">AT-NEGM<\/span><\/em><\/p>\n","protected":false},"excerpt":{"rendered":"<p>Ushuaia, mi\u00e9rcoles 17 de abril de 2024.- Los legisladores Federico Greve y Federico Sciurano (FORJA) convocaron a una reuni\u00f3n en conjunto de las Comisiones Legislaci\u00f3n General N\u00b0 1 y de Econom\u00eda N\u00b0 2, para ma\u00f1ana jueves 18 de abril desde las 12 h. El encuentro se llevar\u00e1 adelante en el sal\u00f3n de Comisiones del edificio [&hellip;]<\/p>\n","protected":false},"author":352,"featured_media":42549,"comment_status":"closed","ping_status":"closed","sticky":false,"template":"","format":"standard","meta":{"jetpack_post_was_ever_published":false,"_jetpack_newsletter_access":"","_jetpack_dont_email_post_to_subs":false,"_jetpack_newsletter_tier_id":0,"footnotes":"","jetpack_publicize_message":"","jetpack_publicize_feature_enabled":true,"jetpack_social_post_already_shared":true,"jetpack_social_options":{"image_generator_settings":{"template":"highway","enabled":false}}},"categories":[1],"tags":[3258,1630,1816,1824,3257,3259],"jetpack_publicize_connections":[],"jetpack_sharing_enabled":true,"jetpack_featured_media_url":"https:\/\/www.legistdf.gob.ar\/wp-content\/uploads\/2024\/04\/DSC_6100-A.jpg","jetpack-related-posts":[],"_links":{"self":[{"href":"https:\/\/www.legistdf.gob.ar\/index.php\/wp-json\/wp\/v2\/posts\/42546"}],"collection":[{"href":"https:\/\/www.legistdf.gob.ar\/index.php\/wp-json\/wp\/v2\/posts"}],"about":[{"href":"https:\/\/www.legistdf.gob.ar\/index.php\/wp-json\/wp\/v2\/types\/post"}],"author":[{"embeddable":true,"href":"https:\/\/www.legistdf.gob.ar\/index.php\/wp-json\/wp\/v2\/users\/352"}],"replies":[{"embeddable":true,"href":"https:\/\/www.legistdf.gob.ar\/index.php\/wp-json\/wp\/v2\/comments?post=42546"}],"version-history":[{"count":1,"href":"https:\/\/www.legistdf.gob.ar\/index.php\/wp-json\/wp\/v2\/posts\/42546\/revisions"}],"predecessor-version":[{"id":42550,"href":"https:\/\/www.legistdf.gob.ar\/index.php\/wp-json\/wp\/v2\/posts\/42546\/revisions\/42550"}],"wp:featuredmedia":[{"embeddable":true,"href":"https:\/\/www.legistdf.gob.ar\/index.php\/wp-json\/wp\/v2\/media\/42549"}],"wp:attachment":[{"href":"https:\/\/www.legistdf.gob.ar\/index.php\/wp-json\/wp\/v2\/media?parent=42546"}],"wp:term":[{"taxonomy":"category","embeddable":true,"href":"https:\/\/www.legistdf.gob.ar\/index.php\/wp-json\/wp\/v2\/categories?post=42546"},{"taxonomy":"post_tag","embeddable":true,"href":"https:\/\/www.legistdf.gob.ar\/index.php\/wp-json\/wp\/v2\/tags?post=42546"}],"curies":[{"name":"wp","href":"https:\/\/api.w.org\/{rel}","templated":true}]}}