{"id":42555,"date":"2024-04-17T15:31:51","date_gmt":"2024-04-17T18:31:51","guid":{"rendered":"https:\/\/www.legistdf.gob.ar\/?p=42555"},"modified":"2024-04-17T15:32:54","modified_gmt":"2024-04-17T18:32:54","slug":"gobierno-la-plataforma-precio-bajo-ya-esta-operativa-en-toda-tierra-del-fuego","status":"publish","type":"post","link":"https:\/\/www.legistdf.gob.ar\/index.php\/2024\/04\/17\/gobierno-la-plataforma-precio-bajo-ya-esta-operativa-en-toda-tierra-del-fuego\/","title":{"rendered":"GOBIERNO: La plataforma Precio Bajo ya est\u00e1 operativa en toda Tierra del Fuego"},"content":{"rendered":"<p><strong><span style=\"font-family: arial, helvetica, sans-serif;font-size: 14pt\"><a href=\"https:\/\/www.legistdf.gob.ar\/wp-content\/uploads\/2024\/04\/IMG_3768.jpg\"><img loading=\"lazy\" decoding=\"async\" data-attachment-id=\"42564\" data-permalink=\"https:\/\/www.legistdf.gob.ar\/index.php\/2024\/04\/17\/gobierno-la-plataforma-precio-bajo-ya-esta-operativa-en-toda-tierra-del-fuego\/img_3768\/\" data-orig-file=\"https:\/\/www.legistdf.gob.ar\/wp-content\/uploads\/2024\/04\/IMG_3768.jpg\" data-orig-size=\"1500,1000\" data-comments-opened=\"0\" data-image-meta=\"{&quot;aperture&quot;:&quot;3.5&quot;,&quot;credit&quot;:&quot;&quot;,&quot;camera&quot;:&quot;Canon EOS 6D&quot;,&quot;caption&quot;:&quot;&quot;,&quot;created_timestamp&quot;:&quot;1713354070&quot;,&quot;copyright&quot;:&quot;&quot;,&quot;focal_length&quot;:&quot;70&quot;,&quot;iso&quot;:&quot;400&quot;,&quot;shutter_speed&quot;:&quot;0.016666666666667&quot;,&quot;title&quot;:&quot;&quot;,&quot;orientation&quot;:&quot;0&quot;}\" data-image-title=\"IMG_3768\" data-image-description=\"\" data-image-caption=\"\" data-medium-file=\"https:\/\/www.legistdf.gob.ar\/wp-content\/uploads\/2024\/04\/IMG_3768-300x200.jpg\" data-large-file=\"https:\/\/www.legistdf.gob.ar\/wp-content\/uploads\/2024\/04\/IMG_3768-1024x683.jpg\" class=\"alignleft wp-image-42564 size-medium\" src=\"https:\/\/www.legistdf.gob.ar\/wp-content\/uploads\/2024\/04\/IMG_3768-300x200.jpg\" alt=\"\" width=\"300\" height=\"200\" srcset=\"https:\/\/www.legistdf.gob.ar\/wp-content\/uploads\/2024\/04\/IMG_3768-300x200.jpg 300w, https:\/\/www.legistdf.gob.ar\/wp-content\/uploads\/2024\/04\/IMG_3768-1024x683.jpg 1024w, https:\/\/www.legistdf.gob.ar\/wp-content\/uploads\/2024\/04\/IMG_3768-768x512.jpg 768w, https:\/\/www.legistdf.gob.ar\/wp-content\/uploads\/2024\/04\/IMG_3768-160x107.jpg 160w, https:\/\/www.legistdf.gob.ar\/wp-content\/uploads\/2024\/04\/IMG_3768.jpg 1500w\" sizes=\"(max-width: 300px) 100vw, 300px\" \/><\/a>Ushuaia, mi\u00e9rcoles 17 de abril de 2024.- El Gobierno fueguino present\u00f3 la p\u00e1gina oficial de la plataforma <a href=\"http:\/\/www.preciobajo.com.ar\" target=\"_blank\" rel=\"noopener\">www.preciobajo.com.ar<\/a>, iniciativa de la administraci\u00f3n central, la Agencia de Innovaci\u00f3n y la empresa Neodelfos. Se trata de un programa para dar con mejores precios en g\u00f3ndolas de productos de la canasta b\u00e1sica. La Presidenta de la Legislatura en ejercicio del Ejecutivo fueguino, vicegobernadora M\u00f3nica Urquiza se\u00f1al\u00f3 que la propuesta busca dotar de una herramienta para que las y los consumidores de Tierra del Fuego cuiden su econom\u00eda ante el proceso inflacionario que vive Argentina.<\/span><\/strong><\/p>\n<p>&nbsp;<\/p>\n<p><span style=\"font-family: arial, helvetica, sans-serif;font-size: 12pt\">En detalle, la propuesta presentada esta ma\u00f1ana en el Polo Creativo de la capital, brinda la posibilidad de conocer y comparar el precio de un mismo producto en diferentes comercios de Tierra del Fuego discriminado por ciudades.<\/span><\/p>\n<p>&nbsp;<\/p>\n<p><span style=\"font-family: arial, helvetica, sans-serif;font-size: 12pt\"><a href=\"https:\/\/www.legistdf.gob.ar\/wp-content\/uploads\/2024\/04\/IMG_3752.jpg\"><img loading=\"lazy\" decoding=\"async\" data-attachment-id=\"42556\" data-permalink=\"https:\/\/www.legistdf.gob.ar\/index.php\/2024\/04\/17\/gobierno-la-plataforma-precio-bajo-ya-esta-operativa-en-toda-tierra-del-fuego\/img_3752-2\/\" data-orig-file=\"https:\/\/www.legistdf.gob.ar\/wp-content\/uploads\/2024\/04\/IMG_3752.jpg\" data-orig-size=\"1500,1000\" data-comments-opened=\"0\" data-image-meta=\"{&quot;aperture&quot;:&quot;3.5&quot;,&quot;credit&quot;:&quot;&quot;,&quot;camera&quot;:&quot;Canon EOS 6D&quot;,&quot;caption&quot;:&quot;&quot;,&quot;created_timestamp&quot;:&quot;1713352845&quot;,&quot;copyright&quot;:&quot;&quot;,&quot;focal_length&quot;:&quot;70&quot;,&quot;iso&quot;:&quot;400&quot;,&quot;shutter_speed&quot;:&quot;0.0055555555555556&quot;,&quot;title&quot;:&quot;&quot;,&quot;orientation&quot;:&quot;0&quot;}\" data-image-title=\"IMG_3752\" data-image-description=\"\" data-image-caption=\"\" data-medium-file=\"https:\/\/www.legistdf.gob.ar\/wp-content\/uploads\/2024\/04\/IMG_3752-300x200.jpg\" data-large-file=\"https:\/\/www.legistdf.gob.ar\/wp-content\/uploads\/2024\/04\/IMG_3752-1024x683.jpg\" class=\"alignright wp-image-42556 size-medium\" src=\"https:\/\/www.legistdf.gob.ar\/wp-content\/uploads\/2024\/04\/IMG_3752-300x200.jpg\" alt=\"\" width=\"300\" height=\"200\" srcset=\"https:\/\/www.legistdf.gob.ar\/wp-content\/uploads\/2024\/04\/IMG_3752-300x200.jpg 300w, https:\/\/www.legistdf.gob.ar\/wp-content\/uploads\/2024\/04\/IMG_3752-1024x683.jpg 1024w, https:\/\/www.legistdf.gob.ar\/wp-content\/uploads\/2024\/04\/IMG_3752-768x512.jpg 768w, https:\/\/www.legistdf.gob.ar\/wp-content\/uploads\/2024\/04\/IMG_3752-160x107.jpg 160w, https:\/\/www.legistdf.gob.ar\/wp-content\/uploads\/2024\/04\/IMG_3752.jpg 1500w\" sizes=\"(max-width: 300px) 100vw, 300px\" \/><\/a>Cabe indicar que se trata de un \u201cdesarrollo tecnol\u00f3gico de la empresa fueguina Neodelfos, que permite la actualizaci\u00f3n en tiempo real de los datos, gracias a una plataforma dise\u00f1ada especialmente para esta p\u00e1gina web\u201d, se\u00f1alaron desde el Gobierno fueguino.<\/span><\/p>\n<p>&nbsp;<\/p>\n<p><span style=\"font-family: arial, helvetica, sans-serif;font-size: 12pt\">En di\u00e1logo con Prensa Legislativa, la titular de la Legislatura fueguina, vicegobernadora M\u00f3nica Urquiza celebr\u00f3 la puesta en marcha en Ushuaia de la propuesta que, ya est\u00e1 habilitada en las dem\u00e1s ciudades fueguinas.<\/span><\/p>\n<p>&nbsp;<\/p>\n<p><span style=\"font-family: arial, helvetica, sans-serif;font-size: 12pt\">Asimismo celebr\u00f3 la participaci\u00f3n del sector privado como la empresa riograndense Neodelfos, \u201cque ha desarrollado este sistema para que las y los vecinos puedan relevar los precios de los producto de la canasta b\u00e1sica familiar\u201d y agreg\u00f3 que se trata de la primera etapa de esta nueva modalidad.<\/span><\/p>\n<p>&nbsp;<\/p>\n<p><span style=\"font-family: arial, helvetica, sans-serif;font-size: 12pt\"><a href=\"https:\/\/www.legistdf.gob.ar\/wp-content\/uploads\/2024\/04\/IMG_3758.jpg\"><img loading=\"lazy\" decoding=\"async\" data-attachment-id=\"42558\" data-permalink=\"https:\/\/www.legistdf.gob.ar\/index.php\/2024\/04\/17\/gobierno-la-plataforma-precio-bajo-ya-esta-operativa-en-toda-tierra-del-fuego\/img_3758-2\/\" data-orig-file=\"https:\/\/www.legistdf.gob.ar\/wp-content\/uploads\/2024\/04\/IMG_3758.jpg\" data-orig-size=\"1500,1000\" data-comments-opened=\"0\" data-image-meta=\"{&quot;aperture&quot;:&quot;3.5&quot;,&quot;credit&quot;:&quot;&quot;,&quot;camera&quot;:&quot;Canon EOS 6D&quot;,&quot;caption&quot;:&quot;&quot;,&quot;created_timestamp&quot;:&quot;1713352886&quot;,&quot;copyright&quot;:&quot;&quot;,&quot;focal_length&quot;:&quot;24&quot;,&quot;iso&quot;:&quot;400&quot;,&quot;shutter_speed&quot;:&quot;0.016666666666667&quot;,&quot;title&quot;:&quot;&quot;,&quot;orientation&quot;:&quot;0&quot;}\" data-image-title=\"IMG_3758\" data-image-description=\"\" data-image-caption=\"\" data-medium-file=\"https:\/\/www.legistdf.gob.ar\/wp-content\/uploads\/2024\/04\/IMG_3758-300x200.jpg\" data-large-file=\"https:\/\/www.legistdf.gob.ar\/wp-content\/uploads\/2024\/04\/IMG_3758-1024x683.jpg\" class=\"alignleft wp-image-42558 size-medium\" src=\"https:\/\/www.legistdf.gob.ar\/wp-content\/uploads\/2024\/04\/IMG_3758-300x200.jpg\" alt=\"\" width=\"300\" height=\"200\" srcset=\"https:\/\/www.legistdf.gob.ar\/wp-content\/uploads\/2024\/04\/IMG_3758-300x200.jpg 300w, https:\/\/www.legistdf.gob.ar\/wp-content\/uploads\/2024\/04\/IMG_3758-1024x683.jpg 1024w, https:\/\/www.legistdf.gob.ar\/wp-content\/uploads\/2024\/04\/IMG_3758-768x512.jpg 768w, https:\/\/www.legistdf.gob.ar\/wp-content\/uploads\/2024\/04\/IMG_3758-160x107.jpg 160w, https:\/\/www.legistdf.gob.ar\/wp-content\/uploads\/2024\/04\/IMG_3758.jpg 1500w\" sizes=\"(max-width: 300px) 100vw, 300px\" \/><\/a>Urquiza explic\u00f3 que el sistema implementado posibilita dar con los productos necesarios como as\u00ed tambi\u00e9n conocer los valores y comercios en donde han sido relevados los datos. \u201cAnte el proceso inflacionario que vivimos, no se sabe cu\u00e1l es el precio real\u201d de los alimentos. En este sentido sum\u00f3 que la aplicaci\u00f3n posibilitar\u00e1 controlar precios desde los hogares fueguinos, \u201carmar la lista de compras, salir a comprar a los comercios que ofrecen los mejores precios y de ese modo, cuidar la econom\u00eda familiar\u201d.<\/span><\/p>\n<p>&nbsp;<\/p>\n<p><span style=\"font-family: arial, helvetica, sans-serif;font-size: 12pt\"><a href=\"https:\/\/www.legistdf.gob.ar\/wp-content\/uploads\/2024\/04\/IMG_3760.jpg\"><img loading=\"lazy\" decoding=\"async\" data-attachment-id=\"42559\" data-permalink=\"https:\/\/www.legistdf.gob.ar\/index.php\/2024\/04\/17\/gobierno-la-plataforma-precio-bajo-ya-esta-operativa-en-toda-tierra-del-fuego\/img_3760\/\" data-orig-file=\"https:\/\/www.legistdf.gob.ar\/wp-content\/uploads\/2024\/04\/IMG_3760.jpg\" data-orig-size=\"1500,1000\" data-comments-opened=\"0\" data-image-meta=\"{&quot;aperture&quot;:&quot;3.5&quot;,&quot;credit&quot;:&quot;&quot;,&quot;camera&quot;:&quot;Canon EOS 6D&quot;,&quot;caption&quot;:&quot;&quot;,&quot;created_timestamp&quot;:&quot;1713352901&quot;,&quot;copyright&quot;:&quot;&quot;,&quot;focal_length&quot;:&quot;42&quot;,&quot;iso&quot;:&quot;400&quot;,&quot;shutter_speed&quot;:&quot;0.016666666666667&quot;,&quot;title&quot;:&quot;&quot;,&quot;orientation&quot;:&quot;0&quot;}\" data-image-title=\"IMG_3760\" data-image-description=\"\" data-image-caption=\"\" data-medium-file=\"https:\/\/www.legistdf.gob.ar\/wp-content\/uploads\/2024\/04\/IMG_3760-300x200.jpg\" data-large-file=\"https:\/\/www.legistdf.gob.ar\/wp-content\/uploads\/2024\/04\/IMG_3760-1024x683.jpg\" class=\"alignright wp-image-42559 size-medium\" src=\"https:\/\/www.legistdf.gob.ar\/wp-content\/uploads\/2024\/04\/IMG_3760-300x200.jpg\" alt=\"\" width=\"300\" height=\"200\" srcset=\"https:\/\/www.legistdf.gob.ar\/wp-content\/uploads\/2024\/04\/IMG_3760-300x200.jpg 300w, https:\/\/www.legistdf.gob.ar\/wp-content\/uploads\/2024\/04\/IMG_3760-1024x683.jpg 1024w, https:\/\/www.legistdf.gob.ar\/wp-content\/uploads\/2024\/04\/IMG_3760-768x512.jpg 768w, https:\/\/www.legistdf.gob.ar\/wp-content\/uploads\/2024\/04\/IMG_3760-160x107.jpg 160w, https:\/\/www.legistdf.gob.ar\/wp-content\/uploads\/2024\/04\/IMG_3760.jpg 1500w\" sizes=\"(max-width: 300px) 100vw, 300px\" \/><\/a>La Vicegobernadora coment\u00f3 que hay m\u00e1s de 600 productos incluidos en el sistema y \u201cla idea es seguir ampli\u00e1ndolo\u201d. Desde el Gobierno fueguino, se llev\u00f3 adelante un relevamiento de empresas para avanzar en la programaci\u00f3n del sistema y fue la empresa de R\u00edo Grande Neodelfos del licenciado Leonardo P\u00e9rez Bustos, quien result\u00f3 elegida para el dise\u00f1o de la plataforma.<\/span><\/p>\n<p>&nbsp;<\/p>\n<p><span style=\"font-family: arial, helvetica, sans-serif;font-size: 12pt\">En mismo sentido, Urquiza consider\u00f3: \u201cSostenemos que tiene que haber un Estado presente porque el mercado no se acomoda solo\u201d. En este punto, la Vicegobernadora de Tierra del Fuego detall\u00f3 la presencia de asociaciones barriales, de personas con discapacidad y organizaciones sociales quienes acompa\u00f1aron con propuestas la presentaci\u00f3n de hoy. \u201cNecesitamos tejer redes para poder acompa\u00f1ar a todos\u201d, cerr\u00f3.<\/span><\/p>\n<p>&nbsp;<\/p>\n<p><span style=\"font-family: arial, helvetica, sans-serif;font-size: 12pt\">A la presentaci\u00f3n asistieron el legislador Federico Greve (FORJA); funcionarias y funcionarios del gabinete fueguino; el secretario de Representaci\u00f3n Pol\u00edtica, lic. Federico Gim\u00e9nez; la secretaria de Asuntos Sociocomunitarios, M\u00f3nica Acosta y el titular de la consultora Neodelfos, lic. Leonardo P\u00e9rez Bustos, junto a referentes barriales y sociales.<\/span><\/p>\n\n\t\t<style type=\"text\/css\">\n\t\t\t#gallery-1 {\n\t\t\t\tmargin: auto;\n\t\t\t}\n\t\t\t#gallery-1 .gallery-item {\n\t\t\t\tfloat: left;\n\t\t\t\tmargin-top: 10px;\n\t\t\t\ttext-align: center;\n\t\t\t\twidth: 11%;\n\t\t\t}\n\t\t\t#gallery-1 img {\n\t\t\t\tborder: 2px solid #cfcfcf;\n\t\t\t}\n\t\t\t#gallery-1 .gallery-caption {\n\t\t\t\tmargin-left: 0;\n\t\t\t}\n\t\t\t\/* see gallery_shortcode() in wp-includes\/media.php *\/\n\t\t<\/style>\n\t\t<div data-carousel-extra='{\"blog_id\":1,\"permalink\":\"https:\\\/\\\/www.legistdf.gob.ar\\\/index.php\\\/2024\\\/04\\\/17\\\/gobierno-la-plataforma-precio-bajo-ya-esta-operativa-en-toda-tierra-del-fuego\\\/\"}' id='gallery-1' class='gallery galleryid-42555 gallery-columns-9 gallery-size-thumbnail'><dl class='gallery-item'>\n\t\t\t<dt class='gallery-icon landscape'>\n\t\t\t\t<a href='https:\/\/www.legistdf.gob.ar\/index.php\/2024\/04\/17\/gobierno-la-plataforma-precio-bajo-ya-esta-operativa-en-toda-tierra-del-fuego\/img_3752-2\/'><img loading=\"lazy\" decoding=\"async\" width=\"150\" height=\"150\" src=\"https:\/\/www.legistdf.gob.ar\/wp-content\/uploads\/2024\/04\/IMG_3752-150x150.jpg\" class=\"attachment-thumbnail size-thumbnail\" alt=\"\" srcset=\"https:\/\/www.legistdf.gob.ar\/wp-content\/uploads\/2024\/04\/IMG_3752-150x150.jpg 150w, https:\/\/www.legistdf.gob.ar\/wp-content\/uploads\/2024\/04\/IMG_3752-64x64.jpg 64w\" sizes=\"(max-width: 150px) 100vw, 150px\" data-attachment-id=\"42556\" data-permalink=\"https:\/\/www.legistdf.gob.ar\/index.php\/2024\/04\/17\/gobierno-la-plataforma-precio-bajo-ya-esta-operativa-en-toda-tierra-del-fuego\/img_3752-2\/\" data-orig-file=\"https:\/\/www.legistdf.gob.ar\/wp-content\/uploads\/2024\/04\/IMG_3752.jpg\" data-orig-size=\"1500,1000\" data-comments-opened=\"0\" data-image-meta=\"{&quot;aperture&quot;:&quot;3.5&quot;,&quot;credit&quot;:&quot;&quot;,&quot;camera&quot;:&quot;Canon EOS 6D&quot;,&quot;caption&quot;:&quot;&quot;,&quot;created_timestamp&quot;:&quot;1713352845&quot;,&quot;copyright&quot;:&quot;&quot;,&quot;focal_length&quot;:&quot;70&quot;,&quot;iso&quot;:&quot;400&quot;,&quot;shutter_speed&quot;:&quot;0.0055555555555556&quot;,&quot;title&quot;:&quot;&quot;,&quot;orientation&quot;:&quot;0&quot;}\" data-image-title=\"IMG_3752\" data-image-description=\"\" data-image-caption=\"\" data-medium-file=\"https:\/\/www.legistdf.gob.ar\/wp-content\/uploads\/2024\/04\/IMG_3752-300x200.jpg\" data-large-file=\"https:\/\/www.legistdf.gob.ar\/wp-content\/uploads\/2024\/04\/IMG_3752-1024x683.jpg\" \/><\/a>\n\t\t\t<\/dt><\/dl><dl class='gallery-item'>\n\t\t\t<dt class='gallery-icon landscape'>\n\t\t\t\t<a href='https:\/\/www.legistdf.gob.ar\/index.php\/2024\/04\/17\/gobierno-la-plataforma-precio-bajo-ya-esta-operativa-en-toda-tierra-del-fuego\/img_3757-2\/'><img loading=\"lazy\" decoding=\"async\" width=\"150\" height=\"150\" src=\"https:\/\/www.legistdf.gob.ar\/wp-content\/uploads\/2024\/04\/IMG_3757-150x150.jpg\" class=\"attachment-thumbnail size-thumbnail\" alt=\"\" srcset=\"https:\/\/www.legistdf.gob.ar\/wp-content\/uploads\/2024\/04\/IMG_3757-150x150.jpg 150w, https:\/\/www.legistdf.gob.ar\/wp-content\/uploads\/2024\/04\/IMG_3757-64x64.jpg 64w\" sizes=\"(max-width: 150px) 100vw, 150px\" data-attachment-id=\"42557\" data-permalink=\"https:\/\/www.legistdf.gob.ar\/index.php\/2024\/04\/17\/gobierno-la-plataforma-precio-bajo-ya-esta-operativa-en-toda-tierra-del-fuego\/img_3757-2\/\" data-orig-file=\"https:\/\/www.legistdf.gob.ar\/wp-content\/uploads\/2024\/04\/IMG_3757.jpg\" data-orig-size=\"1500,1000\" data-comments-opened=\"0\" data-image-meta=\"{&quot;aperture&quot;:&quot;3.5&quot;,&quot;credit&quot;:&quot;&quot;,&quot;camera&quot;:&quot;Canon EOS 6D&quot;,&quot;caption&quot;:&quot;&quot;,&quot;created_timestamp&quot;:&quot;1713352882&quot;,&quot;copyright&quot;:&quot;&quot;,&quot;focal_length&quot;:&quot;24&quot;,&quot;iso&quot;:&quot;400&quot;,&quot;shutter_speed&quot;:&quot;0.016666666666667&quot;,&quot;title&quot;:&quot;&quot;,&quot;orientation&quot;:&quot;0&quot;}\" data-image-title=\"IMG_3757\" data-image-description=\"\" data-image-caption=\"\" data-medium-file=\"https:\/\/www.legistdf.gob.ar\/wp-content\/uploads\/2024\/04\/IMG_3757-300x200.jpg\" data-large-file=\"https:\/\/www.legistdf.gob.ar\/wp-content\/uploads\/2024\/04\/IMG_3757-1024x683.jpg\" \/><\/a>\n\t\t\t<\/dt><\/dl><dl class='gallery-item'>\n\t\t\t<dt class='gallery-icon landscape'>\n\t\t\t\t<a href='https:\/\/www.legistdf.gob.ar\/index.php\/2024\/04\/17\/gobierno-la-plataforma-precio-bajo-ya-esta-operativa-en-toda-tierra-del-fuego\/img_3758-2\/'><img loading=\"lazy\" decoding=\"async\" width=\"150\" height=\"150\" src=\"https:\/\/www.legistdf.gob.ar\/wp-content\/uploads\/2024\/04\/IMG_3758-150x150.jpg\" class=\"attachment-thumbnail size-thumbnail\" alt=\"\" srcset=\"https:\/\/www.legistdf.gob.ar\/wp-content\/uploads\/2024\/04\/IMG_3758-150x150.jpg 150w, https:\/\/www.legistdf.gob.ar\/wp-content\/uploads\/2024\/04\/IMG_3758-64x64.jpg 64w\" sizes=\"(max-width: 150px) 100vw, 150px\" data-attachment-id=\"42558\" data-permalink=\"https:\/\/www.legistdf.gob.ar\/index.php\/2024\/04\/17\/gobierno-la-plataforma-precio-bajo-ya-esta-operativa-en-toda-tierra-del-fuego\/img_3758-2\/\" data-orig-file=\"https:\/\/www.legistdf.gob.ar\/wp-content\/uploads\/2024\/04\/IMG_3758.jpg\" data-orig-size=\"1500,1000\" data-comments-opened=\"0\" data-image-meta=\"{&quot;aperture&quot;:&quot;3.5&quot;,&quot;credit&quot;:&quot;&quot;,&quot;camera&quot;:&quot;Canon EOS 6D&quot;,&quot;caption&quot;:&quot;&quot;,&quot;created_timestamp&quot;:&quot;1713352886&quot;,&quot;copyright&quot;:&quot;&quot;,&quot;focal_length&quot;:&quot;24&quot;,&quot;iso&quot;:&quot;400&quot;,&quot;shutter_speed&quot;:&quot;0.016666666666667&quot;,&quot;title&quot;:&quot;&quot;,&quot;orientation&quot;:&quot;0&quot;}\" data-image-title=\"IMG_3758\" data-image-description=\"\" data-image-caption=\"\" data-medium-file=\"https:\/\/www.legistdf.gob.ar\/wp-content\/uploads\/2024\/04\/IMG_3758-300x200.jpg\" data-large-file=\"https:\/\/www.legistdf.gob.ar\/wp-content\/uploads\/2024\/04\/IMG_3758-1024x683.jpg\" \/><\/a>\n\t\t\t<\/dt><\/dl><dl class='gallery-item'>\n\t\t\t<dt class='gallery-icon landscape'>\n\t\t\t\t<a href='https:\/\/www.legistdf.gob.ar\/index.php\/2024\/04\/17\/gobierno-la-plataforma-precio-bajo-ya-esta-operativa-en-toda-tierra-del-fuego\/img_3760\/'><img loading=\"lazy\" decoding=\"async\" width=\"150\" height=\"150\" src=\"https:\/\/www.legistdf.gob.ar\/wp-content\/uploads\/2024\/04\/IMG_3760-150x150.jpg\" class=\"attachment-thumbnail size-thumbnail\" alt=\"\" srcset=\"https:\/\/www.legistdf.gob.ar\/wp-content\/uploads\/2024\/04\/IMG_3760-150x150.jpg 150w, https:\/\/www.legistdf.gob.ar\/wp-content\/uploads\/2024\/04\/IMG_3760-64x64.jpg 64w\" sizes=\"(max-width: 150px) 100vw, 150px\" data-attachment-id=\"42559\" data-permalink=\"https:\/\/www.legistdf.gob.ar\/index.php\/2024\/04\/17\/gobierno-la-plataforma-precio-bajo-ya-esta-operativa-en-toda-tierra-del-fuego\/img_3760\/\" data-orig-file=\"https:\/\/www.legistdf.gob.ar\/wp-content\/uploads\/2024\/04\/IMG_3760.jpg\" data-orig-size=\"1500,1000\" data-comments-opened=\"0\" data-image-meta=\"{&quot;aperture&quot;:&quot;3.5&quot;,&quot;credit&quot;:&quot;&quot;,&quot;camera&quot;:&quot;Canon EOS 6D&quot;,&quot;caption&quot;:&quot;&quot;,&quot;created_timestamp&quot;:&quot;1713352901&quot;,&quot;copyright&quot;:&quot;&quot;,&quot;focal_length&quot;:&quot;42&quot;,&quot;iso&quot;:&quot;400&quot;,&quot;shutter_speed&quot;:&quot;0.016666666666667&quot;,&quot;title&quot;:&quot;&quot;,&quot;orientation&quot;:&quot;0&quot;}\" data-image-title=\"IMG_3760\" data-image-description=\"\" data-image-caption=\"\" data-medium-file=\"https:\/\/www.legistdf.gob.ar\/wp-content\/uploads\/2024\/04\/IMG_3760-300x200.jpg\" data-large-file=\"https:\/\/www.legistdf.gob.ar\/wp-content\/uploads\/2024\/04\/IMG_3760-1024x683.jpg\" \/><\/a>\n\t\t\t<\/dt><\/dl><dl class='gallery-item'>\n\t\t\t<dt class='gallery-icon landscape'>\n\t\t\t\t<a href='https:\/\/www.legistdf.gob.ar\/index.php\/2024\/04\/17\/gobierno-la-plataforma-precio-bajo-ya-esta-operativa-en-toda-tierra-del-fuego\/img_3762\/'><img loading=\"lazy\" decoding=\"async\" width=\"150\" height=\"150\" src=\"https:\/\/www.legistdf.gob.ar\/wp-content\/uploads\/2024\/04\/IMG_3762-150x150.jpg\" class=\"attachment-thumbnail size-thumbnail\" alt=\"\" srcset=\"https:\/\/www.legistdf.gob.ar\/wp-content\/uploads\/2024\/04\/IMG_3762-150x150.jpg 150w, https:\/\/www.legistdf.gob.ar\/wp-content\/uploads\/2024\/04\/IMG_3762-64x64.jpg 64w\" sizes=\"(max-width: 150px) 100vw, 150px\" data-attachment-id=\"42560\" data-permalink=\"https:\/\/www.legistdf.gob.ar\/index.php\/2024\/04\/17\/gobierno-la-plataforma-precio-bajo-ya-esta-operativa-en-toda-tierra-del-fuego\/img_3762\/\" data-orig-file=\"https:\/\/www.legistdf.gob.ar\/wp-content\/uploads\/2024\/04\/IMG_3762.jpg\" data-orig-size=\"1500,1000\" data-comments-opened=\"0\" data-image-meta=\"{&quot;aperture&quot;:&quot;3.5&quot;,&quot;credit&quot;:&quot;&quot;,&quot;camera&quot;:&quot;Canon EOS 6D&quot;,&quot;caption&quot;:&quot;&quot;,&quot;created_timestamp&quot;:&quot;1713352935&quot;,&quot;copyright&quot;:&quot;&quot;,&quot;focal_length&quot;:&quot;70&quot;,&quot;iso&quot;:&quot;400&quot;,&quot;shutter_speed&quot;:&quot;0.016666666666667&quot;,&quot;title&quot;:&quot;&quot;,&quot;orientation&quot;:&quot;0&quot;}\" data-image-title=\"IMG_3762\" data-image-description=\"\" data-image-caption=\"\" data-medium-file=\"https:\/\/www.legistdf.gob.ar\/wp-content\/uploads\/2024\/04\/IMG_3762-300x200.jpg\" data-large-file=\"https:\/\/www.legistdf.gob.ar\/wp-content\/uploads\/2024\/04\/IMG_3762-1024x683.jpg\" \/><\/a>\n\t\t\t<\/dt><\/dl><dl class='gallery-item'>\n\t\t\t<dt class='gallery-icon landscape'>\n\t\t\t\t<a href='https:\/\/www.legistdf.gob.ar\/index.php\/2024\/04\/17\/gobierno-la-plataforma-precio-bajo-ya-esta-operativa-en-toda-tierra-del-fuego\/img_3763-3\/'><img loading=\"lazy\" decoding=\"async\" width=\"150\" height=\"150\" src=\"https:\/\/www.legistdf.gob.ar\/wp-content\/uploads\/2024\/04\/IMG_3763-150x150.jpg\" class=\"attachment-thumbnail size-thumbnail\" alt=\"\" srcset=\"https:\/\/www.legistdf.gob.ar\/wp-content\/uploads\/2024\/04\/IMG_3763-150x150.jpg 150w, https:\/\/www.legistdf.gob.ar\/wp-content\/uploads\/2024\/04\/IMG_3763-64x64.jpg 64w\" sizes=\"(max-width: 150px) 100vw, 150px\" data-attachment-id=\"42561\" data-permalink=\"https:\/\/www.legistdf.gob.ar\/index.php\/2024\/04\/17\/gobierno-la-plataforma-precio-bajo-ya-esta-operativa-en-toda-tierra-del-fuego\/img_3763-3\/\" data-orig-file=\"https:\/\/www.legistdf.gob.ar\/wp-content\/uploads\/2024\/04\/IMG_3763.jpg\" data-orig-size=\"1500,1000\" data-comments-opened=\"0\" data-image-meta=\"{&quot;aperture&quot;:&quot;3.5&quot;,&quot;credit&quot;:&quot;&quot;,&quot;camera&quot;:&quot;Canon EOS 6D&quot;,&quot;caption&quot;:&quot;&quot;,&quot;created_timestamp&quot;:&quot;1713352941&quot;,&quot;copyright&quot;:&quot;&quot;,&quot;focal_length&quot;:&quot;70&quot;,&quot;iso&quot;:&quot;400&quot;,&quot;shutter_speed&quot;:&quot;0.016666666666667&quot;,&quot;title&quot;:&quot;&quot;,&quot;orientation&quot;:&quot;0&quot;}\" data-image-title=\"IMG_3763\" data-image-description=\"\" data-image-caption=\"\" data-medium-file=\"https:\/\/www.legistdf.gob.ar\/wp-content\/uploads\/2024\/04\/IMG_3763-300x200.jpg\" data-large-file=\"https:\/\/www.legistdf.gob.ar\/wp-content\/uploads\/2024\/04\/IMG_3763-1024x683.jpg\" \/><\/a>\n\t\t\t<\/dt><\/dl><dl class='gallery-item'>\n\t\t\t<dt class='gallery-icon landscape'>\n\t\t\t\t<a href='https:\/\/www.legistdf.gob.ar\/index.php\/2024\/04\/17\/gobierno-la-plataforma-precio-bajo-ya-esta-operativa-en-toda-tierra-del-fuego\/img_3764-2\/'><img loading=\"lazy\" decoding=\"async\" width=\"150\" height=\"150\" src=\"https:\/\/www.legistdf.gob.ar\/wp-content\/uploads\/2024\/04\/IMG_3764-150x150.jpg\" class=\"attachment-thumbnail size-thumbnail\" alt=\"\" srcset=\"https:\/\/www.legistdf.gob.ar\/wp-content\/uploads\/2024\/04\/IMG_3764-150x150.jpg 150w, https:\/\/www.legistdf.gob.ar\/wp-content\/uploads\/2024\/04\/IMG_3764-64x64.jpg 64w\" sizes=\"(max-width: 150px) 100vw, 150px\" data-attachment-id=\"42562\" data-permalink=\"https:\/\/www.legistdf.gob.ar\/index.php\/2024\/04\/17\/gobierno-la-plataforma-precio-bajo-ya-esta-operativa-en-toda-tierra-del-fuego\/img_3764-2\/\" data-orig-file=\"https:\/\/www.legistdf.gob.ar\/wp-content\/uploads\/2024\/04\/IMG_3764.jpg\" data-orig-size=\"1500,1000\" data-comments-opened=\"0\" data-image-meta=\"{&quot;aperture&quot;:&quot;3.5&quot;,&quot;credit&quot;:&quot;&quot;,&quot;camera&quot;:&quot;Canon EOS 6D&quot;,&quot;caption&quot;:&quot;&quot;,&quot;created_timestamp&quot;:&quot;1713352976&quot;,&quot;copyright&quot;:&quot;&quot;,&quot;focal_length&quot;:&quot;70&quot;,&quot;iso&quot;:&quot;400&quot;,&quot;shutter_speed&quot;:&quot;0.016666666666667&quot;,&quot;title&quot;:&quot;&quot;,&quot;orientation&quot;:&quot;0&quot;}\" data-image-title=\"IMG_3764\" data-image-description=\"\" data-image-caption=\"\" data-medium-file=\"https:\/\/www.legistdf.gob.ar\/wp-content\/uploads\/2024\/04\/IMG_3764-300x200.jpg\" data-large-file=\"https:\/\/www.legistdf.gob.ar\/wp-content\/uploads\/2024\/04\/IMG_3764-1024x683.jpg\" \/><\/a>\n\t\t\t<\/dt><\/dl><dl class='gallery-item'>\n\t\t\t<dt class='gallery-icon landscape'>\n\t\t\t\t<a href='https:\/\/www.legistdf.gob.ar\/index.php\/2024\/04\/17\/gobierno-la-plataforma-precio-bajo-ya-esta-operativa-en-toda-tierra-del-fuego\/img_3766\/'><img loading=\"lazy\" decoding=\"async\" width=\"150\" height=\"150\" src=\"https:\/\/www.legistdf.gob.ar\/wp-content\/uploads\/2024\/04\/IMG_3766-150x150.jpg\" class=\"attachment-thumbnail size-thumbnail\" alt=\"\" srcset=\"https:\/\/www.legistdf.gob.ar\/wp-content\/uploads\/2024\/04\/IMG_3766-150x150.jpg 150w, https:\/\/www.legistdf.gob.ar\/wp-content\/uploads\/2024\/04\/IMG_3766-64x64.jpg 64w\" sizes=\"(max-width: 150px) 100vw, 150px\" data-attachment-id=\"42563\" data-permalink=\"https:\/\/www.legistdf.gob.ar\/index.php\/2024\/04\/17\/gobierno-la-plataforma-precio-bajo-ya-esta-operativa-en-toda-tierra-del-fuego\/img_3766\/\" data-orig-file=\"https:\/\/www.legistdf.gob.ar\/wp-content\/uploads\/2024\/04\/IMG_3766.jpg\" data-orig-size=\"1500,1000\" data-comments-opened=\"0\" data-image-meta=\"{&quot;aperture&quot;:&quot;3.5&quot;,&quot;credit&quot;:&quot;&quot;,&quot;camera&quot;:&quot;Canon EOS 6D&quot;,&quot;caption&quot;:&quot;&quot;,&quot;created_timestamp&quot;:&quot;1713352997&quot;,&quot;copyright&quot;:&quot;&quot;,&quot;focal_length&quot;:&quot;70&quot;,&quot;iso&quot;:&quot;400&quot;,&quot;shutter_speed&quot;:&quot;0.016666666666667&quot;,&quot;title&quot;:&quot;&quot;,&quot;orientation&quot;:&quot;0&quot;}\" data-image-title=\"IMG_3766\" data-image-description=\"\" data-image-caption=\"\" data-medium-file=\"https:\/\/www.legistdf.gob.ar\/wp-content\/uploads\/2024\/04\/IMG_3766-300x200.jpg\" data-large-file=\"https:\/\/www.legistdf.gob.ar\/wp-content\/uploads\/2024\/04\/IMG_3766-1024x683.jpg\" \/><\/a>\n\t\t\t<\/dt><\/dl><dl class='gallery-item'>\n\t\t\t<dt class='gallery-icon landscape'>\n\t\t\t\t<a href='https:\/\/www.legistdf.gob.ar\/index.php\/2024\/04\/17\/gobierno-la-plataforma-precio-bajo-ya-esta-operativa-en-toda-tierra-del-fuego\/img_3768\/'><img loading=\"lazy\" decoding=\"async\" width=\"150\" height=\"150\" src=\"https:\/\/www.legistdf.gob.ar\/wp-content\/uploads\/2024\/04\/IMG_3768-150x150.jpg\" class=\"attachment-thumbnail size-thumbnail\" alt=\"\" srcset=\"https:\/\/www.legistdf.gob.ar\/wp-content\/uploads\/2024\/04\/IMG_3768-150x150.jpg 150w, https:\/\/www.legistdf.gob.ar\/wp-content\/uploads\/2024\/04\/IMG_3768-64x64.jpg 64w\" sizes=\"(max-width: 150px) 100vw, 150px\" data-attachment-id=\"42564\" data-permalink=\"https:\/\/www.legistdf.gob.ar\/index.php\/2024\/04\/17\/gobierno-la-plataforma-precio-bajo-ya-esta-operativa-en-toda-tierra-del-fuego\/img_3768\/\" data-orig-file=\"https:\/\/www.legistdf.gob.ar\/wp-content\/uploads\/2024\/04\/IMG_3768.jpg\" data-orig-size=\"1500,1000\" data-comments-opened=\"0\" data-image-meta=\"{&quot;aperture&quot;:&quot;3.5&quot;,&quot;credit&quot;:&quot;&quot;,&quot;camera&quot;:&quot;Canon EOS 6D&quot;,&quot;caption&quot;:&quot;&quot;,&quot;created_timestamp&quot;:&quot;1713354070&quot;,&quot;copyright&quot;:&quot;&quot;,&quot;focal_length&quot;:&quot;70&quot;,&quot;iso&quot;:&quot;400&quot;,&quot;shutter_speed&quot;:&quot;0.016666666666667&quot;,&quot;title&quot;:&quot;&quot;,&quot;orientation&quot;:&quot;0&quot;}\" data-image-title=\"IMG_3768\" data-image-description=\"\" data-image-caption=\"\" data-medium-file=\"https:\/\/www.legistdf.gob.ar\/wp-content\/uploads\/2024\/04\/IMG_3768-300x200.jpg\" data-large-file=\"https:\/\/www.legistdf.gob.ar\/wp-content\/uploads\/2024\/04\/IMG_3768-1024x683.jpg\" \/><\/a>\n\t\t\t<\/dt><\/dl><br style=\"clear: both\" \/>\n\t\t<\/div>\n\n<p style=\"text-align: right\"><em>AT<\/em><\/p>\n","protected":false},"excerpt":{"rendered":"<p>Ushuaia, mi\u00e9rcoles 17 de abril de 2024.- El Gobierno fueguino present\u00f3 la p\u00e1gina oficial de la plataforma www.preciobajo.com.ar, iniciativa de la administraci\u00f3n central, la Agencia de Innovaci\u00f3n y la empresa Neodelfos. Se trata de un programa para dar con mejores precios en g\u00f3ndolas de productos de la canasta b\u00e1sica. La Presidenta de la Legislatura en [&hellip;]<\/p>\n","protected":false},"author":352,"featured_media":42564,"comment_status":"closed","ping_status":"closed","sticky":false,"template":"","format":"standard","meta":{"jetpack_post_was_ever_published":false,"_jetpack_newsletter_access":"","_jetpack_dont_email_post_to_subs":false,"_jetpack_newsletter_tier_id":0,"footnotes":"","jetpack_publicize_message":"","jetpack_publicize_feature_enabled":true,"jetpack_social_post_already_shared":true,"jetpack_social_options":{"image_generator_settings":{"template":"highway","enabled":false}}},"categories":[1],"tags":[315,1816,78,144,3262,3261,79,87],"jetpack_publicize_connections":[],"jetpack_sharing_enabled":true,"jetpack_featured_media_url":"https:\/\/www.legistdf.gob.ar\/wp-content\/uploads\/2024\/04\/IMG_3768.jpg","jetpack-related-posts":[],"_links":{"self":[{"href":"https:\/\/www.legistdf.gob.ar\/index.php\/wp-json\/wp\/v2\/posts\/42555"}],"collection":[{"href":"https:\/\/www.legistdf.gob.ar\/index.php\/wp-json\/wp\/v2\/posts"}],"about":[{"href":"https:\/\/www.legistdf.gob.ar\/index.php\/wp-json\/wp\/v2\/types\/post"}],"author":[{"embeddable":true,"href":"https:\/\/www.legistdf.gob.ar\/index.php\/wp-json\/wp\/v2\/users\/352"}],"replies":[{"embeddable":true,"href":"https:\/\/www.legistdf.gob.ar\/index.php\/wp-json\/wp\/v2\/comments?post=42555"}],"version-history":[{"count":2,"href":"https:\/\/www.legistdf.gob.ar\/index.php\/wp-json\/wp\/v2\/posts\/42555\/revisions"}],"predecessor-version":[{"id":42566,"href":"https:\/\/www.legistdf.gob.ar\/index.php\/wp-json\/wp\/v2\/posts\/42555\/revisions\/42566"}],"wp:featuredmedia":[{"embeddable":true,"href":"https:\/\/www.legistdf.gob.ar\/index.php\/wp-json\/wp\/v2\/media\/42564"}],"wp:attachment":[{"href":"https:\/\/www.legistdf.gob.ar\/index.php\/wp-json\/wp\/v2\/media?parent=42555"}],"wp:term":[{"taxonomy":"category","embeddable":true,"href":"https:\/\/www.legistdf.gob.ar\/index.php\/wp-json\/wp\/v2\/categories?post=42555"},{"taxonomy":"post_tag","embeddable":true,"href":"https:\/\/www.legistdf.gob.ar\/index.php\/wp-json\/wp\/v2\/tags?post=42555"}],"curies":[{"name":"wp","href":"https:\/\/api.w.org\/{rel}","templated":true}]}}