{"id":42795,"date":"2024-04-26T13:05:31","date_gmt":"2024-04-26T16:05:31","guid":{"rendered":"https:\/\/www.legistdf.gob.ar\/?p=42795"},"modified":"2024-04-29T13:43:54","modified_gmt":"2024-04-29T16:43:54","slug":"sesion-se-instituyo-el-15-de-marzo-como-dia-del-enfermero-antartico","status":"publish","type":"post","link":"https:\/\/www.legistdf.gob.ar\/index.php\/2024\/04\/26\/sesion-se-instituyo-el-15-de-marzo-como-dia-del-enfermero-antartico\/","title":{"rendered":"SESI\u00d3N: Se instituy\u00f3 el 15 de marzo como D\u00eda del Enfermero Ant\u00e1rtico"},"content":{"rendered":"<p><span style=\"font-family: arial, helvetica, sans-serif;font-size: 12pt\"><strong><span style=\"font-size: 14pt\"><a href=\"https:\/\/www.legistdf.gob.ar\/wp-content\/uploads\/2024\/04\/IMG_4354.jpg\"><img loading=\"lazy\" decoding=\"async\" data-attachment-id=\"42750\" data-permalink=\"https:\/\/www.legistdf.gob.ar\/index.php\/2024\/04\/24\/galeria-imagenes-de-la-3a-sesion-ordinaria-2\/img_4354-3\/\" data-orig-file=\"https:\/\/www.legistdf.gob.ar\/wp-content\/uploads\/2024\/04\/IMG_4354.jpg\" data-orig-size=\"1500,1000\" data-comments-opened=\"0\" data-image-meta=\"{&quot;aperture&quot;:&quot;4.5&quot;,&quot;credit&quot;:&quot;&quot;,&quot;camera&quot;:&quot;Canon EOS 6D&quot;,&quot;caption&quot;:&quot;&quot;,&quot;created_timestamp&quot;:&quot;1713967141&quot;,&quot;copyright&quot;:&quot;&quot;,&quot;focal_length&quot;:&quot;35&quot;,&quot;iso&quot;:&quot;2000&quot;,&quot;shutter_speed&quot;:&quot;0.0055555555555556&quot;,&quot;title&quot;:&quot;&quot;,&quot;orientation&quot;:&quot;0&quot;}\" data-image-title=\"IMG_4354\" data-image-description=\"\" data-image-caption=\"\" data-medium-file=\"https:\/\/www.legistdf.gob.ar\/wp-content\/uploads\/2024\/04\/IMG_4354-300x200.jpg\" data-large-file=\"https:\/\/www.legistdf.gob.ar\/wp-content\/uploads\/2024\/04\/IMG_4354-1024x683.jpg\" class=\"alignleft wp-image-42750 size-medium\" src=\"https:\/\/www.legistdf.gob.ar\/wp-content\/uploads\/2024\/04\/IMG_4354-300x200.jpg\" alt=\"\" width=\"300\" height=\"200\" srcset=\"https:\/\/www.legistdf.gob.ar\/wp-content\/uploads\/2024\/04\/IMG_4354-300x200.jpg 300w, https:\/\/www.legistdf.gob.ar\/wp-content\/uploads\/2024\/04\/IMG_4354-1024x683.jpg 1024w, https:\/\/www.legistdf.gob.ar\/wp-content\/uploads\/2024\/04\/IMG_4354-768x512.jpg 768w, https:\/\/www.legistdf.gob.ar\/wp-content\/uploads\/2024\/04\/IMG_4354-160x107.jpg 160w, https:\/\/www.legistdf.gob.ar\/wp-content\/uploads\/2024\/04\/IMG_4354.jpg 1500w\" sizes=\"(max-width: 300px) 100vw, 300px\" \/><\/a>Ushuaia, viernes 26 de abril de 2024.- La Legislatura fueguina sancion\u00f3 la Ley que establece que el 15 de marzo de cada a\u00f1o se conmemorar\u00e1 el D\u00eda del Enfermero Ant\u00e1rtico, que seg\u00fan el referente de FORJA, Federico Sciurano constituye un hecho hist\u00f3rico y trascendente para la Provincia.<\/span> <\/strong><\/span><\/p>\n<p>&nbsp;<\/p>\n<p><span style=\"font-family: arial, helvetica, sans-serif;font-size: 12pt\">Cont\u00f3 que el pasado 15 de marzo, el Ministerio de Salud destin\u00f3 por primera vez un agente sanitario, para cumplir funciones en el continente blanco. \u201cEl profesional representa a la Provincia, como hace muchos a\u00f1os lo vienen haciendo los docentes ant\u00e1rticos\u201d, celebr\u00f3 el Parlamentario.<\/span><\/p>\n<p>&nbsp;<\/p>\n<p><span style=\"font-family: arial, helvetica, sans-serif;font-size: 12pt\">En ese sentido, la Legislatura \u201ctom\u00f3 al 15 de marzo como d\u00eda hist\u00f3rico, como punto de inflexi\u00f3n y que en esa fecha, todos los a\u00f1os, se va a recordar el d\u00eda del enfermero ant\u00e1rtico en conmemoraci\u00f3n a este momento tan significativo que va a marcar un escal\u00f3n m\u00e1s de nuestra Provincia\u201d y su presencia en el sector ant\u00e1rtico fueguino, opin\u00f3 en funci\u00f3n del asunto N\u00ba 206\/24.<\/span><\/p>\n<p>&nbsp;<\/p>\n<p><span style=\"font-family: arial, helvetica, sans-serif;font-size: 12pt\">En tanto, coment\u00f3 que hace unos d\u00edas mantuvo una videollamada con Daniel Bustamante quien cumple funciones en la Base Marambio. \u201cNos trasmiti\u00f3 toda la emoci\u00f3n de lo que significa para \u00e9l estar all\u00e1 y tuve la oportunidad de trasmitirle en nombre de todos los fueguinos, lo que valoramos su trabajo dado que representa al sistema sanitario\u201d de Tierra del Fuego.<\/span><\/p>\n<p style=\"text-align: right\"><em>ZV-NEGM<\/em><\/p>\n","protected":false},"excerpt":{"rendered":"<p>Ushuaia, viernes 26 de abril de 2024.- La Legislatura fueguina sancion\u00f3 la Ley que establece que el 15 de marzo de cada a\u00f1o se conmemorar\u00e1 el D\u00eda del Enfermero Ant\u00e1rtico, que seg\u00fan el referente de FORJA, Federico Sciurano constituye un hecho hist\u00f3rico y trascendente para la Provincia. &nbsp; Cont\u00f3 que el pasado 15 de marzo, [&hellip;]<\/p>\n","protected":false},"author":352,"featured_media":42750,"comment_status":"closed","ping_status":"closed","sticky":false,"template":"","format":"standard","meta":{"jetpack_post_was_ever_published":false,"_jetpack_newsletter_access":"","_jetpack_dont_email_post_to_subs":false,"_jetpack_newsletter_tier_id":0,"footnotes":"","jetpack_publicize_message":"","jetpack_publicize_feature_enabled":true,"jetpack_social_post_already_shared":true,"jetpack_social_options":{"image_generator_settings":{"template":"highway","enabled":false}}},"categories":[1],"tags":[1824,78,117,79,87],"jetpack_publicize_connections":[],"jetpack_sharing_enabled":true,"jetpack_featured_media_url":"https:\/\/www.legistdf.gob.ar\/wp-content\/uploads\/2024\/04\/IMG_4354.jpg","jetpack-related-posts":[],"_links":{"self":[{"href":"https:\/\/www.legistdf.gob.ar\/index.php\/wp-json\/wp\/v2\/posts\/42795"}],"collection":[{"href":"https:\/\/www.legistdf.gob.ar\/index.php\/wp-json\/wp\/v2\/posts"}],"about":[{"href":"https:\/\/www.legistdf.gob.ar\/index.php\/wp-json\/wp\/v2\/types\/post"}],"author":[{"embeddable":true,"href":"https:\/\/www.legistdf.gob.ar\/index.php\/wp-json\/wp\/v2\/users\/352"}],"replies":[{"embeddable":true,"href":"https:\/\/www.legistdf.gob.ar\/index.php\/wp-json\/wp\/v2\/comments?post=42795"}],"version-history":[{"count":3,"href":"https:\/\/www.legistdf.gob.ar\/index.php\/wp-json\/wp\/v2\/posts\/42795\/revisions"}],"predecessor-version":[{"id":42840,"href":"https:\/\/www.legistdf.gob.ar\/index.php\/wp-json\/wp\/v2\/posts\/42795\/revisions\/42840"}],"wp:featuredmedia":[{"embeddable":true,"href":"https:\/\/www.legistdf.gob.ar\/index.php\/wp-json\/wp\/v2\/media\/42750"}],"wp:attachment":[{"href":"https:\/\/www.legistdf.gob.ar\/index.php\/wp-json\/wp\/v2\/media?parent=42795"}],"wp:term":[{"taxonomy":"category","embeddable":true,"href":"https:\/\/www.legistdf.gob.ar\/index.php\/wp-json\/wp\/v2\/categories?post=42795"},{"taxonomy":"post_tag","embeddable":true,"href":"https:\/\/www.legistdf.gob.ar\/index.php\/wp-json\/wp\/v2\/tags?post=42795"}],"curies":[{"name":"wp","href":"https:\/\/api.w.org\/{rel}","templated":true}]}}