{"id":42827,"date":"2024-04-26T15:31:46","date_gmt":"2024-04-26T18:31:46","guid":{"rendered":"https:\/\/www.legistdf.gob.ar\/?p=42827"},"modified":"2024-04-26T15:31:46","modified_gmt":"2024-04-26T18:31:46","slug":"bosques-proponen-prorrogar-la-emergencia-ambiental-por-incendios-forestales","status":"publish","type":"post","link":"https:\/\/www.legistdf.gob.ar\/index.php\/2024\/04\/26\/bosques-proponen-prorrogar-la-emergencia-ambiental-por-incendios-forestales\/","title":{"rendered":"BOSQUES: Proponen prorrogar la emergencia ambiental por incendios forestales"},"content":{"rendered":"<p><span style=\"font-size: 14pt\"><strong><span style=\"font-family: arial, helvetica, sans-serif\"><a href=\"https:\/\/www.legistdf.gob.ar\/wp-content\/uploads\/2024\/04\/IMG_1910.jpg\"><img loading=\"lazy\" decoding=\"async\" data-attachment-id=\"42713\" data-permalink=\"https:\/\/www.legistdf.gob.ar\/index.php\/2024\/04\/24\/galeria-imagenes-de-la-3a-sesion-ordinaria-2\/img_1910-3\/\" data-orig-file=\"https:\/\/www.legistdf.gob.ar\/wp-content\/uploads\/2024\/04\/IMG_1910.jpg\" data-orig-size=\"1500,1000\" data-comments-opened=\"0\" data-image-meta=\"{&quot;aperture&quot;:&quot;7.1&quot;,&quot;credit&quot;:&quot;&quot;,&quot;camera&quot;:&quot;Canon EOS Rebel T6i&quot;,&quot;caption&quot;:&quot;&quot;,&quot;created_timestamp&quot;:&quot;1713965848&quot;,&quot;copyright&quot;:&quot;&quot;,&quot;focal_length&quot;:&quot;25&quot;,&quot;iso&quot;:&quot;1600&quot;,&quot;shutter_speed&quot;:&quot;0.00625&quot;,&quot;title&quot;:&quot;&quot;,&quot;orientation&quot;:&quot;0&quot;}\" data-image-title=\"IMG_1910\" data-image-description=\"\" data-image-caption=\"\" data-medium-file=\"https:\/\/www.legistdf.gob.ar\/wp-content\/uploads\/2024\/04\/IMG_1910-300x200.jpg\" data-large-file=\"https:\/\/www.legistdf.gob.ar\/wp-content\/uploads\/2024\/04\/IMG_1910-1024x683.jpg\" class=\"alignleft wp-image-42713 size-medium\" src=\"https:\/\/www.legistdf.gob.ar\/wp-content\/uploads\/2024\/04\/IMG_1910-300x200.jpg\" alt=\"\" width=\"300\" height=\"200\" srcset=\"https:\/\/www.legistdf.gob.ar\/wp-content\/uploads\/2024\/04\/IMG_1910-300x200.jpg 300w, https:\/\/www.legistdf.gob.ar\/wp-content\/uploads\/2024\/04\/IMG_1910-1024x683.jpg 1024w, https:\/\/www.legistdf.gob.ar\/wp-content\/uploads\/2024\/04\/IMG_1910-768x512.jpg 768w, https:\/\/www.legistdf.gob.ar\/wp-content\/uploads\/2024\/04\/IMG_1910-160x107.jpg 160w, https:\/\/www.legistdf.gob.ar\/wp-content\/uploads\/2024\/04\/IMG_1910.jpg 1500w\" sizes=\"(max-width: 300px) 100vw, 300px\" \/><\/a>Ushuaia, viernes 26 de abril de 2024.- La legisladora Mar\u00eda Laura Colazo (PV) propuso a la C\u00e1mara legislativa prorrogar la prohibici\u00f3n de encendido de fuego en el marco de la <a href=\"http:\/\/200.41.191.125:134\/index.php\/1955-emergencia-ambiental-por-incendios-forestales-declaracion\" target=\"_blank\" rel=\"noopener\">Ley provincial N\u00ba 1457<\/a>. En comisi\u00f3n de Labor Parlamentaria, las y los Legisladores giraron el <a href=\"https:\/\/www.legistdf.gob.ar\/lp\/novedadesip\/Asuntos%20Entrados%202024\/As.%20N%BA%20138-24.pdf\" target=\"_blank\" rel=\"noopener\">asunto N\u00ba 138\/24<\/a> a las comisiones de Recursos Naturales N\u00ba 3 y Legislaci\u00f3n General N\u00ba 1 para su an\u00e1lisis en busca de alcanzar dictamen favorable.<\/span><\/strong><\/span><\/p>\n<p>&nbsp;<\/p>\n<p><span style=\"font-family: arial, helvetica, sans-serif;font-size: 12pt\">Colazo recuerda que en la isla Grande \u201clos incendios forestales son un problema recurrente\u201d, mayormente en las estaciones secas y ventosas. \u201cEstos incendios pueden ocurrir naturalmente debido a condiciones clim\u00e1ticas extremas, como vientos fuertes y sequ\u00edas, pero tambi\u00e9n pueden ser causados por actividades humanas, como la quema de desechos o la negligencia en el manejo del fuego\u201d, sostiene en la fundamentaci\u00f3n de la iniciativa.<\/span><\/p>\n<p>&nbsp;<\/p>\n<blockquote><p><span style=\"font-family: arial, helvetica, sans-serif;font-size: 12pt\"><a href=\"https:\/\/www.legistdf.gob.ar\/wp-content\/uploads\/2024\/04\/IMG_4190.jpg\"><img loading=\"lazy\" decoding=\"async\" data-attachment-id=\"42717\" data-permalink=\"https:\/\/www.legistdf.gob.ar\/index.php\/2024\/04\/24\/galeria-imagenes-de-la-3a-sesion-ordinaria-2\/img_4190-3\/\" data-orig-file=\"https:\/\/www.legistdf.gob.ar\/wp-content\/uploads\/2024\/04\/IMG_4190.jpg\" data-orig-size=\"1500,1000\" data-comments-opened=\"0\" data-image-meta=\"{&quot;aperture&quot;:&quot;2.8&quot;,&quot;credit&quot;:&quot;&quot;,&quot;camera&quot;:&quot;Canon EOS 6D&quot;,&quot;caption&quot;:&quot;&quot;,&quot;created_timestamp&quot;:&quot;1713957436&quot;,&quot;copyright&quot;:&quot;&quot;,&quot;focal_length&quot;:&quot;70&quot;,&quot;iso&quot;:&quot;1600&quot;,&quot;shutter_speed&quot;:&quot;0.00625&quot;,&quot;title&quot;:&quot;&quot;,&quot;orientation&quot;:&quot;0&quot;}\" data-image-title=\"IMG_4190\" data-image-description=\"\" data-image-caption=\"\" data-medium-file=\"https:\/\/www.legistdf.gob.ar\/wp-content\/uploads\/2024\/04\/IMG_4190-300x200.jpg\" data-large-file=\"https:\/\/www.legistdf.gob.ar\/wp-content\/uploads\/2024\/04\/IMG_4190-1024x683.jpg\" class=\"alignright wp-image-42717 size-medium\" src=\"https:\/\/www.legistdf.gob.ar\/wp-content\/uploads\/2024\/04\/IMG_4190-300x200.jpg\" alt=\"\" width=\"300\" height=\"200\" srcset=\"https:\/\/www.legistdf.gob.ar\/wp-content\/uploads\/2024\/04\/IMG_4190-300x200.jpg 300w, https:\/\/www.legistdf.gob.ar\/wp-content\/uploads\/2024\/04\/IMG_4190-1024x683.jpg 1024w, https:\/\/www.legistdf.gob.ar\/wp-content\/uploads\/2024\/04\/IMG_4190-768x512.jpg 768w, https:\/\/www.legistdf.gob.ar\/wp-content\/uploads\/2024\/04\/IMG_4190-160x107.jpg 160w, https:\/\/www.legistdf.gob.ar\/wp-content\/uploads\/2024\/04\/IMG_4190.jpg 1500w\" sizes=\"(max-width: 300px) 100vw, 300px\" \/><\/a><span style=\"font-size: 14pt\">En cuanto a la cuesti\u00f3n ambiental, la Legisladora narra los recientes incendios forestales, especialmente el del Coraz\u00f3n de la Isla de finales de 2022, incendio que se produjo a 12 kil\u00f3metros de Tolhuin. \u201cEl fuego se propag\u00f3 r\u00e1pidamente hacia la Reserva debido a las condiciones meteorol\u00f3gicas adversas y vientos de hasta 90 km\/h\u201d y su continuidad destructiva se prolong\u00f3 hasta marzo del a\u00f1o siguiente \u201cdonde se pudo contener, se vieron afectadas m\u00e1s de 10 mil hect\u00e1reas\u201d.<\/span><\/span><\/p><\/blockquote>\n<p>&nbsp;<\/p>\n<p><span style=\"font-family: arial, helvetica, sans-serif;font-size: 12pt\">El art\u00edculo primero prorroga la prohibici\u00f3n del encendido de fuego hasta el 30 de junio de 2026 y dispone que \u201ccon el objetivo de mitigar las consecuencias ambientales, productivas, econ\u00f3micas, sociales y sanitarias de incendios y lograr el fortalecimiento de la pol\u00edtica de combate a estos fen\u00f3menos, el Poder Ejecutivo profundizar\u00e1 medidas de prevenci\u00f3n con campa\u00f1as de concientizaci\u00f3n, informaci\u00f3n, sensibilizaci\u00f3n\u00a0 para prevenir quemas e incendios forestales a trav\u00e9s de medios p\u00fablicos, redes sociales y mediante el trabajo territorial en cada uno de los ingresos a las ciudades\u201d.<\/span><\/p>\n<p>&nbsp;<\/p>\n<p style=\"text-align: right\"><em>AT-NEGM<\/em><\/p>\n","protected":false},"excerpt":{"rendered":"<p>Ushuaia, viernes 26 de abril de 2024.- La legisladora Mar\u00eda Laura Colazo (PV) propuso a la C\u00e1mara legislativa prorrogar la prohibici\u00f3n de encendido de fuego en el marco de la Ley provincial N\u00ba 1457. En comisi\u00f3n de Labor Parlamentaria, las y los Legisladores giraron el asunto N\u00ba 138\/24 a las comisiones de Recursos Naturales N\u00ba [&hellip;]<\/p>\n","protected":false},"author":352,"featured_media":13997,"comment_status":"closed","ping_status":"closed","sticky":false,"template":"","format":"standard","meta":{"jetpack_post_was_ever_published":false,"_jetpack_newsletter_access":"","_jetpack_dont_email_post_to_subs":false,"_jetpack_newsletter_tier_id":0,"footnotes":"","jetpack_publicize_message":"","jetpack_publicize_feature_enabled":true,"jetpack_social_post_already_shared":true,"jetpack_social_options":{"image_generator_settings":{"template":"highway","enabled":false}}},"categories":[1],"tags":[433,2240,2834,1876,448,117,79,87],"jetpack_publicize_connections":[],"jetpack_sharing_enabled":true,"jetpack_featured_media_url":"https:\/\/www.legistdf.gob.ar\/wp-content\/uploads\/2019\/04\/DSC_0659.jpg","jetpack-related-posts":[],"_links":{"self":[{"href":"https:\/\/www.legistdf.gob.ar\/index.php\/wp-json\/wp\/v2\/posts\/42827"}],"collection":[{"href":"https:\/\/www.legistdf.gob.ar\/index.php\/wp-json\/wp\/v2\/posts"}],"about":[{"href":"https:\/\/www.legistdf.gob.ar\/index.php\/wp-json\/wp\/v2\/types\/post"}],"author":[{"embeddable":true,"href":"https:\/\/www.legistdf.gob.ar\/index.php\/wp-json\/wp\/v2\/users\/352"}],"replies":[{"embeddable":true,"href":"https:\/\/www.legistdf.gob.ar\/index.php\/wp-json\/wp\/v2\/comments?post=42827"}],"version-history":[{"count":1,"href":"https:\/\/www.legistdf.gob.ar\/index.php\/wp-json\/wp\/v2\/posts\/42827\/revisions"}],"predecessor-version":[{"id":42828,"href":"https:\/\/www.legistdf.gob.ar\/index.php\/wp-json\/wp\/v2\/posts\/42827\/revisions\/42828"}],"wp:featuredmedia":[{"embeddable":true,"href":"https:\/\/www.legistdf.gob.ar\/index.php\/wp-json\/wp\/v2\/media\/13997"}],"wp:attachment":[{"href":"https:\/\/www.legistdf.gob.ar\/index.php\/wp-json\/wp\/v2\/media?parent=42827"}],"wp:term":[{"taxonomy":"category","embeddable":true,"href":"https:\/\/www.legistdf.gob.ar\/index.php\/wp-json\/wp\/v2\/categories?post=42827"},{"taxonomy":"post_tag","embeddable":true,"href":"https:\/\/www.legistdf.gob.ar\/index.php\/wp-json\/wp\/v2\/tags?post=42827"}],"curies":[{"name":"wp","href":"https:\/\/api.w.org\/{rel}","templated":true}]}}