{"id":42862,"date":"2024-05-02T10:06:26","date_gmt":"2024-05-02T13:06:26","guid":{"rendered":"https:\/\/www.legistdf.gob.ar\/?p=42862"},"modified":"2024-05-02T10:06:26","modified_gmt":"2024-05-02T13:06:26","slug":"condolencias-66","status":"publish","type":"post","link":"https:\/\/www.legistdf.gob.ar\/index.php\/2024\/05\/02\/condolencias-66\/","title":{"rendered":"CONDOLENCIAS"},"content":{"rendered":"<p><span style=\"font-size: 14pt\"><strong>La Presidenta de la Legislatura de Tierra del Fuego, vicegobernadora M\u00f3nica Urquiza; Legisladoras y Legisladores provinciales; autoridades de C\u00e1mara y personal legislativo expresan sus condolencias a familiares y amigos, ante la p\u00e9rdida f\u00edsica de qui\u00e9n en vida fuera la agente legislativa Sra. Mirta Cardozo, acaecido en las \u00faltimas horas.<\/strong><\/span><\/p>\n<p><span style=\"font-size: 14pt\"><strong>Elevamos una oraci\u00f3n, por su eterno descanso.<\/strong><\/span><\/p>\n","protected":false},"excerpt":{"rendered":"<p>La Presidenta de la Legislatura de Tierra del Fuego, vicegobernadora M\u00f3nica Urquiza; Legisladoras y Legisladores provinciales; autoridades de C\u00e1mara y personal legislativo expresan sus condolencias a familiares y amigos, ante la p\u00e9rdida f\u00edsica de qui\u00e9n en vida fuera la agente legislativa Sra. Mirta Cardozo, acaecido en las \u00faltimas horas. Elevamos una oraci\u00f3n, por su eterno [&hellip;]<\/p>\n","protected":false},"author":352,"featured_media":37745,"comment_status":"closed","ping_status":"closed","sticky":false,"template":"","format":"standard","meta":{"jetpack_post_was_ever_published":false,"_jetpack_newsletter_access":"","_jetpack_dont_email_post_to_subs":false,"_jetpack_newsletter_tier_id":0,"footnotes":"","jetpack_publicize_message":"","jetpack_publicize_feature_enabled":true,"jetpack_social_post_already_shared":true,"jetpack_social_options":{"image_generator_settings":{"template":"highway","enabled":false}}},"categories":[1],"tags":[],"jetpack_publicize_connections":[],"jetpack_sharing_enabled":true,"jetpack_featured_media_url":"https:\/\/www.legistdf.gob.ar\/wp-content\/uploads\/2023\/04\/CasaLuto-1024x540.jpg","jetpack-related-posts":[],"_links":{"self":[{"href":"https:\/\/www.legistdf.gob.ar\/index.php\/wp-json\/wp\/v2\/posts\/42862"}],"collection":[{"href":"https:\/\/www.legistdf.gob.ar\/index.php\/wp-json\/wp\/v2\/posts"}],"about":[{"href":"https:\/\/www.legistdf.gob.ar\/index.php\/wp-json\/wp\/v2\/types\/post"}],"author":[{"embeddable":true,"href":"https:\/\/www.legistdf.gob.ar\/index.php\/wp-json\/wp\/v2\/users\/352"}],"replies":[{"embeddable":true,"href":"https:\/\/www.legistdf.gob.ar\/index.php\/wp-json\/wp\/v2\/comments?post=42862"}],"version-history":[{"count":1,"href":"https:\/\/www.legistdf.gob.ar\/index.php\/wp-json\/wp\/v2\/posts\/42862\/revisions"}],"predecessor-version":[{"id":42863,"href":"https:\/\/www.legistdf.gob.ar\/index.php\/wp-json\/wp\/v2\/posts\/42862\/revisions\/42863"}],"wp:featuredmedia":[{"embeddable":true,"href":"https:\/\/www.legistdf.gob.ar\/index.php\/wp-json\/wp\/v2\/media\/37745"}],"wp:attachment":[{"href":"https:\/\/www.legistdf.gob.ar\/index.php\/wp-json\/wp\/v2\/media?parent=42862"}],"wp:term":[{"taxonomy":"category","embeddable":true,"href":"https:\/\/www.legistdf.gob.ar\/index.php\/wp-json\/wp\/v2\/categories?post=42862"},{"taxonomy":"post_tag","embeddable":true,"href":"https:\/\/www.legistdf.gob.ar\/index.php\/wp-json\/wp\/v2\/tags?post=42862"}],"curies":[{"name":"wp","href":"https:\/\/api.w.org\/{rel}","templated":true}]}}