{"id":42864,"date":"2024-05-02T10:25:21","date_gmt":"2024-05-02T13:25:21","guid":{"rendered":"https:\/\/www.legistdf.gob.ar\/?p=42864"},"modified":"2024-05-02T10:26:15","modified_gmt":"2024-05-02T13:26:15","slug":"ciencia-declararon-de-interes-provincial-el-55o-aniversario-del-cadic","status":"publish","type":"post","link":"https:\/\/www.legistdf.gob.ar\/index.php\/2024\/05\/02\/ciencia-declararon-de-interes-provincial-el-55o-aniversario-del-cadic\/","title":{"rendered":"CIENCIA: Declararon de inter\u00e9s provincial el 55\u00ba aniversario del CADIC"},"content":{"rendered":"<p><strong><span style=\"font-family: arial, helvetica, sans-serif;font-size: 14pt\"><a href=\"https:\/\/www.legistdf.gob.ar\/wp-content\/uploads\/2024\/05\/IMG_4190.jpg\"><img loading=\"lazy\" decoding=\"async\" data-attachment-id=\"42865\" data-permalink=\"https:\/\/www.legistdf.gob.ar\/index.php\/2024\/05\/02\/ciencia-declararon-de-interes-provincial-el-55o-aniversario-del-cadic\/img_4190-4\/\" data-orig-file=\"https:\/\/www.legistdf.gob.ar\/wp-content\/uploads\/2024\/05\/IMG_4190.jpg\" data-orig-size=\"1000,667\" data-comments-opened=\"0\" data-image-meta=\"{&quot;aperture&quot;:&quot;22&quot;,&quot;credit&quot;:&quot;&quot;,&quot;camera&quot;:&quot;Canon EOS 6D&quot;,&quot;caption&quot;:&quot;&quot;,&quot;created_timestamp&quot;:&quot;1508504948&quot;,&quot;copyright&quot;:&quot;&quot;,&quot;focal_length&quot;:&quot;24&quot;,&quot;iso&quot;:&quot;1000&quot;,&quot;shutter_speed&quot;:&quot;0.005&quot;,&quot;title&quot;:&quot;&quot;,&quot;orientation&quot;:&quot;0&quot;}\" data-image-title=\"IMG_4190\" data-image-description=\"\" data-image-caption=\"\" data-medium-file=\"https:\/\/www.legistdf.gob.ar\/wp-content\/uploads\/2024\/05\/IMG_4190-300x200.jpg\" data-large-file=\"https:\/\/www.legistdf.gob.ar\/wp-content\/uploads\/2024\/05\/IMG_4190.jpg\" class=\"alignleft wp-image-42865 size-medium\" src=\"https:\/\/www.legistdf.gob.ar\/wp-content\/uploads\/2024\/05\/IMG_4190-300x200.jpg\" alt=\"\" width=\"300\" height=\"200\" srcset=\"https:\/\/www.legistdf.gob.ar\/wp-content\/uploads\/2024\/05\/IMG_4190-300x200.jpg 300w, https:\/\/www.legistdf.gob.ar\/wp-content\/uploads\/2024\/05\/IMG_4190-768x512.jpg 768w, https:\/\/www.legistdf.gob.ar\/wp-content\/uploads\/2024\/05\/IMG_4190-160x107.jpg 160w, https:\/\/www.legistdf.gob.ar\/wp-content\/uploads\/2024\/05\/IMG_4190.jpg 1000w\" sizes=\"(max-width: 300px) 100vw, 300px\" \/><\/a>Ushuaia, jueves 2 de mayo de 2024.- Por iniciativa de la legisladora del bloque del Partido Justicialista, Mar\u00eda Victoria Vuoto se aprob\u00f3 en la \u00faltima sesi\u00f3n ordinaria, el proyecto de Resoluci\u00f3n que declara de inter\u00e9s Provincial los 55 a\u00f1os de trayectoria del <a href=\"https:\/\/cadic.conicet.gov.ar\/\" target=\"_blank\" rel=\"noopener\">Centro Austral de Investigaciones Cient\u00edficos (CADIC)<\/a>, en Tierra del Fuego. \u201cDestacamos su invaluable contribuci\u00f3n al conocimiento y al progreso de Tierra del Fuego y la Ant\u00e1rtida. Expresamos nuestro m\u00e1s profundo agradecimiento a las y los investigadores y cient\u00edficos. Su trabajo es fundamental para construir un futuro mejor y m\u00e1s prometedor para todos\u201d, expreso la Parlamentaria en los fundamentos del asunto N\u00ba 166\/24.<\/span><\/strong><\/p>\n<p>&nbsp;<\/p>\n<p><span style=\"font-family: arial, helvetica, sans-serif;font-size: 12pt\"><a href=\"https:\/\/www.legistdf.gob.ar\/wp-content\/uploads\/2024\/04\/IMG_4312.jpg\"><img loading=\"lazy\" decoding=\"async\" data-attachment-id=\"42746\" data-permalink=\"https:\/\/www.legistdf.gob.ar\/index.php\/2024\/04\/24\/galeria-imagenes-de-la-3a-sesion-ordinaria-2\/img_4312\/\" data-orig-file=\"https:\/\/www.legistdf.gob.ar\/wp-content\/uploads\/2024\/04\/IMG_4312.jpg\" data-orig-size=\"1500,1000\" data-comments-opened=\"0\" data-image-meta=\"{&quot;aperture&quot;:&quot;3.2&quot;,&quot;credit&quot;:&quot;&quot;,&quot;camera&quot;:&quot;Canon EOS 6D&quot;,&quot;caption&quot;:&quot;&quot;,&quot;created_timestamp&quot;:&quot;1713959187&quot;,&quot;copyright&quot;:&quot;&quot;,&quot;focal_length&quot;:&quot;70&quot;,&quot;iso&quot;:&quot;2000&quot;,&quot;shutter_speed&quot;:&quot;0.003125&quot;,&quot;title&quot;:&quot;&quot;,&quot;orientation&quot;:&quot;0&quot;}\" data-image-title=\"IMG_4312\" data-image-description=\"\" data-image-caption=\"\" data-medium-file=\"https:\/\/www.legistdf.gob.ar\/wp-content\/uploads\/2024\/04\/IMG_4312-300x200.jpg\" data-large-file=\"https:\/\/www.legistdf.gob.ar\/wp-content\/uploads\/2024\/04\/IMG_4312-1024x683.jpg\" class=\"alignright wp-image-42746 size-medium\" src=\"https:\/\/www.legistdf.gob.ar\/wp-content\/uploads\/2024\/04\/IMG_4312-300x200.jpg\" alt=\"\" width=\"300\" height=\"200\" srcset=\"https:\/\/www.legistdf.gob.ar\/wp-content\/uploads\/2024\/04\/IMG_4312-300x200.jpg 300w, https:\/\/www.legistdf.gob.ar\/wp-content\/uploads\/2024\/04\/IMG_4312-1024x683.jpg 1024w, https:\/\/www.legistdf.gob.ar\/wp-content\/uploads\/2024\/04\/IMG_4312-768x512.jpg 768w, https:\/\/www.legistdf.gob.ar\/wp-content\/uploads\/2024\/04\/IMG_4312-160x107.jpg 160w, https:\/\/www.legistdf.gob.ar\/wp-content\/uploads\/2024\/04\/IMG_4312.jpg 1500w\" sizes=\"(max-width: 300px) 100vw, 300px\" \/><\/a>Cabe destacar que el CADIC, que depende del <a href=\"https:\/\/www.conicet.gov.ar\/\" target=\"_blank\" rel=\"noopener\">Consejo Nacional de Investigaciones T\u00e9cnicas y Cient\u00edficas (CONITYC)<\/a> celebr\u00f3 el 9 de abril, 55 a\u00f1os de incansable labor cient\u00edfica y compromiso regional. Desde su fundaci\u00f3n en 1969, el CADIC ha sido un faro de excelencia y compromiso regional, se indica en los fundamentos de la iniciativa.<\/span><\/p>\n<p>&nbsp;<\/p>\n<p><span style=\"font-family: arial, helvetica, sans-serif;font-size: 12pt\">Las investigaciones del CADIC abarcan diversas \u00e1reas de estudio, tales como: Ciencias Biol\u00f3gicas, Agrarias, de la Tierra, el Agua y la Atm\u00f3sfera, y Ciencias Sociales. La variedad tem\u00e1tica contribuye al avance del conocimiento en problem\u00e1ticas cruciales como el cambio clim\u00e1tico, la conectividad entre ecosistemas y la dimensi\u00f3n humana de los problemas ambientales.<\/span><\/p>\n<p>&nbsp;<\/p>\n<p><span style=\"font-family: arial, helvetica, sans-serif;font-size: 12pt\">El proyecto se\u00f1ala que en la actualidad, el CADIC cuenta con un equipo de sesenta investigadores, sesenta becarios doctorales y postdoctorales, y personal t\u00e9cnico y administrativo. \u201cEsta s\u00f3lida estructura humana refleja su compromiso continuo con la excelencia cient\u00edfica y el desarrollo regional\u201d, opin\u00f3 Vuoto.<\/span><\/p>\n<p>&nbsp;<\/p>\n<p style=\"text-align: right\">ZV-NEGM<\/p>\n","protected":false},"excerpt":{"rendered":"<p>Ushuaia, jueves 2 de mayo de 2024.- Por iniciativa de la legisladora del bloque del Partido Justicialista, Mar\u00eda Victoria Vuoto se aprob\u00f3 en la \u00faltima sesi\u00f3n ordinaria, el proyecto de Resoluci\u00f3n que declara de inter\u00e9s Provincial los 55 a\u00f1os de trayectoria del Centro Austral de Investigaciones Cient\u00edficos (CADIC), en Tierra del Fuego. \u201cDestacamos su invaluable [&hellip;]<\/p>\n","protected":false},"author":352,"featured_media":42865,"comment_status":"closed","ping_status":"closed","sticky":false,"template":"","format":"standard","meta":{"jetpack_post_was_ever_published":false,"_jetpack_newsletter_access":"","_jetpack_dont_email_post_to_subs":false,"_jetpack_newsletter_tier_id":0,"footnotes":"","jetpack_publicize_message":"","jetpack_publicize_feature_enabled":true,"jetpack_social_post_already_shared":true,"jetpack_social_options":{"image_generator_settings":{"template":"highway","enabled":false}}},"categories":[1],"tags":[1262,1179,1261,117,79,87],"jetpack_publicize_connections":[],"jetpack_sharing_enabled":true,"jetpack_featured_media_url":"https:\/\/www.legistdf.gob.ar\/wp-content\/uploads\/2024\/05\/IMG_4190.jpg","jetpack-related-posts":[],"_links":{"self":[{"href":"https:\/\/www.legistdf.gob.ar\/index.php\/wp-json\/wp\/v2\/posts\/42864"}],"collection":[{"href":"https:\/\/www.legistdf.gob.ar\/index.php\/wp-json\/wp\/v2\/posts"}],"about":[{"href":"https:\/\/www.legistdf.gob.ar\/index.php\/wp-json\/wp\/v2\/types\/post"}],"author":[{"embeddable":true,"href":"https:\/\/www.legistdf.gob.ar\/index.php\/wp-json\/wp\/v2\/users\/352"}],"replies":[{"embeddable":true,"href":"https:\/\/www.legistdf.gob.ar\/index.php\/wp-json\/wp\/v2\/comments?post=42864"}],"version-history":[{"count":2,"href":"https:\/\/www.legistdf.gob.ar\/index.php\/wp-json\/wp\/v2\/posts\/42864\/revisions"}],"predecessor-version":[{"id":42867,"href":"https:\/\/www.legistdf.gob.ar\/index.php\/wp-json\/wp\/v2\/posts\/42864\/revisions\/42867"}],"wp:featuredmedia":[{"embeddable":true,"href":"https:\/\/www.legistdf.gob.ar\/index.php\/wp-json\/wp\/v2\/media\/42865"}],"wp:attachment":[{"href":"https:\/\/www.legistdf.gob.ar\/index.php\/wp-json\/wp\/v2\/media?parent=42864"}],"wp:term":[{"taxonomy":"category","embeddable":true,"href":"https:\/\/www.legistdf.gob.ar\/index.php\/wp-json\/wp\/v2\/categories?post=42864"},{"taxonomy":"post_tag","embeddable":true,"href":"https:\/\/www.legistdf.gob.ar\/index.php\/wp-json\/wp\/v2\/tags?post=42864"}],"curies":[{"name":"wp","href":"https:\/\/api.w.org\/{rel}","templated":true}]}}