{"id":42875,"date":"2024-05-03T11:49:51","date_gmt":"2024-05-03T14:49:51","guid":{"rendered":"https:\/\/www.legistdf.gob.ar\/?p=42875"},"modified":"2024-05-03T11:49:51","modified_gmt":"2024-05-03T14:49:51","slug":"seguridad-felicito-a-las-y-los-policias-de-la-provincia-por-su-identidad-y-compromiso-afirmo-urquiza","status":"publish","type":"post","link":"https:\/\/www.legistdf.gob.ar\/index.php\/2024\/05\/03\/seguridad-felicito-a-las-y-los-policias-de-la-provincia-por-su-identidad-y-compromiso-afirmo-urquiza\/","title":{"rendered":"SEGURIDAD: \u201cFelicito a las y los polic\u00edas de la Provincia por su identidad y compromiso\u201d, afirm\u00f3 Urquiza"},"content":{"rendered":"<p><span style=\"font-family: arial, helvetica, sans-serif;font-size: 14pt\"><a href=\"https:\/\/www.legistdf.gob.ar\/wp-content\/uploads\/2024\/05\/IMG_4528.jpg\"><img loading=\"lazy\" decoding=\"async\" data-attachment-id=\"42879\" data-permalink=\"https:\/\/www.legistdf.gob.ar\/index.php\/2024\/05\/03\/seguridad-felicito-a-las-y-los-policias-de-la-provincia-por-su-identidad-y-compromiso-afirmo-urquiza\/img_4528-4\/\" data-orig-file=\"https:\/\/www.legistdf.gob.ar\/wp-content\/uploads\/2024\/05\/IMG_4528.jpg\" data-orig-size=\"1500,1000\" data-comments-opened=\"0\" data-image-meta=\"{&quot;aperture&quot;:&quot;2.8&quot;,&quot;credit&quot;:&quot;&quot;,&quot;camera&quot;:&quot;Canon EOS 6D&quot;,&quot;caption&quot;:&quot;&quot;,&quot;created_timestamp&quot;:&quot;1714654161&quot;,&quot;copyright&quot;:&quot;&quot;,&quot;focal_length&quot;:&quot;57&quot;,&quot;iso&quot;:&quot;800&quot;,&quot;shutter_speed&quot;:&quot;0.02&quot;,&quot;title&quot;:&quot;&quot;,&quot;orientation&quot;:&quot;0&quot;}\" data-image-title=\"IMG_4528\" data-image-description=\"\" data-image-caption=\"\" data-medium-file=\"https:\/\/www.legistdf.gob.ar\/wp-content\/uploads\/2024\/05\/IMG_4528-300x200.jpg\" data-large-file=\"https:\/\/www.legistdf.gob.ar\/wp-content\/uploads\/2024\/05\/IMG_4528-1024x683.jpg\" class=\"alignleft wp-image-42879 size-medium\" src=\"https:\/\/www.legistdf.gob.ar\/wp-content\/uploads\/2024\/05\/IMG_4528-300x200.jpg\" alt=\"\" width=\"300\" height=\"200\" srcset=\"https:\/\/www.legistdf.gob.ar\/wp-content\/uploads\/2024\/05\/IMG_4528-300x200.jpg 300w, https:\/\/www.legistdf.gob.ar\/wp-content\/uploads\/2024\/05\/IMG_4528-1024x683.jpg 1024w, https:\/\/www.legistdf.gob.ar\/wp-content\/uploads\/2024\/05\/IMG_4528-768x512.jpg 768w, https:\/\/www.legistdf.gob.ar\/wp-content\/uploads\/2024\/05\/IMG_4528-160x107.jpg 160w, https:\/\/www.legistdf.gob.ar\/wp-content\/uploads\/2024\/05\/IMG_4528.jpg 1500w\" sizes=\"(max-width: 300px) 100vw, 300px\" \/><\/a><\/span><\/p>\n<p><strong><span style=\"font-family: arial, helvetica, sans-serif;font-size: 14pt\">Ushuaia, viernes 3 de mayo de 2024.- \u201cInvitamos a la comunidad a la exposici\u00f3n Conociendo tu polic\u00eda. Es el tercer a\u00f1o consecutivo que la realizan con el objetivo de compartir con nuestra comunidad la tarea que llevan adelante. Se trata de una instituci\u00f3n muy querida por todos\u201d, expres\u00f3 la vicegobernadora M\u00f3nica Urquiza. Fue luego de presidir el acto de apertura de la muestra, que se realiza en el marco del 139 aniversario de la Polic\u00eda de la Provincia de Tierra del Fuego y que se desarrolla hasta hoy a las 21 h. en el shopping Paseo del Fuego. Participaron la legisladora Natalia Gracian\u00eda (Republicanos); el legislador Pablo Villegas (MPF) y el jefe de la Polic\u00eda, Comisario General, lic. Jacinto Rolon.<\/span><\/strong><\/p>\n<p>&nbsp;<\/p>\n<p><span style=\"font-family: arial, helvetica, sans-serif;font-size: 12pt\"><a href=\"https:\/\/www.legistdf.gob.ar\/wp-content\/uploads\/2024\/05\/IMG_4523.jpg\"><img loading=\"lazy\" decoding=\"async\" data-attachment-id=\"42877\" data-permalink=\"https:\/\/www.legistdf.gob.ar\/index.php\/2024\/05\/03\/seguridad-felicito-a-las-y-los-policias-de-la-provincia-por-su-identidad-y-compromiso-afirmo-urquiza\/img_4523-2\/\" data-orig-file=\"https:\/\/www.legistdf.gob.ar\/wp-content\/uploads\/2024\/05\/IMG_4523.jpg\" data-orig-size=\"1500,1000\" data-comments-opened=\"0\" data-image-meta=\"{&quot;aperture&quot;:&quot;2.8&quot;,&quot;credit&quot;:&quot;&quot;,&quot;camera&quot;:&quot;Canon EOS 6D&quot;,&quot;caption&quot;:&quot;&quot;,&quot;created_timestamp&quot;:&quot;1714653856&quot;,&quot;copyright&quot;:&quot;&quot;,&quot;focal_length&quot;:&quot;24&quot;,&quot;iso&quot;:&quot;800&quot;,&quot;shutter_speed&quot;:&quot;0.02&quot;,&quot;title&quot;:&quot;&quot;,&quot;orientation&quot;:&quot;0&quot;}\" data-image-title=\"IMG_4523\" data-image-description=\"\" data-image-caption=\"\" data-medium-file=\"https:\/\/www.legistdf.gob.ar\/wp-content\/uploads\/2024\/05\/IMG_4523-300x200.jpg\" data-large-file=\"https:\/\/www.legistdf.gob.ar\/wp-content\/uploads\/2024\/05\/IMG_4523-1024x683.jpg\" class=\"alignright wp-image-42877 size-medium\" src=\"https:\/\/www.legistdf.gob.ar\/wp-content\/uploads\/2024\/05\/IMG_4523-300x200.jpg\" alt=\"\" width=\"300\" height=\"200\" srcset=\"https:\/\/www.legistdf.gob.ar\/wp-content\/uploads\/2024\/05\/IMG_4523-300x200.jpg 300w, https:\/\/www.legistdf.gob.ar\/wp-content\/uploads\/2024\/05\/IMG_4523-1024x683.jpg 1024w, https:\/\/www.legistdf.gob.ar\/wp-content\/uploads\/2024\/05\/IMG_4523-768x512.jpg 768w, https:\/\/www.legistdf.gob.ar\/wp-content\/uploads\/2024\/05\/IMG_4523-160x107.jpg 160w, https:\/\/www.legistdf.gob.ar\/wp-content\/uploads\/2024\/05\/IMG_4523.jpg 1500w\" sizes=\"(max-width: 300px) 100vw, 300px\" \/><\/a>La m\u00e1xima autoridad de la C\u00e1mara, recorri\u00f3 los stands organizados por las diferentes \u00e1reas de la Fuerza, tales como: Delitos Complejos, divisi\u00f3n de Comunicaciones, Documentaci\u00f3n e Identificaci\u00f3n policial, Servicios Especiales, comisar\u00eda de G\u00e9nero y Familia, entre otros. Tambi\u00e9n participaron, la divisi\u00f3n de Bomberos de R\u00edo Grande y la secci\u00f3n Brigada Rural Tolhuin.<\/span><\/p>\n<p>&nbsp;<\/p>\n<p><span style=\"font-family: arial, helvetica, sans-serif;font-size: 12pt\">\u201cInvito a todos los vecinos y vecinas, a recorrer la muestra, para conocer cu\u00e1les son las tareas que lleva adelante la Polic\u00eda Provincial. Los cambios tecnol\u00f3gicos conforman un eje a destacar que se suma a sus jornadas laborales\u201d, dijo en di\u00e1logo con la prensa.<\/span><\/p>\n<p>&nbsp;<\/p>\n<p><span style=\"font-family: arial, helvetica, sans-serif;font-size: 12pt\">En tanto, destac\u00f3 la \u201cproximidad\u201d que la comunidad posee para con la Instituci\u00f3n y este tipo de eventos reconfirman esa premisa. En ese sentido, se espera una amplia concurrencia de las y los vecinos de la capital. Hay que destacar que en el segundo piso del shopping, se ubica otro espacio donde el personal policial expone acerca de c\u00f3mo act\u00faan en escenas de cr\u00edmenes, accidentes de tr\u00e1nsito y hechos de falsificaciones.<\/span><\/p>\n<p>&nbsp;<\/p>\n<p><span style=\"font-family: arial, helvetica, sans-serif;font-size: 12pt\">Respecto al crecimiento profesional que se genera en el Fuerza, Urquiza se\u00f1al\u00f3 la capacitaci\u00f3n y la profesionalizaci\u00f3n de los agentes, y menci\u00f3n especial hizo acerca del funcionamiento de la Escuela de Polic\u00eda. \u201cDurante los \u00faltimos a\u00f1os se viene haciendo un gran trabajo junto al Ministerio de Educaci\u00f3n y la Universidad Nacional de Tierra del Fuego (UNTDF), con el objetivo de formarlos en la licenciatura en Seguridad\u201d, puntualiz\u00f3.<\/span><\/p>\n<p>&nbsp;<\/p>\n<p style=\"text-align: right\"><em>ZV-AT<\/em><\/p>\n\n\t\t<style type=\"text\/css\">\n\t\t\t#gallery-1 {\n\t\t\t\tmargin: auto;\n\t\t\t}\n\t\t\t#gallery-1 .gallery-item {\n\t\t\t\tfloat: left;\n\t\t\t\tmargin-top: 10px;\n\t\t\t\ttext-align: center;\n\t\t\t\twidth: 20%;\n\t\t\t}\n\t\t\t#gallery-1 img {\n\t\t\t\tborder: 2px solid #cfcfcf;\n\t\t\t}\n\t\t\t#gallery-1 .gallery-caption {\n\t\t\t\tmargin-left: 0;\n\t\t\t}\n\t\t\t\/* see gallery_shortcode() in wp-includes\/media.php *\/\n\t\t<\/style>\n\t\t<div data-carousel-extra='{\"blog_id\":1,\"permalink\":\"https:\\\/\\\/www.legistdf.gob.ar\\\/index.php\\\/2024\\\/05\\\/03\\\/seguridad-felicito-a-las-y-los-policias-de-la-provincia-por-su-identidad-y-compromiso-afirmo-urquiza\\\/\"}' id='gallery-1' class='gallery galleryid-42875 gallery-columns-5 gallery-size-thumbnail'><dl class='gallery-item'>\n\t\t\t<dt class='gallery-icon landscape'>\n\t\t\t\t<a href='https:\/\/www.legistdf.gob.ar\/index.php\/2024\/05\/03\/seguridad-felicito-a-las-y-los-policias-de-la-provincia-por-su-identidad-y-compromiso-afirmo-urquiza\/img_4504-3\/'><img loading=\"lazy\" decoding=\"async\" width=\"150\" height=\"150\" src=\"https:\/\/www.legistdf.gob.ar\/wp-content\/uploads\/2024\/05\/IMG_4504-150x150.jpg\" class=\"attachment-thumbnail size-thumbnail\" alt=\"\" srcset=\"https:\/\/www.legistdf.gob.ar\/wp-content\/uploads\/2024\/05\/IMG_4504-150x150.jpg 150w, https:\/\/www.legistdf.gob.ar\/wp-content\/uploads\/2024\/05\/IMG_4504-64x64.jpg 64w\" sizes=\"(max-width: 150px) 100vw, 150px\" data-attachment-id=\"42876\" data-permalink=\"https:\/\/www.legistdf.gob.ar\/index.php\/2024\/05\/03\/seguridad-felicito-a-las-y-los-policias-de-la-provincia-por-su-identidad-y-compromiso-afirmo-urquiza\/img_4504-3\/\" data-orig-file=\"https:\/\/www.legistdf.gob.ar\/wp-content\/uploads\/2024\/05\/IMG_4504.jpg\" data-orig-size=\"1500,1000\" data-comments-opened=\"0\" data-image-meta=\"{&quot;aperture&quot;:&quot;2.8&quot;,&quot;credit&quot;:&quot;&quot;,&quot;camera&quot;:&quot;Canon EOS 6D&quot;,&quot;caption&quot;:&quot;&quot;,&quot;created_timestamp&quot;:&quot;1714652986&quot;,&quot;copyright&quot;:&quot;&quot;,&quot;focal_length&quot;:&quot;24&quot;,&quot;iso&quot;:&quot;800&quot;,&quot;shutter_speed&quot;:&quot;0.016666666666667&quot;,&quot;title&quot;:&quot;&quot;,&quot;orientation&quot;:&quot;0&quot;}\" data-image-title=\"IMG_4504\" data-image-description=\"\" data-image-caption=\"\" data-medium-file=\"https:\/\/www.legistdf.gob.ar\/wp-content\/uploads\/2024\/05\/IMG_4504-300x200.jpg\" data-large-file=\"https:\/\/www.legistdf.gob.ar\/wp-content\/uploads\/2024\/05\/IMG_4504-1024x683.jpg\" \/><\/a>\n\t\t\t<\/dt><\/dl><dl class='gallery-item'>\n\t\t\t<dt class='gallery-icon landscape'>\n\t\t\t\t<a href='https:\/\/www.legistdf.gob.ar\/index.php\/2024\/05\/03\/seguridad-felicito-a-las-y-los-policias-de-la-provincia-por-su-identidad-y-compromiso-afirmo-urquiza\/img_4523-2\/'><img loading=\"lazy\" decoding=\"async\" width=\"150\" height=\"150\" src=\"https:\/\/www.legistdf.gob.ar\/wp-content\/uploads\/2024\/05\/IMG_4523-150x150.jpg\" class=\"attachment-thumbnail size-thumbnail\" alt=\"\" srcset=\"https:\/\/www.legistdf.gob.ar\/wp-content\/uploads\/2024\/05\/IMG_4523-150x150.jpg 150w, https:\/\/www.legistdf.gob.ar\/wp-content\/uploads\/2024\/05\/IMG_4523-64x64.jpg 64w\" sizes=\"(max-width: 150px) 100vw, 150px\" data-attachment-id=\"42877\" data-permalink=\"https:\/\/www.legistdf.gob.ar\/index.php\/2024\/05\/03\/seguridad-felicito-a-las-y-los-policias-de-la-provincia-por-su-identidad-y-compromiso-afirmo-urquiza\/img_4523-2\/\" data-orig-file=\"https:\/\/www.legistdf.gob.ar\/wp-content\/uploads\/2024\/05\/IMG_4523.jpg\" data-orig-size=\"1500,1000\" data-comments-opened=\"0\" data-image-meta=\"{&quot;aperture&quot;:&quot;2.8&quot;,&quot;credit&quot;:&quot;&quot;,&quot;camera&quot;:&quot;Canon EOS 6D&quot;,&quot;caption&quot;:&quot;&quot;,&quot;created_timestamp&quot;:&quot;1714653856&quot;,&quot;copyright&quot;:&quot;&quot;,&quot;focal_length&quot;:&quot;24&quot;,&quot;iso&quot;:&quot;800&quot;,&quot;shutter_speed&quot;:&quot;0.02&quot;,&quot;title&quot;:&quot;&quot;,&quot;orientation&quot;:&quot;0&quot;}\" data-image-title=\"IMG_4523\" data-image-description=\"\" data-image-caption=\"\" data-medium-file=\"https:\/\/www.legistdf.gob.ar\/wp-content\/uploads\/2024\/05\/IMG_4523-300x200.jpg\" data-large-file=\"https:\/\/www.legistdf.gob.ar\/wp-content\/uploads\/2024\/05\/IMG_4523-1024x683.jpg\" \/><\/a>\n\t\t\t<\/dt><\/dl><dl class='gallery-item'>\n\t\t\t<dt class='gallery-icon landscape'>\n\t\t\t\t<a href='https:\/\/www.legistdf.gob.ar\/index.php\/2024\/05\/03\/seguridad-felicito-a-las-y-los-policias-de-la-provincia-por-su-identidad-y-compromiso-afirmo-urquiza\/img_4524\/'><img loading=\"lazy\" decoding=\"async\" width=\"150\" height=\"150\" src=\"https:\/\/www.legistdf.gob.ar\/wp-content\/uploads\/2024\/05\/IMG_4524-150x150.jpg\" class=\"attachment-thumbnail size-thumbnail\" alt=\"\" srcset=\"https:\/\/www.legistdf.gob.ar\/wp-content\/uploads\/2024\/05\/IMG_4524-150x150.jpg 150w, https:\/\/www.legistdf.gob.ar\/wp-content\/uploads\/2024\/05\/IMG_4524-64x64.jpg 64w\" sizes=\"(max-width: 150px) 100vw, 150px\" data-attachment-id=\"42878\" data-permalink=\"https:\/\/www.legistdf.gob.ar\/index.php\/2024\/05\/03\/seguridad-felicito-a-las-y-los-policias-de-la-provincia-por-su-identidad-y-compromiso-afirmo-urquiza\/img_4524\/\" data-orig-file=\"https:\/\/www.legistdf.gob.ar\/wp-content\/uploads\/2024\/05\/IMG_4524.jpg\" data-orig-size=\"1500,1000\" data-comments-opened=\"0\" data-image-meta=\"{&quot;aperture&quot;:&quot;2.8&quot;,&quot;credit&quot;:&quot;&quot;,&quot;camera&quot;:&quot;Canon EOS 6D&quot;,&quot;caption&quot;:&quot;&quot;,&quot;created_timestamp&quot;:&quot;1714653868&quot;,&quot;copyright&quot;:&quot;&quot;,&quot;focal_length&quot;:&quot;24&quot;,&quot;iso&quot;:&quot;800&quot;,&quot;shutter_speed&quot;:&quot;0.02&quot;,&quot;title&quot;:&quot;&quot;,&quot;orientation&quot;:&quot;0&quot;}\" data-image-title=\"IMG_4524\" data-image-description=\"\" data-image-caption=\"\" data-medium-file=\"https:\/\/www.legistdf.gob.ar\/wp-content\/uploads\/2024\/05\/IMG_4524-300x200.jpg\" data-large-file=\"https:\/\/www.legistdf.gob.ar\/wp-content\/uploads\/2024\/05\/IMG_4524-1024x683.jpg\" \/><\/a>\n\t\t\t<\/dt><\/dl><dl class='gallery-item'>\n\t\t\t<dt class='gallery-icon landscape'>\n\t\t\t\t<a href='https:\/\/www.legistdf.gob.ar\/index.php\/2024\/05\/03\/seguridad-felicito-a-las-y-los-policias-de-la-provincia-por-su-identidad-y-compromiso-afirmo-urquiza\/img_4528-4\/'><img loading=\"lazy\" decoding=\"async\" width=\"150\" height=\"150\" src=\"https:\/\/www.legistdf.gob.ar\/wp-content\/uploads\/2024\/05\/IMG_4528-150x150.jpg\" class=\"attachment-thumbnail size-thumbnail\" alt=\"\" srcset=\"https:\/\/www.legistdf.gob.ar\/wp-content\/uploads\/2024\/05\/IMG_4528-150x150.jpg 150w, https:\/\/www.legistdf.gob.ar\/wp-content\/uploads\/2024\/05\/IMG_4528-64x64.jpg 64w\" sizes=\"(max-width: 150px) 100vw, 150px\" data-attachment-id=\"42879\" data-permalink=\"https:\/\/www.legistdf.gob.ar\/index.php\/2024\/05\/03\/seguridad-felicito-a-las-y-los-policias-de-la-provincia-por-su-identidad-y-compromiso-afirmo-urquiza\/img_4528-4\/\" data-orig-file=\"https:\/\/www.legistdf.gob.ar\/wp-content\/uploads\/2024\/05\/IMG_4528.jpg\" data-orig-size=\"1500,1000\" data-comments-opened=\"0\" data-image-meta=\"{&quot;aperture&quot;:&quot;2.8&quot;,&quot;credit&quot;:&quot;&quot;,&quot;camera&quot;:&quot;Canon EOS 6D&quot;,&quot;caption&quot;:&quot;&quot;,&quot;created_timestamp&quot;:&quot;1714654161&quot;,&quot;copyright&quot;:&quot;&quot;,&quot;focal_length&quot;:&quot;57&quot;,&quot;iso&quot;:&quot;800&quot;,&quot;shutter_speed&quot;:&quot;0.02&quot;,&quot;title&quot;:&quot;&quot;,&quot;orientation&quot;:&quot;0&quot;}\" data-image-title=\"IMG_4528\" data-image-description=\"\" data-image-caption=\"\" data-medium-file=\"https:\/\/www.legistdf.gob.ar\/wp-content\/uploads\/2024\/05\/IMG_4528-300x200.jpg\" data-large-file=\"https:\/\/www.legistdf.gob.ar\/wp-content\/uploads\/2024\/05\/IMG_4528-1024x683.jpg\" \/><\/a>\n\t\t\t<\/dt><\/dl><dl class='gallery-item'>\n\t\t\t<dt class='gallery-icon landscape'>\n\t\t\t\t<a href='https:\/\/www.legistdf.gob.ar\/index.php\/2024\/05\/03\/seguridad-felicito-a-las-y-los-policias-de-la-provincia-por-su-identidad-y-compromiso-afirmo-urquiza\/img_4541\/'><img loading=\"lazy\" decoding=\"async\" width=\"150\" height=\"150\" src=\"https:\/\/www.legistdf.gob.ar\/wp-content\/uploads\/2024\/05\/IMG_4541-150x150.jpg\" class=\"attachment-thumbnail size-thumbnail\" alt=\"\" srcset=\"https:\/\/www.legistdf.gob.ar\/wp-content\/uploads\/2024\/05\/IMG_4541-150x150.jpg 150w, https:\/\/www.legistdf.gob.ar\/wp-content\/uploads\/2024\/05\/IMG_4541-64x64.jpg 64w\" sizes=\"(max-width: 150px) 100vw, 150px\" data-attachment-id=\"42880\" data-permalink=\"https:\/\/www.legistdf.gob.ar\/index.php\/2024\/05\/03\/seguridad-felicito-a-las-y-los-policias-de-la-provincia-por-su-identidad-y-compromiso-afirmo-urquiza\/img_4541\/\" data-orig-file=\"https:\/\/www.legistdf.gob.ar\/wp-content\/uploads\/2024\/05\/IMG_4541.jpg\" data-orig-size=\"1500,1000\" data-comments-opened=\"0\" data-image-meta=\"{&quot;aperture&quot;:&quot;2.8&quot;,&quot;credit&quot;:&quot;&quot;,&quot;camera&quot;:&quot;Canon EOS 6D&quot;,&quot;caption&quot;:&quot;&quot;,&quot;created_timestamp&quot;:&quot;1714655071&quot;,&quot;copyright&quot;:&quot;&quot;,&quot;focal_length&quot;:&quot;24&quot;,&quot;iso&quot;:&quot;800&quot;,&quot;shutter_speed&quot;:&quot;0.01&quot;,&quot;title&quot;:&quot;&quot;,&quot;orientation&quot;:&quot;0&quot;}\" data-image-title=\"IMG_4541\" data-image-description=\"\" data-image-caption=\"\" data-medium-file=\"https:\/\/www.legistdf.gob.ar\/wp-content\/uploads\/2024\/05\/IMG_4541-300x200.jpg\" data-large-file=\"https:\/\/www.legistdf.gob.ar\/wp-content\/uploads\/2024\/05\/IMG_4541-1024x683.jpg\" \/><\/a>\n\t\t\t<\/dt><\/dl><br style=\"clear: both\" \/>\n\t\t<\/div>\n\n","protected":false},"excerpt":{"rendered":"<p>Ushuaia, viernes 3 de mayo de 2024.- \u201cInvitamos a la comunidad a la exposici\u00f3n Conociendo tu polic\u00eda. Es el tercer a\u00f1o consecutivo que la realizan con el objetivo de compartir con nuestra comunidad la tarea que llevan adelante. Se trata de una instituci\u00f3n muy querida por todos\u201d, expres\u00f3 la vicegobernadora M\u00f3nica Urquiza. Fue luego de [&hellip;]<\/p>\n","protected":false},"author":352,"featured_media":42879,"comment_status":"closed","ping_status":"closed","sticky":false,"template":"","format":"standard","meta":{"jetpack_post_was_ever_published":false,"_jetpack_newsletter_access":"","_jetpack_dont_email_post_to_subs":false,"_jetpack_newsletter_tier_id":0,"footnotes":"","jetpack_publicize_message":"","jetpack_publicize_feature_enabled":true,"jetpack_social_post_already_shared":true,"jetpack_social_options":{"image_generator_settings":{"template":"highway","enabled":false}}},"categories":[1],"tags":[778,144,740,3221,106,1376,87],"jetpack_publicize_connections":[],"jetpack_sharing_enabled":true,"jetpack_featured_media_url":"https:\/\/www.legistdf.gob.ar\/wp-content\/uploads\/2024\/05\/IMG_4528.jpg","jetpack-related-posts":[],"_links":{"self":[{"href":"https:\/\/www.legistdf.gob.ar\/index.php\/wp-json\/wp\/v2\/posts\/42875"}],"collection":[{"href":"https:\/\/www.legistdf.gob.ar\/index.php\/wp-json\/wp\/v2\/posts"}],"about":[{"href":"https:\/\/www.legistdf.gob.ar\/index.php\/wp-json\/wp\/v2\/types\/post"}],"author":[{"embeddable":true,"href":"https:\/\/www.legistdf.gob.ar\/index.php\/wp-json\/wp\/v2\/users\/352"}],"replies":[{"embeddable":true,"href":"https:\/\/www.legistdf.gob.ar\/index.php\/wp-json\/wp\/v2\/comments?post=42875"}],"version-history":[{"count":1,"href":"https:\/\/www.legistdf.gob.ar\/index.php\/wp-json\/wp\/v2\/posts\/42875\/revisions"}],"predecessor-version":[{"id":42882,"href":"https:\/\/www.legistdf.gob.ar\/index.php\/wp-json\/wp\/v2\/posts\/42875\/revisions\/42882"}],"wp:featuredmedia":[{"embeddable":true,"href":"https:\/\/www.legistdf.gob.ar\/index.php\/wp-json\/wp\/v2\/media\/42879"}],"wp:attachment":[{"href":"https:\/\/www.legistdf.gob.ar\/index.php\/wp-json\/wp\/v2\/media?parent=42875"}],"wp:term":[{"taxonomy":"category","embeddable":true,"href":"https:\/\/www.legistdf.gob.ar\/index.php\/wp-json\/wp\/v2\/categories?post=42875"},{"taxonomy":"post_tag","embeddable":true,"href":"https:\/\/www.legistdf.gob.ar\/index.php\/wp-json\/wp\/v2\/tags?post=42875"}],"curies":[{"name":"wp","href":"https:\/\/api.w.org\/{rel}","templated":true}]}}