{"id":42907,"date":"2024-05-06T09:12:31","date_gmt":"2024-05-06T12:12:31","guid":{"rendered":"https:\/\/www.legistdf.gob.ar\/?p=42907"},"modified":"2024-05-06T09:59:25","modified_gmt":"2024-05-06T12:59:25","slug":"justicia-la-comision-no-6-llama-a-renovar-integrantes-del-comite-contra-la-tortura","status":"publish","type":"post","link":"https:\/\/www.legistdf.gob.ar\/index.php\/2024\/05\/06\/justicia-la-comision-no-6-llama-a-renovar-integrantes-del-comite-contra-la-tortura\/","title":{"rendered":"JUSTICIA: La Comisi\u00f3n N\u00ba 6 llama a renovar integrantes del Comit\u00e9 contra la Tortura"},"content":{"rendered":"<p><strong><span style=\"font-family: arial, helvetica, sans-serif;font-size: 14pt\"><a href=\"https:\/\/www.legistdf.gob.ar\/wp-content\/uploads\/2024\/03\/IMG_3122.jpg\"><img loading=\"lazy\" decoding=\"async\" data-attachment-id=\"42264\" data-permalink=\"https:\/\/www.legistdf.gob.ar\/index.php\/2024\/03\/25\/galeria-imagenes-2a-sesion-ordinaria\/img_3122-3\/\" data-orig-file=\"https:\/\/www.legistdf.gob.ar\/wp-content\/uploads\/2024\/03\/IMG_3122.jpg\" data-orig-size=\"1500,1000\" data-comments-opened=\"0\" data-image-meta=\"{&quot;aperture&quot;:&quot;3.5&quot;,&quot;credit&quot;:&quot;&quot;,&quot;camera&quot;:&quot;Canon EOS 6D&quot;,&quot;caption&quot;:&quot;&quot;,&quot;created_timestamp&quot;:&quot;1711364902&quot;,&quot;copyright&quot;:&quot;&quot;,&quot;focal_length&quot;:&quot;35&quot;,&quot;iso&quot;:&quot;400&quot;,&quot;shutter_speed&quot;:&quot;0.02&quot;,&quot;title&quot;:&quot;&quot;,&quot;orientation&quot;:&quot;0&quot;}\" data-image-title=\"IMG_3122\" data-image-description=\"\" data-image-caption=\"\" data-medium-file=\"https:\/\/www.legistdf.gob.ar\/wp-content\/uploads\/2024\/03\/IMG_3122-300x200.jpg\" data-large-file=\"https:\/\/www.legistdf.gob.ar\/wp-content\/uploads\/2024\/03\/IMG_3122-1024x683.jpg\" class=\"alignleft wp-image-42264 size-medium\" src=\"https:\/\/www.legistdf.gob.ar\/wp-content\/uploads\/2024\/03\/IMG_3122-300x200.jpg\" alt=\"\" width=\"300\" height=\"200\" srcset=\"https:\/\/www.legistdf.gob.ar\/wp-content\/uploads\/2024\/03\/IMG_3122-300x200.jpg 300w, https:\/\/www.legistdf.gob.ar\/wp-content\/uploads\/2024\/03\/IMG_3122-1024x683.jpg 1024w, https:\/\/www.legistdf.gob.ar\/wp-content\/uploads\/2024\/03\/IMG_3122-768x512.jpg 768w, https:\/\/www.legistdf.gob.ar\/wp-content\/uploads\/2024\/03\/IMG_3122-160x107.jpg 160w, https:\/\/www.legistdf.gob.ar\/wp-content\/uploads\/2024\/03\/IMG_3122.jpg 1500w\" sizes=\"(max-width: 300px) 100vw, 300px\" \/><\/a>Ushuaia, lunes 6 de mayo de 2024.- En el marco del art\u00edculo N\u00ba 13 de la Ley provincial N\u00ba 857, la legisladora Natalia Gracian\u00eda (R) convoca \u201cpara la inscripci\u00f3n en el Registro Provincial\u201d con miras a la renovaci\u00f3n de los integrantes del Comit\u00e9 de Evaluaci\u00f3n del Seguimiento y Aplicaci\u00f3n de la Convenci\u00f3n contra la Tortura y otros Tratos o Penas Crueles, Inhumanos o Degradantes. La presentaci\u00f3n de antecedentes y documentaci\u00f3n se recepcionar\u00e1n hasta el 31 de mayo pr\u00f3ximo.<\/span><\/strong><\/p>\n<p>&nbsp;<\/p>\n<p><span style=\"font-family: arial, helvetica, sans-serif;font-size: 12pt\">La Comisi\u00f3n de Justicia N\u00ba 6 de la Legislatura Provincial \u201cacreditar\u00e1 a las organizaciones que re\u00fanan los requisitos exigidos en el art\u00edculo 4\u00ba: El Comit\u00e9 estar\u00e1 integrado por tres representantes de organizaciones de Derechos Humanos que demuestren experiencia y conocimiento del tema y que no se hayan desempe\u00f1ado como funcionarios pol\u00edticos en el curso de los \u00faltimos dos a\u00f1os. Los integrantes de organizaciones de Derechos Humanos ser\u00e1n a propuesta por las mismas y aprobados por la mayor\u00eda de los miembros de la Comisi\u00f3n Permanente de Asesoramiento N\u00b0 6\u201d, se\u00f1ala la convocatoria.<\/span><\/p>\n<p>&nbsp;<\/p>\n<p><span style=\"font-family: arial, helvetica, sans-serif;font-size: 12pt\">Adem\u00e1s, agregan que \u201ctodos los integrantes del Comit\u00e9 deber\u00e1n poseer una reconocida trayectoria en la promoci\u00f3n y protecci\u00f3n de los Derechos Humanos, excepto los representantes del Poder Legislativo\u201d y recuerdan que permanecer\u00e1n en sus funciones por dos a\u00f1os \u201cy podr\u00e1n ser renovables\u201d.<\/span><\/p>\n<p>&nbsp;<\/p>\n<p><span style=\"font-family: arial, helvetica, sans-serif;font-size: 12pt\">Para postularse, las organizaciones deber\u00e1n presentar un miembro titular y uno suplente; y acreditar los antecedentes que posean en la materia con al menos un a\u00f1o de experiencia.<\/span><\/p>\n<p>&nbsp;<\/p>\n<p><span style=\"font-family: arial, helvetica, sans-serif;font-size: 12pt\">\u201cLa presentaci\u00f3n de antecedentes y documentaci\u00f3n ser\u00e1 hasta el 31 de mayo de 2024 inclusive, en forma presencial en Mesa de Entradas de la Secretar\u00eda Legislativa de la Legislatura Provincial, situada en la calle San Mart\u00edn 1441 y en forma remota al correo electr\u00f3nico comisiones@legistdf.gob.ar, con asunto: \u201cREGISTRO ONGS DE DERECHOS HUMANOS, LEY PROVINCIAL 857\u201d.<\/span><\/p>\n<p>&nbsp;<\/p>\n<p style=\"text-align: center\"><strong><span style=\"font-family: arial, helvetica, sans-serif;font-size: 12pt\">CONVOCATORIA<\/span><\/strong><\/p>\n<p>&nbsp;<\/p>\n<p><span style=\"font-family: arial, helvetica, sans-serif;font-size: 12pt\"><strong>COMISI\u00d3N PERMANENTE DE ASESORAMIENTO N\u00ba 6 DE LA LEGISLATURA PROVINCIAL, DE JUSTICIA Y SEGURIDAD, RELACIONES INSTITUCIONALES, SEGUIMIENTO LEGISLATIVO Y DERECHOS HUMANOS<\/strong><\/span><\/p>\n<p><span style=\"font-family: arial, helvetica, sans-serif;font-size: 12pt\"><strong>INSCRIPCI\u00d3N PROVINCIAL DE ORGANIZACIONES DE DERECHOS HUMANOS EN LA PROVINCIA PARA REGISTRO LEY PROVINCIAL 857<\/strong><\/span><\/p>\n<p style=\"text-align: center\"><span style=\"font-family: arial, helvetica, sans-serif;font-size: 12pt\"><strong>CONVOCATORIA ABIERTA<\/strong><\/span><\/p>\n<p><span style=\"font-family: arial, helvetica, sans-serif;font-size: 12pt\">POR 5 D\u00cdAS &#8211; Se convoca a<strong> Organizaciones de Derechos Humanos,<\/strong> conforme el art\u00edculo 13 de la Ley provincial 857, para la INSCRIPCION en el Registro Provincial a los efectos de renovar los integrantes del Comit\u00e9 de Evaluaci\u00f3n del Seguimiento y Aplicaci\u00f3n de la Convenci\u00f3n contra la Tortura y otros Tratos o Penas Crueles, Inhumanos o Degradantes. La Comisi\u00f3n N\u00ba 6 de la Legislatura Provincial acreditar\u00e1 a las organizaciones que re\u00fanan los requisitos exigidos en el art\u00edculo 4\u00ba:<\/span><\/p>\n<p><span style=\"font-family: arial, helvetica, sans-serif;font-size: 12pt\">\u201cEl Comit\u00e9 estar\u00e1 integrado por tres (3) representantes de organizaciones de Derechos Humanos que demuestren experiencia y conocimiento del tema y que no se hayan desempe\u00f1ado como funcionarios pol\u00edticos en el curso de los \u00faltimos dos (2) a\u00f1os (\u2026) Los integrantes de organizaciones de Derechos Humanos ser\u00e1n a propuesta por las mismas y aprobados por la mayor\u00eda de los miembros de la Comisi\u00f3n Permanente de Asesoramiento N\u00b0 6.<\/span><\/p>\n<p><span style=\"font-family: arial, helvetica, sans-serif;font-size: 12pt\"><strong>Todos los integrantes del Comit\u00e9 deber\u00e1n poseer una reconocida trayectoria en la promoci\u00f3n y protecci\u00f3n de los Derechos Humanos, excepto los representantes del Poder Legislativo. Durar\u00e1n dos (2) a\u00f1os en sus funciones y podr\u00e1n ser renovables.\u201d.<\/strong><\/span><\/p>\n<p><span style=\"font-family: arial, helvetica, sans-serif;font-size: 12pt\">Las organizaciones que efect\u00faen postulaciones deber\u00e1n hacerlo con un (1) miembro\u00a0 Titular y un (1) miembro Suplente; y acreditar los antecedentes que posean en la materia con al menos un (1) a\u00f1o de experiencia.<\/span><\/p>\n<p><span style=\"font-family: arial, helvetica, sans-serif;font-size: 12pt\">La presentaci\u00f3n de antecedentes y documentaci\u00f3n ser\u00e1 HASTA EL 31 DE MAYO DE 2024 inclusive, en forma presencial en Mesa de Entradas de la Secretar\u00eda Legislativa de la Legislatura Provincial, situada en la calle San Mart\u00edn 1441 y en forma digital al mail comisiones@legistdf.gob.ar, ASUNTO: \u201cREGISTRO ONGS DE DERECHOS HUMANOS, LEY PROVINCIAL 857\u201d .\u00a0<\/span><\/p>\n<p style=\"text-align: right\"><span style=\"font-family: arial, helvetica, sans-serif;font-size: 12pt\"><strong>Ushuaia, 02 de mayo de 2024.-<\/strong><\/span><\/p>\n","protected":false},"excerpt":{"rendered":"<p>Ushuaia, lunes 6 de mayo de 2024.- En el marco del art\u00edculo N\u00ba 13 de la Ley provincial N\u00ba 857, la legisladora Natalia Gracian\u00eda (R) convoca \u201cpara la inscripci\u00f3n en el Registro Provincial\u201d con miras a la renovaci\u00f3n de los integrantes del Comit\u00e9 de Evaluaci\u00f3n del Seguimiento y Aplicaci\u00f3n de la Convenci\u00f3n contra la Tortura [&hellip;]<\/p>\n","protected":false},"author":352,"featured_media":42264,"comment_status":"closed","ping_status":"closed","sticky":false,"template":"","format":"standard","meta":{"jetpack_post_was_ever_published":false,"_jetpack_newsletter_access":"","_jetpack_dont_email_post_to_subs":false,"_jetpack_newsletter_tier_id":0,"footnotes":"","jetpack_publicize_message":"","jetpack_publicize_feature_enabled":true,"jetpack_social_post_already_shared":true,"jetpack_social_options":{"image_generator_settings":{"template":"highway","enabled":false}}},"categories":[1],"tags":[2652,162,78,3221,79,87],"jetpack_publicize_connections":[],"jetpack_sharing_enabled":true,"jetpack_featured_media_url":"https:\/\/www.legistdf.gob.ar\/wp-content\/uploads\/2024\/03\/IMG_3122.jpg","jetpack-related-posts":[],"_links":{"self":[{"href":"https:\/\/www.legistdf.gob.ar\/index.php\/wp-json\/wp\/v2\/posts\/42907"}],"collection":[{"href":"https:\/\/www.legistdf.gob.ar\/index.php\/wp-json\/wp\/v2\/posts"}],"about":[{"href":"https:\/\/www.legistdf.gob.ar\/index.php\/wp-json\/wp\/v2\/types\/post"}],"author":[{"embeddable":true,"href":"https:\/\/www.legistdf.gob.ar\/index.php\/wp-json\/wp\/v2\/users\/352"}],"replies":[{"embeddable":true,"href":"https:\/\/www.legistdf.gob.ar\/index.php\/wp-json\/wp\/v2\/comments?post=42907"}],"version-history":[{"count":2,"href":"https:\/\/www.legistdf.gob.ar\/index.php\/wp-json\/wp\/v2\/posts\/42907\/revisions"}],"predecessor-version":[{"id":42917,"href":"https:\/\/www.legistdf.gob.ar\/index.php\/wp-json\/wp\/v2\/posts\/42907\/revisions\/42917"}],"wp:featuredmedia":[{"embeddable":true,"href":"https:\/\/www.legistdf.gob.ar\/index.php\/wp-json\/wp\/v2\/media\/42264"}],"wp:attachment":[{"href":"https:\/\/www.legistdf.gob.ar\/index.php\/wp-json\/wp\/v2\/media?parent=42907"}],"wp:term":[{"taxonomy":"category","embeddable":true,"href":"https:\/\/www.legistdf.gob.ar\/index.php\/wp-json\/wp\/v2\/categories?post=42907"},{"taxonomy":"post_tag","embeddable":true,"href":"https:\/\/www.legistdf.gob.ar\/index.php\/wp-json\/wp\/v2\/tags?post=42907"}],"curies":[{"name":"wp","href":"https:\/\/api.w.org\/{rel}","templated":true}]}}