{"id":43020,"date":"2024-05-15T14:01:11","date_gmt":"2024-05-15T17:01:11","guid":{"rendered":"https:\/\/www.legistdf.gob.ar\/?p=43020"},"modified":"2024-05-15T14:01:11","modified_gmt":"2024-05-15T17:01:11","slug":"legislatura-la-comision-3-informo-la-agenda-de-manana-2","status":"publish","type":"post","link":"https:\/\/www.legistdf.gob.ar\/index.php\/2024\/05\/15\/legislatura-la-comision-3-informo-la-agenda-de-manana-2\/","title":{"rendered":"LEGISLATURA: La Comisi\u00f3n 3 inform\u00f3 la agenda de ma\u00f1ana"},"content":{"rendered":"<p><span style=\"font-family: arial, helvetica, sans-serif;font-size: 14pt\"><strong>Ushuaia, mi\u00e9rcoles 15 de mayo de 2024.- Mediante memorando 023\/24, la presidenta de la Comisi\u00f3n de Recursos Naturales N\u00b0 3, Mar\u00eda Laura Colazo (PV), convoc\u00f3 a un encuentro de la mesa de an\u00e1lisis y debate, la que se desarrollar\u00e1 ma\u00f1ana jueves 16 de mayo a las 11, en el sal\u00f3n de Comisiones de la Legislatura.<\/strong><\/span><\/p>\n<p>&nbsp;<\/p>\n<p><span style=\"font-family: arial, helvetica, sans-serif;font-size: 12pt\">Entre los temas a tratar se destacan los siguientes asuntos del Partido Verde (PV): <a href=\"https:\/\/www.legistdf.gob.ar\/lp\/novedadesip\/Asuntos%20Entrados%202023\/As.%20N%BA%20071-23.pdf\" target=\"_blank\" rel=\"noopener\">071\/23<\/a> sobre el proyecto de resoluci\u00f3n declarando de Inter\u00e9s Provincial el mapa hipsom\u00e9trico del extremo oriental de la lsla Grande de Tierra del Fuego publicado por la Asociaci\u00f3n Civil Conservaci\u00f3n de Pen\u00ednsula Mitre. El <a href=\"https:\/\/www.legistdf.gob.ar\/lp\/novedadesip\/Asuntos%20Entrados%202024\/As.%20N%BA%20145-24.pdf\" target=\"_blank\" rel=\"noopener\">asunto 145\/24<\/a> proyecto de Ley prorrogando el art\u00edculo 7 de la <a href=\"http:\/\/200.41.191.125:134\/index.php\/1955-emergencia-ambiental-por-incendios-forestales-declaracion\" target=\"_blank\" rel=\"noopener\">Ley Provincial N\u00b0 1457<\/a> que declara la Emergencia Ambiental por Incendios Forestales: Declaraci\u00f3n.<\/span><\/p>\n<p>&nbsp;<\/p>\n<p><span style=\"font-family: arial, helvetica, sans-serif;font-size: 12pt\">Al encuentro fueron invitados funcionarios de Ministerio de Producci\u00f3n y Ambiente de la Provincia.<\/span><\/p>\n<p>&nbsp;<\/p>\n\n\t\t<style type=\"text\/css\">\n\t\t\t#gallery-1 {\n\t\t\t\tmargin: auto;\n\t\t\t}\n\t\t\t#gallery-1 .gallery-item {\n\t\t\t\tfloat: left;\n\t\t\t\tmargin-top: 10px;\n\t\t\t\ttext-align: center;\n\t\t\t\twidth: 100%;\n\t\t\t}\n\t\t\t#gallery-1 img {\n\t\t\t\tborder: 2px solid #cfcfcf;\n\t\t\t}\n\t\t\t#gallery-1 .gallery-caption {\n\t\t\t\tmargin-left: 0;\n\t\t\t}\n\t\t\t\/* see gallery_shortcode() in wp-includes\/media.php *\/\n\t\t<\/style>\n\t\t<div data-carousel-extra='{\"blog_id\":1,\"permalink\":\"https:\\\/\\\/www.legistdf.gob.ar\\\/index.php\\\/2024\\\/05\\\/15\\\/legislatura-la-comision-3-informo-la-agenda-de-manana-2\\\/\"}' id='gallery-1' class='gallery galleryid-43020 gallery-columns-1 gallery-size-thumbnail'><dl class='gallery-item'>\n\t\t\t<dt class='gallery-icon landscape'>\n\t\t\t\t<a href='https:\/\/www.legistdf.gob.ar\/index.php\/2024\/04\/24\/galeria-imagenes-de-la-3a-sesion-ordinaria-2\/img_4190-3\/'><img loading=\"lazy\" decoding=\"async\" width=\"150\" height=\"150\" src=\"https:\/\/www.legistdf.gob.ar\/wp-content\/uploads\/2024\/04\/IMG_4190-150x150.jpg\" class=\"attachment-thumbnail size-thumbnail\" alt=\"\" srcset=\"https:\/\/www.legistdf.gob.ar\/wp-content\/uploads\/2024\/04\/IMG_4190-150x150.jpg 150w, https:\/\/www.legistdf.gob.ar\/wp-content\/uploads\/2024\/04\/IMG_4190-64x64.jpg 64w\" sizes=\"(max-width: 150px) 100vw, 150px\" data-attachment-id=\"42717\" data-permalink=\"https:\/\/www.legistdf.gob.ar\/index.php\/2024\/04\/24\/galeria-imagenes-de-la-3a-sesion-ordinaria-2\/img_4190-3\/\" data-orig-file=\"https:\/\/www.legistdf.gob.ar\/wp-content\/uploads\/2024\/04\/IMG_4190.jpg\" data-orig-size=\"1500,1000\" data-comments-opened=\"0\" data-image-meta=\"{&quot;aperture&quot;:&quot;2.8&quot;,&quot;credit&quot;:&quot;&quot;,&quot;camera&quot;:&quot;Canon EOS 6D&quot;,&quot;caption&quot;:&quot;&quot;,&quot;created_timestamp&quot;:&quot;1713957436&quot;,&quot;copyright&quot;:&quot;&quot;,&quot;focal_length&quot;:&quot;70&quot;,&quot;iso&quot;:&quot;1600&quot;,&quot;shutter_speed&quot;:&quot;0.00625&quot;,&quot;title&quot;:&quot;&quot;,&quot;orientation&quot;:&quot;0&quot;}\" data-image-title=\"IMG_4190\" data-image-description=\"\" data-image-caption=\"\" data-medium-file=\"https:\/\/www.legistdf.gob.ar\/wp-content\/uploads\/2024\/04\/IMG_4190-300x200.jpg\" data-large-file=\"https:\/\/www.legistdf.gob.ar\/wp-content\/uploads\/2024\/04\/IMG_4190-1024x683.jpg\" \/><\/a>\n\t\t\t<\/dt><\/dl><br style=\"clear: both\" \/>\n\t\t<\/div>\n\n<p>&nbsp;<\/p>\n<p>&nbsp;<\/p>\n<p style=\"text-align: right\"><em><span style=\"font-family: arial, helvetica, sans-serif;font-size: 12pt\">NEGM<\/span><\/em><\/p>\n","protected":false},"excerpt":{"rendered":"<p>Ushuaia, mi\u00e9rcoles 15 de mayo de 2024.- Mediante memorando 023\/24, la presidenta de la Comisi\u00f3n de Recursos Naturales N\u00b0 3, Mar\u00eda Laura Colazo (PV), convoc\u00f3 a un encuentro de la mesa de an\u00e1lisis y debate, la que se desarrollar\u00e1 ma\u00f1ana jueves 16 de mayo a las 11, en el sal\u00f3n de Comisiones de la Legislatura. [&hellip;]<\/p>\n","protected":false},"author":352,"featured_media":42717,"comment_status":"closed","ping_status":"closed","sticky":false,"template":"","format":"standard","meta":{"jetpack_post_was_ever_published":false,"_jetpack_newsletter_access":"","_jetpack_dont_email_post_to_subs":false,"_jetpack_newsletter_tier_id":0,"footnotes":"","jetpack_publicize_message":"","jetpack_publicize_feature_enabled":true,"jetpack_social_post_already_shared":true,"jetpack_social_options":{"image_generator_settings":{"template":"highway","enabled":false}}},"categories":[1],"tags":[3296,895,3295,3294,1876,3297,883,799],"jetpack_publicize_connections":[],"jetpack_sharing_enabled":true,"jetpack_featured_media_url":"https:\/\/www.legistdf.gob.ar\/wp-content\/uploads\/2024\/04\/IMG_4190.jpg","jetpack-related-posts":[],"_links":{"self":[{"href":"https:\/\/www.legistdf.gob.ar\/index.php\/wp-json\/wp\/v2\/posts\/43020"}],"collection":[{"href":"https:\/\/www.legistdf.gob.ar\/index.php\/wp-json\/wp\/v2\/posts"}],"about":[{"href":"https:\/\/www.legistdf.gob.ar\/index.php\/wp-json\/wp\/v2\/types\/post"}],"author":[{"embeddable":true,"href":"https:\/\/www.legistdf.gob.ar\/index.php\/wp-json\/wp\/v2\/users\/352"}],"replies":[{"embeddable":true,"href":"https:\/\/www.legistdf.gob.ar\/index.php\/wp-json\/wp\/v2\/comments?post=43020"}],"version-history":[{"count":1,"href":"https:\/\/www.legistdf.gob.ar\/index.php\/wp-json\/wp\/v2\/posts\/43020\/revisions"}],"predecessor-version":[{"id":43021,"href":"https:\/\/www.legistdf.gob.ar\/index.php\/wp-json\/wp\/v2\/posts\/43020\/revisions\/43021"}],"wp:featuredmedia":[{"embeddable":true,"href":"https:\/\/www.legistdf.gob.ar\/index.php\/wp-json\/wp\/v2\/media\/42717"}],"wp:attachment":[{"href":"https:\/\/www.legistdf.gob.ar\/index.php\/wp-json\/wp\/v2\/media?parent=43020"}],"wp:term":[{"taxonomy":"category","embeddable":true,"href":"https:\/\/www.legistdf.gob.ar\/index.php\/wp-json\/wp\/v2\/categories?post=43020"},{"taxonomy":"post_tag","embeddable":true,"href":"https:\/\/www.legistdf.gob.ar\/index.php\/wp-json\/wp\/v2\/tags?post=43020"}],"curies":[{"name":"wp","href":"https:\/\/api.w.org\/{rel}","templated":true}]}}