{"id":43215,"date":"2024-05-30T13:52:39","date_gmt":"2024-05-30T16:52:39","guid":{"rendered":"https:\/\/www.legistdf.gob.ar\/?p=43215"},"modified":"2024-05-30T14:12:48","modified_gmt":"2024-05-30T17:12:48","slug":"seguridad-es-urgente-tratar-la-situacion-de-la-superpoblacion-carcelaria-afirmo-graciania","status":"publish","type":"post","link":"https:\/\/www.legistdf.gob.ar\/index.php\/2024\/05\/30\/seguridad-es-urgente-tratar-la-situacion-de-la-superpoblacion-carcelaria-afirmo-graciania\/","title":{"rendered":"SEGURIDAD: \u201cEs urgente tratar la situaci\u00f3n de la superpoblaci\u00f3n carcelaria\u201d, afirm\u00f3 Gracian\u00eda"},"content":{"rendered":"<p><span style=\"font-family: arial, helvetica, sans-serif;font-size: 14pt\"><strong>Ushuaia, jueves 30 de mayo de 2024.- \u201cEs urgente tratar la situaci\u00f3n de la superpoblaci\u00f3n carcelaria y las condiciones edilicias en las que se encuentran los lugares de detenci\u00f3n. Adem\u00e1s debemos brindar espacios seguros de trabajo al personal penitenciario\u201d, alert\u00f3 la presidenta de la Comisi\u00f3n de Seguridad N\u00ba 6, legisladora Natalia Gracian\u00eda del bloque Republicanos. Se trat\u00f3 de un encuentro pautado para analizar el proyecto de Ley que busca <a href=\"https:\/\/www.legistdf.gob.ar\/lp\/novedadesip\/Asuntos%20Entrados%202023\/As.%20N%BA%20236-23.pdf\" target=\"_blank\" rel=\"noopener\">declarar la emergencia de la infraestructura<\/a> de las unidades de detenci\u00f3n provinciales.<a href=\"https:\/\/www.legistdf.gob.ar\/wp-content\/uploads\/2024\/05\/IMG_5020.jpg\"><img loading=\"lazy\" decoding=\"async\" data-attachment-id=\"43209\" data-permalink=\"https:\/\/www.legistdf.gob.ar\/index.php\/2024\/05\/29\/seguridad-avanza-el-debate-sobre-la-emergencia-en-el-sistema-penitenciario\/img_5020-2\/\" data-orig-file=\"https:\/\/www.legistdf.gob.ar\/wp-content\/uploads\/2024\/05\/IMG_5020.jpg\" data-orig-size=\"1500,1000\" data-comments-opened=\"0\" data-image-meta=\"{&quot;aperture&quot;:&quot;4&quot;,&quot;credit&quot;:&quot;&quot;,&quot;camera&quot;:&quot;Canon EOS 6D&quot;,&quot;caption&quot;:&quot;&quot;,&quot;created_timestamp&quot;:&quot;1716984893&quot;,&quot;copyright&quot;:&quot;&quot;,&quot;focal_length&quot;:&quot;53&quot;,&quot;iso&quot;:&quot;800&quot;,&quot;shutter_speed&quot;:&quot;0.00625&quot;,&quot;title&quot;:&quot;&quot;,&quot;orientation&quot;:&quot;0&quot;}\" data-image-title=\"IMG_5020\" data-image-description=\"\" data-image-caption=\"\" data-medium-file=\"https:\/\/www.legistdf.gob.ar\/wp-content\/uploads\/2024\/05\/IMG_5020-300x200.jpg\" data-large-file=\"https:\/\/www.legistdf.gob.ar\/wp-content\/uploads\/2024\/05\/IMG_5020-1024x683.jpg\" class=\"alignright wp-image-43209 size-medium\" src=\"https:\/\/www.legistdf.gob.ar\/wp-content\/uploads\/2024\/05\/IMG_5020-300x200.jpg\" alt=\"\" width=\"300\" height=\"200\" srcset=\"https:\/\/www.legistdf.gob.ar\/wp-content\/uploads\/2024\/05\/IMG_5020-300x200.jpg 300w, https:\/\/www.legistdf.gob.ar\/wp-content\/uploads\/2024\/05\/IMG_5020-1024x683.jpg 1024w, https:\/\/www.legistdf.gob.ar\/wp-content\/uploads\/2024\/05\/IMG_5020-768x512.jpg 768w, https:\/\/www.legistdf.gob.ar\/wp-content\/uploads\/2024\/05\/IMG_5020-160x107.jpg 160w, https:\/\/www.legistdf.gob.ar\/wp-content\/uploads\/2024\/05\/IMG_5020.jpg 1500w\" sizes=\"(max-width: 300px) 100vw, 300px\" \/><\/a> <\/strong><\/span><\/p>\n<p>&nbsp;<\/p>\n<p><span style=\"font-family: arial, helvetica, sans-serif;font-size: 12pt\">Asimismo enfatiz\u00f3 que la iniciativa impulsada por el bloque del MPF, considera tambi\u00e9n la posibilidad de mejorar las prestaciones laborales del personal. Inform\u00f3 que existe una poblaci\u00f3n carcelaria de 348 internos de los cuales al menos cien de ellos \u201cest\u00e1n procesados por diferentes delitos, el resto posee condenas con muchos a\u00f1os de c\u00e1rcel, de cumplimiento efectivo. Es preciso hallar una respuesta ya sea a mediano o largo plazo\u201d, enfatiz\u00f3.<\/span><\/p>\n<p>&nbsp;<\/p>\n<p><span style=\"font-family: arial, helvetica, sans-serif;font-size: 12pt\">Si bien reconoci\u00f3 su conformidad por la participaci\u00f3n y exposiciones que realizaron, tanto el viceministro Coordinador de Gabinete, Jorge Canals y el director provincial del Servicio Penitenciario, Ariel Ciares, anunci\u00f3 que convocar\u00e1n a representantes de la Justicia y tambi\u00e9n a funcionarios de econom\u00eda.<\/span><\/p>\n<p>&nbsp;<\/p>\n<p><span style=\"font-family: arial, helvetica, sans-serif;font-size: 12pt\">\u201cSe abrir\u00e1 la posibilidad de la participaci\u00f3n p\u00fablica-privada, con el objetivo de construir, en el futuro, una nueva unidad carcelaria para dar respuesta a la necesidad. Siempre son buenos los espacios de debate\u201d, reconoci\u00f3 la referente de Republicanos.<\/span><\/p>\n<p>&nbsp;<\/p>\n<p><span style=\"font-family: arial, helvetica, sans-serif;font-size: 12pt\"><a href=\"https:\/\/www.legistdf.gob.ar\/wp-content\/uploads\/2024\/05\/IMG_4992.jpg\"><img loading=\"lazy\" decoding=\"async\" data-attachment-id=\"43203\" data-permalink=\"https:\/\/www.legistdf.gob.ar\/index.php\/2024\/05\/29\/seguridad-avanza-el-debate-sobre-la-emergencia-en-el-sistema-penitenciario\/img_4992\/\" data-orig-file=\"https:\/\/www.legistdf.gob.ar\/wp-content\/uploads\/2024\/05\/IMG_4992.jpg\" data-orig-size=\"1500,1000\" data-comments-opened=\"0\" data-image-meta=\"{&quot;aperture&quot;:&quot;4&quot;,&quot;credit&quot;:&quot;&quot;,&quot;camera&quot;:&quot;Canon EOS 6D&quot;,&quot;caption&quot;:&quot;&quot;,&quot;created_timestamp&quot;:&quot;1716983927&quot;,&quot;copyright&quot;:&quot;&quot;,&quot;focal_length&quot;:&quot;41&quot;,&quot;iso&quot;:&quot;2500&quot;,&quot;shutter_speed&quot;:&quot;0.008&quot;,&quot;title&quot;:&quot;&quot;,&quot;orientation&quot;:&quot;0&quot;}\" data-image-title=\"IMG_4992\" data-image-description=\"\" data-image-caption=\"\" data-medium-file=\"https:\/\/www.legistdf.gob.ar\/wp-content\/uploads\/2024\/05\/IMG_4992-300x200.jpg\" data-large-file=\"https:\/\/www.legistdf.gob.ar\/wp-content\/uploads\/2024\/05\/IMG_4992-1024x683.jpg\" class=\"alignleft wp-image-43203 size-medium\" src=\"https:\/\/www.legistdf.gob.ar\/wp-content\/uploads\/2024\/05\/IMG_4992-300x200.jpg\" alt=\"\" width=\"300\" height=\"200\" srcset=\"https:\/\/www.legistdf.gob.ar\/wp-content\/uploads\/2024\/05\/IMG_4992-300x200.jpg 300w, https:\/\/www.legistdf.gob.ar\/wp-content\/uploads\/2024\/05\/IMG_4992-1024x683.jpg 1024w, https:\/\/www.legistdf.gob.ar\/wp-content\/uploads\/2024\/05\/IMG_4992-768x512.jpg 768w, https:\/\/www.legistdf.gob.ar\/wp-content\/uploads\/2024\/05\/IMG_4992-160x107.jpg 160w, https:\/\/www.legistdf.gob.ar\/wp-content\/uploads\/2024\/05\/IMG_4992.jpg 1500w\" sizes=\"(max-width: 300px) 100vw, 300px\" \/><\/a>Adem\u00e1s, cont\u00f3 que no solo analizaron las cuestiones vinculadas al hacinamiento y la superpoblaci\u00f3n, sino expusieron detalles acerca de la visita que junto a otras autoridades efectuaron a la alcaid\u00eda de Ushuaia. \u201cEn el pabell\u00f3n conviven setenta personas, es decir, el doble de poblaci\u00f3n para lo que fue dise\u00f1ada\u201d, se\u00f1al\u00f3.<\/span><\/p>\n<p>&nbsp;<\/p>\n<p><span style=\"font-family: arial, helvetica, sans-serif;font-size: 12pt\">Respecto a la unidad de detenci\u00f3n de R\u00edo Grande, indic\u00f3 que la situaci\u00f3n es similar al de la capital provincial. Precis\u00f3 que los funcionarios del Gobierno anunciaron la puesta en marcha de dos espacios, uno para cada ciudad. Para Gracian\u00eda es preciso \u201cavanzar\u201d sobre cuestiones estructurales que brinden una soluci\u00f3n de fondo. \u00a0<\/span><\/p>\n<p>&nbsp;<\/p>\n<p><span style=\"font-family: arial, helvetica, sans-serif;font-size: 12pt\">Sobre la participaci\u00f3n p\u00fablica-privada en el servicio penitenciario, coment\u00f3 que se trata de una posibilidad, que posee antecedentes en otros pa\u00edses donde se llev\u00f3 a cabo con \u00e9xito. \u201cLos privados podr\u00edan participar en la construcci\u00f3n de nuevos espacio de detenci\u00f3n y la seguridad, es una cuesti\u00f3n indelegable al Estado. Todo ello se realizar\u00eda en el caso de consensuar una Ley de emergencia\u201d, enfatiz\u00f3.<\/span><\/p>\n<p>&nbsp;<\/p>\n\n\t\t<style type=\"text\/css\">\n\t\t\t#gallery-1 {\n\t\t\t\tmargin: auto;\n\t\t\t}\n\t\t\t#gallery-1 .gallery-item {\n\t\t\t\tfloat: left;\n\t\t\t\tmargin-top: 10px;\n\t\t\t\ttext-align: center;\n\t\t\t\twidth: 33%;\n\t\t\t}\n\t\t\t#gallery-1 img {\n\t\t\t\tborder: 2px solid #cfcfcf;\n\t\t\t}\n\t\t\t#gallery-1 .gallery-caption {\n\t\t\t\tmargin-left: 0;\n\t\t\t}\n\t\t\t\/* see gallery_shortcode() in wp-includes\/media.php *\/\n\t\t<\/style>\n\t\t<div data-carousel-extra='{\"blog_id\":1,\"permalink\":\"https:\\\/\\\/www.legistdf.gob.ar\\\/index.php\\\/2024\\\/05\\\/30\\\/seguridad-es-urgente-tratar-la-situacion-de-la-superpoblacion-carcelaria-afirmo-graciania\\\/\"}' id='gallery-1' class='gallery galleryid-43215 gallery-columns-3 gallery-size-thumbnail'><dl class='gallery-item'>\n\t\t\t<dt class='gallery-icon landscape'>\n\t\t\t\t<a href='https:\/\/www.legistdf.gob.ar\/index.php\/2024\/05\/29\/seguridad-avanza-el-debate-sobre-la-emergencia-en-el-sistema-penitenciario\/img_5020-2\/'><img loading=\"lazy\" decoding=\"async\" width=\"150\" height=\"150\" src=\"https:\/\/www.legistdf.gob.ar\/wp-content\/uploads\/2024\/05\/IMG_5020-150x150.jpg\" class=\"attachment-thumbnail size-thumbnail\" alt=\"\" srcset=\"https:\/\/www.legistdf.gob.ar\/wp-content\/uploads\/2024\/05\/IMG_5020-150x150.jpg 150w, https:\/\/www.legistdf.gob.ar\/wp-content\/uploads\/2024\/05\/IMG_5020-64x64.jpg 64w\" sizes=\"(max-width: 150px) 100vw, 150px\" data-attachment-id=\"43209\" data-permalink=\"https:\/\/www.legistdf.gob.ar\/index.php\/2024\/05\/29\/seguridad-avanza-el-debate-sobre-la-emergencia-en-el-sistema-penitenciario\/img_5020-2\/\" data-orig-file=\"https:\/\/www.legistdf.gob.ar\/wp-content\/uploads\/2024\/05\/IMG_5020.jpg\" data-orig-size=\"1500,1000\" data-comments-opened=\"0\" data-image-meta=\"{&quot;aperture&quot;:&quot;4&quot;,&quot;credit&quot;:&quot;&quot;,&quot;camera&quot;:&quot;Canon EOS 6D&quot;,&quot;caption&quot;:&quot;&quot;,&quot;created_timestamp&quot;:&quot;1716984893&quot;,&quot;copyright&quot;:&quot;&quot;,&quot;focal_length&quot;:&quot;53&quot;,&quot;iso&quot;:&quot;800&quot;,&quot;shutter_speed&quot;:&quot;0.00625&quot;,&quot;title&quot;:&quot;&quot;,&quot;orientation&quot;:&quot;0&quot;}\" data-image-title=\"IMG_5020\" data-image-description=\"\" data-image-caption=\"\" data-medium-file=\"https:\/\/www.legistdf.gob.ar\/wp-content\/uploads\/2024\/05\/IMG_5020-300x200.jpg\" data-large-file=\"https:\/\/www.legistdf.gob.ar\/wp-content\/uploads\/2024\/05\/IMG_5020-1024x683.jpg\" \/><\/a>\n\t\t\t<\/dt><\/dl><dl class='gallery-item'>\n\t\t\t<dt class='gallery-icon landscape'>\n\t\t\t\t<a href='https:\/\/www.legistdf.gob.ar\/index.php\/2024\/05\/29\/seguridad-avanza-el-debate-sobre-la-emergencia-en-el-sistema-penitenciario\/img_4983-2\/'><img loading=\"lazy\" decoding=\"async\" width=\"150\" height=\"150\" src=\"https:\/\/www.legistdf.gob.ar\/wp-content\/uploads\/2024\/05\/IMG_4983-150x150.jpg\" class=\"attachment-thumbnail size-thumbnail\" alt=\"\" srcset=\"https:\/\/www.legistdf.gob.ar\/wp-content\/uploads\/2024\/05\/IMG_4983-150x150.jpg 150w, https:\/\/www.legistdf.gob.ar\/wp-content\/uploads\/2024\/05\/IMG_4983-64x64.jpg 64w\" sizes=\"(max-width: 150px) 100vw, 150px\" data-attachment-id=\"43197\" data-permalink=\"https:\/\/www.legistdf.gob.ar\/index.php\/2024\/05\/29\/seguridad-avanza-el-debate-sobre-la-emergencia-en-el-sistema-penitenciario\/img_4983-2\/\" data-orig-file=\"https:\/\/www.legistdf.gob.ar\/wp-content\/uploads\/2024\/05\/IMG_4983.jpg\" data-orig-size=\"1500,1000\" data-comments-opened=\"0\" data-image-meta=\"{&quot;aperture&quot;:&quot;4&quot;,&quot;credit&quot;:&quot;&quot;,&quot;camera&quot;:&quot;Canon EOS 6D&quot;,&quot;caption&quot;:&quot;&quot;,&quot;created_timestamp&quot;:&quot;1716983819&quot;,&quot;copyright&quot;:&quot;&quot;,&quot;focal_length&quot;:&quot;24&quot;,&quot;iso&quot;:&quot;2500&quot;,&quot;shutter_speed&quot;:&quot;0.008&quot;,&quot;title&quot;:&quot;&quot;,&quot;orientation&quot;:&quot;0&quot;}\" data-image-title=\"IMG_4983\" data-image-description=\"\" data-image-caption=\"\" data-medium-file=\"https:\/\/www.legistdf.gob.ar\/wp-content\/uploads\/2024\/05\/IMG_4983-300x200.jpg\" data-large-file=\"https:\/\/www.legistdf.gob.ar\/wp-content\/uploads\/2024\/05\/IMG_4983-1024x683.jpg\" \/><\/a>\n\t\t\t<\/dt><\/dl><dl class='gallery-item'>\n\t\t\t<dt class='gallery-icon landscape'>\n\t\t\t\t<a href='https:\/\/www.legistdf.gob.ar\/index.php\/2024\/05\/29\/seguridad-avanza-el-debate-sobre-la-emergencia-en-el-sistema-penitenciario\/img_5041-4\/'><img loading=\"lazy\" decoding=\"async\" width=\"150\" height=\"150\" src=\"https:\/\/www.legistdf.gob.ar\/wp-content\/uploads\/2024\/05\/IMG_5041-150x150.jpg\" class=\"attachment-thumbnail size-thumbnail\" alt=\"\" srcset=\"https:\/\/www.legistdf.gob.ar\/wp-content\/uploads\/2024\/05\/IMG_5041-150x150.jpg 150w, https:\/\/www.legistdf.gob.ar\/wp-content\/uploads\/2024\/05\/IMG_5041-64x64.jpg 64w\" sizes=\"(max-width: 150px) 100vw, 150px\" data-attachment-id=\"43213\" data-permalink=\"https:\/\/www.legistdf.gob.ar\/index.php\/2024\/05\/29\/seguridad-avanza-el-debate-sobre-la-emergencia-en-el-sistema-penitenciario\/img_5041-4\/\" data-orig-file=\"https:\/\/www.legistdf.gob.ar\/wp-content\/uploads\/2024\/05\/IMG_5041.jpg\" data-orig-size=\"1500,1000\" data-comments-opened=\"0\" data-image-meta=\"{&quot;aperture&quot;:&quot;4&quot;,&quot;credit&quot;:&quot;&quot;,&quot;camera&quot;:&quot;Canon EOS 6D&quot;,&quot;caption&quot;:&quot;&quot;,&quot;created_timestamp&quot;:&quot;1716987204&quot;,&quot;copyright&quot;:&quot;&quot;,&quot;focal_length&quot;:&quot;70&quot;,&quot;iso&quot;:&quot;2000&quot;,&quot;shutter_speed&quot;:&quot;0.0055555555555556&quot;,&quot;title&quot;:&quot;&quot;,&quot;orientation&quot;:&quot;0&quot;}\" data-image-title=\"IMG_5041\" data-image-description=\"\" data-image-caption=\"\" data-medium-file=\"https:\/\/www.legistdf.gob.ar\/wp-content\/uploads\/2024\/05\/IMG_5041-300x200.jpg\" data-large-file=\"https:\/\/www.legistdf.gob.ar\/wp-content\/uploads\/2024\/05\/IMG_5041-1024x683.jpg\" \/><\/a>\n\t\t\t<\/dt><\/dl><br style=\"clear: both\" \/>\n\t\t<\/div>\n\n<p>&nbsp;<\/p>\n<p style=\"text-align: right\"><em><span style=\"font-family: arial, helvetica, sans-serif;font-size: 12pt\">ZV-NEGM<\/span><\/em><\/p>\n","protected":false},"excerpt":{"rendered":"<p>Ushuaia, jueves 30 de mayo de 2024.- \u201cEs urgente tratar la situaci\u00f3n de la superpoblaci\u00f3n carcelaria y las condiciones edilicias en las que se encuentran los lugares de detenci\u00f3n. Adem\u00e1s debemos brindar espacios seguros de trabajo al personal penitenciario\u201d, alert\u00f3 la presidenta de la Comisi\u00f3n de Seguridad N\u00ba 6, legisladora Natalia Gracian\u00eda del bloque Republicanos. [&hellip;]<\/p>\n","protected":false},"author":352,"featured_media":43213,"comment_status":"closed","ping_status":"closed","sticky":false,"template":"","format":"standard","meta":{"jetpack_post_was_ever_published":false,"_jetpack_newsletter_access":"","_jetpack_dont_email_post_to_subs":false,"_jetpack_newsletter_tier_id":0,"footnotes":"","jetpack_publicize_message":"","jetpack_publicize_feature_enabled":true,"jetpack_social_post_already_shared":true,"jetpack_social_options":{"image_generator_settings":{"template":"highway","enabled":false}}},"categories":[1],"tags":[3328,3329,3221,3327,3326,96,3323],"jetpack_publicize_connections":[],"jetpack_sharing_enabled":true,"jetpack_featured_media_url":"https:\/\/www.legistdf.gob.ar\/wp-content\/uploads\/2024\/05\/IMG_5041.jpg","jetpack-related-posts":[],"_links":{"self":[{"href":"https:\/\/www.legistdf.gob.ar\/index.php\/wp-json\/wp\/v2\/posts\/43215"}],"collection":[{"href":"https:\/\/www.legistdf.gob.ar\/index.php\/wp-json\/wp\/v2\/posts"}],"about":[{"href":"https:\/\/www.legistdf.gob.ar\/index.php\/wp-json\/wp\/v2\/types\/post"}],"author":[{"embeddable":true,"href":"https:\/\/www.legistdf.gob.ar\/index.php\/wp-json\/wp\/v2\/users\/352"}],"replies":[{"embeddable":true,"href":"https:\/\/www.legistdf.gob.ar\/index.php\/wp-json\/wp\/v2\/comments?post=43215"}],"version-history":[{"count":2,"href":"https:\/\/www.legistdf.gob.ar\/index.php\/wp-json\/wp\/v2\/posts\/43215\/revisions"}],"predecessor-version":[{"id":43218,"href":"https:\/\/www.legistdf.gob.ar\/index.php\/wp-json\/wp\/v2\/posts\/43215\/revisions\/43218"}],"wp:featuredmedia":[{"embeddable":true,"href":"https:\/\/www.legistdf.gob.ar\/index.php\/wp-json\/wp\/v2\/media\/43213"}],"wp:attachment":[{"href":"https:\/\/www.legistdf.gob.ar\/index.php\/wp-json\/wp\/v2\/media?parent=43215"}],"wp:term":[{"taxonomy":"category","embeddable":true,"href":"https:\/\/www.legistdf.gob.ar\/index.php\/wp-json\/wp\/v2\/categories?post=43215"},{"taxonomy":"post_tag","embeddable":true,"href":"https:\/\/www.legistdf.gob.ar\/index.php\/wp-json\/wp\/v2\/tags?post=43215"}],"curies":[{"name":"wp","href":"https:\/\/api.w.org\/{rel}","templated":true}]}}