{"id":43417,"date":"2024-06-13T12:02:10","date_gmt":"2024-06-13T15:02:10","guid":{"rendered":"https:\/\/www.legistdf.gob.ar\/?p=43417"},"modified":"2024-06-13T12:02:10","modified_gmt":"2024-06-13T15:02:10","slug":"vuoto-nos-solidarizamos-con-las-diputadas-freites-y-yutrovic-y-el-diputado-araujo","status":"publish","type":"post","link":"https:\/\/www.legistdf.gob.ar\/index.php\/2024\/06\/13\/vuoto-nos-solidarizamos-con-las-diputadas-freites-y-yutrovic-y-el-diputado-araujo\/","title":{"rendered":"VUOTO: \u201cNos solidarizamos con las diputadas Freites y Yutrovic y el diputado Araujo\u201d"},"content":{"rendered":"<p><span style=\"font-family: arial, helvetica, sans-serif;font-size: 12pt\"><strong><span style=\"font-size: 14pt\"><a href=\"https:\/\/www.legistdf.gob.ar\/wp-content\/uploads\/2024\/06\/IMG_5497.jpg\"><img loading=\"lazy\" decoding=\"async\" data-attachment-id=\"43383\" data-permalink=\"https:\/\/www.legistdf.gob.ar\/index.php\/2024\/06\/12\/galeria-imagenes-de-la-4a-sesion-ordinaria-2\/img_5497\/\" data-orig-file=\"https:\/\/www.legistdf.gob.ar\/wp-content\/uploads\/2024\/06\/IMG_5497.jpg\" data-orig-size=\"1500,1000\" data-comments-opened=\"0\" data-image-meta=\"{&quot;aperture&quot;:&quot;5&quot;,&quot;credit&quot;:&quot;&quot;,&quot;camera&quot;:&quot;Canon EOS Rebel T6i&quot;,&quot;caption&quot;:&quot;&quot;,&quot;created_timestamp&quot;:&quot;1718202357&quot;,&quot;copyright&quot;:&quot;&quot;,&quot;focal_length&quot;:&quot;53&quot;,&quot;iso&quot;:&quot;800&quot;,&quot;shutter_speed&quot;:&quot;0.005&quot;,&quot;title&quot;:&quot;&quot;,&quot;orientation&quot;:&quot;0&quot;}\" data-image-title=\"IMG_5497\" data-image-description=\"\" data-image-caption=\"\" data-medium-file=\"https:\/\/www.legistdf.gob.ar\/wp-content\/uploads\/2024\/06\/IMG_5497-300x200.jpg\" data-large-file=\"https:\/\/www.legistdf.gob.ar\/wp-content\/uploads\/2024\/06\/IMG_5497-1024x683.jpg\" class=\"alignleft wp-image-43383 size-medium\" src=\"https:\/\/www.legistdf.gob.ar\/wp-content\/uploads\/2024\/06\/IMG_5497-300x200.jpg\" alt=\"\" width=\"300\" height=\"200\" srcset=\"https:\/\/www.legistdf.gob.ar\/wp-content\/uploads\/2024\/06\/IMG_5497-300x200.jpg 300w, https:\/\/www.legistdf.gob.ar\/wp-content\/uploads\/2024\/06\/IMG_5497-1024x683.jpg 1024w, https:\/\/www.legistdf.gob.ar\/wp-content\/uploads\/2024\/06\/IMG_5497-768x512.jpg 768w, https:\/\/www.legistdf.gob.ar\/wp-content\/uploads\/2024\/06\/IMG_5497-160x107.jpg 160w, https:\/\/www.legistdf.gob.ar\/wp-content\/uploads\/2024\/06\/IMG_5497.jpg 1500w\" sizes=\"(max-width: 300px) 100vw, 300px\" \/><\/a>Ushuaia, jueves 13 de junio de 2024.- La legisladora del bloque del Partido Justicialista, Mar\u00eda Victoria Vuoto present\u00f3 ayer, <a href=\"https:\/\/www.legistdf.gob.ar\/index.php\/2024\/06\/12\/legislatura-urquiza-presidio-la-cuarta-sesion-ordinaria-del-parlamento\/\" target=\"_blank\" rel=\"noopener\">al finalizar la cuarta sesi\u00f3n ordinaria<\/a> del Parlamento, un proyecto de declaraci\u00f3n en el que se expresa el repudio contra los hechos de violencia que sufrieron manifestantes que se acercaron a la plaza del Congreso, para expresarse en contra del tratamiento del proyecto de Ley Bases tratado en el Senado. \u201cAtacaron a quienes ostentan responsabilidades institucionales en el Congreso de la Naci\u00f3n. Han sido v\u00edctimas de hechos de violencia las diputadas Carolina Yutrovich y Andrea Freites. Nos solidarizamos con ellas y con el diputado Jorge Araujo\u201d, dijo.<\/span> <\/strong><\/span><\/p>\n<p>&nbsp;<\/p>\n<p><span style=\"font-family: arial, helvetica, sans-serif;font-size: 12pt\">\u201cHemos visto por estas horas im\u00e1genes muy tristes para la democracia argentina; represi\u00f3n en la plaza del Congreso donde atacaron a ciudadanos y ciudadanas que se manifestaban. Por eso nos pareci\u00f3 importante, a la mayor\u00eda de las y los Legisladores, poder tener una expresi\u00f3n al respecto\u201d, dijo en sesi\u00f3n la referente del PJ.<\/span><\/p>\n<p>&nbsp;<\/p>\n<p><span style=\"font-family: arial, helvetica, sans-serif;font-size: 12pt\"><a href=\"https:\/\/www.legistdf.gob.ar\/wp-content\/uploads\/2024\/06\/IMG_5408.jpg\"><img loading=\"lazy\" decoding=\"async\" data-attachment-id=\"43364\" data-permalink=\"https:\/\/www.legistdf.gob.ar\/index.php\/2024\/06\/12\/galeria-imagenes-de-la-4a-sesion-ordinaria-2\/img_5408-3\/\" data-orig-file=\"https:\/\/www.legistdf.gob.ar\/wp-content\/uploads\/2024\/06\/IMG_5408.jpg\" data-orig-size=\"1500,1000\" data-comments-opened=\"0\" data-image-meta=\"{&quot;aperture&quot;:&quot;5.6&quot;,&quot;credit&quot;:&quot;&quot;,&quot;camera&quot;:&quot;Canon EOS Rebel T6i&quot;,&quot;caption&quot;:&quot;&quot;,&quot;created_timestamp&quot;:&quot;1718195504&quot;,&quot;copyright&quot;:&quot;&quot;,&quot;focal_length&quot;:&quot;10&quot;,&quot;iso&quot;:&quot;800&quot;,&quot;shutter_speed&quot;:&quot;0.008&quot;,&quot;title&quot;:&quot;&quot;,&quot;orientation&quot;:&quot;0&quot;}\" data-image-title=\"IMG_5408\" data-image-description=\"\" data-image-caption=\"\" data-medium-file=\"https:\/\/www.legistdf.gob.ar\/wp-content\/uploads\/2024\/06\/IMG_5408-300x200.jpg\" data-large-file=\"https:\/\/www.legistdf.gob.ar\/wp-content\/uploads\/2024\/06\/IMG_5408-1024x683.jpg\" class=\"alignright wp-image-43364 size-medium\" src=\"https:\/\/www.legistdf.gob.ar\/wp-content\/uploads\/2024\/06\/IMG_5408-300x200.jpg\" alt=\"\" width=\"300\" height=\"200\" srcset=\"https:\/\/www.legistdf.gob.ar\/wp-content\/uploads\/2024\/06\/IMG_5408-300x200.jpg 300w, https:\/\/www.legistdf.gob.ar\/wp-content\/uploads\/2024\/06\/IMG_5408-1024x683.jpg 1024w, https:\/\/www.legistdf.gob.ar\/wp-content\/uploads\/2024\/06\/IMG_5408-768x512.jpg 768w, https:\/\/www.legistdf.gob.ar\/wp-content\/uploads\/2024\/06\/IMG_5408-160x107.jpg 160w, https:\/\/www.legistdf.gob.ar\/wp-content\/uploads\/2024\/06\/IMG_5408.jpg 1500w\" sizes=\"(max-width: 300px) 100vw, 300px\" \/><\/a>Las expresiones de Vuoto continuaron al narrar que las representantes fueguinas se manifestaron de manera pac\u00edfica, expresaron sus opiniones\u00a0 y \u201cfueron v\u00edctimas de gases lacrim\u00f3genos, palos y de mucha violencia\u201d, cuestion\u00f3.<\/span><\/p>\n<p>&nbsp;<\/p>\n<p><span style=\"font-family: arial, helvetica, sans-serif;font-size: 12pt\">En el art\u00edculo segundo del documento, expresan su solidaridad con las v\u00edctimas de la represi\u00f3n: \u201cManifestando el compromiso de esta Legislatura con la defensa de los derechos humanos y el rechazo a cualquier forma de violencia institucional\u201d.<\/span><\/p>\n<p>&nbsp;<\/p>\n<p><span style=\"font-family: arial, helvetica, sans-serif;font-size: 12pt\">Asimismo, solicitan a las autoridades nacionales a llevar a cabo una investigaci\u00f3n exhaustiva e imparcial sobre los hechos ocurridos, identificar y sancionar a los responsables pol\u00edticos de los actos de represi\u00f3n y garantizar la no repetici\u00f3n de estos hechos.<\/span><\/p>\n<p>&nbsp;<\/p>\n<p><span style=\"font-family: arial, helvetica, sans-serif;font-size: 12pt\"><a href=\"https:\/\/www.legistdf.gob.ar\/wp-content\/uploads\/2024\/06\/IMG_5425.jpg\"><img loading=\"lazy\" decoding=\"async\" data-attachment-id=\"43367\" data-permalink=\"https:\/\/www.legistdf.gob.ar\/index.php\/2024\/06\/12\/galeria-imagenes-de-la-4a-sesion-ordinaria-2\/img_5425-2\/\" data-orig-file=\"https:\/\/www.legistdf.gob.ar\/wp-content\/uploads\/2024\/06\/IMG_5425.jpg\" data-orig-size=\"1500,1000\" data-comments-opened=\"0\" data-image-meta=\"{&quot;aperture&quot;:&quot;5.6&quot;,&quot;credit&quot;:&quot;&quot;,&quot;camera&quot;:&quot;Canon EOS Rebel T6i&quot;,&quot;caption&quot;:&quot;&quot;,&quot;created_timestamp&quot;:&quot;1718195764&quot;,&quot;copyright&quot;:&quot;&quot;,&quot;focal_length&quot;:&quot;53&quot;,&quot;iso&quot;:&quot;800&quot;,&quot;shutter_speed&quot;:&quot;0.008&quot;,&quot;title&quot;:&quot;&quot;,&quot;orientation&quot;:&quot;0&quot;}\" data-image-title=\"IMG_5425\" data-image-description=\"\" data-image-caption=\"\" data-medium-file=\"https:\/\/www.legistdf.gob.ar\/wp-content\/uploads\/2024\/06\/IMG_5425-300x200.jpg\" data-large-file=\"https:\/\/www.legistdf.gob.ar\/wp-content\/uploads\/2024\/06\/IMG_5425-1024x683.jpg\" class=\"alignleft wp-image-43367 size-medium\" src=\"https:\/\/www.legistdf.gob.ar\/wp-content\/uploads\/2024\/06\/IMG_5425-300x200.jpg\" alt=\"\" width=\"300\" height=\"200\" srcset=\"https:\/\/www.legistdf.gob.ar\/wp-content\/uploads\/2024\/06\/IMG_5425-300x200.jpg 300w, https:\/\/www.legistdf.gob.ar\/wp-content\/uploads\/2024\/06\/IMG_5425-1024x683.jpg 1024w, https:\/\/www.legistdf.gob.ar\/wp-content\/uploads\/2024\/06\/IMG_5425-768x512.jpg 768w, https:\/\/www.legistdf.gob.ar\/wp-content\/uploads\/2024\/06\/IMG_5425-160x107.jpg 160w, https:\/\/www.legistdf.gob.ar\/wp-content\/uploads\/2024\/06\/IMG_5425.jpg 1500w\" sizes=\"(max-width: 300px) 100vw, 300px\" \/><\/a>Finalmente, recordaron la importancia de mantener los principios democr\u00e1ticos y el respeto por los derechos humanos en todos los \u00e1mbitos de la vida p\u00fablica, \u201creafirmando nuestro compromiso con la construcci\u00f3n de una sociedad en la que prevalezca el di\u00e1logo y la paz\u201d, reza la declaraci\u00f3n que ingres\u00f3 con el n\u00famero de asunto N\u00ba 319\/24 y que result\u00f3 aprobada por mayor\u00eda de la C\u00e1mara legislativa.<\/span><\/p>\n<p>&nbsp;<\/p>\n<p style=\"text-align: right\"><em>ZV-NEGM<\/em><\/p>\n","protected":false},"excerpt":{"rendered":"<p>Ushuaia, jueves 13 de junio de 2024.- La legisladora del bloque del Partido Justicialista, Mar\u00eda Victoria Vuoto present\u00f3 ayer, al finalizar la cuarta sesi\u00f3n ordinaria del Parlamento, un proyecto de declaraci\u00f3n en el que se expresa el repudio contra los hechos de violencia que sufrieron manifestantes que se acercaron a la plaza del Congreso, para [&hellip;]<\/p>\n","protected":false},"author":352,"featured_media":43391,"comment_status":"closed","ping_status":"closed","sticky":false,"template":"","format":"standard","meta":{"jetpack_post_was_ever_published":false,"_jetpack_newsletter_access":"","_jetpack_dont_email_post_to_subs":false,"_jetpack_newsletter_tier_id":0,"footnotes":"","jetpack_publicize_message":"","jetpack_publicize_feature_enabled":true,"jetpack_social_post_already_shared":true,"jetpack_social_options":{"image_generator_settings":{"template":"highway","enabled":false}}},"categories":[1],"tags":[78,2168,117,79,87],"jetpack_publicize_connections":[],"jetpack_sharing_enabled":true,"jetpack_featured_media_url":"https:\/\/www.legistdf.gob.ar\/wp-content\/uploads\/2024\/06\/IMG_5484-1.jpg","jetpack-related-posts":[],"_links":{"self":[{"href":"https:\/\/www.legistdf.gob.ar\/index.php\/wp-json\/wp\/v2\/posts\/43417"}],"collection":[{"href":"https:\/\/www.legistdf.gob.ar\/index.php\/wp-json\/wp\/v2\/posts"}],"about":[{"href":"https:\/\/www.legistdf.gob.ar\/index.php\/wp-json\/wp\/v2\/types\/post"}],"author":[{"embeddable":true,"href":"https:\/\/www.legistdf.gob.ar\/index.php\/wp-json\/wp\/v2\/users\/352"}],"replies":[{"embeddable":true,"href":"https:\/\/www.legistdf.gob.ar\/index.php\/wp-json\/wp\/v2\/comments?post=43417"}],"version-history":[{"count":1,"href":"https:\/\/www.legistdf.gob.ar\/index.php\/wp-json\/wp\/v2\/posts\/43417\/revisions"}],"predecessor-version":[{"id":43418,"href":"https:\/\/www.legistdf.gob.ar\/index.php\/wp-json\/wp\/v2\/posts\/43417\/revisions\/43418"}],"wp:featuredmedia":[{"embeddable":true,"href":"https:\/\/www.legistdf.gob.ar\/index.php\/wp-json\/wp\/v2\/media\/43391"}],"wp:attachment":[{"href":"https:\/\/www.legistdf.gob.ar\/index.php\/wp-json\/wp\/v2\/media?parent=43417"}],"wp:term":[{"taxonomy":"category","embeddable":true,"href":"https:\/\/www.legistdf.gob.ar\/index.php\/wp-json\/wp\/v2\/categories?post=43417"},{"taxonomy":"post_tag","embeddable":true,"href":"https:\/\/www.legistdf.gob.ar\/index.php\/wp-json\/wp\/v2\/tags?post=43417"}],"curies":[{"name":"wp","href":"https:\/\/api.w.org\/{rel}","templated":true}]}}