{"id":43419,"date":"2024-06-13T15:37:13","date_gmt":"2024-06-13T18:37:13","guid":{"rendered":"https:\/\/www.legistdf.gob.ar\/?p=43419"},"modified":"2024-06-13T15:37:13","modified_gmt":"2024-06-13T18:37:13","slug":"ambiente-colazo-celebro-la-sancion-de-la-ley-de-prevencion-de-incendios-forestales-y-rurales","status":"publish","type":"post","link":"https:\/\/www.legistdf.gob.ar\/index.php\/2024\/06\/13\/ambiente-colazo-celebro-la-sancion-de-la-ley-de-prevencion-de-incendios-forestales-y-rurales\/","title":{"rendered":"AMBIENTE: Colazo celebr\u00f3 la sanci\u00f3n de la Ley de prevenci\u00f3n de incendios forestales y rurales"},"content":{"rendered":"<p><strong><span style=\"font-family: arial, helvetica, sans-serif;font-size: 14pt\"><a href=\"https:\/\/www.legistdf.gob.ar\/wp-content\/uploads\/2024\/06\/IMG_5494.jpg\"><img loading=\"lazy\" decoding=\"async\" data-attachment-id=\"43382\" data-permalink=\"https:\/\/www.legistdf.gob.ar\/index.php\/2024\/06\/12\/galeria-imagenes-de-la-4a-sesion-ordinaria-2\/img_5494\/\" data-orig-file=\"https:\/\/www.legistdf.gob.ar\/wp-content\/uploads\/2024\/06\/IMG_5494.jpg\" data-orig-size=\"1500,1000\" data-comments-opened=\"0\" data-image-meta=\"{&quot;aperture&quot;:&quot;5.6&quot;,&quot;credit&quot;:&quot;&quot;,&quot;camera&quot;:&quot;Canon EOS Rebel T6i&quot;,&quot;caption&quot;:&quot;&quot;,&quot;created_timestamp&quot;:&quot;1718201268&quot;,&quot;copyright&quot;:&quot;&quot;,&quot;focal_length&quot;:&quot;50&quot;,&quot;iso&quot;:&quot;800&quot;,&quot;shutter_speed&quot;:&quot;0.005&quot;,&quot;title&quot;:&quot;&quot;,&quot;orientation&quot;:&quot;0&quot;}\" data-image-title=\"IMG_5494\" data-image-description=\"\" data-image-caption=\"\" data-medium-file=\"https:\/\/www.legistdf.gob.ar\/wp-content\/uploads\/2024\/06\/IMG_5494-300x200.jpg\" data-large-file=\"https:\/\/www.legistdf.gob.ar\/wp-content\/uploads\/2024\/06\/IMG_5494-1024x683.jpg\" class=\"alignleft wp-image-43382 size-medium\" src=\"https:\/\/www.legistdf.gob.ar\/wp-content\/uploads\/2024\/06\/IMG_5494-300x200.jpg\" alt=\"\" width=\"300\" height=\"200\" srcset=\"https:\/\/www.legistdf.gob.ar\/wp-content\/uploads\/2024\/06\/IMG_5494-300x200.jpg 300w, https:\/\/www.legistdf.gob.ar\/wp-content\/uploads\/2024\/06\/IMG_5494-1024x683.jpg 1024w, https:\/\/www.legistdf.gob.ar\/wp-content\/uploads\/2024\/06\/IMG_5494-768x512.jpg 768w, https:\/\/www.legistdf.gob.ar\/wp-content\/uploads\/2024\/06\/IMG_5494-160x107.jpg 160w, https:\/\/www.legistdf.gob.ar\/wp-content\/uploads\/2024\/06\/IMG_5494.jpg 1500w\" sizes=\"(max-width: 300px) 100vw, 300px\" \/><\/a>Ushuaia, jueves 13 de junio de 2024.- Las y los legisladores sancionaron ayer la Ley de Prevenci\u00f3n de Incendios Forestales y Rurales en el Territorio de la provincia de Tierra del Fuego, Ant\u00e1rtida e Islas del Atl\u00e1ntico Sur. La legisladora Mar\u00eda Laura Colazo (PV) celebr\u00f3 la iniciativa, no obstante inst\u00f3 a la comunidad a asumir responsabilidades en la prevenci\u00f3n de incendios. Se trata del asunto N\u00ba 145\/24 y su correspondiente dictamen de Comisi\u00f3n de Recursos Naturales y Ambiente N\u00ba 3.<\/span><\/strong><\/p>\n<p>&nbsp;<\/p>\n<p><span style=\"font-family: arial, helvetica, sans-serif;font-size: 12pt\">Seg\u00fan indic\u00f3 ante sus pares, \u201ca partir de causas humanas se quemaron 6,500 hect\u00e1reas de bosques nativos. Llevar\u00e1 cientos de a\u00f1os recuperar esas zonas. Se trat\u00f3 de un incendio que dur\u00f3 meses\u201d, record\u00f3 Colazo sobre los hechos ocurridos en el coraz\u00f3n de la isla en 2022.<\/span><\/p>\n<p>&nbsp;<\/p>\n<p><span style=\"font-family: arial, helvetica, sans-serif;font-size: 12pt\">En tanto, inst\u00f3 a la comunidad a asumir responsabilidades en la prevenci\u00f3n de incendios. Precis\u00f3 que se emitir\u00e1n nuevas excepciones en determinados lugares que fueron evaluados por la autoridad de aplicaci\u00f3n, coment\u00f3 en sesi\u00f3n la referente ambientalista.<\/span><\/p>\n<p>&nbsp;<\/p>\n<p><span style=\"font-family: arial, helvetica, sans-serif;font-size: 12pt\">\u201cProponemos que se emitan nuevos excepciones para realizar fuego, como es el caso de la zona de puente Justicia, donde se asienta un destacamento de Defensa Civil, por ejemplo\u201d, coment\u00f3.<\/span><\/p>\n<p>&nbsp;<\/p>\n<p><span style=\"font-family: arial, helvetica, sans-serif;font-size: 12pt\"><a href=\"https:\/\/www.legistdf.gob.ar\/wp-content\/uploads\/2024\/06\/IMG_5422.jpg\"><img loading=\"lazy\" decoding=\"async\" data-attachment-id=\"43366\" data-permalink=\"https:\/\/www.legistdf.gob.ar\/index.php\/2024\/06\/12\/galeria-imagenes-de-la-4a-sesion-ordinaria-2\/img_5422\/\" data-orig-file=\"https:\/\/www.legistdf.gob.ar\/wp-content\/uploads\/2024\/06\/IMG_5422.jpg\" data-orig-size=\"1500,1000\" data-comments-opened=\"0\" data-image-meta=\"{&quot;aperture&quot;:&quot;5.6&quot;,&quot;credit&quot;:&quot;&quot;,&quot;camera&quot;:&quot;Canon EOS Rebel T6i&quot;,&quot;caption&quot;:&quot;&quot;,&quot;created_timestamp&quot;:&quot;1718195664&quot;,&quot;copyright&quot;:&quot;&quot;,&quot;focal_length&quot;:&quot;89&quot;,&quot;iso&quot;:&quot;800&quot;,&quot;shutter_speed&quot;:&quot;0.008&quot;,&quot;title&quot;:&quot;&quot;,&quot;orientation&quot;:&quot;0&quot;}\" data-image-title=\"IMG_5422\" data-image-description=\"\" data-image-caption=\"\" data-medium-file=\"https:\/\/www.legistdf.gob.ar\/wp-content\/uploads\/2024\/06\/IMG_5422-300x200.jpg\" data-large-file=\"https:\/\/www.legistdf.gob.ar\/wp-content\/uploads\/2024\/06\/IMG_5422-1024x683.jpg\" class=\"alignright wp-image-43366 size-medium\" src=\"https:\/\/www.legistdf.gob.ar\/wp-content\/uploads\/2024\/06\/IMG_5422-300x200.jpg\" alt=\"\" width=\"300\" height=\"200\" srcset=\"https:\/\/www.legistdf.gob.ar\/wp-content\/uploads\/2024\/06\/IMG_5422-300x200.jpg 300w, https:\/\/www.legistdf.gob.ar\/wp-content\/uploads\/2024\/06\/IMG_5422-1024x683.jpg 1024w, https:\/\/www.legistdf.gob.ar\/wp-content\/uploads\/2024\/06\/IMG_5422-768x512.jpg 768w, https:\/\/www.legistdf.gob.ar\/wp-content\/uploads\/2024\/06\/IMG_5422-160x107.jpg 160w, https:\/\/www.legistdf.gob.ar\/wp-content\/uploads\/2024\/06\/IMG_5422.jpg 1500w\" sizes=\"(max-width: 300px) 100vw, 300px\" \/><\/a>Sigui\u00f3 al decir que las familias poseen derecho a usar de manera recreativa espacios puntuales, \u201ccon las condiciones de seguridad que se necesitan y tambi\u00e9n en los lugares p\u00fablicos que el Gobierno autorice para la nueva temporada, como lo expres\u00f3 la Ministra de Ambiente y Producci\u00f3n\u201d.\u00a0\u00a0<\/span><\/p>\n<p>&nbsp;<\/p>\n<p><span style=\"font-family: arial, helvetica, sans-serif;font-size: 12pt\">Finalmente, Colazo agradeci\u00f3 los aportes recibidos desde los diferentes bloques pol\u00edticos, como as\u00ed tambi\u00e9n los recibidos por parte del Ministerio de Producci\u00f3n y Ambiente y su equipo t\u00e9cnico que lograron optimizar el escrito, \u201cque es un acuerdo de convivencia\u201d, calific\u00f3.<\/span><\/p>\n<p>&nbsp;<\/p>\n<p><span style=\"font-family: arial, helvetica, sans-serif;font-size: 12pt\">Cabe recordar que la Parlamentaria, que impulsa la agenda verde en el Cuerpo, present\u00f3 un proyecto de Ley en el que solicitaba la pr\u00f3rroga de la emergencia ambiental (Ley provincial N\u00ba 1457) dado que la norma pose\u00eda vigencia hasta el 30 de junio de 2024. En ese marco, convoc\u00f3, como titular de la Comisi\u00f3n de Ambiente, a funcionarios de la Secretar\u00eda de Gobierno, con el objetivo de establecer acciones y procedimientos para la prevenci\u00f3n de incendios forestales y rurales.<\/span><\/p>\n<p>&nbsp;<\/p>\n<p style=\"text-align: center\"><span style=\"font-family: arial, helvetica, sans-serif;font-size: 12pt\"><em>Sobre la prevenci\u00f3n de incendios<\/em><\/span><\/p>\n<p>&nbsp;<\/p>\n<p><span style=\"font-family: arial, helvetica, sans-serif;font-size: 12pt\">La Ley sancionada, estable en su art\u00edculo tercero, la prohibici\u00f3n de\u00a0 hacer o producir fuego a base de combustibles s\u00f3lidos y\/o l\u00edquidos con fines recreativos, sociales y\/o productivos en lugares agrestes de todo el \u00e1mbito de la Provincia.<\/span><\/p>\n<p>&nbsp;<\/p>\n<p><span style=\"font-family: arial, helvetica, sans-serif;font-size: 12pt\">Adem\u00e1s, coincidieron en exceptuar de la prohibici\u00f3n, a aquellos lugares habilitados para tal fin que determine la autoridad de aplicaci\u00f3n mediante acto administrativo, ya sean estos de gesti\u00f3n p\u00fablica o privada con fines recreativos y\/o productivos siempre que el \u00edndice de peligro de incendios forestales lo permita.<\/span><\/p>\n<p>&nbsp;<\/p>\n<p><span style=\"font-family: arial, helvetica, sans-serif;font-size: 12pt\">Tambi\u00e9n se se\u00f1ala que toda persona que tenga conocimiento de la existencia de un foco \u00edgneo que pueda producir o haya producido un incendio forestal, est\u00e1 obligada a formular inmediatamente la denuncia a la autoridad m\u00e1s pr\u00f3xima.<\/span><\/p>\n<p>&nbsp;<\/p>\n<p><span style=\"font-family: arial, helvetica, sans-serif;font-size: 12pt\">En otro art\u00edculo se indica que, la autoridad de aplicaci\u00f3n promover\u00e1 el uso responsable de calentadores port\u00e1tiles homologados en lugares agrestes de todo el \u00e1mbito de la Provincia, para el desarrollo de actividades recreativas y sociales en contacto con la naturaleza.<\/span><\/p>\n<p>&nbsp;<\/p>\n<p><span style=\"font-family: arial, helvetica, sans-serif;font-size: 12pt\">El rol de las acciones\u00a0 de concientizaci\u00f3n es prioritario para el Estado, y en ese sentido, se fortalecer\u00e1n las medidas de prevenci\u00f3n con la realizaci\u00f3n de campa\u00f1as anuales de informaci\u00f3n, sensibilizaci\u00f3n para prevenir incendios forestales a trav\u00e9s de medios p\u00fablicos, redes sociales y mediante el trabajo territorial y de educaci\u00f3n ambiental formal y no formal, con la colaboraci\u00f3n de otras instituciones vinculadas tanto p\u00fablicas como privadas.<\/span><\/p>\n<p>&nbsp;<\/p>\n<p><span style=\"font-family: arial, helvetica, sans-serif;font-size: 12pt\">Finalmente, el documento menciona la creaci\u00f3n del Comit\u00e9 de Incendios Forestales, que ser\u00e1 presidido por la autoridad de aplicaci\u00f3n y estar\u00e1 integrado por la Direcci\u00f3n de Defensa Civil Provincial y Polic\u00eda Provincial, invit\u00e1ndose a integrarlo a los municipios de R\u00edo Grande, Ushuaia y Tolhuin y a Bomberos Voluntarios, y faculta a la autoridad de aplicaci\u00f3n a convocar a otros organismos, cuya presencia sea considerada conveniente.<\/span><\/p>\n<p>&nbsp;<\/p>\n<p style=\"text-align: right\"><span style=\"font-family: arial, helvetica, sans-serif;font-size: 12pt\"><em>ZV-NEGM-AT<\/em><\/span><\/p>\n","protected":false},"excerpt":{"rendered":"<p>Ushuaia, jueves 13 de junio de 2024.- Las y los legisladores sancionaron ayer la Ley de Prevenci\u00f3n de Incendios Forestales y Rurales en el Territorio de la provincia de Tierra del Fuego, Ant\u00e1rtida e Islas del Atl\u00e1ntico Sur. La legisladora Mar\u00eda Laura Colazo (PV) celebr\u00f3 la iniciativa, no obstante inst\u00f3 a la comunidad a asumir [&hellip;]<\/p>\n","protected":false},"author":352,"featured_media":43366,"comment_status":"closed","ping_status":"closed","sticky":false,"template":"","format":"standard","meta":{"jetpack_post_was_ever_published":false,"_jetpack_newsletter_access":"","_jetpack_dont_email_post_to_subs":false,"_jetpack_newsletter_tier_id":0,"footnotes":"","jetpack_publicize_message":"","jetpack_publicize_feature_enabled":true,"jetpack_social_post_already_shared":true,"jetpack_social_options":{"image_generator_settings":{"template":"highway","enabled":false}}},"categories":[1],"tags":[433,2240,2834,78,1876,574,79,87],"jetpack_publicize_connections":[],"jetpack_sharing_enabled":true,"jetpack_featured_media_url":"https:\/\/www.legistdf.gob.ar\/wp-content\/uploads\/2024\/06\/IMG_5422.jpg","jetpack-related-posts":[],"_links":{"self":[{"href":"https:\/\/www.legistdf.gob.ar\/index.php\/wp-json\/wp\/v2\/posts\/43419"}],"collection":[{"href":"https:\/\/www.legistdf.gob.ar\/index.php\/wp-json\/wp\/v2\/posts"}],"about":[{"href":"https:\/\/www.legistdf.gob.ar\/index.php\/wp-json\/wp\/v2\/types\/post"}],"author":[{"embeddable":true,"href":"https:\/\/www.legistdf.gob.ar\/index.php\/wp-json\/wp\/v2\/users\/352"}],"replies":[{"embeddable":true,"href":"https:\/\/www.legistdf.gob.ar\/index.php\/wp-json\/wp\/v2\/comments?post=43419"}],"version-history":[{"count":1,"href":"https:\/\/www.legistdf.gob.ar\/index.php\/wp-json\/wp\/v2\/posts\/43419\/revisions"}],"predecessor-version":[{"id":43420,"href":"https:\/\/www.legistdf.gob.ar\/index.php\/wp-json\/wp\/v2\/posts\/43419\/revisions\/43420"}],"wp:featuredmedia":[{"embeddable":true,"href":"https:\/\/www.legistdf.gob.ar\/index.php\/wp-json\/wp\/v2\/media\/43366"}],"wp:attachment":[{"href":"https:\/\/www.legistdf.gob.ar\/index.php\/wp-json\/wp\/v2\/media?parent=43419"}],"wp:term":[{"taxonomy":"category","embeddable":true,"href":"https:\/\/www.legistdf.gob.ar\/index.php\/wp-json\/wp\/v2\/categories?post=43419"},{"taxonomy":"post_tag","embeddable":true,"href":"https:\/\/www.legistdf.gob.ar\/index.php\/wp-json\/wp\/v2\/tags?post=43419"}],"curies":[{"name":"wp","href":"https:\/\/api.w.org\/{rel}","templated":true}]}}