{"id":43433,"date":"2024-06-14T14:28:10","date_gmt":"2024-06-14T17:28:10","guid":{"rendered":"https:\/\/www.legistdf.gob.ar\/?p=43433"},"modified":"2024-06-14T14:28:10","modified_gmt":"2024-06-14T17:28:10","slug":"untdf-proyectos-academicos-y-cientificos-sobre-incendios-forestales-son-de-interes-de-la-provincia","status":"publish","type":"post","link":"https:\/\/www.legistdf.gob.ar\/index.php\/2024\/06\/14\/untdf-proyectos-academicos-y-cientificos-sobre-incendios-forestales-son-de-interes-de-la-provincia\/","title":{"rendered":"UNTDF: Proyectos acad\u00e9micos y cient\u00edficos sobre incendios forestales son de inter\u00e9s de la Provincia"},"content":{"rendered":"<p><span style=\"font-size: 14pt\"><strong><span style=\"font-family: arial, helvetica, sans-serif\"><a href=\"https:\/\/www.legistdf.gob.ar\/wp-content\/uploads\/2024\/06\/IMG_5366.jpg\"><img loading=\"lazy\" decoding=\"async\" data-attachment-id=\"43348\" data-permalink=\"https:\/\/www.legistdf.gob.ar\/index.php\/2024\/06\/12\/galeria-imagenes-de-la-4a-sesion-ordinaria-2\/img_5366-4\/\" data-orig-file=\"https:\/\/www.legistdf.gob.ar\/wp-content\/uploads\/2024\/06\/IMG_5366.jpg\" data-orig-size=\"1500,1000\" data-comments-opened=\"0\" data-image-meta=\"{&quot;aperture&quot;:&quot;5.6&quot;,&quot;credit&quot;:&quot;&quot;,&quot;camera&quot;:&quot;Canon EOS Rebel T6i&quot;,&quot;caption&quot;:&quot;&quot;,&quot;created_timestamp&quot;:&quot;1718194856&quot;,&quot;copyright&quot;:&quot;&quot;,&quot;focal_length&quot;:&quot;26&quot;,&quot;iso&quot;:&quot;800&quot;,&quot;shutter_speed&quot;:&quot;0.00625&quot;,&quot;title&quot;:&quot;&quot;,&quot;orientation&quot;:&quot;0&quot;}\" data-image-title=\"IMG_5366\" data-image-description=\"\" data-image-caption=\"\" data-medium-file=\"https:\/\/www.legistdf.gob.ar\/wp-content\/uploads\/2024\/06\/IMG_5366-300x200.jpg\" data-large-file=\"https:\/\/www.legistdf.gob.ar\/wp-content\/uploads\/2024\/06\/IMG_5366-1024x683.jpg\" class=\"alignleft wp-image-43348 size-medium\" src=\"https:\/\/www.legistdf.gob.ar\/wp-content\/uploads\/2024\/06\/IMG_5366-300x200.jpg\" alt=\"\" width=\"300\" height=\"200\" srcset=\"https:\/\/www.legistdf.gob.ar\/wp-content\/uploads\/2024\/06\/IMG_5366-300x200.jpg 300w, https:\/\/www.legistdf.gob.ar\/wp-content\/uploads\/2024\/06\/IMG_5366-1024x683.jpg 1024w, https:\/\/www.legistdf.gob.ar\/wp-content\/uploads\/2024\/06\/IMG_5366-768x512.jpg 768w, https:\/\/www.legistdf.gob.ar\/wp-content\/uploads\/2024\/06\/IMG_5366-160x107.jpg 160w, https:\/\/www.legistdf.gob.ar\/wp-content\/uploads\/2024\/06\/IMG_5366.jpg 1500w\" sizes=\"(max-width: 300px) 100vw, 300px\" \/><\/a>Ushuaia, viernes 14 de junio de 2024.- La Legislatura fueguina <a href=\"https:\/\/www.legistdf.gob.ar\/lp\/novedadesip\/Asuntos%20Entrados%202024\/As.%20N%BA%20240-24.pdf\" target=\"_blank\" rel=\"noopener\">declar\u00f3 de inter\u00e9s provincial<\/a> dos proyectos acad\u00e9micos y cient\u00edficos emanados desde la Universidad Nacional de Tierra del Fuego (UNTDF), a instancias del bloque Republicanos en la C\u00e1mara sobre incendios forestales. \u201cNo solo representan un esfuerzo significativo en la conservaci\u00f3n del medio ambiente, sino que tambi\u00e9n son fundamentales para la protecci\u00f3n de las comunidades locales, la preservaci\u00f3n de los recursos naturales y la biodiversidad de la regi\u00f3n\u201d.<\/span><\/strong><\/span><\/p>\n<p>&nbsp;<\/p>\n<p><span style=\"font-family: arial, helvetica, sans-serif;font-size: 12pt\">La Legislatura sostuvo que los incendios forestales son \u201cuna amenaza significativa para los ecosistemas de Tierra del Fuego, que no est\u00e1n adaptados al fuego y sufren da\u00f1os irreparables cuando ocurren incendios\u201d. Tambi\u00e9n recuerda que recientemente \u201cfactores ambientales y sociales han incrementado la frecuencia y magnitud de estos incendios\u201d en Tierra del Fuego y entiende que \u201ces fundamental implementar medidas de prevenci\u00f3n y educaci\u00f3n para mitigar estos riesgos y asegurar la conservaci\u00f3n de nuestros recursos naturales\u201d.<\/span><\/p>\n<p>&nbsp;<\/p>\n<p><span style=\"font-family: arial, helvetica, sans-serif;font-size: 12pt\"><a href=\"https:\/\/www.legistdf.gob.ar\/wp-content\/uploads\/2024\/06\/IMG_5370.jpg\"><img loading=\"lazy\" decoding=\"async\" data-attachment-id=\"43350\" data-permalink=\"https:\/\/www.legistdf.gob.ar\/index.php\/2024\/06\/12\/galeria-imagenes-de-la-4a-sesion-ordinaria-2\/img_5370-3\/\" data-orig-file=\"https:\/\/www.legistdf.gob.ar\/wp-content\/uploads\/2024\/06\/IMG_5370.jpg\" data-orig-size=\"1500,1000\" data-comments-opened=\"0\" data-image-meta=\"{&quot;aperture&quot;:&quot;5.6&quot;,&quot;credit&quot;:&quot;&quot;,&quot;camera&quot;:&quot;Canon EOS Rebel T6i&quot;,&quot;caption&quot;:&quot;&quot;,&quot;created_timestamp&quot;:&quot;1718194871&quot;,&quot;copyright&quot;:&quot;&quot;,&quot;focal_length&quot;:&quot;28&quot;,&quot;iso&quot;:&quot;800&quot;,&quot;shutter_speed&quot;:&quot;0.00625&quot;,&quot;title&quot;:&quot;&quot;,&quot;orientation&quot;:&quot;0&quot;}\" data-image-title=\"IMG_5370\" data-image-description=\"\" data-image-caption=\"\" data-medium-file=\"https:\/\/www.legistdf.gob.ar\/wp-content\/uploads\/2024\/06\/IMG_5370-300x200.jpg\" data-large-file=\"https:\/\/www.legistdf.gob.ar\/wp-content\/uploads\/2024\/06\/IMG_5370-1024x683.jpg\" class=\"alignright wp-image-43350 size-medium\" src=\"https:\/\/www.legistdf.gob.ar\/wp-content\/uploads\/2024\/06\/IMG_5370-300x200.jpg\" alt=\"\" width=\"300\" height=\"200\" srcset=\"https:\/\/www.legistdf.gob.ar\/wp-content\/uploads\/2024\/06\/IMG_5370-300x200.jpg 300w, https:\/\/www.legistdf.gob.ar\/wp-content\/uploads\/2024\/06\/IMG_5370-1024x683.jpg 1024w, https:\/\/www.legistdf.gob.ar\/wp-content\/uploads\/2024\/06\/IMG_5370-768x512.jpg 768w, https:\/\/www.legistdf.gob.ar\/wp-content\/uploads\/2024\/06\/IMG_5370-160x107.jpg 160w, https:\/\/www.legistdf.gob.ar\/wp-content\/uploads\/2024\/06\/IMG_5370.jpg 1500w\" sizes=\"(max-width: 300px) 100vw, 300px\" \/><\/a>\u00abEl bosque que perdimos: S.O.S incendios forestales. Fomentando la prevenci\u00f3n\u00a0 de incendios forestales en Tierra del Fuego desde la ciencia y el arte\u00bb y \u00abSOS: Incendios forestales. Previniendo incendios forestales desde la educaci\u00f3n ambiental, la cultura y el arte\u00bb buscan concienciar y formar a la comunidad sobre los incendios forestales en Tierra del Fuego y sus consecuencias. Ambos proyectos de extensi\u00f3n universitaria est\u00e1n liderados por la Dra. Natalia Oro Castro, docente de la UNTDF.<\/span><\/p>\n<p>&nbsp;<\/p>\n<p><span style=\"font-family: arial, helvetica, sans-serif;font-size: 12pt\">En los fundamentos de la iniciativa suscripta por la legisladora Natalia Gracian\u00eda y el legislador Agust\u00edn Coto que fueron acompa\u00f1ados por unanimidad de la Conformaci\u00f3n parlamentaria, se\u00f1alan que \u201cpromueve h\u00e1bitos responsables a trav\u00e9s de actividades tecnocient\u00edficas y art\u00edsticas\u201d, que incluyen talleres, creaci\u00f3n de material did\u00e1ctico, salidas de campo, la elaboraci\u00f3n de un libro digital y la producci\u00f3n de material audiovisual.<\/span><\/p>\n<p>&nbsp;<\/p>\n<p><span style=\"font-family: arial, helvetica, sans-serif;font-size: 12pt\"><a href=\"https:\/\/www.legistdf.gob.ar\/wp-content\/uploads\/2023\/04\/IMG_1191.jpg\"><img loading=\"lazy\" decoding=\"async\" data-attachment-id=\"37549\" data-permalink=\"https:\/\/www.legistdf.gob.ar\/index.php\/2023\/04\/04\/soberania-taiana-presento-en-tierra-del-fuego-el-libro-blanco-de-la-defensa-2023\/img_1191\/\" data-orig-file=\"https:\/\/www.legistdf.gob.ar\/wp-content\/uploads\/2023\/04\/IMG_1191.jpg\" data-orig-size=\"1500,1000\" data-comments-opened=\"0\" data-image-meta=\"{&quot;aperture&quot;:&quot;3.5&quot;,&quot;credit&quot;:&quot;&quot;,&quot;camera&quot;:&quot;Canon EOS 6D&quot;,&quot;caption&quot;:&quot;&quot;,&quot;created_timestamp&quot;:&quot;1680520995&quot;,&quot;copyright&quot;:&quot;&quot;,&quot;focal_length&quot;:&quot;24&quot;,&quot;iso&quot;:&quot;100&quot;,&quot;shutter_speed&quot;:&quot;0.003125&quot;,&quot;title&quot;:&quot;&quot;,&quot;orientation&quot;:&quot;0&quot;}\" data-image-title=\"IMG_1191\" data-image-description=\"\" data-image-caption=\"\" data-medium-file=\"https:\/\/www.legistdf.gob.ar\/wp-content\/uploads\/2023\/04\/IMG_1191-300x200.jpg\" data-large-file=\"https:\/\/www.legistdf.gob.ar\/wp-content\/uploads\/2023\/04\/IMG_1191-1024x683.jpg\" class=\"alignright wp-image-37549 size-medium\" src=\"https:\/\/www.legistdf.gob.ar\/wp-content\/uploads\/2023\/04\/IMG_1191-300x200.jpg\" alt=\"\" width=\"300\" height=\"200\" srcset=\"https:\/\/www.legistdf.gob.ar\/wp-content\/uploads\/2023\/04\/IMG_1191-300x200.jpg 300w, https:\/\/www.legistdf.gob.ar\/wp-content\/uploads\/2023\/04\/IMG_1191-768x512.jpg 768w, https:\/\/www.legistdf.gob.ar\/wp-content\/uploads\/2023\/04\/IMG_1191-1024x683.jpg 1024w, https:\/\/www.legistdf.gob.ar\/wp-content\/uploads\/2023\/04\/IMG_1191-160x107.jpg 160w, https:\/\/www.legistdf.gob.ar\/wp-content\/uploads\/2023\/04\/IMG_1191.jpg 1500w\" sizes=\"(max-width: 300px) 100vw, 300px\" \/><\/a>En la concreci\u00f3n de este proyecto de extensi\u00f3n se sumaron el Centro Polivalente de Arte Ushuaia; IPES Florentino Ameghino; la Asociaci\u00f3n Nuriaica Alvarado; las bibliotecas Popular Sarmiento y Alfonsina Storni; el Centro Austral de Investigaciones Cient\u00edficas (CADIC- CONICET) y el Jard\u00edn N\u00b0 14 Caramelos Surtidos.<\/span><\/p>\n<p>&nbsp;<\/p>\n<p><span style=\"font-family: arial, helvetica, sans-serif;font-size: 12pt\">La segunda iniciativa universitaria, propone \u201ceducar a la comunidad sobre la prevenci\u00f3n de incendios mediante estrategias de educaci\u00f3n\u00a0 ambiental y \u00a0actividades culturales y\u00a0 art\u00edsticas\u201d. Se suman talleres de capacitaci\u00f3n para docentes y estudiantes, salidas de campo, elaboraci\u00f3n de un manual digital, confecci\u00f3n de material did\u00e1ctico y realizaci\u00f3n de talleres art\u00edsticos y culturales. Intervienen en este apartado la Casa de las Artes de la UNTDF; la Direcci\u00f3n\u00a0 Provincial de Manejo\u00a0 del Fuego;\u00a0 la Direcci\u00f3n\u00a0 Provincial de Cambio Clim\u00e1tico; la Secretar\u00eda de Ciencia y Tecnolog\u00eda de la Provincia; la Asociaci\u00f3n Mane\u2019Kenk; la Fundaci\u00f3n Cultivar y el Bosque Yatana.<\/span><\/p>\n<p>&nbsp;<\/p>\n<p><span style=\"font-family: arial, helvetica, sans-serif;font-size: 12pt\">Es dable indicar que la bancada de Republicanos record\u00f3, en los fundamentos, que la Provincia cuenta con un corpus normativo sobre la materia que abarca: <a href=\"https:\/\/servicios.infoleg.gob.ar\/infolegInternet\/anexos\/135000-139999\/136125\/norma.htm\" target=\"_blank\" rel=\"noopener\">Ley de Presupuestos M\u00ednimos de Protecci\u00f3n Ambiental de los Bosques Nativos N\u00b0 26.331;<\/a>\u00a0la <a href=\"https:\/\/servicios.infoleg.gob.ar\/infolegInternet\/anexos\/345000-349999\/345172\/norma.htm\" target=\"_blank\" rel=\"noopener\">Ley Yolanda de Educaci\u00f3n Ambiental Integral N\u00b0 27.592<\/a>, <a href=\"http:\/\/200.41.191.125:134\/index.php\/553-medio-ambiente\" target=\"_blank\" rel=\"noopener\">la Ley Provincial de Medio Ambiente N\u00b0 55<\/a>,<a href=\"http:\/\/200.41.191.125:134\/index.php\/643-ley-forestal\" target=\"_blank\" rel=\"noopener\"> la Ley de Bosques N\u00b0 145<\/a>, <a href=\"http:\/\/200.41.191.125:134\/index.php\/700-ley-forestal-modificacion\" target=\"_blank\" rel=\"noopener\">la modificaci\u00f3n a la Ley de Bosques N\u00b0 202<\/a>, el <a href=\"http:\/\/200.41.191.125:134\/index.php\/770-ecologia-sistema-provincial-de-areas-naturales-protegidas-creacion\" target=\"_blank\" rel=\"noopener\">Sistema Provincial de \u00c1reas Naturales Protegidas N\u00b0 272<\/a>, el <a href=\"http:\/\/200.41.191.125:134\/index.php\/1367-medio-ambiente-establece-el-marco-normativo-provincial-complementario-a-la-ley-nacional-26-331-sobre-los-principios-rectores-para-el-ordenamiento-y-conservacion-de-los-bosques-nativos-en-todo-el-ambito-nacional\" target=\"_blank\" rel=\"noopener\">Ordenamiento de Bosques Nativos de Tierra del N\u00b0 869<\/a> y la <a href=\"http:\/\/200.41.191.125:134\/index.php\/1955-emergencia-ambiental-por-incendios-forestales-declaracion\" target=\"_blank\" rel=\"noopener\">Prohibici\u00f3n de Realizar Fuego en toda la Provincia N\u00b0 1.457<\/a>.<\/span><\/p>\n<p>&nbsp;<\/p>\n<p style=\"text-align: right\"><em>AT<\/em><\/p>\n","protected":false},"excerpt":{"rendered":"<p>Ushuaia, viernes 14 de junio de 2024.- La Legislatura fueguina declar\u00f3 de inter\u00e9s provincial dos proyectos acad\u00e9micos y cient\u00edficos emanados desde la Universidad Nacional de Tierra del Fuego (UNTDF), a instancias del bloque Republicanos en la C\u00e1mara sobre incendios forestales. \u201cNo solo representan un esfuerzo significativo en la conservaci\u00f3n del medio ambiente, sino que tambi\u00e9n [&hellip;]<\/p>\n","protected":false},"author":352,"featured_media":37549,"comment_status":"closed","ping_status":"closed","sticky":false,"template":"","format":"standard","meta":{"jetpack_post_was_ever_published":false,"_jetpack_newsletter_access":"","_jetpack_dont_email_post_to_subs":false,"_jetpack_newsletter_tier_id":0,"footnotes":"","jetpack_publicize_message":"","jetpack_publicize_feature_enabled":true,"jetpack_social_post_already_shared":true,"jetpack_social_options":{"image_generator_settings":{"template":"highway","enabled":false}}},"categories":[1],"tags":[3210,433,78,3221,3326,117,79,647,87],"jetpack_publicize_connections":[],"jetpack_sharing_enabled":true,"jetpack_featured_media_url":"https:\/\/www.legistdf.gob.ar\/wp-content\/uploads\/2023\/04\/IMG_1191.jpg","jetpack-related-posts":[],"_links":{"self":[{"href":"https:\/\/www.legistdf.gob.ar\/index.php\/wp-json\/wp\/v2\/posts\/43433"}],"collection":[{"href":"https:\/\/www.legistdf.gob.ar\/index.php\/wp-json\/wp\/v2\/posts"}],"about":[{"href":"https:\/\/www.legistdf.gob.ar\/index.php\/wp-json\/wp\/v2\/types\/post"}],"author":[{"embeddable":true,"href":"https:\/\/www.legistdf.gob.ar\/index.php\/wp-json\/wp\/v2\/users\/352"}],"replies":[{"embeddable":true,"href":"https:\/\/www.legistdf.gob.ar\/index.php\/wp-json\/wp\/v2\/comments?post=43433"}],"version-history":[{"count":1,"href":"https:\/\/www.legistdf.gob.ar\/index.php\/wp-json\/wp\/v2\/posts\/43433\/revisions"}],"predecessor-version":[{"id":43434,"href":"https:\/\/www.legistdf.gob.ar\/index.php\/wp-json\/wp\/v2\/posts\/43433\/revisions\/43434"}],"wp:featuredmedia":[{"embeddable":true,"href":"https:\/\/www.legistdf.gob.ar\/index.php\/wp-json\/wp\/v2\/media\/37549"}],"wp:attachment":[{"href":"https:\/\/www.legistdf.gob.ar\/index.php\/wp-json\/wp\/v2\/media?parent=43433"}],"wp:term":[{"taxonomy":"category","embeddable":true,"href":"https:\/\/www.legistdf.gob.ar\/index.php\/wp-json\/wp\/v2\/categories?post=43433"},{"taxonomy":"post_tag","embeddable":true,"href":"https:\/\/www.legistdf.gob.ar\/index.php\/wp-json\/wp\/v2\/tags?post=43433"}],"curies":[{"name":"wp","href":"https:\/\/api.w.org\/{rel}","templated":true}]}}