{"id":43544,"date":"2024-07-08T12:35:33","date_gmt":"2024-07-08T15:35:33","guid":{"rendered":"https:\/\/www.legistdf.gob.ar\/?p=43544"},"modified":"2024-07-08T12:35:33","modified_gmt":"2024-07-08T15:35:33","slug":"legislatura-proponen-beneficio-especial-para-la-policia-provincial-con-ninas-y-ninos-pequenos","status":"publish","type":"post","link":"https:\/\/www.legistdf.gob.ar\/index.php\/2024\/07\/08\/legislatura-proponen-beneficio-especial-para-la-policia-provincial-con-ninas-y-ninos-pequenos\/","title":{"rendered":"LEGISLATURA: Proponen beneficio especial para la Polic\u00eda provincial con ni\u00f1as y ni\u00f1os peque\u00f1os"},"content":{"rendered":"<p><span style=\"font-size: 14pt\"><strong><span style=\"font-family: arial, helvetica, sans-serif\"><a href=\"https:\/\/www.legistdf.gob.ar\/wp-content\/uploads\/2024\/06\/IMG_5364.jpg\"><img loading=\"lazy\" decoding=\"async\" data-attachment-id=\"43347\" data-permalink=\"https:\/\/www.legistdf.gob.ar\/index.php\/2024\/06\/12\/galeria-imagenes-de-la-4a-sesion-ordinaria-2\/img_5364-3\/\" data-orig-file=\"https:\/\/www.legistdf.gob.ar\/wp-content\/uploads\/2024\/06\/IMG_5364.jpg\" data-orig-size=\"1500,1000\" data-comments-opened=\"0\" data-image-meta=\"{&quot;aperture&quot;:&quot;5.6&quot;,&quot;credit&quot;:&quot;&quot;,&quot;camera&quot;:&quot;Canon EOS Rebel T6i&quot;,&quot;caption&quot;:&quot;&quot;,&quot;created_timestamp&quot;:&quot;1718194840&quot;,&quot;copyright&quot;:&quot;&quot;,&quot;focal_length&quot;:&quot;24&quot;,&quot;iso&quot;:&quot;800&quot;,&quot;shutter_speed&quot;:&quot;0.00625&quot;,&quot;title&quot;:&quot;&quot;,&quot;orientation&quot;:&quot;0&quot;}\" data-image-title=\"IMG_5364\" data-image-description=\"\" data-image-caption=\"\" data-medium-file=\"https:\/\/www.legistdf.gob.ar\/wp-content\/uploads\/2024\/06\/IMG_5364-300x200.jpg\" data-large-file=\"https:\/\/www.legistdf.gob.ar\/wp-content\/uploads\/2024\/06\/IMG_5364-1024x683.jpg\" class=\"alignleft wp-image-43347 size-medium\" src=\"https:\/\/www.legistdf.gob.ar\/wp-content\/uploads\/2024\/06\/IMG_5364-300x200.jpg\" alt=\"\" width=\"300\" height=\"200\" srcset=\"https:\/\/www.legistdf.gob.ar\/wp-content\/uploads\/2024\/06\/IMG_5364-300x200.jpg 300w, https:\/\/www.legistdf.gob.ar\/wp-content\/uploads\/2024\/06\/IMG_5364-1024x683.jpg 1024w, https:\/\/www.legistdf.gob.ar\/wp-content\/uploads\/2024\/06\/IMG_5364-768x512.jpg 768w, https:\/\/www.legistdf.gob.ar\/wp-content\/uploads\/2024\/06\/IMG_5364-160x107.jpg 160w, https:\/\/www.legistdf.gob.ar\/wp-content\/uploads\/2024\/06\/IMG_5364.jpg 1500w\" sizes=\"(max-width: 300px) 100vw, 300px\" \/><\/a>Ushuaia, lunes 8 de julio de 2024.- Desde el bloque legislativo del Movimiento Popular Fueguino (MPF), presentaron un proyecto de Ley (asunto N\u00ba 306\/24) que busca incorporar un beneficio econ\u00f3mico destinado a cubrir gastos de guarder\u00eda o asistencia no terap\u00e9utica, que alivie la carga econ\u00f3mica que enfrentan las y los trabajadores de la fuerza de seguridad provincial. La iniciativa espera ser tratada en las Comisiones de Legislaci\u00f3n General N\u00ba 1, Econom\u00eda N\u00ba 2 y Seguridad N\u00ba 6.<\/span><\/strong><\/span><\/p>\n<p>&nbsp;<\/p>\n<p><span style=\"font-family: arial, helvetica, sans-serif;font-size: 12pt\">Pablo Villegas, propuso en concreto, una modificaci\u00f3n a la Ley provincial N\u00b0 735, espec\u00edficamente en el art\u00edculo 10, que establece los derechos y obligaciones del personal policial en servicio.<\/span><\/p>\n<p>&nbsp;<\/p>\n<p><span style=\"font-family: arial, helvetica, sans-serif;font-size: 12pt\"><a href=\"https:\/\/www.legistdf.gob.ar\/wp-content\/uploads\/2024\/03\/4-2.jpg\"><img loading=\"lazy\" decoding=\"async\" data-attachment-id=\"42166\" data-permalink=\"https:\/\/www.legistdf.gob.ar\/index.php\/2024\/03\/21\/seguridad-urquiza-presidio-el-acto-por-el-30-aniversario-de-la-policia-provincial\/4-228\/\" data-orig-file=\"https:\/\/www.legistdf.gob.ar\/wp-content\/uploads\/2024\/03\/4-2.jpg\" data-orig-size=\"1500,1000\" data-comments-opened=\"0\" data-image-meta=\"{&quot;aperture&quot;:&quot;3.2&quot;,&quot;credit&quot;:&quot;&quot;,&quot;camera&quot;:&quot;Canon EOS 6D&quot;,&quot;caption&quot;:&quot;&quot;,&quot;created_timestamp&quot;:&quot;1711020897&quot;,&quot;copyright&quot;:&quot;&quot;,&quot;focal_length&quot;:&quot;24&quot;,&quot;iso&quot;:&quot;400&quot;,&quot;shutter_speed&quot;:&quot;0.01&quot;,&quot;title&quot;:&quot;&quot;,&quot;orientation&quot;:&quot;0&quot;}\" data-image-title=\"4\" data-image-description=\"\" data-image-caption=\"\" data-medium-file=\"https:\/\/www.legistdf.gob.ar\/wp-content\/uploads\/2024\/03\/4-2-300x200.jpg\" data-large-file=\"https:\/\/www.legistdf.gob.ar\/wp-content\/uploads\/2024\/03\/4-2-1024x683.jpg\" class=\"alignright wp-image-42166 size-medium\" src=\"https:\/\/www.legistdf.gob.ar\/wp-content\/uploads\/2024\/03\/4-2-300x200.jpg\" alt=\"\" width=\"300\" height=\"200\" srcset=\"https:\/\/www.legistdf.gob.ar\/wp-content\/uploads\/2024\/03\/4-2-300x200.jpg 300w, https:\/\/www.legistdf.gob.ar\/wp-content\/uploads\/2024\/03\/4-2-1024x683.jpg 1024w, https:\/\/www.legistdf.gob.ar\/wp-content\/uploads\/2024\/03\/4-2-768x512.jpg 768w, https:\/\/www.legistdf.gob.ar\/wp-content\/uploads\/2024\/03\/4-2-160x107.jpg 160w, https:\/\/www.legistdf.gob.ar\/wp-content\/uploads\/2024\/03\/4-2.jpg 1500w\" sizes=\"(max-width: 300px) 100vw, 300px\" \/><\/a>El nuevo inciso plantea que los agentes reciban una compensaci\u00f3n econ\u00f3mica para cubrir los costos de guarder\u00eda o asistencia para el cuidado de ni\u00f1as y ni\u00f1os entre 45 d\u00edas y tres a\u00f1os de edad. Se\u00f1ala que el monto a reintegrar se ubica en un valor no inferior al 40% del salario mensual correspondiente a la categor\u00eda \u201casistencia y cuidados de personas\u201d del personal de casas particulares.<\/span><\/p>\n<p>&nbsp;<\/p>\n<p><span style=\"font-family: arial, helvetica, sans-serif;font-size: 12pt\">El referente del MPF, indica que la cifra se basa en el decreto 144\/2022, que reglamenta el art\u00edculo 179 de la Ley de Contrato de Trabajo N\u00b0 20.744.<\/span><\/p>\n<p>&nbsp;<\/p>\n<p><span style=\"font-family: arial, helvetica, sans-serif;font-size: 12pt\">Cabe destacar que en caso de ser sancionada la norma, para acceder a este beneficio, deber\u00e1n presentar la documentaci\u00f3n pertinente que demuestre los gastos en una instituci\u00f3n habilitada o bajo el R\u00e9gimen de Contrato de Trabajo para el Personal de Casas Particulares.<\/span><\/p>\n<p>&nbsp;<\/p>\n<p><span style=\"font-family: arial, helvetica, sans-serif;font-size: 12pt\"><a href=\"https:\/\/www.legistdf.gob.ar\/wp-content\/uploads\/2024\/03\/IMG_2535.jpg\"><img loading=\"lazy\" decoding=\"async\" data-attachment-id=\"42028\" data-permalink=\"https:\/\/www.legistdf.gob.ar\/index.php\/2024\/03\/14\/seguridad-se-realizo-la-primera-reunion-del-comite-contra-la-tortura\/img_2535-3\/\" data-orig-file=\"https:\/\/www.legistdf.gob.ar\/wp-content\/uploads\/2024\/03\/IMG_2535.jpg\" data-orig-size=\"1500,1000\" data-comments-opened=\"0\" data-image-meta=\"{&quot;aperture&quot;:&quot;4&quot;,&quot;credit&quot;:&quot;&quot;,&quot;camera&quot;:&quot;Canon EOS 6D&quot;,&quot;caption&quot;:&quot;&quot;,&quot;created_timestamp&quot;:&quot;1710336731&quot;,&quot;copyright&quot;:&quot;&quot;,&quot;focal_length&quot;:&quot;65&quot;,&quot;iso&quot;:&quot;320&quot;,&quot;shutter_speed&quot;:&quot;0.0055555555555556&quot;,&quot;title&quot;:&quot;&quot;,&quot;orientation&quot;:&quot;0&quot;}\" data-image-title=\"IMG_2535\" data-image-description=\"\" data-image-caption=\"\" data-medium-file=\"https:\/\/www.legistdf.gob.ar\/wp-content\/uploads\/2024\/03\/IMG_2535-300x200.jpg\" data-large-file=\"https:\/\/www.legistdf.gob.ar\/wp-content\/uploads\/2024\/03\/IMG_2535-1024x683.jpg\" class=\"alignleft wp-image-42028 size-medium\" src=\"https:\/\/www.legistdf.gob.ar\/wp-content\/uploads\/2024\/03\/IMG_2535-300x200.jpg\" alt=\"\" width=\"300\" height=\"200\" srcset=\"https:\/\/www.legistdf.gob.ar\/wp-content\/uploads\/2024\/03\/IMG_2535-300x200.jpg 300w, https:\/\/www.legistdf.gob.ar\/wp-content\/uploads\/2024\/03\/IMG_2535-1024x683.jpg 1024w, https:\/\/www.legistdf.gob.ar\/wp-content\/uploads\/2024\/03\/IMG_2535-768x512.jpg 768w, https:\/\/www.legistdf.gob.ar\/wp-content\/uploads\/2024\/03\/IMG_2535-160x107.jpg 160w, https:\/\/www.legistdf.gob.ar\/wp-content\/uploads\/2024\/03\/IMG_2535.jpg 1500w\" sizes=\"(max-width: 300px) 100vw, 300px\" \/><\/a>Villegas explic\u00f3 que \u201cesta medida tiene como objetivo no solo aliviar la carga econ\u00f3mica de aquellos que necesitan asistencia para el cuidado de sus hijos, sino tambi\u00e9n fortalecer la protecci\u00f3n de los derechos laborales de los servidores p\u00fablicos\u201d. Sum\u00f3 que con esta herramienta se pretende garantizar la igualdad de oportunidades para los trabajadores con responsabilidades familiares y de esta forma se promueve un entorno laboral m\u00e1s equitativo y justo.<\/span><\/p>\n<p>&nbsp;<\/p>\n<p style=\"text-align: right\"><em>ZV-NEGM-AT<\/em><\/p>\n","protected":false},"excerpt":{"rendered":"<p>Ushuaia, lunes 8 de julio de 2024.- Desde el bloque legislativo del Movimiento Popular Fueguino (MPF), presentaron un proyecto de Ley (asunto N\u00ba 306\/24) que busca incorporar un beneficio econ\u00f3mico destinado a cubrir gastos de guarder\u00eda o asistencia no terap\u00e9utica, que alivie la carga econ\u00f3mica que enfrentan las y los trabajadores de la fuerza de [&hellip;]<\/p>\n","protected":false},"author":352,"featured_media":43347,"comment_status":"closed","ping_status":"closed","sticky":false,"template":"","format":"standard","meta":{"jetpack_post_was_ever_published":false,"_jetpack_newsletter_access":"","_jetpack_dont_email_post_to_subs":false,"_jetpack_newsletter_tier_id":0,"footnotes":"","jetpack_publicize_message":"","jetpack_publicize_feature_enabled":true,"jetpack_social_post_already_shared":true,"jetpack_social_options":{"image_generator_settings":{"template":"highway","enabled":false}}},"categories":[1],"tags":[106,1376,448,79,87],"jetpack_publicize_connections":[],"jetpack_sharing_enabled":true,"jetpack_featured_media_url":"https:\/\/www.legistdf.gob.ar\/wp-content\/uploads\/2024\/06\/IMG_5364.jpg","jetpack-related-posts":[],"_links":{"self":[{"href":"https:\/\/www.legistdf.gob.ar\/index.php\/wp-json\/wp\/v2\/posts\/43544"}],"collection":[{"href":"https:\/\/www.legistdf.gob.ar\/index.php\/wp-json\/wp\/v2\/posts"}],"about":[{"href":"https:\/\/www.legistdf.gob.ar\/index.php\/wp-json\/wp\/v2\/types\/post"}],"author":[{"embeddable":true,"href":"https:\/\/www.legistdf.gob.ar\/index.php\/wp-json\/wp\/v2\/users\/352"}],"replies":[{"embeddable":true,"href":"https:\/\/www.legistdf.gob.ar\/index.php\/wp-json\/wp\/v2\/comments?post=43544"}],"version-history":[{"count":1,"href":"https:\/\/www.legistdf.gob.ar\/index.php\/wp-json\/wp\/v2\/posts\/43544\/revisions"}],"predecessor-version":[{"id":43545,"href":"https:\/\/www.legistdf.gob.ar\/index.php\/wp-json\/wp\/v2\/posts\/43544\/revisions\/43545"}],"wp:featuredmedia":[{"embeddable":true,"href":"https:\/\/www.legistdf.gob.ar\/index.php\/wp-json\/wp\/v2\/media\/43347"}],"wp:attachment":[{"href":"https:\/\/www.legistdf.gob.ar\/index.php\/wp-json\/wp\/v2\/media?parent=43544"}],"wp:term":[{"taxonomy":"category","embeddable":true,"href":"https:\/\/www.legistdf.gob.ar\/index.php\/wp-json\/wp\/v2\/categories?post=43544"},{"taxonomy":"post_tag","embeddable":true,"href":"https:\/\/www.legistdf.gob.ar\/index.php\/wp-json\/wp\/v2\/tags?post=43544"}],"curies":[{"name":"wp","href":"https:\/\/api.w.org\/{rel}","templated":true}]}}