{"id":43546,"date":"2024-07-08T15:40:40","date_gmt":"2024-07-08T18:40:40","guid":{"rendered":"https:\/\/www.legistdf.gob.ar\/?p=43546"},"modified":"2024-07-08T15:40:40","modified_gmt":"2024-07-08T18:40:40","slug":"educacion-la-legisladora-gisela-dos-santos-recorrio-el-centro-politecnico-superior-malvinas-argentinas","status":"publish","type":"post","link":"https:\/\/www.legistdf.gob.ar\/index.php\/2024\/07\/08\/educacion-la-legisladora-gisela-dos-santos-recorrio-el-centro-politecnico-superior-malvinas-argentinas\/","title":{"rendered":"EDUCACI\u00d3N: La legisladora Gisela Dos Santos recorri\u00f3 el Centro Polit\u00e9cnico Superior Malvinas Argentinas"},"content":{"rendered":"<p><span style=\"font-size: 14pt;font-family: arial, helvetica, sans-serif\"><strong><a href=\"https:\/\/www.legistdf.gob.ar\/wp-content\/uploads\/2024\/07\/FAH_7314.jpg\"><img loading=\"lazy\" decoding=\"async\" data-attachment-id=\"43551\" data-permalink=\"https:\/\/www.legistdf.gob.ar\/index.php\/2024\/07\/08\/educacion-la-legisladora-gisela-dos-santos-recorrio-el-centro-politecnico-superior-malvinas-argentinas\/fah_7314\/\" data-orig-file=\"https:\/\/www.legistdf.gob.ar\/wp-content\/uploads\/2024\/07\/FAH_7314.jpg\" data-orig-size=\"1500,1001\" data-comments-opened=\"0\" data-image-meta=\"{&quot;aperture&quot;:&quot;0&quot;,&quot;credit&quot;:&quot;&quot;,&quot;camera&quot;:&quot;&quot;,&quot;caption&quot;:&quot;&quot;,&quot;created_timestamp&quot;:&quot;0&quot;,&quot;copyright&quot;:&quot;&quot;,&quot;focal_length&quot;:&quot;0&quot;,&quot;iso&quot;:&quot;0&quot;,&quot;shutter_speed&quot;:&quot;0&quot;,&quot;title&quot;:&quot;&quot;,&quot;orientation&quot;:&quot;0&quot;}\" data-image-title=\"FAH_7314\" data-image-description=\"\" data-image-caption=\"\" data-medium-file=\"https:\/\/www.legistdf.gob.ar\/wp-content\/uploads\/2024\/07\/FAH_7314-300x200.jpg\" data-large-file=\"https:\/\/www.legistdf.gob.ar\/wp-content\/uploads\/2024\/07\/FAH_7314-1024x683.jpg\" class=\"alignleft wp-image-43551 size-medium\" src=\"https:\/\/www.legistdf.gob.ar\/wp-content\/uploads\/2024\/07\/FAH_7314-300x200.jpg\" alt=\"\" width=\"300\" height=\"200\" srcset=\"https:\/\/www.legistdf.gob.ar\/wp-content\/uploads\/2024\/07\/FAH_7314-300x200.jpg 300w, https:\/\/www.legistdf.gob.ar\/wp-content\/uploads\/2024\/07\/FAH_7314-1024x683.jpg 1024w, https:\/\/www.legistdf.gob.ar\/wp-content\/uploads\/2024\/07\/FAH_7314-768x513.jpg 768w, https:\/\/www.legistdf.gob.ar\/wp-content\/uploads\/2024\/07\/FAH_7314-160x107.jpg 160w, https:\/\/www.legistdf.gob.ar\/wp-content\/uploads\/2024\/07\/FAH_7314.jpg 1500w\" sizes=\"(max-width: 300px) 100vw, 300px\" \/><\/a>R\u00edo Grande, lunes 8 de julio de 2024.- La legisladora provincial Gisela Dos Santos (SF) visit\u00f3 el Centro Polit\u00e9cnico Superior Malvinas Argentinas, acompa\u00f1ada por el rector Jorge Calvo. All\u00ed recorrieron las instalaciones y dialogaron sobre proyectos educativos y la vinculaci\u00f3n con con legislaciones para fortalecer la educaci\u00f3n. La instituci\u00f3n, creada en 2022, dicta espacios curriculares en secundario t\u00e9cnico, terciario y cuenta con un Centro de Formaci\u00f3n Profesional.<\/strong><\/span><\/p>\n<p>&nbsp;<\/p>\n<p><span style=\"font-family: arial, helvetica, sans-serif;font-size: 12pt\">La Parlamentaria, tras recorrer y dialogar con el Rector, enfatiz\u00f3 la importancia de conocer el trabajo que se realiza. Adem\u00e1s destac\u00f3 las diferentes propuestas educativas que ofrece la instituci\u00f3n y su vinculaci\u00f3n con empresas privadas locales.\u00a0 En ese sentido, resalt\u00f3 las acciones que llevan adelante con el\u00a0 aserradero de Tolhuin que provee madera para la creaci\u00f3n de mesas de trabajo y diferentes elementos que aprovechan para mejorar la instituci\u00f3n mientras imparten el trabajo acad\u00e9mico y pedag\u00f3gico.<\/span><\/p>\n<p>&nbsp;<\/p>\n<p><span style=\"font-family: arial, helvetica, sans-serif;font-size: 12pt\"><a href=\"https:\/\/www.legistdf.gob.ar\/wp-content\/uploads\/2024\/07\/FAH_7309.jpg\"><img loading=\"lazy\" decoding=\"async\" data-attachment-id=\"43549\" data-permalink=\"https:\/\/www.legistdf.gob.ar\/index.php\/2024\/07\/08\/educacion-la-legisladora-gisela-dos-santos-recorrio-el-centro-politecnico-superior-malvinas-argentinas\/fah_7309\/\" data-orig-file=\"https:\/\/www.legistdf.gob.ar\/wp-content\/uploads\/2024\/07\/FAH_7309.jpg\" data-orig-size=\"1500,1001\" data-comments-opened=\"0\" data-image-meta=\"{&quot;aperture&quot;:&quot;0&quot;,&quot;credit&quot;:&quot;&quot;,&quot;camera&quot;:&quot;&quot;,&quot;caption&quot;:&quot;&quot;,&quot;created_timestamp&quot;:&quot;0&quot;,&quot;copyright&quot;:&quot;&quot;,&quot;focal_length&quot;:&quot;0&quot;,&quot;iso&quot;:&quot;0&quot;,&quot;shutter_speed&quot;:&quot;0&quot;,&quot;title&quot;:&quot;&quot;,&quot;orientation&quot;:&quot;0&quot;}\" data-image-title=\"FAH_7309\" data-image-description=\"\" data-image-caption=\"\" data-medium-file=\"https:\/\/www.legistdf.gob.ar\/wp-content\/uploads\/2024\/07\/FAH_7309-300x200.jpg\" data-large-file=\"https:\/\/www.legistdf.gob.ar\/wp-content\/uploads\/2024\/07\/FAH_7309-1024x683.jpg\" class=\"alignright wp-image-43549 size-medium\" src=\"https:\/\/www.legistdf.gob.ar\/wp-content\/uploads\/2024\/07\/FAH_7309-300x200.jpg\" alt=\"\" width=\"300\" height=\"200\" srcset=\"https:\/\/www.legistdf.gob.ar\/wp-content\/uploads\/2024\/07\/FAH_7309-300x200.jpg 300w, https:\/\/www.legistdf.gob.ar\/wp-content\/uploads\/2024\/07\/FAH_7309-1024x683.jpg 1024w, https:\/\/www.legistdf.gob.ar\/wp-content\/uploads\/2024\/07\/FAH_7309-768x513.jpg 768w, https:\/\/www.legistdf.gob.ar\/wp-content\/uploads\/2024\/07\/FAH_7309-160x107.jpg 160w, https:\/\/www.legistdf.gob.ar\/wp-content\/uploads\/2024\/07\/FAH_7309.jpg 1500w\" sizes=\"(max-width: 300px) 100vw, 300px\" \/><\/a>El Centro Polit\u00e9cnico Superior Malvinas Argentinas, fue creado en 2022 con un secundario t\u00e9cnico, un terciario t\u00e9cnico y un centro de formaci\u00f3n profesional \u201corientado a lo que se denomina econom\u00eda del conocimiento\u201d. Se busca transformar el conocimiento humano en \u201cuna riqueza para nuestra comunidad\u201d.\u00a0<\/span><\/p>\n<p>&nbsp;<\/p>\n<p><span style=\"font-family: arial, helvetica, sans-serif;font-size: 12pt\">El Polit\u00e9cnico cuenta con secundario t\u00e9cnico con orientaci\u00f3n en Maestro Mayor de Obra y en Desarrollo de Software; en el terciario dicta la tecnicatura superior en Ciencias de Datos e Inteligencia Artificial y en el Centro de Formaci\u00f3n Profesional est\u00e1 orientado a la formaci\u00f3n en Programaci\u00f3n e Impresi\u00f3n 3D y habilidades digitales. \u201cDe este modo el Polit\u00e9cnico tiene la funci\u00f3n de agregar a la Provincia elementos y talento fueguino para sumarlos a la econom\u00eda del conocimiento generando riquezas y prosperidad para nuestra gente\u201d,\u00a0 finaliz\u00f3 el profesional.<\/span><\/p>\n<p>&nbsp;<\/p>\n<p style=\"text-align: right\"><em>AH<\/em><\/p>\n\n\t\t<style type=\"text\/css\">\n\t\t\t#gallery-1 {\n\t\t\t\tmargin: auto;\n\t\t\t}\n\t\t\t#gallery-1 .gallery-item {\n\t\t\t\tfloat: left;\n\t\t\t\tmargin-top: 10px;\n\t\t\t\ttext-align: center;\n\t\t\t\twidth: 16%;\n\t\t\t}\n\t\t\t#gallery-1 img {\n\t\t\t\tborder: 2px solid #cfcfcf;\n\t\t\t}\n\t\t\t#gallery-1 .gallery-caption {\n\t\t\t\tmargin-left: 0;\n\t\t\t}\n\t\t\t\/* see gallery_shortcode() in wp-includes\/media.php *\/\n\t\t<\/style>\n\t\t<div data-carousel-extra='{\"blog_id\":1,\"permalink\":\"https:\\\/\\\/www.legistdf.gob.ar\\\/index.php\\\/2024\\\/07\\\/08\\\/educacion-la-legisladora-gisela-dos-santos-recorrio-el-centro-politecnico-superior-malvinas-argentinas\\\/\"}' id='gallery-1' class='gallery galleryid-43546 gallery-columns-6 gallery-size-thumbnail'><dl class='gallery-item'>\n\t\t\t<dt class='gallery-icon landscape'>\n\t\t\t\t<a href='https:\/\/www.legistdf.gob.ar\/index.php\/2024\/07\/08\/educacion-la-legisladora-gisela-dos-santos-recorrio-el-centro-politecnico-superior-malvinas-argentinas\/fah_7294\/'><img loading=\"lazy\" decoding=\"async\" width=\"150\" height=\"150\" src=\"https:\/\/www.legistdf.gob.ar\/wp-content\/uploads\/2024\/07\/FAH_7294-150x150.jpg\" class=\"attachment-thumbnail size-thumbnail\" alt=\"\" srcset=\"https:\/\/www.legistdf.gob.ar\/wp-content\/uploads\/2024\/07\/FAH_7294-150x150.jpg 150w, https:\/\/www.legistdf.gob.ar\/wp-content\/uploads\/2024\/07\/FAH_7294-64x64.jpg 64w\" sizes=\"(max-width: 150px) 100vw, 150px\" data-attachment-id=\"43547\" data-permalink=\"https:\/\/www.legistdf.gob.ar\/index.php\/2024\/07\/08\/educacion-la-legisladora-gisela-dos-santos-recorrio-el-centro-politecnico-superior-malvinas-argentinas\/fah_7294\/\" data-orig-file=\"https:\/\/www.legistdf.gob.ar\/wp-content\/uploads\/2024\/07\/FAH_7294.jpg\" data-orig-size=\"1500,1001\" data-comments-opened=\"0\" data-image-meta=\"{&quot;aperture&quot;:&quot;0&quot;,&quot;credit&quot;:&quot;&quot;,&quot;camera&quot;:&quot;&quot;,&quot;caption&quot;:&quot;&quot;,&quot;created_timestamp&quot;:&quot;0&quot;,&quot;copyright&quot;:&quot;&quot;,&quot;focal_length&quot;:&quot;0&quot;,&quot;iso&quot;:&quot;0&quot;,&quot;shutter_speed&quot;:&quot;0&quot;,&quot;title&quot;:&quot;&quot;,&quot;orientation&quot;:&quot;0&quot;}\" data-image-title=\"FAH_7294\" data-image-description=\"\" data-image-caption=\"\" data-medium-file=\"https:\/\/www.legistdf.gob.ar\/wp-content\/uploads\/2024\/07\/FAH_7294-300x200.jpg\" data-large-file=\"https:\/\/www.legistdf.gob.ar\/wp-content\/uploads\/2024\/07\/FAH_7294-1024x683.jpg\" \/><\/a>\n\t\t\t<\/dt><\/dl><dl class='gallery-item'>\n\t\t\t<dt class='gallery-icon landscape'>\n\t\t\t\t<a href='https:\/\/www.legistdf.gob.ar\/index.php\/2024\/07\/08\/educacion-la-legisladora-gisela-dos-santos-recorrio-el-centro-politecnico-superior-malvinas-argentinas\/fah_7301\/'><img loading=\"lazy\" decoding=\"async\" width=\"150\" height=\"150\" src=\"https:\/\/www.legistdf.gob.ar\/wp-content\/uploads\/2024\/07\/FAH_7301-150x150.jpg\" class=\"attachment-thumbnail size-thumbnail\" alt=\"\" srcset=\"https:\/\/www.legistdf.gob.ar\/wp-content\/uploads\/2024\/07\/FAH_7301-150x150.jpg 150w, https:\/\/www.legistdf.gob.ar\/wp-content\/uploads\/2024\/07\/FAH_7301-64x64.jpg 64w\" sizes=\"(max-width: 150px) 100vw, 150px\" data-attachment-id=\"43548\" data-permalink=\"https:\/\/www.legistdf.gob.ar\/index.php\/2024\/07\/08\/educacion-la-legisladora-gisela-dos-santos-recorrio-el-centro-politecnico-superior-malvinas-argentinas\/fah_7301\/\" data-orig-file=\"https:\/\/www.legistdf.gob.ar\/wp-content\/uploads\/2024\/07\/FAH_7301.jpg\" data-orig-size=\"1500,1001\" data-comments-opened=\"0\" data-image-meta=\"{&quot;aperture&quot;:&quot;0&quot;,&quot;credit&quot;:&quot;&quot;,&quot;camera&quot;:&quot;&quot;,&quot;caption&quot;:&quot;&quot;,&quot;created_timestamp&quot;:&quot;0&quot;,&quot;copyright&quot;:&quot;&quot;,&quot;focal_length&quot;:&quot;0&quot;,&quot;iso&quot;:&quot;0&quot;,&quot;shutter_speed&quot;:&quot;0&quot;,&quot;title&quot;:&quot;&quot;,&quot;orientation&quot;:&quot;0&quot;}\" data-image-title=\"FAH_7301\" data-image-description=\"\" data-image-caption=\"\" data-medium-file=\"https:\/\/www.legistdf.gob.ar\/wp-content\/uploads\/2024\/07\/FAH_7301-300x200.jpg\" data-large-file=\"https:\/\/www.legistdf.gob.ar\/wp-content\/uploads\/2024\/07\/FAH_7301-1024x683.jpg\" \/><\/a>\n\t\t\t<\/dt><\/dl><dl class='gallery-item'>\n\t\t\t<dt class='gallery-icon landscape'>\n\t\t\t\t<a href='https:\/\/www.legistdf.gob.ar\/index.php\/2024\/07\/08\/educacion-la-legisladora-gisela-dos-santos-recorrio-el-centro-politecnico-superior-malvinas-argentinas\/fah_7309\/'><img loading=\"lazy\" decoding=\"async\" width=\"150\" height=\"150\" src=\"https:\/\/www.legistdf.gob.ar\/wp-content\/uploads\/2024\/07\/FAH_7309-150x150.jpg\" class=\"attachment-thumbnail size-thumbnail\" alt=\"\" srcset=\"https:\/\/www.legistdf.gob.ar\/wp-content\/uploads\/2024\/07\/FAH_7309-150x150.jpg 150w, https:\/\/www.legistdf.gob.ar\/wp-content\/uploads\/2024\/07\/FAH_7309-64x64.jpg 64w\" sizes=\"(max-width: 150px) 100vw, 150px\" data-attachment-id=\"43549\" data-permalink=\"https:\/\/www.legistdf.gob.ar\/index.php\/2024\/07\/08\/educacion-la-legisladora-gisela-dos-santos-recorrio-el-centro-politecnico-superior-malvinas-argentinas\/fah_7309\/\" data-orig-file=\"https:\/\/www.legistdf.gob.ar\/wp-content\/uploads\/2024\/07\/FAH_7309.jpg\" data-orig-size=\"1500,1001\" data-comments-opened=\"0\" data-image-meta=\"{&quot;aperture&quot;:&quot;0&quot;,&quot;credit&quot;:&quot;&quot;,&quot;camera&quot;:&quot;&quot;,&quot;caption&quot;:&quot;&quot;,&quot;created_timestamp&quot;:&quot;0&quot;,&quot;copyright&quot;:&quot;&quot;,&quot;focal_length&quot;:&quot;0&quot;,&quot;iso&quot;:&quot;0&quot;,&quot;shutter_speed&quot;:&quot;0&quot;,&quot;title&quot;:&quot;&quot;,&quot;orientation&quot;:&quot;0&quot;}\" data-image-title=\"FAH_7309\" data-image-description=\"\" data-image-caption=\"\" data-medium-file=\"https:\/\/www.legistdf.gob.ar\/wp-content\/uploads\/2024\/07\/FAH_7309-300x200.jpg\" data-large-file=\"https:\/\/www.legistdf.gob.ar\/wp-content\/uploads\/2024\/07\/FAH_7309-1024x683.jpg\" \/><\/a>\n\t\t\t<\/dt><\/dl><dl class='gallery-item'>\n\t\t\t<dt class='gallery-icon landscape'>\n\t\t\t\t<a href='https:\/\/www.legistdf.gob.ar\/index.php\/2024\/07\/08\/educacion-la-legisladora-gisela-dos-santos-recorrio-el-centro-politecnico-superior-malvinas-argentinas\/fah_7311\/'><img loading=\"lazy\" decoding=\"async\" width=\"150\" height=\"150\" src=\"https:\/\/www.legistdf.gob.ar\/wp-content\/uploads\/2024\/07\/FAH_7311-150x150.jpg\" class=\"attachment-thumbnail size-thumbnail\" alt=\"\" srcset=\"https:\/\/www.legistdf.gob.ar\/wp-content\/uploads\/2024\/07\/FAH_7311-150x150.jpg 150w, https:\/\/www.legistdf.gob.ar\/wp-content\/uploads\/2024\/07\/FAH_7311-64x64.jpg 64w\" sizes=\"(max-width: 150px) 100vw, 150px\" data-attachment-id=\"43550\" data-permalink=\"https:\/\/www.legistdf.gob.ar\/index.php\/2024\/07\/08\/educacion-la-legisladora-gisela-dos-santos-recorrio-el-centro-politecnico-superior-malvinas-argentinas\/fah_7311\/\" data-orig-file=\"https:\/\/www.legistdf.gob.ar\/wp-content\/uploads\/2024\/07\/FAH_7311.jpg\" data-orig-size=\"1500,1001\" data-comments-opened=\"0\" data-image-meta=\"{&quot;aperture&quot;:&quot;0&quot;,&quot;credit&quot;:&quot;&quot;,&quot;camera&quot;:&quot;&quot;,&quot;caption&quot;:&quot;&quot;,&quot;created_timestamp&quot;:&quot;0&quot;,&quot;copyright&quot;:&quot;&quot;,&quot;focal_length&quot;:&quot;0&quot;,&quot;iso&quot;:&quot;0&quot;,&quot;shutter_speed&quot;:&quot;0&quot;,&quot;title&quot;:&quot;&quot;,&quot;orientation&quot;:&quot;0&quot;}\" data-image-title=\"FAH_7311\" data-image-description=\"\" data-image-caption=\"\" data-medium-file=\"https:\/\/www.legistdf.gob.ar\/wp-content\/uploads\/2024\/07\/FAH_7311-300x200.jpg\" data-large-file=\"https:\/\/www.legistdf.gob.ar\/wp-content\/uploads\/2024\/07\/FAH_7311-1024x683.jpg\" \/><\/a>\n\t\t\t<\/dt><\/dl><dl class='gallery-item'>\n\t\t\t<dt class='gallery-icon landscape'>\n\t\t\t\t<a href='https:\/\/www.legistdf.gob.ar\/index.php\/2024\/07\/08\/educacion-la-legisladora-gisela-dos-santos-recorrio-el-centro-politecnico-superior-malvinas-argentinas\/fah_7314\/'><img loading=\"lazy\" decoding=\"async\" width=\"150\" height=\"150\" src=\"https:\/\/www.legistdf.gob.ar\/wp-content\/uploads\/2024\/07\/FAH_7314-150x150.jpg\" class=\"attachment-thumbnail size-thumbnail\" alt=\"\" srcset=\"https:\/\/www.legistdf.gob.ar\/wp-content\/uploads\/2024\/07\/FAH_7314-150x150.jpg 150w, https:\/\/www.legistdf.gob.ar\/wp-content\/uploads\/2024\/07\/FAH_7314-64x64.jpg 64w\" sizes=\"(max-width: 150px) 100vw, 150px\" data-attachment-id=\"43551\" data-permalink=\"https:\/\/www.legistdf.gob.ar\/index.php\/2024\/07\/08\/educacion-la-legisladora-gisela-dos-santos-recorrio-el-centro-politecnico-superior-malvinas-argentinas\/fah_7314\/\" data-orig-file=\"https:\/\/www.legistdf.gob.ar\/wp-content\/uploads\/2024\/07\/FAH_7314.jpg\" data-orig-size=\"1500,1001\" data-comments-opened=\"0\" data-image-meta=\"{&quot;aperture&quot;:&quot;0&quot;,&quot;credit&quot;:&quot;&quot;,&quot;camera&quot;:&quot;&quot;,&quot;caption&quot;:&quot;&quot;,&quot;created_timestamp&quot;:&quot;0&quot;,&quot;copyright&quot;:&quot;&quot;,&quot;focal_length&quot;:&quot;0&quot;,&quot;iso&quot;:&quot;0&quot;,&quot;shutter_speed&quot;:&quot;0&quot;,&quot;title&quot;:&quot;&quot;,&quot;orientation&quot;:&quot;0&quot;}\" data-image-title=\"FAH_7314\" data-image-description=\"\" data-image-caption=\"\" data-medium-file=\"https:\/\/www.legistdf.gob.ar\/wp-content\/uploads\/2024\/07\/FAH_7314-300x200.jpg\" data-large-file=\"https:\/\/www.legistdf.gob.ar\/wp-content\/uploads\/2024\/07\/FAH_7314-1024x683.jpg\" \/><\/a>\n\t\t\t<\/dt><\/dl><dl class='gallery-item'>\n\t\t\t<dt class='gallery-icon landscape'>\n\t\t\t\t<a href='https:\/\/www.legistdf.gob.ar\/index.php\/2024\/07\/08\/educacion-la-legisladora-gisela-dos-santos-recorrio-el-centro-politecnico-superior-malvinas-argentinas\/fah_7320\/'><img loading=\"lazy\" decoding=\"async\" width=\"150\" height=\"150\" src=\"https:\/\/www.legistdf.gob.ar\/wp-content\/uploads\/2024\/07\/FAH_7320-150x150.jpg\" class=\"attachment-thumbnail size-thumbnail\" alt=\"\" srcset=\"https:\/\/www.legistdf.gob.ar\/wp-content\/uploads\/2024\/07\/FAH_7320-150x150.jpg 150w, https:\/\/www.legistdf.gob.ar\/wp-content\/uploads\/2024\/07\/FAH_7320-64x64.jpg 64w\" sizes=\"(max-width: 150px) 100vw, 150px\" data-attachment-id=\"43552\" data-permalink=\"https:\/\/www.legistdf.gob.ar\/index.php\/2024\/07\/08\/educacion-la-legisladora-gisela-dos-santos-recorrio-el-centro-politecnico-superior-malvinas-argentinas\/fah_7320\/\" data-orig-file=\"https:\/\/www.legistdf.gob.ar\/wp-content\/uploads\/2024\/07\/FAH_7320.jpg\" data-orig-size=\"1500,1001\" data-comments-opened=\"0\" data-image-meta=\"{&quot;aperture&quot;:&quot;0&quot;,&quot;credit&quot;:&quot;&quot;,&quot;camera&quot;:&quot;&quot;,&quot;caption&quot;:&quot;&quot;,&quot;created_timestamp&quot;:&quot;0&quot;,&quot;copyright&quot;:&quot;&quot;,&quot;focal_length&quot;:&quot;0&quot;,&quot;iso&quot;:&quot;0&quot;,&quot;shutter_speed&quot;:&quot;0&quot;,&quot;title&quot;:&quot;&quot;,&quot;orientation&quot;:&quot;0&quot;}\" data-image-title=\"FAH_7320\" data-image-description=\"\" data-image-caption=\"\" data-medium-file=\"https:\/\/www.legistdf.gob.ar\/wp-content\/uploads\/2024\/07\/FAH_7320-300x200.jpg\" data-large-file=\"https:\/\/www.legistdf.gob.ar\/wp-content\/uploads\/2024\/07\/FAH_7320-1024x683.jpg\" \/><\/a>\n\t\t\t<\/dt><\/dl><br style=\"clear: both\" \/>\n\t\t<\/div>\n\n","protected":false},"excerpt":{"rendered":"<p>R\u00edo Grande, lunes 8 de julio de 2024.- La legisladora provincial Gisela Dos Santos (SF) visit\u00f3 el Centro Polit\u00e9cnico Superior Malvinas Argentinas, acompa\u00f1ada por el rector Jorge Calvo. All\u00ed recorrieron las instalaciones y dialogaron sobre proyectos educativos y la vinculaci\u00f3n con con legislaciones para fortalecer la educaci\u00f3n. La instituci\u00f3n, creada en 2022, dicta espacios curriculares [&hellip;]<\/p>\n","protected":false},"author":352,"featured_media":43551,"comment_status":"closed","ping_status":"closed","sticky":false,"template":"","format":"standard","meta":{"jetpack_post_was_ever_published":false,"_jetpack_newsletter_access":"","_jetpack_dont_email_post_to_subs":false,"_jetpack_newsletter_tier_id":0,"footnotes":"","jetpack_publicize_message":"","jetpack_publicize_feature_enabled":true,"jetpack_social_post_already_shared":true,"jetpack_social_options":{"image_generator_settings":{"template":"highway","enabled":false}}},"categories":[1],"tags":[80,3220,78,3375,96,3215],"jetpack_publicize_connections":[],"jetpack_sharing_enabled":true,"jetpack_featured_media_url":"https:\/\/www.legistdf.gob.ar\/wp-content\/uploads\/2024\/07\/FAH_7314.jpg","jetpack-related-posts":[],"_links":{"self":[{"href":"https:\/\/www.legistdf.gob.ar\/index.php\/wp-json\/wp\/v2\/posts\/43546"}],"collection":[{"href":"https:\/\/www.legistdf.gob.ar\/index.php\/wp-json\/wp\/v2\/posts"}],"about":[{"href":"https:\/\/www.legistdf.gob.ar\/index.php\/wp-json\/wp\/v2\/types\/post"}],"author":[{"embeddable":true,"href":"https:\/\/www.legistdf.gob.ar\/index.php\/wp-json\/wp\/v2\/users\/352"}],"replies":[{"embeddable":true,"href":"https:\/\/www.legistdf.gob.ar\/index.php\/wp-json\/wp\/v2\/comments?post=43546"}],"version-history":[{"count":2,"href":"https:\/\/www.legistdf.gob.ar\/index.php\/wp-json\/wp\/v2\/posts\/43546\/revisions"}],"predecessor-version":[{"id":43554,"href":"https:\/\/www.legistdf.gob.ar\/index.php\/wp-json\/wp\/v2\/posts\/43546\/revisions\/43554"}],"wp:featuredmedia":[{"embeddable":true,"href":"https:\/\/www.legistdf.gob.ar\/index.php\/wp-json\/wp\/v2\/media\/43551"}],"wp:attachment":[{"href":"https:\/\/www.legistdf.gob.ar\/index.php\/wp-json\/wp\/v2\/media?parent=43546"}],"wp:term":[{"taxonomy":"category","embeddable":true,"href":"https:\/\/www.legistdf.gob.ar\/index.php\/wp-json\/wp\/v2\/categories?post=43546"},{"taxonomy":"post_tag","embeddable":true,"href":"https:\/\/www.legistdf.gob.ar\/index.php\/wp-json\/wp\/v2\/tags?post=43546"}],"curies":[{"name":"wp","href":"https:\/\/api.w.org\/{rel}","templated":true}]}}