{"id":43652,"date":"2024-07-31T18:26:22","date_gmt":"2024-07-31T21:26:22","guid":{"rendered":"https:\/\/www.legistdf.gob.ar\/?p=43652"},"modified":"2024-07-31T18:26:22","modified_gmt":"2024-07-31T21:26:22","slug":"seguridad-urquiza-destaco-el-valor-y-profesionalismo-de-las-mujeres-y-hombres-que-conforman-la-gendarmeria","status":"publish","type":"post","link":"https:\/\/www.legistdf.gob.ar\/index.php\/2024\/07\/31\/seguridad-urquiza-destaco-el-valor-y-profesionalismo-de-las-mujeres-y-hombres-que-conforman-la-gendarmeria\/","title":{"rendered":"SEGURIDAD: Urquiza destac\u00f3 el valor y profesionalismo de las mujeres y hombres que conforman la Gendarmer\u00eda"},"content":{"rendered":"<p><span style=\"font-size: 14pt\"><strong><span style=\"font-family: arial, helvetica, sans-serif\"><a href=\"https:\/\/www.legistdf.gob.ar\/wp-content\/uploads\/2024\/07\/IMG_6859.jpg\"><img loading=\"lazy\" decoding=\"async\" data-attachment-id=\"43659\" data-permalink=\"https:\/\/www.legistdf.gob.ar\/index.php\/2024\/07\/31\/seguridad-urquiza-destaco-el-valor-y-profesionalismo-de-las-mujeres-y-hombres-que-conforman-la-gendarmeria\/img_6859-4\/\" data-orig-file=\"https:\/\/www.legistdf.gob.ar\/wp-content\/uploads\/2024\/07\/IMG_6859.jpg\" data-orig-size=\"1500,1000\" data-comments-opened=\"0\" data-image-meta=\"{&quot;aperture&quot;:&quot;5.6&quot;,&quot;credit&quot;:&quot;&quot;,&quot;camera&quot;:&quot;Canon EOS Rebel T6i&quot;,&quot;caption&quot;:&quot;&quot;,&quot;created_timestamp&quot;:&quot;1722431946&quot;,&quot;copyright&quot;:&quot;&quot;,&quot;focal_length&quot;:&quot;39&quot;,&quot;iso&quot;:&quot;100&quot;,&quot;shutter_speed&quot;:&quot;0.005&quot;,&quot;title&quot;:&quot;&quot;,&quot;orientation&quot;:&quot;0&quot;}\" data-image-title=\"IMG_6859\" data-image-description=\"\" data-image-caption=\"\" data-medium-file=\"https:\/\/www.legistdf.gob.ar\/wp-content\/uploads\/2024\/07\/IMG_6859-300x200.jpg\" data-large-file=\"https:\/\/www.legistdf.gob.ar\/wp-content\/uploads\/2024\/07\/IMG_6859-1024x683.jpg\" class=\"alignleft wp-image-43659 size-medium\" src=\"https:\/\/www.legistdf.gob.ar\/wp-content\/uploads\/2024\/07\/IMG_6859-300x200.jpg\" alt=\"\" width=\"300\" height=\"200\" srcset=\"https:\/\/www.legistdf.gob.ar\/wp-content\/uploads\/2024\/07\/IMG_6859-300x200.jpg 300w, https:\/\/www.legistdf.gob.ar\/wp-content\/uploads\/2024\/07\/IMG_6859-1024x683.jpg 1024w, https:\/\/www.legistdf.gob.ar\/wp-content\/uploads\/2024\/07\/IMG_6859-768x512.jpg 768w, https:\/\/www.legistdf.gob.ar\/wp-content\/uploads\/2024\/07\/IMG_6859-160x107.jpg 160w, https:\/\/www.legistdf.gob.ar\/wp-content\/uploads\/2024\/07\/IMG_6859.jpg 1500w\" sizes=\"(max-width: 300px) 100vw, 300px\" \/><\/a><\/span><\/strong><\/span><\/p>\n<p><span style=\"font-size: 14pt\"><strong><span style=\"font-family: arial, helvetica, sans-serif\">Ushuaia, mi\u00e9rcoles 31 de julio de 2024.- \u201cLa Gendarmer\u00eda Nacional Argentina es una instituci\u00f3n muy querida y respetada por las y los fueguinos. Se distingue por su profesionalismo, su solidaridad y honor\u201d, afirm\u00f3 la presidenta del Poder Legislativo, M\u00f3nica Urquiza al culminar el acto central por el 86\u00ba aniversario de la fuerza que se desarroll\u00f3 en el polideportivo Jos\u00e9 \u201cCochocho\u201d Vargas. La vicegobernadora encabez\u00f3 el evento junto a la m\u00e1xima autoridad de la Provincia, prof. Gustavo Melella; el comandante General de la Regi\u00f3n VII, Favio Waldo Benegas y el Jefe de la Agrupaci\u00f3n XIX de Tierra del Fuego, comandante Mayor Silvio Amarilla.<\/span><\/strong><\/span><\/p>\n<p>&nbsp;<\/p>\n<p><span style=\"font-family: arial, helvetica, sans-serif;font-size: 12pt\"><a href=\"https:\/\/www.legistdf.gob.ar\/wp-content\/uploads\/2024\/07\/IMG_6822-1.jpg\"><img loading=\"lazy\" decoding=\"async\" data-attachment-id=\"43657\" data-permalink=\"https:\/\/www.legistdf.gob.ar\/index.php\/2024\/07\/31\/seguridad-urquiza-destaco-el-valor-y-profesionalismo-de-las-mujeres-y-hombres-que-conforman-la-gendarmeria\/img_6822-7\/\" data-orig-file=\"https:\/\/www.legistdf.gob.ar\/wp-content\/uploads\/2024\/07\/IMG_6822-1.jpg\" data-orig-size=\"1500,1000\" data-comments-opened=\"0\" data-image-meta=\"{&quot;aperture&quot;:&quot;5.6&quot;,&quot;credit&quot;:&quot;&quot;,&quot;camera&quot;:&quot;Canon EOS Rebel T6i&quot;,&quot;caption&quot;:&quot;&quot;,&quot;created_timestamp&quot;:&quot;1722431157&quot;,&quot;copyright&quot;:&quot;&quot;,&quot;focal_length&quot;:&quot;24&quot;,&quot;iso&quot;:&quot;1600&quot;,&quot;shutter_speed&quot;:&quot;0.0125&quot;,&quot;title&quot;:&quot;&quot;,&quot;orientation&quot;:&quot;0&quot;}\" data-image-title=\"IMG_6822\" data-image-description=\"\" data-image-caption=\"\" data-medium-file=\"https:\/\/www.legistdf.gob.ar\/wp-content\/uploads\/2024\/07\/IMG_6822-1-300x200.jpg\" data-large-file=\"https:\/\/www.legistdf.gob.ar\/wp-content\/uploads\/2024\/07\/IMG_6822-1-1024x683.jpg\" class=\"alignright wp-image-43657 size-medium\" src=\"https:\/\/www.legistdf.gob.ar\/wp-content\/uploads\/2024\/07\/IMG_6822-1-300x200.jpg\" alt=\"\" width=\"300\" height=\"200\" srcset=\"https:\/\/www.legistdf.gob.ar\/wp-content\/uploads\/2024\/07\/IMG_6822-1-300x200.jpg 300w, https:\/\/www.legistdf.gob.ar\/wp-content\/uploads\/2024\/07\/IMG_6822-1-1024x683.jpg 1024w, https:\/\/www.legistdf.gob.ar\/wp-content\/uploads\/2024\/07\/IMG_6822-1-768x512.jpg 768w, https:\/\/www.legistdf.gob.ar\/wp-content\/uploads\/2024\/07\/IMG_6822-1-160x107.jpg 160w, https:\/\/www.legistdf.gob.ar\/wp-content\/uploads\/2024\/07\/IMG_6822-1.jpg 1500w\" sizes=\"(max-width: 300px) 100vw, 300px\" \/><\/a>Urquiza destac\u00f3 las aptitudes de las mujeres y hombres que conforman las filas de la Gendarmer\u00eda, y menci\u00f3n especial hizo acerca del valor y la entrega que demostraron quienes fueron reconocidos en el acto central. \u201cSobresalieron como hombres y mujeres de bien entre sus compa\u00f1eros de tareas, tanto en acciones operativas como administrativas o de mantenimiento\u201d, coment\u00f3.<\/span><\/p>\n<p>&nbsp;<\/p>\n<p><span style=\"font-family: arial, helvetica, sans-serif;font-size: 12pt\">En tanto, puso en valor la contribuci\u00f3n que hace la Fuerza para mantener la identidad nacional en \u00e1reas lim\u00edtrofes, como as\u00ed tambi\u00e9n se\u00f1al\u00f3 el accionar tendiente a preservar el territorio nacional y la intangibilidad del l\u00edmite internacional.<\/span><\/p>\n<p><span style=\"font-family: arial, helvetica, sans-serif;font-size: 12pt\"><a href=\"https:\/\/www.legistdf.gob.ar\/wp-content\/uploads\/2024\/07\/IMG_6841.jpg\"><img loading=\"lazy\" decoding=\"async\" data-attachment-id=\"43658\" data-permalink=\"https:\/\/www.legistdf.gob.ar\/index.php\/2024\/07\/31\/seguridad-urquiza-destaco-el-valor-y-profesionalismo-de-las-mujeres-y-hombres-que-conforman-la-gendarmeria\/img_6841-3\/\" data-orig-file=\"https:\/\/www.legistdf.gob.ar\/wp-content\/uploads\/2024\/07\/IMG_6841.jpg\" data-orig-size=\"1500,1000\" data-comments-opened=\"0\" data-image-meta=\"{&quot;aperture&quot;:&quot;5.6&quot;,&quot;credit&quot;:&quot;&quot;,&quot;camera&quot;:&quot;Canon EOS Rebel T6i&quot;,&quot;caption&quot;:&quot;&quot;,&quot;created_timestamp&quot;:&quot;1722431639&quot;,&quot;copyright&quot;:&quot;&quot;,&quot;focal_length&quot;:&quot;70&quot;,&quot;iso&quot;:&quot;1600&quot;,&quot;shutter_speed&quot;:&quot;0.0125&quot;,&quot;title&quot;:&quot;&quot;,&quot;orientation&quot;:&quot;0&quot;}\" data-image-title=\"IMG_6841\" data-image-description=\"\" data-image-caption=\"\" data-medium-file=\"https:\/\/www.legistdf.gob.ar\/wp-content\/uploads\/2024\/07\/IMG_6841-300x200.jpg\" data-large-file=\"https:\/\/www.legistdf.gob.ar\/wp-content\/uploads\/2024\/07\/IMG_6841-1024x683.jpg\" class=\"alignleft wp-image-43658 size-medium\" src=\"https:\/\/www.legistdf.gob.ar\/wp-content\/uploads\/2024\/07\/IMG_6841-300x200.jpg\" alt=\"\" width=\"300\" height=\"200\" srcset=\"https:\/\/www.legistdf.gob.ar\/wp-content\/uploads\/2024\/07\/IMG_6841-300x200.jpg 300w, https:\/\/www.legistdf.gob.ar\/wp-content\/uploads\/2024\/07\/IMG_6841-1024x683.jpg 1024w, https:\/\/www.legistdf.gob.ar\/wp-content\/uploads\/2024\/07\/IMG_6841-768x512.jpg 768w, https:\/\/www.legistdf.gob.ar\/wp-content\/uploads\/2024\/07\/IMG_6841-160x107.jpg 160w, https:\/\/www.legistdf.gob.ar\/wp-content\/uploads\/2024\/07\/IMG_6841.jpg 1500w\" sizes=\"(max-width: 300px) 100vw, 300px\" \/><\/a>Cabe mencionar que Gendarmer\u00eda Nacional fue creada en 1938 como una fuerza de seguridad de naturaleza militar y con el mandato fundacional de custodiar las zonas de fronteras y los territorios nacionales.<\/span><\/p>\n<p>&nbsp;<\/p>\n<p><span style=\"font-family: arial, helvetica, sans-serif;font-size: 12pt\">Seg\u00fan indicaron desde la organizaci\u00f3n del acto, transcurrieron 86 a\u00f1os desde aquel 28 de julio, en el cual los representantes del pueblo argentino, inspirados en una verdadera necesidad p\u00fablica destinada a consolidar los l\u00edmites de la patria y garantizar la seguridad de colonos y pobladores, sancionaran la ley nacional N\u00b0 12.367.<\/span><\/p>\n<p>&nbsp;<\/p>\n<p><span style=\"font-family: arial, helvetica, sans-serif;font-size: 12pt\">Como es habitual, el acto cont\u00f3 con el acompa\u00f1amiento de la banda de m\u00fasica del \u00c1rea Naval Austral, de la Armada Argentina; y la invocaci\u00f3n religiosa y bendici\u00f3n de los reconocimientos y distinciones que se entregaron en la ceremonia, estuvo a cargo del capell\u00e1n castrense, presb\u00edtero Guillermo Rufino Romano, perteneciente a la agrupaci\u00f3n XIX \u201cTierra del Fuego, Ant\u00e1rtida e Islas del Atl\u00e1ntico Sur\u201d.<\/span><\/p>\n<p>&nbsp;<\/p>\n\n\t\t<style type=\"text\/css\">\n\t\t\t#gallery-1 {\n\t\t\t\tmargin: auto;\n\t\t\t}\n\t\t\t#gallery-1 .gallery-item {\n\t\t\t\tfloat: left;\n\t\t\t\tmargin-top: 10px;\n\t\t\t\ttext-align: center;\n\t\t\t\twidth: 16%;\n\t\t\t}\n\t\t\t#gallery-1 img {\n\t\t\t\tborder: 2px solid #cfcfcf;\n\t\t\t}\n\t\t\t#gallery-1 .gallery-caption {\n\t\t\t\tmargin-left: 0;\n\t\t\t}\n\t\t\t\/* see gallery_shortcode() in wp-includes\/media.php *\/\n\t\t<\/style>\n\t\t<div data-carousel-extra='{\"blog_id\":1,\"permalink\":\"https:\\\/\\\/www.legistdf.gob.ar\\\/index.php\\\/2024\\\/07\\\/31\\\/seguridad-urquiza-destaco-el-valor-y-profesionalismo-de-las-mujeres-y-hombres-que-conforman-la-gendarmeria\\\/\"}' id='gallery-1' class='gallery galleryid-43652 gallery-columns-6 gallery-size-thumbnail'><dl class='gallery-item'>\n\t\t\t<dt class='gallery-icon landscape'>\n\t\t\t\t<a href='https:\/\/www.legistdf.gob.ar\/index.php\/2024\/07\/31\/seguridad-urquiza-destaco-el-valor-y-profesionalismo-de-las-mujeres-y-hombres-que-conforman-la-gendarmeria\/img_6884-4\/'><img loading=\"lazy\" decoding=\"async\" width=\"150\" height=\"150\" src=\"https:\/\/www.legistdf.gob.ar\/wp-content\/uploads\/2024\/07\/IMG_6884-150x150.jpg\" class=\"attachment-thumbnail size-thumbnail\" alt=\"\" srcset=\"https:\/\/www.legistdf.gob.ar\/wp-content\/uploads\/2024\/07\/IMG_6884-150x150.jpg 150w, https:\/\/www.legistdf.gob.ar\/wp-content\/uploads\/2024\/07\/IMG_6884-64x64.jpg 64w\" sizes=\"(max-width: 150px) 100vw, 150px\" data-attachment-id=\"43653\" data-permalink=\"https:\/\/www.legistdf.gob.ar\/index.php\/2024\/07\/31\/seguridad-urquiza-destaco-el-valor-y-profesionalismo-de-las-mujeres-y-hombres-que-conforman-la-gendarmeria\/img_6884-4\/\" data-orig-file=\"https:\/\/www.legistdf.gob.ar\/wp-content\/uploads\/2024\/07\/IMG_6884.jpg\" data-orig-size=\"1500,1000\" data-comments-opened=\"0\" data-image-meta=\"{&quot;aperture&quot;:&quot;5.6&quot;,&quot;credit&quot;:&quot;&quot;,&quot;camera&quot;:&quot;Canon EOS Rebel T6i&quot;,&quot;caption&quot;:&quot;&quot;,&quot;created_timestamp&quot;:&quot;1722432779&quot;,&quot;copyright&quot;:&quot;&quot;,&quot;focal_length&quot;:&quot;24&quot;,&quot;iso&quot;:&quot;1600&quot;,&quot;shutter_speed&quot;:&quot;0.02&quot;,&quot;title&quot;:&quot;&quot;,&quot;orientation&quot;:&quot;0&quot;}\" data-image-title=\"IMG_6884\" data-image-description=\"\" data-image-caption=\"\" data-medium-file=\"https:\/\/www.legistdf.gob.ar\/wp-content\/uploads\/2024\/07\/IMG_6884-300x200.jpg\" data-large-file=\"https:\/\/www.legistdf.gob.ar\/wp-content\/uploads\/2024\/07\/IMG_6884-1024x683.jpg\" \/><\/a>\n\t\t\t<\/dt><\/dl><dl class='gallery-item'>\n\t\t\t<dt class='gallery-icon landscape'>\n\t\t\t\t<a href='https:\/\/www.legistdf.gob.ar\/index.php\/2024\/07\/31\/seguridad-urquiza-destaco-el-valor-y-profesionalismo-de-las-mujeres-y-hombres-que-conforman-la-gendarmeria\/img_6822-6\/'><img loading=\"lazy\" decoding=\"async\" width=\"150\" height=\"150\" src=\"https:\/\/www.legistdf.gob.ar\/wp-content\/uploads\/2024\/07\/IMG_6822-150x150.jpg\" class=\"attachment-thumbnail size-thumbnail\" alt=\"\" srcset=\"https:\/\/www.legistdf.gob.ar\/wp-content\/uploads\/2024\/07\/IMG_6822-150x150.jpg 150w, https:\/\/www.legistdf.gob.ar\/wp-content\/uploads\/2024\/07\/IMG_6822-64x64.jpg 64w\" sizes=\"(max-width: 150px) 100vw, 150px\" data-attachment-id=\"43654\" data-permalink=\"https:\/\/www.legistdf.gob.ar\/index.php\/2024\/07\/31\/seguridad-urquiza-destaco-el-valor-y-profesionalismo-de-las-mujeres-y-hombres-que-conforman-la-gendarmeria\/img_6822-6\/\" data-orig-file=\"https:\/\/www.legistdf.gob.ar\/wp-content\/uploads\/2024\/07\/IMG_6822.jpg\" data-orig-size=\"1500,1000\" data-comments-opened=\"0\" data-image-meta=\"{&quot;aperture&quot;:&quot;5.6&quot;,&quot;credit&quot;:&quot;&quot;,&quot;camera&quot;:&quot;Canon EOS Rebel T6i&quot;,&quot;caption&quot;:&quot;&quot;,&quot;created_timestamp&quot;:&quot;1722431157&quot;,&quot;copyright&quot;:&quot;&quot;,&quot;focal_length&quot;:&quot;24&quot;,&quot;iso&quot;:&quot;1600&quot;,&quot;shutter_speed&quot;:&quot;0.0125&quot;,&quot;title&quot;:&quot;&quot;,&quot;orientation&quot;:&quot;0&quot;}\" data-image-title=\"IMG_6822\" data-image-description=\"\" data-image-caption=\"\" data-medium-file=\"https:\/\/www.legistdf.gob.ar\/wp-content\/uploads\/2024\/07\/IMG_6822-300x200.jpg\" data-large-file=\"https:\/\/www.legistdf.gob.ar\/wp-content\/uploads\/2024\/07\/IMG_6822-1024x683.jpg\" \/><\/a>\n\t\t\t<\/dt><\/dl><dl class='gallery-item'>\n\t\t\t<dt class='gallery-icon landscape'>\n\t\t\t\t<a href='https:\/\/www.legistdf.gob.ar\/index.php\/2024\/07\/31\/seguridad-urquiza-destaco-el-valor-y-profesionalismo-de-las-mujeres-y-hombres-que-conforman-la-gendarmeria\/img_6800\/'><img loading=\"lazy\" decoding=\"async\" width=\"150\" height=\"150\" src=\"https:\/\/www.legistdf.gob.ar\/wp-content\/uploads\/2024\/07\/IMG_6800-150x150.jpg\" class=\"attachment-thumbnail size-thumbnail\" alt=\"\" srcset=\"https:\/\/www.legistdf.gob.ar\/wp-content\/uploads\/2024\/07\/IMG_6800-150x150.jpg 150w, https:\/\/www.legistdf.gob.ar\/wp-content\/uploads\/2024\/07\/IMG_6800-64x64.jpg 64w\" sizes=\"(max-width: 150px) 100vw, 150px\" data-attachment-id=\"43655\" data-permalink=\"https:\/\/www.legistdf.gob.ar\/index.php\/2024\/07\/31\/seguridad-urquiza-destaco-el-valor-y-profesionalismo-de-las-mujeres-y-hombres-que-conforman-la-gendarmeria\/img_6800\/\" data-orig-file=\"https:\/\/www.legistdf.gob.ar\/wp-content\/uploads\/2024\/07\/IMG_6800.jpg\" data-orig-size=\"1500,1000\" data-comments-opened=\"0\" data-image-meta=\"{&quot;aperture&quot;:&quot;5.6&quot;,&quot;credit&quot;:&quot;&quot;,&quot;camera&quot;:&quot;Canon EOS Rebel T6i&quot;,&quot;caption&quot;:&quot;&quot;,&quot;created_timestamp&quot;:&quot;1722430664&quot;,&quot;copyright&quot;:&quot;&quot;,&quot;focal_length&quot;:&quot;24&quot;,&quot;iso&quot;:&quot;1600&quot;,&quot;shutter_speed&quot;:&quot;0.016666666666667&quot;,&quot;title&quot;:&quot;&quot;,&quot;orientation&quot;:&quot;0&quot;}\" data-image-title=\"IMG_6800\" data-image-description=\"\" data-image-caption=\"\" data-medium-file=\"https:\/\/www.legistdf.gob.ar\/wp-content\/uploads\/2024\/07\/IMG_6800-300x200.jpg\" data-large-file=\"https:\/\/www.legistdf.gob.ar\/wp-content\/uploads\/2024\/07\/IMG_6800-1024x683.jpg\" \/><\/a>\n\t\t\t<\/dt><\/dl><dl class='gallery-item'>\n\t\t\t<dt class='gallery-icon landscape'>\n\t\t\t\t<a href='https:\/\/www.legistdf.gob.ar\/index.php\/2024\/07\/31\/seguridad-urquiza-destaco-el-valor-y-profesionalismo-de-las-mujeres-y-hombres-que-conforman-la-gendarmeria\/img_6807-4\/'><img loading=\"lazy\" decoding=\"async\" width=\"150\" height=\"150\" src=\"https:\/\/www.legistdf.gob.ar\/wp-content\/uploads\/2024\/07\/IMG_6807-150x150.jpg\" class=\"attachment-thumbnail size-thumbnail\" alt=\"\" srcset=\"https:\/\/www.legistdf.gob.ar\/wp-content\/uploads\/2024\/07\/IMG_6807-150x150.jpg 150w, https:\/\/www.legistdf.gob.ar\/wp-content\/uploads\/2024\/07\/IMG_6807-64x64.jpg 64w\" sizes=\"(max-width: 150px) 100vw, 150px\" data-attachment-id=\"43656\" data-permalink=\"https:\/\/www.legistdf.gob.ar\/index.php\/2024\/07\/31\/seguridad-urquiza-destaco-el-valor-y-profesionalismo-de-las-mujeres-y-hombres-que-conforman-la-gendarmeria\/img_6807-4\/\" data-orig-file=\"https:\/\/www.legistdf.gob.ar\/wp-content\/uploads\/2024\/07\/IMG_6807.jpg\" data-orig-size=\"1500,1000\" data-comments-opened=\"0\" data-image-meta=\"{&quot;aperture&quot;:&quot;5.6&quot;,&quot;credit&quot;:&quot;&quot;,&quot;camera&quot;:&quot;Canon EOS Rebel T6i&quot;,&quot;caption&quot;:&quot;&quot;,&quot;created_timestamp&quot;:&quot;1722430823&quot;,&quot;copyright&quot;:&quot;&quot;,&quot;focal_length&quot;:&quot;24&quot;,&quot;iso&quot;:&quot;1600&quot;,&quot;shutter_speed&quot;:&quot;0.016666666666667&quot;,&quot;title&quot;:&quot;&quot;,&quot;orientation&quot;:&quot;0&quot;}\" data-image-title=\"IMG_6807\" data-image-description=\"\" data-image-caption=\"\" data-medium-file=\"https:\/\/www.legistdf.gob.ar\/wp-content\/uploads\/2024\/07\/IMG_6807-300x200.jpg\" data-large-file=\"https:\/\/www.legistdf.gob.ar\/wp-content\/uploads\/2024\/07\/IMG_6807-1024x683.jpg\" \/><\/a>\n\t\t\t<\/dt><\/dl><dl class='gallery-item'>\n\t\t\t<dt class='gallery-icon landscape'>\n\t\t\t\t<a href='https:\/\/www.legistdf.gob.ar\/index.php\/2024\/07\/31\/seguridad-urquiza-destaco-el-valor-y-profesionalismo-de-las-mujeres-y-hombres-que-conforman-la-gendarmeria\/img_6822-7\/'><img loading=\"lazy\" decoding=\"async\" width=\"150\" height=\"150\" src=\"https:\/\/www.legistdf.gob.ar\/wp-content\/uploads\/2024\/07\/IMG_6822-1-150x150.jpg\" class=\"attachment-thumbnail size-thumbnail\" alt=\"\" srcset=\"https:\/\/www.legistdf.gob.ar\/wp-content\/uploads\/2024\/07\/IMG_6822-1-150x150.jpg 150w, https:\/\/www.legistdf.gob.ar\/wp-content\/uploads\/2024\/07\/IMG_6822-1-64x64.jpg 64w\" sizes=\"(max-width: 150px) 100vw, 150px\" data-attachment-id=\"43657\" data-permalink=\"https:\/\/www.legistdf.gob.ar\/index.php\/2024\/07\/31\/seguridad-urquiza-destaco-el-valor-y-profesionalismo-de-las-mujeres-y-hombres-que-conforman-la-gendarmeria\/img_6822-7\/\" data-orig-file=\"https:\/\/www.legistdf.gob.ar\/wp-content\/uploads\/2024\/07\/IMG_6822-1.jpg\" data-orig-size=\"1500,1000\" data-comments-opened=\"0\" data-image-meta=\"{&quot;aperture&quot;:&quot;5.6&quot;,&quot;credit&quot;:&quot;&quot;,&quot;camera&quot;:&quot;Canon EOS Rebel T6i&quot;,&quot;caption&quot;:&quot;&quot;,&quot;created_timestamp&quot;:&quot;1722431157&quot;,&quot;copyright&quot;:&quot;&quot;,&quot;focal_length&quot;:&quot;24&quot;,&quot;iso&quot;:&quot;1600&quot;,&quot;shutter_speed&quot;:&quot;0.0125&quot;,&quot;title&quot;:&quot;&quot;,&quot;orientation&quot;:&quot;0&quot;}\" data-image-title=\"IMG_6822\" data-image-description=\"\" data-image-caption=\"\" data-medium-file=\"https:\/\/www.legistdf.gob.ar\/wp-content\/uploads\/2024\/07\/IMG_6822-1-300x200.jpg\" data-large-file=\"https:\/\/www.legistdf.gob.ar\/wp-content\/uploads\/2024\/07\/IMG_6822-1-1024x683.jpg\" \/><\/a>\n\t\t\t<\/dt><\/dl><dl class='gallery-item'>\n\t\t\t<dt class='gallery-icon landscape'>\n\t\t\t\t<a href='https:\/\/www.legistdf.gob.ar\/index.php\/2024\/07\/31\/seguridad-urquiza-destaco-el-valor-y-profesionalismo-de-las-mujeres-y-hombres-que-conforman-la-gendarmeria\/img_6841-3\/'><img loading=\"lazy\" decoding=\"async\" width=\"150\" height=\"150\" src=\"https:\/\/www.legistdf.gob.ar\/wp-content\/uploads\/2024\/07\/IMG_6841-150x150.jpg\" class=\"attachment-thumbnail size-thumbnail\" alt=\"\" srcset=\"https:\/\/www.legistdf.gob.ar\/wp-content\/uploads\/2024\/07\/IMG_6841-150x150.jpg 150w, https:\/\/www.legistdf.gob.ar\/wp-content\/uploads\/2024\/07\/IMG_6841-64x64.jpg 64w\" sizes=\"(max-width: 150px) 100vw, 150px\" data-attachment-id=\"43658\" data-permalink=\"https:\/\/www.legistdf.gob.ar\/index.php\/2024\/07\/31\/seguridad-urquiza-destaco-el-valor-y-profesionalismo-de-las-mujeres-y-hombres-que-conforman-la-gendarmeria\/img_6841-3\/\" data-orig-file=\"https:\/\/www.legistdf.gob.ar\/wp-content\/uploads\/2024\/07\/IMG_6841.jpg\" data-orig-size=\"1500,1000\" data-comments-opened=\"0\" data-image-meta=\"{&quot;aperture&quot;:&quot;5.6&quot;,&quot;credit&quot;:&quot;&quot;,&quot;camera&quot;:&quot;Canon EOS Rebel T6i&quot;,&quot;caption&quot;:&quot;&quot;,&quot;created_timestamp&quot;:&quot;1722431639&quot;,&quot;copyright&quot;:&quot;&quot;,&quot;focal_length&quot;:&quot;70&quot;,&quot;iso&quot;:&quot;1600&quot;,&quot;shutter_speed&quot;:&quot;0.0125&quot;,&quot;title&quot;:&quot;&quot;,&quot;orientation&quot;:&quot;0&quot;}\" data-image-title=\"IMG_6841\" data-image-description=\"\" data-image-caption=\"\" data-medium-file=\"https:\/\/www.legistdf.gob.ar\/wp-content\/uploads\/2024\/07\/IMG_6841-300x200.jpg\" data-large-file=\"https:\/\/www.legistdf.gob.ar\/wp-content\/uploads\/2024\/07\/IMG_6841-1024x683.jpg\" \/><\/a>\n\t\t\t<\/dt><\/dl><br style=\"clear: both\" \/>\n\t\t<\/div>\n\n<p style=\"text-align: right\"><em>ZV-AT<\/em><br \/>\n<em><a href=\"https:\/\/drive.google.com\/drive\/folders\/1fqjALVDDPRwfGpg3I6OK91wLdg_cyRDK?usp=drive_link\" target=\"_blank\" rel=\"noopener\">Galer\u00eda de im\u00e1genes<\/a><\/em><\/p>\n","protected":false},"excerpt":{"rendered":"<p>Ushuaia, mi\u00e9rcoles 31 de julio de 2024.- \u201cLa Gendarmer\u00eda Nacional Argentina es una instituci\u00f3n muy querida y respetada por las y los fueguinos. Se distingue por su profesionalismo, su solidaridad y honor\u201d, afirm\u00f3 la presidenta del Poder Legislativo, M\u00f3nica Urquiza al culminar el acto central por el 86\u00ba aniversario de la fuerza que se desarroll\u00f3 [&hellip;]<\/p>\n","protected":false},"author":352,"featured_media":43659,"comment_status":"closed","ping_status":"closed","sticky":false,"template":"","format":"standard","meta":{"jetpack_post_was_ever_published":false,"_jetpack_newsletter_access":"","_jetpack_dont_email_post_to_subs":false,"_jetpack_newsletter_tier_id":0,"footnotes":"","jetpack_publicize_message":"","jetpack_publicize_feature_enabled":true,"jetpack_social_post_already_shared":true,"jetpack_social_options":{"image_generator_settings":{"template":"highway","enabled":false}}},"categories":[1],"tags":[186,1119,78,1817,144,87],"jetpack_publicize_connections":[],"jetpack_sharing_enabled":true,"jetpack_featured_media_url":"https:\/\/www.legistdf.gob.ar\/wp-content\/uploads\/2024\/07\/IMG_6859.jpg","jetpack-related-posts":[],"_links":{"self":[{"href":"https:\/\/www.legistdf.gob.ar\/index.php\/wp-json\/wp\/v2\/posts\/43652"}],"collection":[{"href":"https:\/\/www.legistdf.gob.ar\/index.php\/wp-json\/wp\/v2\/posts"}],"about":[{"href":"https:\/\/www.legistdf.gob.ar\/index.php\/wp-json\/wp\/v2\/types\/post"}],"author":[{"embeddable":true,"href":"https:\/\/www.legistdf.gob.ar\/index.php\/wp-json\/wp\/v2\/users\/352"}],"replies":[{"embeddable":true,"href":"https:\/\/www.legistdf.gob.ar\/index.php\/wp-json\/wp\/v2\/comments?post=43652"}],"version-history":[{"count":3,"href":"https:\/\/www.legistdf.gob.ar\/index.php\/wp-json\/wp\/v2\/posts\/43652\/revisions"}],"predecessor-version":[{"id":43662,"href":"https:\/\/www.legistdf.gob.ar\/index.php\/wp-json\/wp\/v2\/posts\/43652\/revisions\/43662"}],"wp:featuredmedia":[{"embeddable":true,"href":"https:\/\/www.legistdf.gob.ar\/index.php\/wp-json\/wp\/v2\/media\/43659"}],"wp:attachment":[{"href":"https:\/\/www.legistdf.gob.ar\/index.php\/wp-json\/wp\/v2\/media?parent=43652"}],"wp:term":[{"taxonomy":"category","embeddable":true,"href":"https:\/\/www.legistdf.gob.ar\/index.php\/wp-json\/wp\/v2\/categories?post=43652"},{"taxonomy":"post_tag","embeddable":true,"href":"https:\/\/www.legistdf.gob.ar\/index.php\/wp-json\/wp\/v2\/tags?post=43652"}],"curies":[{"name":"wp","href":"https:\/\/api.w.org\/{rel}","templated":true}]}}