{"id":43702,"date":"2024-08-14T15:04:09","date_gmt":"2024-08-14T18:04:09","guid":{"rendered":"https:\/\/www.legistdf.gob.ar\/?p=43702"},"modified":"2024-08-14T15:04:09","modified_gmt":"2024-08-14T18:04:09","slug":"ambiente-colazo-participo-de-la-comision-consultiva-de-bosques-nativos","status":"publish","type":"post","link":"https:\/\/www.legistdf.gob.ar\/index.php\/2024\/08\/14\/ambiente-colazo-participo-de-la-comision-consultiva-de-bosques-nativos\/","title":{"rendered":"AMBIENTE: Colazo particip\u00f3 de la Comisi\u00f3n Consultiva de Bosques Nativos"},"content":{"rendered":"<p><strong><span style=\"font-family: arial, helvetica, sans-serif;font-size: 14pt\"><a href=\"https:\/\/www.legistdf.gob.ar\/wp-content\/uploads\/2024\/08\/WhatsApp-Image-2024-08-14-at-12.46.07.jpeg\"><img loading=\"lazy\" decoding=\"async\" data-attachment-id=\"43710\" data-permalink=\"https:\/\/www.legistdf.gob.ar\/index.php\/2024\/08\/14\/ambiente-colazo-participo-de-la-comision-consultiva-de-bosques-nativos\/whatsapp-image-2024-08-14-at-12-46-07\/\" data-orig-file=\"https:\/\/www.legistdf.gob.ar\/wp-content\/uploads\/2024\/08\/WhatsApp-Image-2024-08-14-at-12.46.07.jpeg\" data-orig-size=\"1158,772\" data-comments-opened=\"0\" data-image-meta=\"{&quot;aperture&quot;:&quot;0&quot;,&quot;credit&quot;:&quot;&quot;,&quot;camera&quot;:&quot;&quot;,&quot;caption&quot;:&quot;&quot;,&quot;created_timestamp&quot;:&quot;0&quot;,&quot;copyright&quot;:&quot;&quot;,&quot;focal_length&quot;:&quot;0&quot;,&quot;iso&quot;:&quot;0&quot;,&quot;shutter_speed&quot;:&quot;0&quot;,&quot;title&quot;:&quot;&quot;,&quot;orientation&quot;:&quot;0&quot;}\" data-image-title=\"WhatsApp Image 2024-08-14 at 12.46.07\" data-image-description=\"\" data-image-caption=\"\" data-medium-file=\"https:\/\/www.legistdf.gob.ar\/wp-content\/uploads\/2024\/08\/WhatsApp-Image-2024-08-14-at-12.46.07-300x200.jpeg\" data-large-file=\"https:\/\/www.legistdf.gob.ar\/wp-content\/uploads\/2024\/08\/WhatsApp-Image-2024-08-14-at-12.46.07-1024x683.jpeg\" class=\"alignleft wp-image-43710 size-medium\" src=\"https:\/\/www.legistdf.gob.ar\/wp-content\/uploads\/2024\/08\/WhatsApp-Image-2024-08-14-at-12.46.07-300x200.jpeg\" alt=\"\" width=\"300\" height=\"200\" srcset=\"https:\/\/www.legistdf.gob.ar\/wp-content\/uploads\/2024\/08\/WhatsApp-Image-2024-08-14-at-12.46.07-300x200.jpeg 300w, https:\/\/www.legistdf.gob.ar\/wp-content\/uploads\/2024\/08\/WhatsApp-Image-2024-08-14-at-12.46.07-1024x683.jpeg 1024w, https:\/\/www.legistdf.gob.ar\/wp-content\/uploads\/2024\/08\/WhatsApp-Image-2024-08-14-at-12.46.07-768x512.jpeg 768w, https:\/\/www.legistdf.gob.ar\/wp-content\/uploads\/2024\/08\/WhatsApp-Image-2024-08-14-at-12.46.07-160x107.jpeg 160w, https:\/\/www.legistdf.gob.ar\/wp-content\/uploads\/2024\/08\/WhatsApp-Image-2024-08-14-at-12.46.07.jpeg 1158w\" sizes=\"(max-width: 300px) 100vw, 300px\" \/><\/a>Ushuaia, mi\u00e9rcoles 14 de agosto de 2024.- La presidenta de la Comisi\u00f3n de Recursos Naturales N\u00ba 3, legisladora Mar\u00eda Laura Colazo quien tambi\u00e9n integra la Comisi\u00f3n Consultiva de Bosques Nativos (CCBN), particip\u00f3 del segundo encuentro anual de ese espacio que se desarroll\u00f3, el lunes en la Secretar\u00eda de Turismo de Tolhuin.<\/span><\/strong><\/p>\n<p>&nbsp;<\/p>\n<p><span style=\"font-family: arial, helvetica, sans-serif;font-size: 12pt\">All\u00ed se analizaron los ejes de trabajo que se seguir\u00e1n, tras conocerse el arribo del programa \u201cFondo Verde del Clima\u201d, que se ejecutar\u00e1 a trav\u00e9s de la Organizaci\u00f3n de las Naciones Unidas para la Alimentaci\u00f3n y la Agricultura (FAO) y que surge de una iniciativa que llev\u00f3 adelante el Gobierno nacional y la Provincia llamado Reducci\u00f3n de Emisiones por Deforestaciones y Degradaci\u00f3n de los Bosques, (REDD).<\/span><\/p>\n<p>&nbsp;<\/p>\n<p><span style=\"font-family: arial, helvetica, sans-serif;font-size: 12pt\"><a href=\"https:\/\/www.legistdf.gob.ar\/wp-content\/uploads\/2024\/08\/WhatsApp-Image-2024-08-14-at-12.46.075.jpeg\"><img loading=\"lazy\" decoding=\"async\" data-attachment-id=\"43707\" data-permalink=\"https:\/\/www.legistdf.gob.ar\/index.php\/2024\/08\/14\/ambiente-colazo-participo-de-la-comision-consultiva-de-bosques-nativos\/whatsapp-image-2024-08-14-at-12-46-075\/\" data-orig-file=\"https:\/\/www.legistdf.gob.ar\/wp-content\/uploads\/2024\/08\/WhatsApp-Image-2024-08-14-at-12.46.075.jpeg\" data-orig-size=\"1280,853\" data-comments-opened=\"0\" data-image-meta=\"{&quot;aperture&quot;:&quot;0&quot;,&quot;credit&quot;:&quot;&quot;,&quot;camera&quot;:&quot;&quot;,&quot;caption&quot;:&quot;&quot;,&quot;created_timestamp&quot;:&quot;0&quot;,&quot;copyright&quot;:&quot;&quot;,&quot;focal_length&quot;:&quot;0&quot;,&quot;iso&quot;:&quot;0&quot;,&quot;shutter_speed&quot;:&quot;0&quot;,&quot;title&quot;:&quot;&quot;,&quot;orientation&quot;:&quot;0&quot;}\" data-image-title=\"WhatsApp Image 2024-08-14 at 12.46.07(5)\" data-image-description=\"\" data-image-caption=\"\" data-medium-file=\"https:\/\/www.legistdf.gob.ar\/wp-content\/uploads\/2024\/08\/WhatsApp-Image-2024-08-14-at-12.46.075-300x200.jpeg\" data-large-file=\"https:\/\/www.legistdf.gob.ar\/wp-content\/uploads\/2024\/08\/WhatsApp-Image-2024-08-14-at-12.46.075-1024x682.jpeg\" class=\"alignright wp-image-43707 size-medium\" src=\"https:\/\/www.legistdf.gob.ar\/wp-content\/uploads\/2024\/08\/WhatsApp-Image-2024-08-14-at-12.46.075-300x200.jpeg\" alt=\"\" width=\"300\" height=\"200\" srcset=\"https:\/\/www.legistdf.gob.ar\/wp-content\/uploads\/2024\/08\/WhatsApp-Image-2024-08-14-at-12.46.075-300x200.jpeg 300w, https:\/\/www.legistdf.gob.ar\/wp-content\/uploads\/2024\/08\/WhatsApp-Image-2024-08-14-at-12.46.075-1024x682.jpeg 1024w, https:\/\/www.legistdf.gob.ar\/wp-content\/uploads\/2024\/08\/WhatsApp-Image-2024-08-14-at-12.46.075-768x512.jpeg 768w, https:\/\/www.legistdf.gob.ar\/wp-content\/uploads\/2024\/08\/WhatsApp-Image-2024-08-14-at-12.46.075-160x107.jpeg 160w, https:\/\/www.legistdf.gob.ar\/wp-content\/uploads\/2024\/08\/WhatsApp-Image-2024-08-14-at-12.46.075.jpeg 1280w\" sizes=\"(max-width: 300px) 100vw, 300px\" \/><\/a>El programa arriba a Tierra del Fuego, con un componente que se destinar\u00e1 al trabajo de conservaci\u00f3n de bosques con las comunidades originarias, espec\u00edficamente al Plan Integral Comunitario con la comunidad Selk\u2019nam Rafaela Ishton; tambi\u00e9n al desarrollo productivo de la Cuenca Forestal de Tolhuin y adem\u00e1s el otro componente, ser\u00e1 utilizado en la prevenci\u00f3n de incendios forestales de interfase en Ushuaia. Es dable indicar que, de acuerdo al <a href=\"https:\/\/www.argentina.gob.ar\/sites\/default\/files\/2018\/03\/prevencion_de_incendios_de_iterfase_urbano_forestal.pdf\" target=\"_blank\" rel=\"noopener\">programa de prevenci\u00f3n de incendios de interfase urbano forestal<\/a>, se entiende como \u201caquel que se desarrolla en \u00e1reas de transici\u00f3n entre zonas urbanas y rurales o forestales, donde las estructuras edilicias se entremezclan con la vegetaci\u00f3n\u201d.<\/span><\/p>\n<p>&nbsp;<\/p>\n<p><span style=\"font-family: arial, helvetica, sans-serif;font-size: 12pt\">Por otro lado, Colazo coment\u00f3 ante la CCBN que el Partido Verde impuls\u00f3 un proyecto de Ley que establece la integraci\u00f3n de los pueblos ind\u00edgenas en la Comisi\u00f3n Consultiva. La iniciativa busca modificar el art\u00edculo N\u00b0 13 de la <a href=\"http:\/\/200.41.191.125:134\/index.php\/1367-medio-ambiente-establece-el-marco-normativo-provincial-complementario-a-la-ley-nacional-26-331-sobre-los-principios-rectores-para-el-ordenamiento-y-conservacion-de-los-bosques-nativos-en-todo-el-ambito-nacional\" target=\"_blank\" rel=\"noopener\">Ley provincial N\u00b0 869<\/a> a fin de asegurar la participaci\u00f3n de estas comunidades locales.<\/span><\/p>\n<p>&nbsp;<\/p>\n<p><span style=\"font-family: arial, helvetica, sans-serif;font-size: 12pt\"><a href=\"https:\/\/www.legistdf.gob.ar\/wp-content\/uploads\/2024\/08\/WhatsApp-Image-2024-08-14-at-12.46.077.jpeg\"><img loading=\"lazy\" decoding=\"async\" data-attachment-id=\"43709\" data-permalink=\"https:\/\/www.legistdf.gob.ar\/index.php\/2024\/08\/14\/ambiente-colazo-participo-de-la-comision-consultiva-de-bosques-nativos\/whatsapp-image-2024-08-14-at-12-46-077\/\" data-orig-file=\"https:\/\/www.legistdf.gob.ar\/wp-content\/uploads\/2024\/08\/WhatsApp-Image-2024-08-14-at-12.46.077.jpeg\" data-orig-size=\"1200,800\" data-comments-opened=\"0\" data-image-meta=\"{&quot;aperture&quot;:&quot;0&quot;,&quot;credit&quot;:&quot;&quot;,&quot;camera&quot;:&quot;&quot;,&quot;caption&quot;:&quot;&quot;,&quot;created_timestamp&quot;:&quot;0&quot;,&quot;copyright&quot;:&quot;&quot;,&quot;focal_length&quot;:&quot;0&quot;,&quot;iso&quot;:&quot;0&quot;,&quot;shutter_speed&quot;:&quot;0&quot;,&quot;title&quot;:&quot;&quot;,&quot;orientation&quot;:&quot;0&quot;}\" data-image-title=\"WhatsApp Image 2024-08-14 at 12.46.07(7)\" data-image-description=\"\" data-image-caption=\"\" data-medium-file=\"https:\/\/www.legistdf.gob.ar\/wp-content\/uploads\/2024\/08\/WhatsApp-Image-2024-08-14-at-12.46.077-300x200.jpeg\" data-large-file=\"https:\/\/www.legistdf.gob.ar\/wp-content\/uploads\/2024\/08\/WhatsApp-Image-2024-08-14-at-12.46.077-1024x683.jpeg\" class=\"aligncenter size-full wp-image-43709\" src=\"https:\/\/www.legistdf.gob.ar\/wp-content\/uploads\/2024\/08\/WhatsApp-Image-2024-08-14-at-12.46.077.jpeg\" alt=\"\" width=\"1200\" height=\"800\" srcset=\"https:\/\/www.legistdf.gob.ar\/wp-content\/uploads\/2024\/08\/WhatsApp-Image-2024-08-14-at-12.46.077.jpeg 1200w, https:\/\/www.legistdf.gob.ar\/wp-content\/uploads\/2024\/08\/WhatsApp-Image-2024-08-14-at-12.46.077-300x200.jpeg 300w, https:\/\/www.legistdf.gob.ar\/wp-content\/uploads\/2024\/08\/WhatsApp-Image-2024-08-14-at-12.46.077-1024x683.jpeg 1024w, https:\/\/www.legistdf.gob.ar\/wp-content\/uploads\/2024\/08\/WhatsApp-Image-2024-08-14-at-12.46.077-768x512.jpeg 768w, https:\/\/www.legistdf.gob.ar\/wp-content\/uploads\/2024\/08\/WhatsApp-Image-2024-08-14-at-12.46.077-160x107.jpeg 160w\" sizes=\"(max-width: 1200px) 100vw, 1200px\" \/><\/a>Estuvieron presentes en la reuni\u00f3n miembros del equipo de la Direcci\u00f3n Nacional de Bosques y de FAO para el proyecto Pago por Resultados, adem\u00e1s de funcionarios del Gobierno provincial y representantes de instituciones que conforman el CCBN.<\/span><\/p>\n<p>&nbsp;<\/p>\n<p><span style=\"font-family: arial, helvetica, sans-serif;font-size: 12pt\">Hay que mencionar que la <a href=\"https:\/\/www.fao.org\/home\/es\" target=\"_blank\" rel=\"noopener\">Organizaci\u00f3n de las Naciones Unidas para la Alimentaci\u00f3n y la Agricultura<\/a> o m\u00e1s conocida como FAO, es un organismo especializado de la ONU que dirige las actividades internacionales encaminadas a erradicar el hambre<\/span><\/p>\n<p>&nbsp;<\/p>\n<p><span style=\"font-family: arial, helvetica, sans-serif;font-size: 12pt\">La organizaci\u00f3n ejecuta diversos proyectos implementados a lo largo y a lo ancho del pa\u00eds. Desempe\u00f1a un papel fundamental en el avance de la seguridad alimentaria, el fortalecimiento de la agricultura familiar, la transformaci\u00f3n de los sistemas agroalimentarios y desarrollo sostenible.<\/span><\/p>\n<p>&nbsp;<\/p>\n\n\t\t<style type=\"text\/css\">\n\t\t\t#gallery-1 {\n\t\t\t\tmargin: auto;\n\t\t\t}\n\t\t\t#gallery-1 .gallery-item {\n\t\t\t\tfloat: left;\n\t\t\t\tmargin-top: 10px;\n\t\t\t\ttext-align: center;\n\t\t\t\twidth: 12%;\n\t\t\t}\n\t\t\t#gallery-1 img {\n\t\t\t\tborder: 2px solid #cfcfcf;\n\t\t\t}\n\t\t\t#gallery-1 .gallery-caption {\n\t\t\t\tmargin-left: 0;\n\t\t\t}\n\t\t\t\/* see gallery_shortcode() in wp-includes\/media.php *\/\n\t\t<\/style>\n\t\t<div data-carousel-extra='{\"blog_id\":1,\"permalink\":\"https:\\\/\\\/www.legistdf.gob.ar\\\/index.php\\\/2024\\\/08\\\/14\\\/ambiente-colazo-participo-de-la-comision-consultiva-de-bosques-nativos\\\/\"}' id='gallery-1' class='gallery galleryid-43702 gallery-columns-8 gallery-size-thumbnail'><dl class='gallery-item'>\n\t\t\t<dt class='gallery-icon landscape'>\n\t\t\t\t<a href='https:\/\/www.legistdf.gob.ar\/index.php\/2024\/08\/14\/ambiente-colazo-participo-de-la-comision-consultiva-de-bosques-nativos\/whatsapp-image-2024-08-14-at-12-46-071\/'><img loading=\"lazy\" decoding=\"async\" width=\"150\" height=\"150\" src=\"https:\/\/www.legistdf.gob.ar\/wp-content\/uploads\/2024\/08\/WhatsApp-Image-2024-08-14-at-12.46.071-150x150.jpeg\" class=\"attachment-thumbnail size-thumbnail\" alt=\"\" srcset=\"https:\/\/www.legistdf.gob.ar\/wp-content\/uploads\/2024\/08\/WhatsApp-Image-2024-08-14-at-12.46.071-150x150.jpeg 150w, https:\/\/www.legistdf.gob.ar\/wp-content\/uploads\/2024\/08\/WhatsApp-Image-2024-08-14-at-12.46.071-64x64.jpeg 64w\" sizes=\"(max-width: 150px) 100vw, 150px\" data-attachment-id=\"43703\" data-permalink=\"https:\/\/www.legistdf.gob.ar\/index.php\/2024\/08\/14\/ambiente-colazo-participo-de-la-comision-consultiva-de-bosques-nativos\/whatsapp-image-2024-08-14-at-12-46-071\/\" data-orig-file=\"https:\/\/www.legistdf.gob.ar\/wp-content\/uploads\/2024\/08\/WhatsApp-Image-2024-08-14-at-12.46.071.jpeg\" data-orig-size=\"1200,800\" data-comments-opened=\"0\" data-image-meta=\"{&quot;aperture&quot;:&quot;0&quot;,&quot;credit&quot;:&quot;&quot;,&quot;camera&quot;:&quot;&quot;,&quot;caption&quot;:&quot;&quot;,&quot;created_timestamp&quot;:&quot;0&quot;,&quot;copyright&quot;:&quot;&quot;,&quot;focal_length&quot;:&quot;0&quot;,&quot;iso&quot;:&quot;0&quot;,&quot;shutter_speed&quot;:&quot;0&quot;,&quot;title&quot;:&quot;&quot;,&quot;orientation&quot;:&quot;0&quot;}\" data-image-title=\"WhatsApp Image 2024-08-14 at 12.46.07(1)\" data-image-description=\"\" data-image-caption=\"\" data-medium-file=\"https:\/\/www.legistdf.gob.ar\/wp-content\/uploads\/2024\/08\/WhatsApp-Image-2024-08-14-at-12.46.071-300x200.jpeg\" data-large-file=\"https:\/\/www.legistdf.gob.ar\/wp-content\/uploads\/2024\/08\/WhatsApp-Image-2024-08-14-at-12.46.071-1024x683.jpeg\" \/><\/a>\n\t\t\t<\/dt><\/dl><dl class='gallery-item'>\n\t\t\t<dt class='gallery-icon landscape'>\n\t\t\t\t<a href='https:\/\/www.legistdf.gob.ar\/index.php\/2024\/08\/14\/ambiente-colazo-participo-de-la-comision-consultiva-de-bosques-nativos\/whatsapp-image-2024-08-14-at-12-46-072\/'><img loading=\"lazy\" decoding=\"async\" width=\"150\" height=\"150\" src=\"https:\/\/www.legistdf.gob.ar\/wp-content\/uploads\/2024\/08\/WhatsApp-Image-2024-08-14-at-12.46.072-150x150.jpeg\" class=\"attachment-thumbnail size-thumbnail\" alt=\"\" srcset=\"https:\/\/www.legistdf.gob.ar\/wp-content\/uploads\/2024\/08\/WhatsApp-Image-2024-08-14-at-12.46.072-150x150.jpeg 150w, https:\/\/www.legistdf.gob.ar\/wp-content\/uploads\/2024\/08\/WhatsApp-Image-2024-08-14-at-12.46.072-64x64.jpeg 64w\" sizes=\"(max-width: 150px) 100vw, 150px\" data-attachment-id=\"43704\" data-permalink=\"https:\/\/www.legistdf.gob.ar\/index.php\/2024\/08\/14\/ambiente-colazo-participo-de-la-comision-consultiva-de-bosques-nativos\/whatsapp-image-2024-08-14-at-12-46-072\/\" data-orig-file=\"https:\/\/www.legistdf.gob.ar\/wp-content\/uploads\/2024\/08\/WhatsApp-Image-2024-08-14-at-12.46.072.jpeg\" data-orig-size=\"1200,800\" data-comments-opened=\"0\" data-image-meta=\"{&quot;aperture&quot;:&quot;0&quot;,&quot;credit&quot;:&quot;&quot;,&quot;camera&quot;:&quot;&quot;,&quot;caption&quot;:&quot;&quot;,&quot;created_timestamp&quot;:&quot;0&quot;,&quot;copyright&quot;:&quot;&quot;,&quot;focal_length&quot;:&quot;0&quot;,&quot;iso&quot;:&quot;0&quot;,&quot;shutter_speed&quot;:&quot;0&quot;,&quot;title&quot;:&quot;&quot;,&quot;orientation&quot;:&quot;0&quot;}\" data-image-title=\"WhatsApp Image 2024-08-14 at 12.46.07(2)\" data-image-description=\"\" data-image-caption=\"\" data-medium-file=\"https:\/\/www.legistdf.gob.ar\/wp-content\/uploads\/2024\/08\/WhatsApp-Image-2024-08-14-at-12.46.072-300x200.jpeg\" data-large-file=\"https:\/\/www.legistdf.gob.ar\/wp-content\/uploads\/2024\/08\/WhatsApp-Image-2024-08-14-at-12.46.072-1024x683.jpeg\" \/><\/a>\n\t\t\t<\/dt><\/dl><dl class='gallery-item'>\n\t\t\t<dt class='gallery-icon landscape'>\n\t\t\t\t<a href='https:\/\/www.legistdf.gob.ar\/index.php\/2024\/08\/14\/ambiente-colazo-participo-de-la-comision-consultiva-de-bosques-nativos\/whatsapp-image-2024-08-14-at-12-46-073\/'><img loading=\"lazy\" decoding=\"async\" width=\"150\" height=\"150\" src=\"https:\/\/www.legistdf.gob.ar\/wp-content\/uploads\/2024\/08\/WhatsApp-Image-2024-08-14-at-12.46.073-150x150.jpeg\" class=\"attachment-thumbnail size-thumbnail\" alt=\"\" srcset=\"https:\/\/www.legistdf.gob.ar\/wp-content\/uploads\/2024\/08\/WhatsApp-Image-2024-08-14-at-12.46.073-150x150.jpeg 150w, https:\/\/www.legistdf.gob.ar\/wp-content\/uploads\/2024\/08\/WhatsApp-Image-2024-08-14-at-12.46.073-64x64.jpeg 64w\" sizes=\"(max-width: 150px) 100vw, 150px\" data-attachment-id=\"43705\" data-permalink=\"https:\/\/www.legistdf.gob.ar\/index.php\/2024\/08\/14\/ambiente-colazo-participo-de-la-comision-consultiva-de-bosques-nativos\/whatsapp-image-2024-08-14-at-12-46-073\/\" data-orig-file=\"https:\/\/www.legistdf.gob.ar\/wp-content\/uploads\/2024\/08\/WhatsApp-Image-2024-08-14-at-12.46.073.jpeg\" data-orig-size=\"1101,734\" data-comments-opened=\"0\" data-image-meta=\"{&quot;aperture&quot;:&quot;0&quot;,&quot;credit&quot;:&quot;&quot;,&quot;camera&quot;:&quot;&quot;,&quot;caption&quot;:&quot;&quot;,&quot;created_timestamp&quot;:&quot;0&quot;,&quot;copyright&quot;:&quot;&quot;,&quot;focal_length&quot;:&quot;0&quot;,&quot;iso&quot;:&quot;0&quot;,&quot;shutter_speed&quot;:&quot;0&quot;,&quot;title&quot;:&quot;&quot;,&quot;orientation&quot;:&quot;0&quot;}\" data-image-title=\"WhatsApp Image 2024-08-14 at 12.46.07(3)\" data-image-description=\"\" data-image-caption=\"\" data-medium-file=\"https:\/\/www.legistdf.gob.ar\/wp-content\/uploads\/2024\/08\/WhatsApp-Image-2024-08-14-at-12.46.073-300x200.jpeg\" data-large-file=\"https:\/\/www.legistdf.gob.ar\/wp-content\/uploads\/2024\/08\/WhatsApp-Image-2024-08-14-at-12.46.073-1024x683.jpeg\" \/><\/a>\n\t\t\t<\/dt><\/dl><dl class='gallery-item'>\n\t\t\t<dt class='gallery-icon landscape'>\n\t\t\t\t<a href='https:\/\/www.legistdf.gob.ar\/index.php\/2024\/08\/14\/ambiente-colazo-participo-de-la-comision-consultiva-de-bosques-nativos\/whatsapp-image-2024-08-14-at-12-46-074\/'><img loading=\"lazy\" decoding=\"async\" width=\"150\" height=\"150\" src=\"https:\/\/www.legistdf.gob.ar\/wp-content\/uploads\/2024\/08\/WhatsApp-Image-2024-08-14-at-12.46.074-150x150.jpeg\" class=\"attachment-thumbnail size-thumbnail\" alt=\"\" srcset=\"https:\/\/www.legistdf.gob.ar\/wp-content\/uploads\/2024\/08\/WhatsApp-Image-2024-08-14-at-12.46.074-150x150.jpeg 150w, https:\/\/www.legistdf.gob.ar\/wp-content\/uploads\/2024\/08\/WhatsApp-Image-2024-08-14-at-12.46.074-64x64.jpeg 64w\" sizes=\"(max-width: 150px) 100vw, 150px\" data-attachment-id=\"43706\" data-permalink=\"https:\/\/www.legistdf.gob.ar\/index.php\/2024\/08\/14\/ambiente-colazo-participo-de-la-comision-consultiva-de-bosques-nativos\/whatsapp-image-2024-08-14-at-12-46-074\/\" data-orig-file=\"https:\/\/www.legistdf.gob.ar\/wp-content\/uploads\/2024\/08\/WhatsApp-Image-2024-08-14-at-12.46.074.jpeg\" data-orig-size=\"1040,693\" data-comments-opened=\"0\" data-image-meta=\"{&quot;aperture&quot;:&quot;0&quot;,&quot;credit&quot;:&quot;&quot;,&quot;camera&quot;:&quot;&quot;,&quot;caption&quot;:&quot;&quot;,&quot;created_timestamp&quot;:&quot;0&quot;,&quot;copyright&quot;:&quot;&quot;,&quot;focal_length&quot;:&quot;0&quot;,&quot;iso&quot;:&quot;0&quot;,&quot;shutter_speed&quot;:&quot;0&quot;,&quot;title&quot;:&quot;&quot;,&quot;orientation&quot;:&quot;0&quot;}\" data-image-title=\"WhatsApp Image 2024-08-14 at 12.46.07(4)\" data-image-description=\"\" data-image-caption=\"\" data-medium-file=\"https:\/\/www.legistdf.gob.ar\/wp-content\/uploads\/2024\/08\/WhatsApp-Image-2024-08-14-at-12.46.074-300x200.jpeg\" data-large-file=\"https:\/\/www.legistdf.gob.ar\/wp-content\/uploads\/2024\/08\/WhatsApp-Image-2024-08-14-at-12.46.074-1024x682.jpeg\" \/><\/a>\n\t\t\t<\/dt><\/dl><dl class='gallery-item'>\n\t\t\t<dt class='gallery-icon landscape'>\n\t\t\t\t<a href='https:\/\/www.legistdf.gob.ar\/index.php\/2024\/08\/14\/ambiente-colazo-participo-de-la-comision-consultiva-de-bosques-nativos\/whatsapp-image-2024-08-14-at-12-46-075\/'><img loading=\"lazy\" decoding=\"async\" width=\"150\" height=\"150\" src=\"https:\/\/www.legistdf.gob.ar\/wp-content\/uploads\/2024\/08\/WhatsApp-Image-2024-08-14-at-12.46.075-150x150.jpeg\" class=\"attachment-thumbnail size-thumbnail\" alt=\"\" srcset=\"https:\/\/www.legistdf.gob.ar\/wp-content\/uploads\/2024\/08\/WhatsApp-Image-2024-08-14-at-12.46.075-150x150.jpeg 150w, https:\/\/www.legistdf.gob.ar\/wp-content\/uploads\/2024\/08\/WhatsApp-Image-2024-08-14-at-12.46.075-64x64.jpeg 64w\" sizes=\"(max-width: 150px) 100vw, 150px\" data-attachment-id=\"43707\" data-permalink=\"https:\/\/www.legistdf.gob.ar\/index.php\/2024\/08\/14\/ambiente-colazo-participo-de-la-comision-consultiva-de-bosques-nativos\/whatsapp-image-2024-08-14-at-12-46-075\/\" data-orig-file=\"https:\/\/www.legistdf.gob.ar\/wp-content\/uploads\/2024\/08\/WhatsApp-Image-2024-08-14-at-12.46.075.jpeg\" data-orig-size=\"1280,853\" data-comments-opened=\"0\" data-image-meta=\"{&quot;aperture&quot;:&quot;0&quot;,&quot;credit&quot;:&quot;&quot;,&quot;camera&quot;:&quot;&quot;,&quot;caption&quot;:&quot;&quot;,&quot;created_timestamp&quot;:&quot;0&quot;,&quot;copyright&quot;:&quot;&quot;,&quot;focal_length&quot;:&quot;0&quot;,&quot;iso&quot;:&quot;0&quot;,&quot;shutter_speed&quot;:&quot;0&quot;,&quot;title&quot;:&quot;&quot;,&quot;orientation&quot;:&quot;0&quot;}\" data-image-title=\"WhatsApp Image 2024-08-14 at 12.46.07(5)\" data-image-description=\"\" data-image-caption=\"\" data-medium-file=\"https:\/\/www.legistdf.gob.ar\/wp-content\/uploads\/2024\/08\/WhatsApp-Image-2024-08-14-at-12.46.075-300x200.jpeg\" data-large-file=\"https:\/\/www.legistdf.gob.ar\/wp-content\/uploads\/2024\/08\/WhatsApp-Image-2024-08-14-at-12.46.075-1024x682.jpeg\" \/><\/a>\n\t\t\t<\/dt><\/dl><dl class='gallery-item'>\n\t\t\t<dt class='gallery-icon landscape'>\n\t\t\t\t<a href='https:\/\/www.legistdf.gob.ar\/index.php\/2024\/08\/14\/ambiente-colazo-participo-de-la-comision-consultiva-de-bosques-nativos\/whatsapp-image-2024-08-14-at-12-46-076\/'><img loading=\"lazy\" decoding=\"async\" width=\"150\" height=\"150\" src=\"https:\/\/www.legistdf.gob.ar\/wp-content\/uploads\/2024\/08\/WhatsApp-Image-2024-08-14-at-12.46.076-150x150.jpeg\" class=\"attachment-thumbnail size-thumbnail\" alt=\"\" srcset=\"https:\/\/www.legistdf.gob.ar\/wp-content\/uploads\/2024\/08\/WhatsApp-Image-2024-08-14-at-12.46.076-150x150.jpeg 150w, https:\/\/www.legistdf.gob.ar\/wp-content\/uploads\/2024\/08\/WhatsApp-Image-2024-08-14-at-12.46.076-64x64.jpeg 64w\" sizes=\"(max-width: 150px) 100vw, 150px\" data-attachment-id=\"43708\" data-permalink=\"https:\/\/www.legistdf.gob.ar\/index.php\/2024\/08\/14\/ambiente-colazo-participo-de-la-comision-consultiva-de-bosques-nativos\/whatsapp-image-2024-08-14-at-12-46-076\/\" data-orig-file=\"https:\/\/www.legistdf.gob.ar\/wp-content\/uploads\/2024\/08\/WhatsApp-Image-2024-08-14-at-12.46.076.jpeg\" data-orig-size=\"1200,800\" data-comments-opened=\"0\" data-image-meta=\"{&quot;aperture&quot;:&quot;0&quot;,&quot;credit&quot;:&quot;&quot;,&quot;camera&quot;:&quot;&quot;,&quot;caption&quot;:&quot;&quot;,&quot;created_timestamp&quot;:&quot;0&quot;,&quot;copyright&quot;:&quot;&quot;,&quot;focal_length&quot;:&quot;0&quot;,&quot;iso&quot;:&quot;0&quot;,&quot;shutter_speed&quot;:&quot;0&quot;,&quot;title&quot;:&quot;&quot;,&quot;orientation&quot;:&quot;0&quot;}\" data-image-title=\"WhatsApp Image 2024-08-14 at 12.46.07(6)\" data-image-description=\"\" data-image-caption=\"\" data-medium-file=\"https:\/\/www.legistdf.gob.ar\/wp-content\/uploads\/2024\/08\/WhatsApp-Image-2024-08-14-at-12.46.076-300x200.jpeg\" data-large-file=\"https:\/\/www.legistdf.gob.ar\/wp-content\/uploads\/2024\/08\/WhatsApp-Image-2024-08-14-at-12.46.076-1024x683.jpeg\" \/><\/a>\n\t\t\t<\/dt><\/dl><dl class='gallery-item'>\n\t\t\t<dt class='gallery-icon landscape'>\n\t\t\t\t<a href='https:\/\/www.legistdf.gob.ar\/index.php\/2024\/08\/14\/ambiente-colazo-participo-de-la-comision-consultiva-de-bosques-nativos\/whatsapp-image-2024-08-14-at-12-46-077\/'><img loading=\"lazy\" decoding=\"async\" width=\"150\" height=\"150\" src=\"https:\/\/www.legistdf.gob.ar\/wp-content\/uploads\/2024\/08\/WhatsApp-Image-2024-08-14-at-12.46.077-150x150.jpeg\" class=\"attachment-thumbnail size-thumbnail\" alt=\"\" srcset=\"https:\/\/www.legistdf.gob.ar\/wp-content\/uploads\/2024\/08\/WhatsApp-Image-2024-08-14-at-12.46.077-150x150.jpeg 150w, https:\/\/www.legistdf.gob.ar\/wp-content\/uploads\/2024\/08\/WhatsApp-Image-2024-08-14-at-12.46.077-64x64.jpeg 64w\" sizes=\"(max-width: 150px) 100vw, 150px\" data-attachment-id=\"43709\" data-permalink=\"https:\/\/www.legistdf.gob.ar\/index.php\/2024\/08\/14\/ambiente-colazo-participo-de-la-comision-consultiva-de-bosques-nativos\/whatsapp-image-2024-08-14-at-12-46-077\/\" data-orig-file=\"https:\/\/www.legistdf.gob.ar\/wp-content\/uploads\/2024\/08\/WhatsApp-Image-2024-08-14-at-12.46.077.jpeg\" data-orig-size=\"1200,800\" data-comments-opened=\"0\" data-image-meta=\"{&quot;aperture&quot;:&quot;0&quot;,&quot;credit&quot;:&quot;&quot;,&quot;camera&quot;:&quot;&quot;,&quot;caption&quot;:&quot;&quot;,&quot;created_timestamp&quot;:&quot;0&quot;,&quot;copyright&quot;:&quot;&quot;,&quot;focal_length&quot;:&quot;0&quot;,&quot;iso&quot;:&quot;0&quot;,&quot;shutter_speed&quot;:&quot;0&quot;,&quot;title&quot;:&quot;&quot;,&quot;orientation&quot;:&quot;0&quot;}\" data-image-title=\"WhatsApp Image 2024-08-14 at 12.46.07(7)\" data-image-description=\"\" data-image-caption=\"\" data-medium-file=\"https:\/\/www.legistdf.gob.ar\/wp-content\/uploads\/2024\/08\/WhatsApp-Image-2024-08-14-at-12.46.077-300x200.jpeg\" data-large-file=\"https:\/\/www.legistdf.gob.ar\/wp-content\/uploads\/2024\/08\/WhatsApp-Image-2024-08-14-at-12.46.077-1024x683.jpeg\" \/><\/a>\n\t\t\t<\/dt><\/dl><dl class='gallery-item'>\n\t\t\t<dt class='gallery-icon landscape'>\n\t\t\t\t<a href='https:\/\/www.legistdf.gob.ar\/index.php\/2024\/08\/14\/ambiente-colazo-participo-de-la-comision-consultiva-de-bosques-nativos\/whatsapp-image-2024-08-14-at-12-46-07\/'><img loading=\"lazy\" decoding=\"async\" width=\"150\" height=\"150\" src=\"https:\/\/www.legistdf.gob.ar\/wp-content\/uploads\/2024\/08\/WhatsApp-Image-2024-08-14-at-12.46.07-150x150.jpeg\" class=\"attachment-thumbnail size-thumbnail\" alt=\"\" srcset=\"https:\/\/www.legistdf.gob.ar\/wp-content\/uploads\/2024\/08\/WhatsApp-Image-2024-08-14-at-12.46.07-150x150.jpeg 150w, https:\/\/www.legistdf.gob.ar\/wp-content\/uploads\/2024\/08\/WhatsApp-Image-2024-08-14-at-12.46.07-64x64.jpeg 64w\" sizes=\"(max-width: 150px) 100vw, 150px\" data-attachment-id=\"43710\" data-permalink=\"https:\/\/www.legistdf.gob.ar\/index.php\/2024\/08\/14\/ambiente-colazo-participo-de-la-comision-consultiva-de-bosques-nativos\/whatsapp-image-2024-08-14-at-12-46-07\/\" data-orig-file=\"https:\/\/www.legistdf.gob.ar\/wp-content\/uploads\/2024\/08\/WhatsApp-Image-2024-08-14-at-12.46.07.jpeg\" data-orig-size=\"1158,772\" data-comments-opened=\"0\" data-image-meta=\"{&quot;aperture&quot;:&quot;0&quot;,&quot;credit&quot;:&quot;&quot;,&quot;camera&quot;:&quot;&quot;,&quot;caption&quot;:&quot;&quot;,&quot;created_timestamp&quot;:&quot;0&quot;,&quot;copyright&quot;:&quot;&quot;,&quot;focal_length&quot;:&quot;0&quot;,&quot;iso&quot;:&quot;0&quot;,&quot;shutter_speed&quot;:&quot;0&quot;,&quot;title&quot;:&quot;&quot;,&quot;orientation&quot;:&quot;0&quot;}\" data-image-title=\"WhatsApp Image 2024-08-14 at 12.46.07\" data-image-description=\"\" data-image-caption=\"\" data-medium-file=\"https:\/\/www.legistdf.gob.ar\/wp-content\/uploads\/2024\/08\/WhatsApp-Image-2024-08-14-at-12.46.07-300x200.jpeg\" data-large-file=\"https:\/\/www.legistdf.gob.ar\/wp-content\/uploads\/2024\/08\/WhatsApp-Image-2024-08-14-at-12.46.07-1024x683.jpeg\" \/><\/a>\n\t\t\t<\/dt><\/dl><br style=\"clear: both\" \/>\n\t\t<\/div>\n\n<p style=\"text-align: right\"><em>ZV<\/em><\/p>\n<p style=\"text-align: right\"><span style=\"font-family: arial, helvetica, sans-serif;font-size: 12pt\"><em>Fotograf\u00edas gentileza Secretar\u00eda de Ambiente<\/em><\/span><\/p>\n","protected":false},"excerpt":{"rendered":"<p>Ushuaia, mi\u00e9rcoles 14 de agosto de 2024.- La presidenta de la Comisi\u00f3n de Recursos Naturales N\u00ba 3, legisladora Mar\u00eda Laura Colazo quien tambi\u00e9n integra la Comisi\u00f3n Consultiva de Bosques Nativos (CCBN), particip\u00f3 del segundo encuentro anual de ese espacio que se desarroll\u00f3, el lunes en la Secretar\u00eda de Turismo de Tolhuin. &nbsp; All\u00ed se analizaron [&hellip;]<\/p>\n","protected":false},"author":352,"featured_media":43704,"comment_status":"closed","ping_status":"closed","sticky":false,"template":"","format":"standard","meta":{"jetpack_post_was_ever_published":false,"_jetpack_newsletter_access":"","_jetpack_dont_email_post_to_subs":false,"_jetpack_newsletter_tier_id":0,"footnotes":"","jetpack_publicize_message":"","jetpack_publicize_feature_enabled":true,"jetpack_social_post_already_shared":true,"jetpack_social_options":{"image_generator_settings":{"template":"highway","enabled":false}}},"categories":[1],"tags":[433,2240,2188,3322,78,1876,79,87],"jetpack_publicize_connections":[],"jetpack_sharing_enabled":true,"jetpack_featured_media_url":"https:\/\/www.legistdf.gob.ar\/wp-content\/uploads\/2024\/08\/WhatsApp-Image-2024-08-14-at-12.46.072.jpeg","jetpack-related-posts":[],"_links":{"self":[{"href":"https:\/\/www.legistdf.gob.ar\/index.php\/wp-json\/wp\/v2\/posts\/43702"}],"collection":[{"href":"https:\/\/www.legistdf.gob.ar\/index.php\/wp-json\/wp\/v2\/posts"}],"about":[{"href":"https:\/\/www.legistdf.gob.ar\/index.php\/wp-json\/wp\/v2\/types\/post"}],"author":[{"embeddable":true,"href":"https:\/\/www.legistdf.gob.ar\/index.php\/wp-json\/wp\/v2\/users\/352"}],"replies":[{"embeddable":true,"href":"https:\/\/www.legistdf.gob.ar\/index.php\/wp-json\/wp\/v2\/comments?post=43702"}],"version-history":[{"count":2,"href":"https:\/\/www.legistdf.gob.ar\/index.php\/wp-json\/wp\/v2\/posts\/43702\/revisions"}],"predecessor-version":[{"id":43713,"href":"https:\/\/www.legistdf.gob.ar\/index.php\/wp-json\/wp\/v2\/posts\/43702\/revisions\/43713"}],"wp:featuredmedia":[{"embeddable":true,"href":"https:\/\/www.legistdf.gob.ar\/index.php\/wp-json\/wp\/v2\/media\/43704"}],"wp:attachment":[{"href":"https:\/\/www.legistdf.gob.ar\/index.php\/wp-json\/wp\/v2\/media?parent=43702"}],"wp:term":[{"taxonomy":"category","embeddable":true,"href":"https:\/\/www.legistdf.gob.ar\/index.php\/wp-json\/wp\/v2\/categories?post=43702"},{"taxonomy":"post_tag","embeddable":true,"href":"https:\/\/www.legistdf.gob.ar\/index.php\/wp-json\/wp\/v2\/tags?post=43702"}],"curies":[{"name":"wp","href":"https:\/\/api.w.org\/{rel}","templated":true}]}}