{"id":43739,"date":"2024-08-20T16:40:43","date_gmt":"2024-08-20T19:40:43","guid":{"rendered":"https:\/\/www.legistdf.gob.ar\/?p=43739"},"modified":"2024-08-21T14:06:08","modified_gmt":"2024-08-21T17:06:08","slug":"bosques-impulsaran-participacion-de-pueblos-originarios-fueguinos-como-reparacion-historica","status":"publish","type":"post","link":"https:\/\/www.legistdf.gob.ar\/index.php\/2024\/08\/20\/bosques-impulsaran-participacion-de-pueblos-originarios-fueguinos-como-reparacion-historica\/","title":{"rendered":"BOSQUES: Impulsar\u00e1n participaci\u00f3n de pueblos originarios fueguinos como \u201creparaci\u00f3n hist\u00f3rica\u201d"},"content":{"rendered":"<p><strong><span style=\"font-family: arial, helvetica, sans-serif;font-size: 14pt\"><a href=\"https:\/\/www.legistdf.gob.ar\/wp-content\/uploads\/2019\/04\/DSC_0659.jpg\"><img loading=\"lazy\" decoding=\"async\" data-attachment-id=\"13997\" data-permalink=\"https:\/\/www.legistdf.gob.ar\/index.php\/2019\/04\/30\/ambiente-legislatura-busca-resguardo-de-bosques-fueguinos-mediante-dos-proyectos-de-ley\/dsc_0659\/\" data-orig-file=\"https:\/\/www.legistdf.gob.ar\/wp-content\/uploads\/2019\/04\/DSC_0659.jpg\" data-orig-size=\"1200,783\" data-comments-opened=\"0\" data-image-meta=\"{&quot;aperture&quot;:&quot;9&quot;,&quot;credit&quot;:&quot;&quot;,&quot;camera&quot;:&quot;NIKON D90&quot;,&quot;caption&quot;:&quot;&quot;,&quot;created_timestamp&quot;:&quot;1272693037&quot;,&quot;copyright&quot;:&quot;&quot;,&quot;focal_length&quot;:&quot;18&quot;,&quot;iso&quot;:&quot;200&quot;,&quot;shutter_speed&quot;:&quot;0.0125&quot;,&quot;title&quot;:&quot;&quot;,&quot;orientation&quot;:&quot;1&quot;}\" data-image-title=\"DSC_0659\" data-image-description=\"\" data-image-caption=\"\" data-medium-file=\"https:\/\/www.legistdf.gob.ar\/wp-content\/uploads\/2019\/04\/DSC_0659-300x196.jpg\" data-large-file=\"https:\/\/www.legistdf.gob.ar\/wp-content\/uploads\/2019\/04\/DSC_0659-1024x668.jpg\" class=\"alignleft wp-image-13997 size-medium\" src=\"https:\/\/www.legistdf.gob.ar\/wp-content\/uploads\/2019\/04\/DSC_0659-300x196.jpg\" alt=\"\" width=\"300\" height=\"196\" srcset=\"https:\/\/www.legistdf.gob.ar\/wp-content\/uploads\/2019\/04\/DSC_0659-300x196.jpg 300w, https:\/\/www.legistdf.gob.ar\/wp-content\/uploads\/2019\/04\/DSC_0659-768x501.jpg 768w, https:\/\/www.legistdf.gob.ar\/wp-content\/uploads\/2019\/04\/DSC_0659-1024x668.jpg 1024w, https:\/\/www.legistdf.gob.ar\/wp-content\/uploads\/2019\/04\/DSC_0659-160x104.jpg 160w, https:\/\/www.legistdf.gob.ar\/wp-content\/uploads\/2019\/04\/DSC_0659.jpg 1200w\" sizes=\"(max-width: 300px) 100vw, 300px\" \/><\/a>Ushuaia, martes 20 de agosto de 2024.- La Legislatura fueguina avanzar\u00e1 en el debate por la inclusi\u00f3n de pueblos nativos en los procesos de ordenamiento de bosques nativos. Tal cual se desprende de la iniciativa del bloque del Partido Verde (PV), la Comisi\u00f3n de Recursos Naturales N\u00ba 3 mantendr\u00e1 un encuentro este jueves desde las 14 h para buscar dictamen favorable para la reforma de la <a href=\"http:\/\/200.41.191.125:134\/index.php\/1367-medio-ambiente-establece-el-marco-normativo-provincial-complementario-a-la-ley-nacional-26-331-sobre-los-principios-rectores-para-el-ordenamiento-y-conservacion-de-los-bosques-nativos-en-todo-el-ambito-nacional\" target=\"_blank\" rel=\"noopener\">Ley provincial N\u00ba 869<\/a>.<\/span><\/strong><\/p>\n<p>&nbsp;<\/p>\n<p><span style=\"font-family: arial, helvetica, sans-serif;font-size: 12pt\">De acuerdo al <a href=\"https:\/\/www.legistdf.gob.ar\/lp\/novedadesip\/Asuntos%20Entrados%202024\/As.%20N%BA%20109-24.pdf\" target=\"_blank\" rel=\"noopener\">asunto N\u00ba 109\/24<\/a>, la normativa sancionada en 2012 a instancias de vecinos autoconvocados por el Bosque TDF, el bloque PV propone reformar el art\u00edculo 13 inciso q) para sumar a un representante por cada comunidad ind\u00edgena originaria de la Provincia, la que deber\u00e1 estar registrada en el \u201cRegistro Nacional de Comunidades Ind\u00edgenas del Instituto Nacional de Asuntos Ind\u00edgenas\u201d o similar de orden provincial.<\/span><\/p>\n<p>&nbsp;<\/p>\n<p><span style=\"font-family: arial, helvetica, sans-serif;font-size: 12pt\"><a href=\"https:\/\/www.legistdf.gob.ar\/wp-content\/uploads\/2024\/08\/IMG_7259.jpg\"><img loading=\"lazy\" decoding=\"async\" data-attachment-id=\"43689\" data-permalink=\"https:\/\/www.legistdf.gob.ar\/index.php\/2024\/08\/13\/legislacion-inicio-el-debate-sobre-la-creacion-del-regimen-provincial-de-iniciativa-privada\/img_7259\/\" data-orig-file=\"https:\/\/www.legistdf.gob.ar\/wp-content\/uploads\/2024\/08\/IMG_7259.jpg\" data-orig-size=\"1500,1000\" data-comments-opened=\"0\" data-image-meta=\"{&quot;aperture&quot;:&quot;5.6&quot;,&quot;credit&quot;:&quot;&quot;,&quot;camera&quot;:&quot;Canon EOS Rebel T6i&quot;,&quot;caption&quot;:&quot;&quot;,&quot;created_timestamp&quot;:&quot;1723553453&quot;,&quot;copyright&quot;:&quot;&quot;,&quot;focal_length&quot;:&quot;61&quot;,&quot;iso&quot;:&quot;1600&quot;,&quot;shutter_speed&quot;:&quot;0.005&quot;,&quot;title&quot;:&quot;&quot;,&quot;orientation&quot;:&quot;0&quot;}\" data-image-title=\"IMG_7259\" data-image-description=\"\" data-image-caption=\"\" data-medium-file=\"https:\/\/www.legistdf.gob.ar\/wp-content\/uploads\/2024\/08\/IMG_7259-300x200.jpg\" data-large-file=\"https:\/\/www.legistdf.gob.ar\/wp-content\/uploads\/2024\/08\/IMG_7259-1024x683.jpg\" class=\"alignright wp-image-43689 size-medium\" src=\"https:\/\/www.legistdf.gob.ar\/wp-content\/uploads\/2024\/08\/IMG_7259-300x200.jpg\" alt=\"\" width=\"300\" height=\"200\" srcset=\"https:\/\/www.legistdf.gob.ar\/wp-content\/uploads\/2024\/08\/IMG_7259-300x200.jpg 300w, https:\/\/www.legistdf.gob.ar\/wp-content\/uploads\/2024\/08\/IMG_7259-1024x683.jpg 1024w, https:\/\/www.legistdf.gob.ar\/wp-content\/uploads\/2024\/08\/IMG_7259-768x512.jpg 768w, https:\/\/www.legistdf.gob.ar\/wp-content\/uploads\/2024\/08\/IMG_7259-160x107.jpg 160w, https:\/\/www.legistdf.gob.ar\/wp-content\/uploads\/2024\/08\/IMG_7259.jpg 1500w\" sizes=\"(max-width: 300px) 100vw, 300px\" \/><\/a>Entre los fundamentos, Colazo sostiene que \u201ctenemos la oportunidad de reconocer y visibilizar a los pueblos originarios de nuestra Provincia, que vivieron y a\u00fan viven en estas tierras, y proponer una reparaci\u00f3n hist\u00f3rica para su participaci\u00f3n en asuntos en los que se encuentran interesados como ciudadanos y como miembros de \u00a0comunidades que ancestralmente han vivido en contacto estrecho con la naturaleza\u201d.<\/span><\/p>\n<p>&nbsp;<\/p>\n<p><span style=\"font-family: arial, helvetica, sans-serif;font-size: 12pt\">En mismo sentido, sostuvo que la Ley provincial N\u00ba 869 es una norma \u201csuperadora\u201d al tiempo que pidi\u00f3 que los pueblos originarios no deben \u201cverse soslayados\u201d en su intervenci\u00f3n en la herramienta local.<\/span><\/p>\n<p>&nbsp;<\/p>\n<p style=\"text-align: right\"><em>AT<\/em><\/p>\n","protected":false},"excerpt":{"rendered":"<p>Ushuaia, martes 20 de agosto de 2024.- La Legislatura fueguina avanzar\u00e1 en el debate por la inclusi\u00f3n de pueblos nativos en los procesos de ordenamiento de bosques nativos. Tal cual se desprende de la iniciativa del bloque del Partido Verde (PV), la Comisi\u00f3n de Recursos Naturales N\u00ba 3 mantendr\u00e1 un encuentro este jueves desde las [&hellip;]<\/p>\n","protected":false},"author":352,"featured_media":13997,"comment_status":"closed","ping_status":"closed","sticky":false,"template":"","format":"standard","meta":{"jetpack_post_was_ever_published":false,"_jetpack_newsletter_access":"","_jetpack_dont_email_post_to_subs":false,"_jetpack_newsletter_tier_id":0,"footnotes":"","jetpack_publicize_message":"","jetpack_publicize_feature_enabled":true,"jetpack_social_post_already_shared":true,"jetpack_social_options":{"image_generator_settings":{"template":"highway","enabled":false}}},"categories":[1],"tags":[433,2188,84,78,1876,448,79,87],"jetpack_publicize_connections":[],"jetpack_sharing_enabled":true,"jetpack_featured_media_url":"https:\/\/www.legistdf.gob.ar\/wp-content\/uploads\/2019\/04\/DSC_0659.jpg","jetpack-related-posts":[],"_links":{"self":[{"href":"https:\/\/www.legistdf.gob.ar\/index.php\/wp-json\/wp\/v2\/posts\/43739"}],"collection":[{"href":"https:\/\/www.legistdf.gob.ar\/index.php\/wp-json\/wp\/v2\/posts"}],"about":[{"href":"https:\/\/www.legistdf.gob.ar\/index.php\/wp-json\/wp\/v2\/types\/post"}],"author":[{"embeddable":true,"href":"https:\/\/www.legistdf.gob.ar\/index.php\/wp-json\/wp\/v2\/users\/352"}],"replies":[{"embeddable":true,"href":"https:\/\/www.legistdf.gob.ar\/index.php\/wp-json\/wp\/v2\/comments?post=43739"}],"version-history":[{"count":2,"href":"https:\/\/www.legistdf.gob.ar\/index.php\/wp-json\/wp\/v2\/posts\/43739\/revisions"}],"predecessor-version":[{"id":43744,"href":"https:\/\/www.legistdf.gob.ar\/index.php\/wp-json\/wp\/v2\/posts\/43739\/revisions\/43744"}],"wp:featuredmedia":[{"embeddable":true,"href":"https:\/\/www.legistdf.gob.ar\/index.php\/wp-json\/wp\/v2\/media\/13997"}],"wp:attachment":[{"href":"https:\/\/www.legistdf.gob.ar\/index.php\/wp-json\/wp\/v2\/media?parent=43739"}],"wp:term":[{"taxonomy":"category","embeddable":true,"href":"https:\/\/www.legistdf.gob.ar\/index.php\/wp-json\/wp\/v2\/categories?post=43739"},{"taxonomy":"post_tag","embeddable":true,"href":"https:\/\/www.legistdf.gob.ar\/index.php\/wp-json\/wp\/v2\/tags?post=43739"}],"curies":[{"name":"wp","href":"https:\/\/api.w.org\/{rel}","templated":true}]}}