{"id":43741,"date":"2024-08-21T10:51:53","date_gmt":"2024-08-21T13:51:53","guid":{"rendered":"https:\/\/www.legistdf.gob.ar\/?p=43741"},"modified":"2024-08-21T14:05:38","modified_gmt":"2024-08-21T17:05:38","slug":"comisiones-federico-sciurano-convoco-a-dos-encuentros-para-el-jueves","status":"publish","type":"post","link":"https:\/\/www.legistdf.gob.ar\/index.php\/2024\/08\/21\/comisiones-federico-sciurano-convoco-a-dos-encuentros-para-el-jueves\/","title":{"rendered":"COMISIONES: Federico Sciurano convoc\u00f3 a dos encuentros para el jueves"},"content":{"rendered":"<p><span style=\"font-family: arial, helvetica, sans-serif;font-size: 14pt\"><a href=\"https:\/\/www.legistdf.gob.ar\/wp-content\/uploads\/2024\/06\/IMG_5335.jpg\"><img loading=\"lazy\" decoding=\"async\" data-attachment-id=\"43335\" data-permalink=\"https:\/\/www.legistdf.gob.ar\/index.php\/2024\/06\/12\/galeria-imagenes-de-la-4a-sesion-ordinaria-2\/img_5335-4\/\" data-orig-file=\"https:\/\/www.legistdf.gob.ar\/wp-content\/uploads\/2024\/06\/IMG_5335.jpg\" data-orig-size=\"1500,1084\" data-comments-opened=\"0\" data-image-meta=\"{&quot;aperture&quot;:&quot;5.6&quot;,&quot;credit&quot;:&quot;&quot;,&quot;camera&quot;:&quot;Canon EOS Rebel T6i&quot;,&quot;caption&quot;:&quot;&quot;,&quot;created_timestamp&quot;:&quot;1718194345&quot;,&quot;copyright&quot;:&quot;&quot;,&quot;focal_length&quot;:&quot;42&quot;,&quot;iso&quot;:&quot;800&quot;,&quot;shutter_speed&quot;:&quot;0.00625&quot;,&quot;title&quot;:&quot;&quot;,&quot;orientation&quot;:&quot;0&quot;}\" data-image-title=\"IMG_5335\" data-image-description=\"\" data-image-caption=\"\" data-medium-file=\"https:\/\/www.legistdf.gob.ar\/wp-content\/uploads\/2024\/06\/IMG_5335-300x217.jpg\" data-large-file=\"https:\/\/www.legistdf.gob.ar\/wp-content\/uploads\/2024\/06\/IMG_5335-1024x740.jpg\" class=\"alignleft wp-image-43335 size-medium\" src=\"https:\/\/www.legistdf.gob.ar\/wp-content\/uploads\/2024\/06\/IMG_5335-300x217.jpg\" alt=\"\" width=\"300\" height=\"217\" srcset=\"https:\/\/www.legistdf.gob.ar\/wp-content\/uploads\/2024\/06\/IMG_5335-300x217.jpg 300w, https:\/\/www.legistdf.gob.ar\/wp-content\/uploads\/2024\/06\/IMG_5335-1024x740.jpg 1024w, https:\/\/www.legistdf.gob.ar\/wp-content\/uploads\/2024\/06\/IMG_5335-768x555.jpg 768w, https:\/\/www.legistdf.gob.ar\/wp-content\/uploads\/2024\/06\/IMG_5335-160x116.jpg 160w, https:\/\/www.legistdf.gob.ar\/wp-content\/uploads\/2024\/06\/IMG_5335.jpg 1500w\" sizes=\"(max-width: 300px) 100vw, 300px\" \/><\/a><strong>Ushuaia, mi\u00e9rcoles 21 de agosto de 2024.- La Legislatura fueguina se apresta a reunirse en dos espacios de asesoramiento permanente presididos por el legislador de FORJA, Federico Sciurano. El primero ser\u00e1 en el marco de la Comisi\u00f3n N\u00ba 2, desde las 12 h y el siguiente, dentro de la Comisi\u00f3n de Educaci\u00f3n N\u00ba 4, desde las 12,45 h.<\/strong><\/span><\/p>\n<p>&nbsp;<\/p>\n<p><span style=\"font-family: arial, helvetica, sans-serif;font-size: 12pt\">En primer t\u00e9rmino las y los Legisladores integrantes de la Comisi\u00f3n de Econom\u00eda recibir\u00e1n a integrantes de las c\u00e1maras de Comercio de R\u00edo Grande y Ushuaia. En ese espacio analizar\u00e1n la propuesta del bloque del MPF, <a href=\"https:\/\/www.legistdf.gob.ar\/lp\/novedadesip\/Asuntos%20Entrados%202024\/As.%20N%BA%20236-24.pdf\" target=\"_blank\" rel=\"noopener\">asunto N\u00ba 236\/24<\/a> que buscan establecer un R\u00e9gimen Especial de Presentaci\u00f3n Espont\u00e1nea y Regularizaci\u00f3n de Deudas. Asimismo esperan organizar la agenda de asuntos pendientes de tratamiento.<\/span><\/p>\n<p>&nbsp;<\/p>\n<p><span style=\"font-family: arial, helvetica, sans-serif;font-size: 12pt\">A continuaci\u00f3n, ser\u00e1n las y los Parlamentarios que forman parte de la Comisi\u00f3n de Educaci\u00f3n N\u00ba 4, tambi\u00e9n presidida por Sciurano, donde repasar\u00e1n los asuntos que aguardan tratamiento en ese espacio legislativo de asesoramiento.<\/span><\/p>\n<p style=\"text-align: right\"><em>AT<\/em><\/p>\n","protected":false},"excerpt":{"rendered":"<p>Ushuaia, mi\u00e9rcoles 21 de agosto de 2024.- La Legislatura fueguina se apresta a reunirse en dos espacios de asesoramiento permanente presididos por el legislador de FORJA, Federico Sciurano. El primero ser\u00e1 en el marco de la Comisi\u00f3n N\u00ba 2, desde las 12 h y el siguiente, dentro de la Comisi\u00f3n de Educaci\u00f3n N\u00ba 4, desde [&hellip;]<\/p>\n","protected":false},"author":352,"featured_media":43242,"comment_status":"closed","ping_status":"closed","sticky":false,"template":"","format":"standard","meta":{"jetpack_post_was_ever_published":false,"_jetpack_newsletter_access":"","_jetpack_dont_email_post_to_subs":false,"_jetpack_newsletter_tier_id":0,"footnotes":"","jetpack_publicize_message":"","jetpack_publicize_feature_enabled":true,"jetpack_social_post_already_shared":true,"jetpack_social_options":{"image_generator_settings":{"template":"highway","enabled":false}}},"categories":[1],"tags":[3386,3385,84,1824,78,448,79,87],"jetpack_publicize_connections":[],"jetpack_sharing_enabled":true,"jetpack_featured_media_url":"https:\/\/www.legistdf.gob.ar\/wp-content\/uploads\/2024\/05\/IMG_5067.jpg","jetpack-related-posts":[],"_links":{"self":[{"href":"https:\/\/www.legistdf.gob.ar\/index.php\/wp-json\/wp\/v2\/posts\/43741"}],"collection":[{"href":"https:\/\/www.legistdf.gob.ar\/index.php\/wp-json\/wp\/v2\/posts"}],"about":[{"href":"https:\/\/www.legistdf.gob.ar\/index.php\/wp-json\/wp\/v2\/types\/post"}],"author":[{"embeddable":true,"href":"https:\/\/www.legistdf.gob.ar\/index.php\/wp-json\/wp\/v2\/users\/352"}],"replies":[{"embeddable":true,"href":"https:\/\/www.legistdf.gob.ar\/index.php\/wp-json\/wp\/v2\/comments?post=43741"}],"version-history":[{"count":2,"href":"https:\/\/www.legistdf.gob.ar\/index.php\/wp-json\/wp\/v2\/posts\/43741\/revisions"}],"predecessor-version":[{"id":43743,"href":"https:\/\/www.legistdf.gob.ar\/index.php\/wp-json\/wp\/v2\/posts\/43741\/revisions\/43743"}],"wp:featuredmedia":[{"embeddable":true,"href":"https:\/\/www.legistdf.gob.ar\/index.php\/wp-json\/wp\/v2\/media\/43242"}],"wp:attachment":[{"href":"https:\/\/www.legistdf.gob.ar\/index.php\/wp-json\/wp\/v2\/media?parent=43741"}],"wp:term":[{"taxonomy":"category","embeddable":true,"href":"https:\/\/www.legistdf.gob.ar\/index.php\/wp-json\/wp\/v2\/categories?post=43741"},{"taxonomy":"post_tag","embeddable":true,"href":"https:\/\/www.legistdf.gob.ar\/index.php\/wp-json\/wp\/v2\/tags?post=43741"}],"curies":[{"name":"wp","href":"https:\/\/api.w.org\/{rel}","templated":true}]}}