{"id":43915,"date":"2024-09-10T17:26:15","date_gmt":"2024-09-10T20:26:15","guid":{"rendered":"https:\/\/www.legistdf.gob.ar\/?p=43915"},"modified":"2024-09-11T09:42:03","modified_gmt":"2024-09-11T12:42:03","slug":"turismo-urquiza-destaco-el-trabajo-del-infuetur-junto-a-prestadores-privados-en-la-fiesta-nacional-del-invierno","status":"publish","type":"post","link":"https:\/\/www.legistdf.gob.ar\/index.php\/2024\/09\/10\/turismo-urquiza-destaco-el-trabajo-del-infuetur-junto-a-prestadores-privados-en-la-fiesta-nacional-del-invierno\/","title":{"rendered":"TURISMO: Urquiza destac\u00f3 el trabajo del INFUETUR junto a prestadores privados en la Fiesta Nacional del Invierno"},"content":{"rendered":"<p><span style=\"font-family: arial, helvetica, sans-serif;font-size: 14pt\"><strong>Ushuaia, martes 10 de septiembre de 2024.- \u201cLas y los invito a continuar en este camino: el del trabajo en conjunto entre el Estado y el privado. Destaco y agradezco el acompa\u00f1amiento en la segunda Fiesta Nacional del Invierno\u201d, dijo la vicegobernadora, en ejercicio del Poder Ejecutivo, M\u00f3nica Urquiza. La m\u00e1xima autoridad del Parlamento, junto al presidente del Instituto Fueguino de Turismo (INFUETUR), Dante Querciali, entregaron distinciones a las organizaciones y empresas que colaboran en \u00a0la \u00faltima edici\u00f3n de la Fiesta Nacional del Invierno que se desarroll\u00f3 en el Cerro Castor.<a href=\"https:\/\/www.legistdf.gob.ar\/wp-content\/uploads\/2024\/09\/IMG_8206.jpg\"><img loading=\"lazy\" decoding=\"async\" data-attachment-id=\"43922\" data-permalink=\"https:\/\/www.legistdf.gob.ar\/index.php\/2024\/09\/10\/turismo-urquiza-destaco-el-trabajo-del-infuetur-junto-a-prestadores-privados-en-la-fiesta-nacional-del-invierno\/img_8206-2\/\" data-orig-file=\"https:\/\/www.legistdf.gob.ar\/wp-content\/uploads\/2024\/09\/IMG_8206.jpg\" data-orig-size=\"1500,1000\" data-comments-opened=\"0\" data-image-meta=\"{&quot;aperture&quot;:&quot;5.6&quot;,&quot;credit&quot;:&quot;&quot;,&quot;camera&quot;:&quot;Canon EOS Rebel T6i&quot;,&quot;caption&quot;:&quot;&quot;,&quot;created_timestamp&quot;:&quot;1725984085&quot;,&quot;copyright&quot;:&quot;&quot;,&quot;focal_length&quot;:&quot;24&quot;,&quot;iso&quot;:&quot;800&quot;,&quot;shutter_speed&quot;:&quot;0.005&quot;,&quot;title&quot;:&quot;&quot;,&quot;orientation&quot;:&quot;0&quot;}\" data-image-title=\"IMG_8206\" data-image-description=\"\" data-image-caption=\"\" data-medium-file=\"https:\/\/www.legistdf.gob.ar\/wp-content\/uploads\/2024\/09\/IMG_8206-300x200.jpg\" data-large-file=\"https:\/\/www.legistdf.gob.ar\/wp-content\/uploads\/2024\/09\/IMG_8206-1024x683.jpg\" class=\"wp-image-43922 size-medium alignright\" src=\"https:\/\/www.legistdf.gob.ar\/wp-content\/uploads\/2024\/09\/IMG_8206-300x200.jpg\" alt=\"\" width=\"300\" height=\"200\" srcset=\"https:\/\/www.legistdf.gob.ar\/wp-content\/uploads\/2024\/09\/IMG_8206-300x200.jpg 300w, https:\/\/www.legistdf.gob.ar\/wp-content\/uploads\/2024\/09\/IMG_8206-1024x683.jpg 1024w, https:\/\/www.legistdf.gob.ar\/wp-content\/uploads\/2024\/09\/IMG_8206-768x512.jpg 768w, https:\/\/www.legistdf.gob.ar\/wp-content\/uploads\/2024\/09\/IMG_8206-160x107.jpg 160w, https:\/\/www.legistdf.gob.ar\/wp-content\/uploads\/2024\/09\/IMG_8206.jpg 1500w\" sizes=\"(max-width: 300px) 100vw, 300px\" \/><\/a><\/strong><\/span><\/p>\n<p>&nbsp;<\/p>\n<p><span style=\"font-family: arial, helvetica, sans-serif;font-size: 12pt\">En tanto, se\u00f1al\u00f3 que si bien se trata del segundo a\u00f1o consecutivo del festejo a nivel nacional, la Provincia posee amplia trayectoria en la organizaci\u00f3n del evento que convoca a las familias fueguinas.<\/span><\/p>\n<p>&nbsp;<\/p>\n<p><span style=\"font-family: arial, helvetica, sans-serif;font-size: 12pt\">\u201cEs sumamente importante contar con la articulaci\u00f3n del trabajo entre el sector p\u00fablico y privado. Ellos se comprometen con la promoci\u00f3n del destino brindando sus servicios y sus prestaciones para ser presentadas en este importante evento\u201d, celebr\u00f3 Urquiza \u00a0\u00a0<\/span><\/p>\n<p>&nbsp;<\/p>\n<p><span style=\"font-family: arial, helvetica, sans-serif;font-size: 12pt\">Asimismo, la Vicegobernadora explic\u00f3 que \u201cdesde el Gobierno provincial continuamos trabajando con el INFUETUR y la Direcci\u00f3n de Puertos para posicionarnos a\u00fan m\u00e1s como destino promocionando nuestros atractivos, la naturaleza y la calidad de servicios\u201d, reconoci\u00f3.<\/span><\/p>\n<p>&nbsp;<\/p>\n<p><span style=\"font-family: arial, helvetica, sans-serif;font-size: 12pt\">Tambi\u00e9n sum\u00f3 que se gestiona con el objetivo de \u00a0mejorar las prestaciones, tales como la ampliaci\u00f3n del muelle que fortalece a Ushuaia como la principal puerta de entrada a la Ant\u00e1rtida.<\/span><\/p>\n<p>&nbsp;<\/p>\n<p><span style=\"font-family: arial, helvetica, sans-serif;font-size: 12pt\"><a href=\"https:\/\/www.legistdf.gob.ar\/wp-content\/uploads\/2024\/09\/IMG_8153.jpg\"><img loading=\"lazy\" decoding=\"async\" data-attachment-id=\"43919\" data-permalink=\"https:\/\/www.legistdf.gob.ar\/index.php\/2024\/09\/10\/turismo-urquiza-destaco-el-trabajo-del-infuetur-junto-a-prestadores-privados-en-la-fiesta-nacional-del-invierno\/img_8153-2\/\" data-orig-file=\"https:\/\/www.legistdf.gob.ar\/wp-content\/uploads\/2024\/09\/IMG_8153.jpg\" data-orig-size=\"1500,1000\" data-comments-opened=\"0\" data-image-meta=\"{&quot;aperture&quot;:&quot;5.6&quot;,&quot;credit&quot;:&quot;&quot;,&quot;camera&quot;:&quot;Canon EOS Rebel T6i&quot;,&quot;caption&quot;:&quot;&quot;,&quot;created_timestamp&quot;:&quot;1725983519&quot;,&quot;copyright&quot;:&quot;&quot;,&quot;focal_length&quot;:&quot;70&quot;,&quot;iso&quot;:&quot;800&quot;,&quot;shutter_speed&quot;:&quot;0.005&quot;,&quot;title&quot;:&quot;&quot;,&quot;orientation&quot;:&quot;0&quot;}\" data-image-title=\"IMG_8153\" data-image-description=\"\" data-image-caption=\"\" data-medium-file=\"https:\/\/www.legistdf.gob.ar\/wp-content\/uploads\/2024\/09\/IMG_8153-300x200.jpg\" data-large-file=\"https:\/\/www.legistdf.gob.ar\/wp-content\/uploads\/2024\/09\/IMG_8153-1024x683.jpg\" class=\"alignleft wp-image-43919 size-medium\" src=\"https:\/\/www.legistdf.gob.ar\/wp-content\/uploads\/2024\/09\/IMG_8153-300x200.jpg\" alt=\"\" width=\"300\" height=\"200\" srcset=\"https:\/\/www.legistdf.gob.ar\/wp-content\/uploads\/2024\/09\/IMG_8153-300x200.jpg 300w, https:\/\/www.legistdf.gob.ar\/wp-content\/uploads\/2024\/09\/IMG_8153-1024x683.jpg 1024w, https:\/\/www.legistdf.gob.ar\/wp-content\/uploads\/2024\/09\/IMG_8153-768x512.jpg 768w, https:\/\/www.legistdf.gob.ar\/wp-content\/uploads\/2024\/09\/IMG_8153-160x107.jpg 160w, https:\/\/www.legistdf.gob.ar\/wp-content\/uploads\/2024\/09\/IMG_8153.jpg 1500w\" sizes=\"(max-width: 300px) 100vw, 300px\" \/><\/a>Por su parte, Querciali destac\u00f3 que \u201csin el acompa\u00f1amiento de estos referentes del sector y organismos no habr\u00edamos logrado este evento el cual cont\u00f3 con m\u00e1s de 5 mil personas, estamos agradecidos y esta es una forma de demostrarlo destacando su trabajo para continuar promocionando el destino en su totalidad, siendo el turismo motor de una gran parte de nuestra econom\u00eda\u201d.<\/span><\/p>\n<p>&nbsp;<\/p>\n<p>&nbsp;<\/p>\n<p><span style=\"font-family: arial, helvetica, sans-serif;font-size: 12pt\"><em>Fiesta Nacional del Invierno<\/em><\/span><\/p>\n<p>&nbsp;<\/p>\n<p><span style=\"font-family: arial, helvetica, sans-serif;font-size: 12pt\">Cabe mencionar que la Fiesta Nacional del Invierno, se llev\u00f3 a \u00a0cabo el 13 de julio por segundo a\u00f1o consecutivo con car\u00e1cter nacional, manteniendo esta tradici\u00f3n en la comunidad fueguina que lleva m\u00e1s de 20 a\u00f1os desarroll\u00e1ndose.<\/span><\/p>\n<p>&nbsp;<\/p>\n<p><span style=\"font-family: arial, helvetica, sans-serif;font-size: 12pt\">El evento fue organizado por el INFUETUR y el Cerro Castor, y tiene como prop\u00f3sito brindar la bienvenida al invierno a trav\u00e9s de una jornada de actividades t\u00edpicas, donde se muestre todo lo que ofrece el destino y acerque a las familias a este gran evento que finaliza con la tradicional bajada de antorchas.<\/span><\/p>\n<p>&nbsp;<\/p>\n<p><span style=\"font-family: arial, helvetica, sans-serif;font-size: 12pt\"><em>Instituciones y empresas reconocidas<\/em><\/span><\/p>\n<p><span style=\"font-family: arial, helvetica, sans-serif;font-size: 12pt\"><em>\u00a0<\/em><\/span><\/p>\n<p><span style=\"font-family: arial, helvetica, sans-serif;font-size: 12pt\"><a href=\"https:\/\/www.legistdf.gob.ar\/wp-content\/uploads\/2024\/09\/IMG_8225.jpg\"><img loading=\"lazy\" decoding=\"async\" data-attachment-id=\"43924\" data-permalink=\"https:\/\/www.legistdf.gob.ar\/index.php\/2024\/09\/10\/turismo-urquiza-destaco-el-trabajo-del-infuetur-junto-a-prestadores-privados-en-la-fiesta-nacional-del-invierno\/img_8225-3\/\" data-orig-file=\"https:\/\/www.legistdf.gob.ar\/wp-content\/uploads\/2024\/09\/IMG_8225.jpg\" data-orig-size=\"1500,1000\" data-comments-opened=\"0\" data-image-meta=\"{&quot;aperture&quot;:&quot;5.6&quot;,&quot;credit&quot;:&quot;&quot;,&quot;camera&quot;:&quot;Canon EOS Rebel T6i&quot;,&quot;caption&quot;:&quot;&quot;,&quot;created_timestamp&quot;:&quot;1725984397&quot;,&quot;copyright&quot;:&quot;&quot;,&quot;focal_length&quot;:&quot;24&quot;,&quot;iso&quot;:&quot;1600&quot;,&quot;shutter_speed&quot;:&quot;0.005&quot;,&quot;title&quot;:&quot;&quot;,&quot;orientation&quot;:&quot;0&quot;}\" data-image-title=\"IMG_8225\" data-image-description=\"\" data-image-caption=\"\" data-medium-file=\"https:\/\/www.legistdf.gob.ar\/wp-content\/uploads\/2024\/09\/IMG_8225-300x200.jpg\" data-large-file=\"https:\/\/www.legistdf.gob.ar\/wp-content\/uploads\/2024\/09\/IMG_8225-1024x683.jpg\" class=\"alignleft wp-image-43924 size-medium\" src=\"https:\/\/www.legistdf.gob.ar\/wp-content\/uploads\/2024\/09\/IMG_8225-300x200.jpg\" alt=\"\" width=\"300\" height=\"200\" srcset=\"https:\/\/www.legistdf.gob.ar\/wp-content\/uploads\/2024\/09\/IMG_8225-300x200.jpg 300w, https:\/\/www.legistdf.gob.ar\/wp-content\/uploads\/2024\/09\/IMG_8225-1024x683.jpg 1024w, https:\/\/www.legistdf.gob.ar\/wp-content\/uploads\/2024\/09\/IMG_8225-768x512.jpg 768w, https:\/\/www.legistdf.gob.ar\/wp-content\/uploads\/2024\/09\/IMG_8225-160x107.jpg 160w, https:\/\/www.legistdf.gob.ar\/wp-content\/uploads\/2024\/09\/IMG_8225.jpg 1500w\" sizes=\"(max-width: 300px) 100vw, 300px\" \/><\/a>Las instituciones y empresas que recibieron la distinci\u00f3n fueron: Llanos del Castor, Tierra Mayor, Parque Nacional Tierra del Fuego, Latitud Ushuaia Travel, Tiempo Libre, Tolkeyen Patagonia Turismo, Isla de los Fuegos, Rumbo Sur, Aventura Do Fin Du Mundo, Tierra del Fuego Aventura, Aswalek Expediciones, Las Hayas Ushuaia Resort, Los Cauquenes Resort &amp; Spa, Arakur Ushuaia Resort &amp; Spa, Cerro Martial Parque del Fin del Mundo, Paseo del Fuego Shopping, Yamana Bar &amp; Patin GDS, Whisky Live Ushuaia, Asociaci\u00f3n Fueguina de Agencias de Viajes y Turismo (AAFUVYT), C\u00e1mara de Comercio Ushuaia, Subsecretar\u00eda de Cultura. Asimismo, se hizo lo propio con el Poder Legislativo provincial quienes colaboraron en la log\u00edstica de evento.<\/span><\/p>\n<p>&nbsp;<\/p>\n\n\t\t<style type=\"text\/css\">\n\t\t\t#gallery-1 {\n\t\t\t\tmargin: auto;\n\t\t\t}\n\t\t\t#gallery-1 .gallery-item {\n\t\t\t\tfloat: left;\n\t\t\t\tmargin-top: 10px;\n\t\t\t\ttext-align: center;\n\t\t\t\twidth: 20%;\n\t\t\t}\n\t\t\t#gallery-1 img {\n\t\t\t\tborder: 2px solid #cfcfcf;\n\t\t\t}\n\t\t\t#gallery-1 .gallery-caption {\n\t\t\t\tmargin-left: 0;\n\t\t\t}\n\t\t\t\/* see gallery_shortcode() in wp-includes\/media.php *\/\n\t\t<\/style>\n\t\t<div data-carousel-extra='{\"blog_id\":1,\"permalink\":\"https:\\\/\\\/www.legistdf.gob.ar\\\/index.php\\\/2024\\\/09\\\/10\\\/turismo-urquiza-destaco-el-trabajo-del-infuetur-junto-a-prestadores-privados-en-la-fiesta-nacional-del-invierno\\\/\"}' id='gallery-1' class='gallery galleryid-43915 gallery-columns-5 gallery-size-thumbnail'><dl class='gallery-item'>\n\t\t\t<dt class='gallery-icon landscape'>\n\t\t\t\t<a href='https:\/\/www.legistdf.gob.ar\/index.php\/2024\/09\/10\/turismo-urquiza-destaco-el-trabajo-del-infuetur-junto-a-prestadores-privados-en-la-fiesta-nacional-del-invierno\/img_8130\/'><img loading=\"lazy\" decoding=\"async\" width=\"150\" height=\"150\" src=\"https:\/\/www.legistdf.gob.ar\/wp-content\/uploads\/2024\/09\/IMG_8130-150x150.jpg\" class=\"attachment-thumbnail size-thumbnail\" alt=\"\" srcset=\"https:\/\/www.legistdf.gob.ar\/wp-content\/uploads\/2024\/09\/IMG_8130-150x150.jpg 150w, https:\/\/www.legistdf.gob.ar\/wp-content\/uploads\/2024\/09\/IMG_8130-64x64.jpg 64w\" sizes=\"(max-width: 150px) 100vw, 150px\" data-attachment-id=\"43916\" data-permalink=\"https:\/\/www.legistdf.gob.ar\/index.php\/2024\/09\/10\/turismo-urquiza-destaco-el-trabajo-del-infuetur-junto-a-prestadores-privados-en-la-fiesta-nacional-del-invierno\/img_8130\/\" data-orig-file=\"https:\/\/www.legistdf.gob.ar\/wp-content\/uploads\/2024\/09\/IMG_8130.jpg\" data-orig-size=\"1500,1000\" data-comments-opened=\"0\" data-image-meta=\"{&quot;aperture&quot;:&quot;5.6&quot;,&quot;credit&quot;:&quot;&quot;,&quot;camera&quot;:&quot;Canon EOS Rebel T6i&quot;,&quot;caption&quot;:&quot;&quot;,&quot;created_timestamp&quot;:&quot;1725982859&quot;,&quot;copyright&quot;:&quot;&quot;,&quot;focal_length&quot;:&quot;26&quot;,&quot;iso&quot;:&quot;800&quot;,&quot;shutter_speed&quot;:&quot;0.0003125&quot;,&quot;title&quot;:&quot;&quot;,&quot;orientation&quot;:&quot;0&quot;}\" data-image-title=\"IMG_8130\" data-image-description=\"\" data-image-caption=\"\" data-medium-file=\"https:\/\/www.legistdf.gob.ar\/wp-content\/uploads\/2024\/09\/IMG_8130-300x200.jpg\" data-large-file=\"https:\/\/www.legistdf.gob.ar\/wp-content\/uploads\/2024\/09\/IMG_8130-1024x683.jpg\" \/><\/a>\n\t\t\t<\/dt><\/dl><dl class='gallery-item'>\n\t\t\t<dt class='gallery-icon landscape'>\n\t\t\t\t<a href='https:\/\/www.legistdf.gob.ar\/index.php\/2024\/09\/10\/turismo-urquiza-destaco-el-trabajo-del-infuetur-junto-a-prestadores-privados-en-la-fiesta-nacional-del-invierno\/img_8137-3\/'><img loading=\"lazy\" decoding=\"async\" width=\"150\" height=\"150\" src=\"https:\/\/www.legistdf.gob.ar\/wp-content\/uploads\/2024\/09\/IMG_8137-150x150.jpg\" class=\"attachment-thumbnail size-thumbnail\" alt=\"\" srcset=\"https:\/\/www.legistdf.gob.ar\/wp-content\/uploads\/2024\/09\/IMG_8137-150x150.jpg 150w, https:\/\/www.legistdf.gob.ar\/wp-content\/uploads\/2024\/09\/IMG_8137-64x64.jpg 64w\" sizes=\"(max-width: 150px) 100vw, 150px\" data-attachment-id=\"43917\" data-permalink=\"https:\/\/www.legistdf.gob.ar\/index.php\/2024\/09\/10\/turismo-urquiza-destaco-el-trabajo-del-infuetur-junto-a-prestadores-privados-en-la-fiesta-nacional-del-invierno\/img_8137-3\/\" data-orig-file=\"https:\/\/www.legistdf.gob.ar\/wp-content\/uploads\/2024\/09\/IMG_8137.jpg\" data-orig-size=\"1500,1000\" data-comments-opened=\"0\" data-image-meta=\"{&quot;aperture&quot;:&quot;5.6&quot;,&quot;credit&quot;:&quot;&quot;,&quot;camera&quot;:&quot;Canon EOS Rebel T6i&quot;,&quot;caption&quot;:&quot;&quot;,&quot;created_timestamp&quot;:&quot;1725983399&quot;,&quot;copyright&quot;:&quot;&quot;,&quot;focal_length&quot;:&quot;24&quot;,&quot;iso&quot;:&quot;800&quot;,&quot;shutter_speed&quot;:&quot;0.005&quot;,&quot;title&quot;:&quot;&quot;,&quot;orientation&quot;:&quot;0&quot;}\" data-image-title=\"IMG_8137\" data-image-description=\"\" data-image-caption=\"\" data-medium-file=\"https:\/\/www.legistdf.gob.ar\/wp-content\/uploads\/2024\/09\/IMG_8137-300x200.jpg\" data-large-file=\"https:\/\/www.legistdf.gob.ar\/wp-content\/uploads\/2024\/09\/IMG_8137-1024x683.jpg\" \/><\/a>\n\t\t\t<\/dt><\/dl><dl class='gallery-item'>\n\t\t\t<dt class='gallery-icon landscape'>\n\t\t\t\t<a href='https:\/\/www.legistdf.gob.ar\/index.php\/2024\/09\/10\/turismo-urquiza-destaco-el-trabajo-del-infuetur-junto-a-prestadores-privados-en-la-fiesta-nacional-del-invierno\/img_8141\/'><img loading=\"lazy\" decoding=\"async\" width=\"150\" height=\"150\" src=\"https:\/\/www.legistdf.gob.ar\/wp-content\/uploads\/2024\/09\/IMG_8141-150x150.jpg\" class=\"attachment-thumbnail size-thumbnail\" alt=\"\" srcset=\"https:\/\/www.legistdf.gob.ar\/wp-content\/uploads\/2024\/09\/IMG_8141-150x150.jpg 150w, https:\/\/www.legistdf.gob.ar\/wp-content\/uploads\/2024\/09\/IMG_8141-64x64.jpg 64w\" sizes=\"(max-width: 150px) 100vw, 150px\" data-attachment-id=\"43918\" data-permalink=\"https:\/\/www.legistdf.gob.ar\/index.php\/2024\/09\/10\/turismo-urquiza-destaco-el-trabajo-del-infuetur-junto-a-prestadores-privados-en-la-fiesta-nacional-del-invierno\/img_8141\/\" data-orig-file=\"https:\/\/www.legistdf.gob.ar\/wp-content\/uploads\/2024\/09\/IMG_8141.jpg\" data-orig-size=\"1500,1000\" data-comments-opened=\"0\" data-image-meta=\"{&quot;aperture&quot;:&quot;5.6&quot;,&quot;credit&quot;:&quot;&quot;,&quot;camera&quot;:&quot;Canon EOS Rebel T6i&quot;,&quot;caption&quot;:&quot;&quot;,&quot;created_timestamp&quot;:&quot;1725983422&quot;,&quot;copyright&quot;:&quot;&quot;,&quot;focal_length&quot;:&quot;25&quot;,&quot;iso&quot;:&quot;800&quot;,&quot;shutter_speed&quot;:&quot;0.005&quot;,&quot;title&quot;:&quot;&quot;,&quot;orientation&quot;:&quot;0&quot;}\" data-image-title=\"IMG_8141\" data-image-description=\"\" data-image-caption=\"\" data-medium-file=\"https:\/\/www.legistdf.gob.ar\/wp-content\/uploads\/2024\/09\/IMG_8141-300x200.jpg\" data-large-file=\"https:\/\/www.legistdf.gob.ar\/wp-content\/uploads\/2024\/09\/IMG_8141-1024x683.jpg\" \/><\/a>\n\t\t\t<\/dt><\/dl><dl class='gallery-item'>\n\t\t\t<dt class='gallery-icon landscape'>\n\t\t\t\t<a href='https:\/\/www.legistdf.gob.ar\/index.php\/2024\/09\/10\/turismo-urquiza-destaco-el-trabajo-del-infuetur-junto-a-prestadores-privados-en-la-fiesta-nacional-del-invierno\/img_8153-2\/'><img loading=\"lazy\" decoding=\"async\" width=\"150\" height=\"150\" src=\"https:\/\/www.legistdf.gob.ar\/wp-content\/uploads\/2024\/09\/IMG_8153-150x150.jpg\" class=\"attachment-thumbnail size-thumbnail\" alt=\"\" srcset=\"https:\/\/www.legistdf.gob.ar\/wp-content\/uploads\/2024\/09\/IMG_8153-150x150.jpg 150w, https:\/\/www.legistdf.gob.ar\/wp-content\/uploads\/2024\/09\/IMG_8153-64x64.jpg 64w\" sizes=\"(max-width: 150px) 100vw, 150px\" data-attachment-id=\"43919\" data-permalink=\"https:\/\/www.legistdf.gob.ar\/index.php\/2024\/09\/10\/turismo-urquiza-destaco-el-trabajo-del-infuetur-junto-a-prestadores-privados-en-la-fiesta-nacional-del-invierno\/img_8153-2\/\" data-orig-file=\"https:\/\/www.legistdf.gob.ar\/wp-content\/uploads\/2024\/09\/IMG_8153.jpg\" data-orig-size=\"1500,1000\" data-comments-opened=\"0\" data-image-meta=\"{&quot;aperture&quot;:&quot;5.6&quot;,&quot;credit&quot;:&quot;&quot;,&quot;camera&quot;:&quot;Canon EOS Rebel T6i&quot;,&quot;caption&quot;:&quot;&quot;,&quot;created_timestamp&quot;:&quot;1725983519&quot;,&quot;copyright&quot;:&quot;&quot;,&quot;focal_length&quot;:&quot;70&quot;,&quot;iso&quot;:&quot;800&quot;,&quot;shutter_speed&quot;:&quot;0.005&quot;,&quot;title&quot;:&quot;&quot;,&quot;orientation&quot;:&quot;0&quot;}\" data-image-title=\"IMG_8153\" data-image-description=\"\" data-image-caption=\"\" data-medium-file=\"https:\/\/www.legistdf.gob.ar\/wp-content\/uploads\/2024\/09\/IMG_8153-300x200.jpg\" data-large-file=\"https:\/\/www.legistdf.gob.ar\/wp-content\/uploads\/2024\/09\/IMG_8153-1024x683.jpg\" \/><\/a>\n\t\t\t<\/dt><\/dl><dl class='gallery-item'>\n\t\t\t<dt class='gallery-icon landscape'>\n\t\t\t\t<a href='https:\/\/www.legistdf.gob.ar\/index.php\/2024\/09\/10\/turismo-urquiza-destaco-el-trabajo-del-infuetur-junto-a-prestadores-privados-en-la-fiesta-nacional-del-invierno\/img_8161-2\/'><img loading=\"lazy\" decoding=\"async\" width=\"150\" height=\"150\" src=\"https:\/\/www.legistdf.gob.ar\/wp-content\/uploads\/2024\/09\/IMG_8161-150x150.jpg\" class=\"attachment-thumbnail size-thumbnail\" alt=\"\" srcset=\"https:\/\/www.legistdf.gob.ar\/wp-content\/uploads\/2024\/09\/IMG_8161-150x150.jpg 150w, https:\/\/www.legistdf.gob.ar\/wp-content\/uploads\/2024\/09\/IMG_8161-64x64.jpg 64w\" sizes=\"(max-width: 150px) 100vw, 150px\" data-attachment-id=\"43920\" data-permalink=\"https:\/\/www.legistdf.gob.ar\/index.php\/2024\/09\/10\/turismo-urquiza-destaco-el-trabajo-del-infuetur-junto-a-prestadores-privados-en-la-fiesta-nacional-del-invierno\/img_8161-2\/\" data-orig-file=\"https:\/\/www.legistdf.gob.ar\/wp-content\/uploads\/2024\/09\/IMG_8161.jpg\" data-orig-size=\"1500,1000\" data-comments-opened=\"0\" data-image-meta=\"{&quot;aperture&quot;:&quot;5.6&quot;,&quot;credit&quot;:&quot;&quot;,&quot;camera&quot;:&quot;Canon EOS Rebel T6i&quot;,&quot;caption&quot;:&quot;&quot;,&quot;created_timestamp&quot;:&quot;1725983615&quot;,&quot;copyright&quot;:&quot;&quot;,&quot;focal_length&quot;:&quot;24&quot;,&quot;iso&quot;:&quot;800&quot;,&quot;shutter_speed&quot;:&quot;0.005&quot;,&quot;title&quot;:&quot;&quot;,&quot;orientation&quot;:&quot;0&quot;}\" data-image-title=\"IMG_8161\" data-image-description=\"\" data-image-caption=\"\" data-medium-file=\"https:\/\/www.legistdf.gob.ar\/wp-content\/uploads\/2024\/09\/IMG_8161-300x200.jpg\" data-large-file=\"https:\/\/www.legistdf.gob.ar\/wp-content\/uploads\/2024\/09\/IMG_8161-1024x683.jpg\" \/><\/a>\n\t\t\t<\/dt><\/dl><br style=\"clear: both\" \/><dl class='gallery-item'>\n\t\t\t<dt class='gallery-icon landscape'>\n\t\t\t\t<a href='https:\/\/www.legistdf.gob.ar\/index.php\/2024\/09\/10\/turismo-urquiza-destaco-el-trabajo-del-infuetur-junto-a-prestadores-privados-en-la-fiesta-nacional-del-invierno\/img_8185-3\/'><img loading=\"lazy\" decoding=\"async\" width=\"150\" height=\"150\" src=\"https:\/\/www.legistdf.gob.ar\/wp-content\/uploads\/2024\/09\/IMG_8185-150x150.jpg\" class=\"attachment-thumbnail size-thumbnail\" alt=\"\" srcset=\"https:\/\/www.legistdf.gob.ar\/wp-content\/uploads\/2024\/09\/IMG_8185-150x150.jpg 150w, https:\/\/www.legistdf.gob.ar\/wp-content\/uploads\/2024\/09\/IMG_8185-64x64.jpg 64w\" sizes=\"(max-width: 150px) 100vw, 150px\" data-attachment-id=\"43921\" data-permalink=\"https:\/\/www.legistdf.gob.ar\/index.php\/2024\/09\/10\/turismo-urquiza-destaco-el-trabajo-del-infuetur-junto-a-prestadores-privados-en-la-fiesta-nacional-del-invierno\/img_8185-3\/\" data-orig-file=\"https:\/\/www.legistdf.gob.ar\/wp-content\/uploads\/2024\/09\/IMG_8185.jpg\" data-orig-size=\"1500,1000\" data-comments-opened=\"0\" data-image-meta=\"{&quot;aperture&quot;:&quot;5.6&quot;,&quot;credit&quot;:&quot;&quot;,&quot;camera&quot;:&quot;Canon EOS Rebel T6i&quot;,&quot;caption&quot;:&quot;&quot;,&quot;created_timestamp&quot;:&quot;1725983774&quot;,&quot;copyright&quot;:&quot;&quot;,&quot;focal_length&quot;:&quot;42&quot;,&quot;iso&quot;:&quot;800&quot;,&quot;shutter_speed&quot;:&quot;0.005&quot;,&quot;title&quot;:&quot;&quot;,&quot;orientation&quot;:&quot;0&quot;}\" data-image-title=\"IMG_8185\" data-image-description=\"\" data-image-caption=\"\" data-medium-file=\"https:\/\/www.legistdf.gob.ar\/wp-content\/uploads\/2024\/09\/IMG_8185-300x200.jpg\" data-large-file=\"https:\/\/www.legistdf.gob.ar\/wp-content\/uploads\/2024\/09\/IMG_8185-1024x683.jpg\" \/><\/a>\n\t\t\t<\/dt><\/dl><dl class='gallery-item'>\n\t\t\t<dt class='gallery-icon landscape'>\n\t\t\t\t<a href='https:\/\/www.legistdf.gob.ar\/index.php\/2024\/09\/10\/turismo-urquiza-destaco-el-trabajo-del-infuetur-junto-a-prestadores-privados-en-la-fiesta-nacional-del-invierno\/img_8206-2\/'><img loading=\"lazy\" decoding=\"async\" width=\"150\" height=\"150\" src=\"https:\/\/www.legistdf.gob.ar\/wp-content\/uploads\/2024\/09\/IMG_8206-150x150.jpg\" class=\"attachment-thumbnail size-thumbnail\" alt=\"\" srcset=\"https:\/\/www.legistdf.gob.ar\/wp-content\/uploads\/2024\/09\/IMG_8206-150x150.jpg 150w, https:\/\/www.legistdf.gob.ar\/wp-content\/uploads\/2024\/09\/IMG_8206-64x64.jpg 64w\" sizes=\"(max-width: 150px) 100vw, 150px\" data-attachment-id=\"43922\" data-permalink=\"https:\/\/www.legistdf.gob.ar\/index.php\/2024\/09\/10\/turismo-urquiza-destaco-el-trabajo-del-infuetur-junto-a-prestadores-privados-en-la-fiesta-nacional-del-invierno\/img_8206-2\/\" data-orig-file=\"https:\/\/www.legistdf.gob.ar\/wp-content\/uploads\/2024\/09\/IMG_8206.jpg\" data-orig-size=\"1500,1000\" data-comments-opened=\"0\" data-image-meta=\"{&quot;aperture&quot;:&quot;5.6&quot;,&quot;credit&quot;:&quot;&quot;,&quot;camera&quot;:&quot;Canon EOS Rebel T6i&quot;,&quot;caption&quot;:&quot;&quot;,&quot;created_timestamp&quot;:&quot;1725984085&quot;,&quot;copyright&quot;:&quot;&quot;,&quot;focal_length&quot;:&quot;24&quot;,&quot;iso&quot;:&quot;800&quot;,&quot;shutter_speed&quot;:&quot;0.005&quot;,&quot;title&quot;:&quot;&quot;,&quot;orientation&quot;:&quot;0&quot;}\" data-image-title=\"IMG_8206\" data-image-description=\"\" data-image-caption=\"\" data-medium-file=\"https:\/\/www.legistdf.gob.ar\/wp-content\/uploads\/2024\/09\/IMG_8206-300x200.jpg\" data-large-file=\"https:\/\/www.legistdf.gob.ar\/wp-content\/uploads\/2024\/09\/IMG_8206-1024x683.jpg\" \/><\/a>\n\t\t\t<\/dt><\/dl><dl class='gallery-item'>\n\t\t\t<dt class='gallery-icon landscape'>\n\t\t\t\t<a href='https:\/\/www.legistdf.gob.ar\/index.php\/2024\/09\/10\/turismo-urquiza-destaco-el-trabajo-del-infuetur-junto-a-prestadores-privados-en-la-fiesta-nacional-del-invierno\/img_8225-3\/'><img loading=\"lazy\" decoding=\"async\" width=\"150\" height=\"150\" src=\"https:\/\/www.legistdf.gob.ar\/wp-content\/uploads\/2024\/09\/IMG_8225-150x150.jpg\" class=\"attachment-thumbnail size-thumbnail\" alt=\"\" srcset=\"https:\/\/www.legistdf.gob.ar\/wp-content\/uploads\/2024\/09\/IMG_8225-150x150.jpg 150w, https:\/\/www.legistdf.gob.ar\/wp-content\/uploads\/2024\/09\/IMG_8225-64x64.jpg 64w\" sizes=\"(max-width: 150px) 100vw, 150px\" data-attachment-id=\"43924\" data-permalink=\"https:\/\/www.legistdf.gob.ar\/index.php\/2024\/09\/10\/turismo-urquiza-destaco-el-trabajo-del-infuetur-junto-a-prestadores-privados-en-la-fiesta-nacional-del-invierno\/img_8225-3\/\" data-orig-file=\"https:\/\/www.legistdf.gob.ar\/wp-content\/uploads\/2024\/09\/IMG_8225.jpg\" data-orig-size=\"1500,1000\" data-comments-opened=\"0\" data-image-meta=\"{&quot;aperture&quot;:&quot;5.6&quot;,&quot;credit&quot;:&quot;&quot;,&quot;camera&quot;:&quot;Canon EOS Rebel T6i&quot;,&quot;caption&quot;:&quot;&quot;,&quot;created_timestamp&quot;:&quot;1725984397&quot;,&quot;copyright&quot;:&quot;&quot;,&quot;focal_length&quot;:&quot;24&quot;,&quot;iso&quot;:&quot;1600&quot;,&quot;shutter_speed&quot;:&quot;0.005&quot;,&quot;title&quot;:&quot;&quot;,&quot;orientation&quot;:&quot;0&quot;}\" data-image-title=\"IMG_8225\" data-image-description=\"\" data-image-caption=\"\" data-medium-file=\"https:\/\/www.legistdf.gob.ar\/wp-content\/uploads\/2024\/09\/IMG_8225-300x200.jpg\" data-large-file=\"https:\/\/www.legistdf.gob.ar\/wp-content\/uploads\/2024\/09\/IMG_8225-1024x683.jpg\" \/><\/a>\n\t\t\t<\/dt><\/dl><dl class='gallery-item'>\n\t\t\t<dt class='gallery-icon landscape'>\n\t\t\t\t<a href='https:\/\/www.legistdf.gob.ar\/index.php\/2024\/09\/10\/turismo-urquiza-destaco-el-trabajo-del-infuetur-junto-a-prestadores-privados-en-la-fiesta-nacional-del-invierno\/img_8228-4\/'><img loading=\"lazy\" decoding=\"async\" width=\"150\" height=\"150\" src=\"https:\/\/www.legistdf.gob.ar\/wp-content\/uploads\/2024\/09\/IMG_8228-150x150.jpg\" class=\"attachment-thumbnail size-thumbnail\" alt=\"\" srcset=\"https:\/\/www.legistdf.gob.ar\/wp-content\/uploads\/2024\/09\/IMG_8228-150x150.jpg 150w, https:\/\/www.legistdf.gob.ar\/wp-content\/uploads\/2024\/09\/IMG_8228-64x64.jpg 64w\" sizes=\"(max-width: 150px) 100vw, 150px\" data-attachment-id=\"43925\" data-permalink=\"https:\/\/www.legistdf.gob.ar\/index.php\/2024\/09\/10\/turismo-urquiza-destaco-el-trabajo-del-infuetur-junto-a-prestadores-privados-en-la-fiesta-nacional-del-invierno\/img_8228-4\/\" data-orig-file=\"https:\/\/www.legistdf.gob.ar\/wp-content\/uploads\/2024\/09\/IMG_8228.jpg\" data-orig-size=\"1500,1000\" data-comments-opened=\"0\" data-image-meta=\"{&quot;aperture&quot;:&quot;5.6&quot;,&quot;credit&quot;:&quot;&quot;,&quot;camera&quot;:&quot;Canon EOS Rebel T6i&quot;,&quot;caption&quot;:&quot;&quot;,&quot;created_timestamp&quot;:&quot;1725984627&quot;,&quot;copyright&quot;:&quot;&quot;,&quot;focal_length&quot;:&quot;24&quot;,&quot;iso&quot;:&quot;1600&quot;,&quot;shutter_speed&quot;:&quot;0.005&quot;,&quot;title&quot;:&quot;&quot;,&quot;orientation&quot;:&quot;0&quot;}\" data-image-title=\"IMG_8228\" data-image-description=\"\" data-image-caption=\"\" data-medium-file=\"https:\/\/www.legistdf.gob.ar\/wp-content\/uploads\/2024\/09\/IMG_8228-300x200.jpg\" data-large-file=\"https:\/\/www.legistdf.gob.ar\/wp-content\/uploads\/2024\/09\/IMG_8228-1024x683.jpg\" \/><\/a>\n\t\t\t<\/dt><\/dl>\n\t\t\t<br style='clear: both' \/>\n\t\t<\/div>\n\n<p>&nbsp;<\/p>\n<p style=\"text-align: right\"><em><span style=\"font-family: arial, helvetica, sans-serif;font-size: 12pt\">ZV-NEGM<\/span><\/em><\/p>\n<p style=\"text-align: right\"><a href=\"https:\/\/drive.google.com\/drive\/folders\/1d5pd39fR3knVY3urMylqnivbdgzy0PsX\" target=\"_blank\" rel=\"noopener\"><em><span style=\"font-family: arial, helvetica, sans-serif;font-size: 12pt\">Galer\u00eda de im\u00e1genes<\/span><\/em><\/a><\/p>\n","protected":false},"excerpt":{"rendered":"<p>Ushuaia, martes 10 de septiembre de 2024.- \u201cLas y los invito a continuar en este camino: el del trabajo en conjunto entre el Estado y el privado. Destaco y agradezco el acompa\u00f1amiento en la segunda Fiesta Nacional del Invierno\u201d, dijo la vicegobernadora, en ejercicio del Poder Ejecutivo, M\u00f3nica Urquiza. La m\u00e1xima autoridad del Parlamento, junto [&hellip;]<\/p>\n","protected":false},"author":352,"featured_media":43924,"comment_status":"closed","ping_status":"closed","sticky":false,"template":"","format":"standard","meta":{"jetpack_post_was_ever_published":false,"_jetpack_newsletter_access":"","_jetpack_dont_email_post_to_subs":false,"_jetpack_newsletter_tier_id":0,"footnotes":"","jetpack_publicize_message":"","jetpack_publicize_feature_enabled":true,"jetpack_social_post_already_shared":true,"jetpack_social_options":{"image_generator_settings":{"template":"highway","enabled":false}}},"categories":[1],"tags":[1004,1905,3410,3379,473,144],"jetpack_publicize_connections":[],"jetpack_sharing_enabled":true,"jetpack_featured_media_url":"https:\/\/www.legistdf.gob.ar\/wp-content\/uploads\/2024\/09\/IMG_8225.jpg","jetpack-related-posts":[],"_links":{"self":[{"href":"https:\/\/www.legistdf.gob.ar\/index.php\/wp-json\/wp\/v2\/posts\/43915"}],"collection":[{"href":"https:\/\/www.legistdf.gob.ar\/index.php\/wp-json\/wp\/v2\/posts"}],"about":[{"href":"https:\/\/www.legistdf.gob.ar\/index.php\/wp-json\/wp\/v2\/types\/post"}],"author":[{"embeddable":true,"href":"https:\/\/www.legistdf.gob.ar\/index.php\/wp-json\/wp\/v2\/users\/352"}],"replies":[{"embeddable":true,"href":"https:\/\/www.legistdf.gob.ar\/index.php\/wp-json\/wp\/v2\/comments?post=43915"}],"version-history":[{"count":4,"href":"https:\/\/www.legistdf.gob.ar\/index.php\/wp-json\/wp\/v2\/posts\/43915\/revisions"}],"predecessor-version":[{"id":43930,"href":"https:\/\/www.legistdf.gob.ar\/index.php\/wp-json\/wp\/v2\/posts\/43915\/revisions\/43930"}],"wp:featuredmedia":[{"embeddable":true,"href":"https:\/\/www.legistdf.gob.ar\/index.php\/wp-json\/wp\/v2\/media\/43924"}],"wp:attachment":[{"href":"https:\/\/www.legistdf.gob.ar\/index.php\/wp-json\/wp\/v2\/media?parent=43915"}],"wp:term":[{"taxonomy":"category","embeddable":true,"href":"https:\/\/www.legistdf.gob.ar\/index.php\/wp-json\/wp\/v2\/categories?post=43915"},{"taxonomy":"post_tag","embeddable":true,"href":"https:\/\/www.legistdf.gob.ar\/index.php\/wp-json\/wp\/v2\/tags?post=43915"}],"curies":[{"name":"wp","href":"https:\/\/api.w.org\/{rel}","templated":true}]}}