{"id":43931,"date":"2024-09-11T13:40:05","date_gmt":"2024-09-11T16:40:05","guid":{"rendered":"https:\/\/www.legistdf.gob.ar\/?p=43931"},"modified":"2024-09-11T13:40:05","modified_gmt":"2024-09-11T16:40:05","slug":"legislatura-convocan-a-reunion-de-comisiones-de-legislacion-general-economia-y-salud-y-accion-social","status":"publish","type":"post","link":"https:\/\/www.legistdf.gob.ar\/index.php\/2024\/09\/11\/legislatura-convocan-a-reunion-de-comisiones-de-legislacion-general-economia-y-salud-y-accion-social\/","title":{"rendered":"LEGISLATURA: Convocan a reuni\u00f3n de Comisiones de Legislaci\u00f3n General, Econom\u00eda y Salud y Acci\u00f3n Social"},"content":{"rendered":"<p><span style=\"font-family: arial, helvetica, sans-serif;font-size: 14pt\"><strong>Ushuaia, mi\u00e9rcoles 11 de septiembre de 2024.- Las y los integrantes de las Comisiones de Legislaci\u00f3n General N\u00ba 1, de Econom\u00eda N\u00ba 2 y de Salud y Acci\u00f3n Social N\u00ba 5, a reunirse ma\u00f1ana a las 11, 14 y 15 h, respectivamente.<\/strong><\/span><\/p>\n<p>&nbsp;<\/p>\n<p><span style=\"font-family: arial, helvetica, sans-serif;font-size: 12pt\">En primer t\u00e9rmino las y los Legisladores que conforman parte de la Comisi\u00f3n de Legislaci\u00f3n General, N\u00b0 1, que preside Federico Greve (FORJA), se reunir\u00e1n para tratar el <a href=\"https:\/\/www.legistdf.gob.ar\/lp\/novedadesip\/Asuntos%20Entrados%202024\/As.%20N%BA%20318-24.pdf\" target=\"_blank\" rel=\"noopener\">asunto N\u00b0 318\/24<\/a> -bloque FORJA proyecto de Ley que crea el R\u00e9gimen provincial de Iniciativa Privada- a las 11 h. Cabe recordar que el tema viene siendo abordado en ese espacio y <a href=\"https:\/\/www.legistdf.gob.ar\/index.php\/2024\/09\/05\/legislacion-continua-el-debate-sobre-la-creacion-del-regimen-provincial-de-iniciativa-privada\/\" target=\"_blank\" rel=\"noopener\">la iniciativa cont\u00f3 con aportes brindados por profesionales vinculados al t\u00f3pico central.<\/a><\/span><\/p>\n<p>&nbsp;<\/p>\n<p><span style=\"font-family: arial, helvetica, sans-serif;font-size: 12pt\">Luego, ser\u00e1n las y los Parlamentarios que forman parte de la Comisi\u00f3n de Econom\u00eda N\u00ba 2, que preside Federico Sciurano (FORJA), quienes se reunir\u00e1n a las 14,\u00a0 para organizar la agenda de trabajo de este espacio.<\/span><\/p>\n<p>&nbsp;<\/p>\n<p><span style=\"font-family: arial, helvetica, sans-serif;font-size: 12pt\">Por \u00faltimo, a las 15 h se reunir\u00e1n los integrantes de la Comisi\u00f3n de Salud y Acci\u00f3n Social N\u00ba 5 que preside la legisladora de FORJA, Myriam Mart\u00ednez.<\/span><\/p>\n<p>&nbsp;<\/p>\n\n\t\t<style type=\"text\/css\">\n\t\t\t#gallery-1 {\n\t\t\t\tmargin: auto;\n\t\t\t}\n\t\t\t#gallery-1 .gallery-item {\n\t\t\t\tfloat: left;\n\t\t\t\tmargin-top: 10px;\n\t\t\t\ttext-align: center;\n\t\t\t\twidth: 33%;\n\t\t\t}\n\t\t\t#gallery-1 img {\n\t\t\t\tborder: 2px solid #cfcfcf;\n\t\t\t}\n\t\t\t#gallery-1 .gallery-caption {\n\t\t\t\tmargin-left: 0;\n\t\t\t}\n\t\t\t\/* see gallery_shortcode() in wp-includes\/media.php *\/\n\t\t<\/style>\n\t\t<div data-carousel-extra='{\"blog_id\":1,\"permalink\":\"https:\\\/\\\/www.legistdf.gob.ar\\\/index.php\\\/2024\\\/09\\\/11\\\/legislatura-convocan-a-reunion-de-comisiones-de-legislacion-general-economia-y-salud-y-accion-social\\\/\"}' id='gallery-1' class='gallery galleryid-43931 gallery-columns-3 gallery-size-thumbnail'><dl class='gallery-item'>\n\t\t\t<dt class='gallery-icon landscape'>\n\t\t\t\t<a href='https:\/\/www.legistdf.gob.ar\/index.php\/2024\/08\/13\/legislacion-inicio-el-debate-sobre-la-creacion-del-regimen-provincial-de-iniciativa-privada\/img_7252-3\/'><img loading=\"lazy\" decoding=\"async\" width=\"150\" height=\"150\" src=\"https:\/\/www.legistdf.gob.ar\/wp-content\/uploads\/2024\/08\/IMG_7252-150x150.jpg\" class=\"attachment-thumbnail size-thumbnail\" alt=\"\" srcset=\"https:\/\/www.legistdf.gob.ar\/wp-content\/uploads\/2024\/08\/IMG_7252-150x150.jpg 150w, https:\/\/www.legistdf.gob.ar\/wp-content\/uploads\/2024\/08\/IMG_7252-64x64.jpg 64w\" sizes=\"(max-width: 150px) 100vw, 150px\" data-attachment-id=\"43686\" data-permalink=\"https:\/\/www.legistdf.gob.ar\/index.php\/2024\/08\/13\/legislacion-inicio-el-debate-sobre-la-creacion-del-regimen-provincial-de-iniciativa-privada\/img_7252-3\/\" data-orig-file=\"https:\/\/www.legistdf.gob.ar\/wp-content\/uploads\/2024\/08\/IMG_7252.jpg\" data-orig-size=\"1500,1000\" data-comments-opened=\"0\" data-image-meta=\"{&quot;aperture&quot;:&quot;5.6&quot;,&quot;credit&quot;:&quot;&quot;,&quot;camera&quot;:&quot;Canon EOS Rebel T6i&quot;,&quot;caption&quot;:&quot;&quot;,&quot;created_timestamp&quot;:&quot;1723552894&quot;,&quot;copyright&quot;:&quot;&quot;,&quot;focal_length&quot;:&quot;63&quot;,&quot;iso&quot;:&quot;1600&quot;,&quot;shutter_speed&quot;:&quot;0.005&quot;,&quot;title&quot;:&quot;&quot;,&quot;orientation&quot;:&quot;0&quot;}\" data-image-title=\"IMG_7252\" data-image-description=\"\" data-image-caption=\"\" data-medium-file=\"https:\/\/www.legistdf.gob.ar\/wp-content\/uploads\/2024\/08\/IMG_7252-300x200.jpg\" data-large-file=\"https:\/\/www.legistdf.gob.ar\/wp-content\/uploads\/2024\/08\/IMG_7252-1024x683.jpg\" \/><\/a>\n\t\t\t<\/dt><\/dl><dl class='gallery-item'>\n\t\t\t<dt class='gallery-icon landscape'>\n\t\t\t\t<a href='https:\/\/www.legistdf.gob.ar\/index.php\/2024\/08\/22\/legislacion-incentivos-para-inversiones-privadas-y-participacion-de-juventudes-en-agenda-parlamentaria\/img_7429\/'><img loading=\"lazy\" decoding=\"async\" width=\"150\" height=\"150\" src=\"https:\/\/www.legistdf.gob.ar\/wp-content\/uploads\/2024\/08\/IMG_7429-150x150.jpg\" class=\"attachment-thumbnail size-thumbnail\" alt=\"\" srcset=\"https:\/\/www.legistdf.gob.ar\/wp-content\/uploads\/2024\/08\/IMG_7429-150x150.jpg 150w, https:\/\/www.legistdf.gob.ar\/wp-content\/uploads\/2024\/08\/IMG_7429-64x64.jpg 64w\" sizes=\"(max-width: 150px) 100vw, 150px\" data-attachment-id=\"43777\" data-permalink=\"https:\/\/www.legistdf.gob.ar\/index.php\/2024\/08\/22\/legislacion-incentivos-para-inversiones-privadas-y-participacion-de-juventudes-en-agenda-parlamentaria\/img_7429\/\" data-orig-file=\"https:\/\/www.legistdf.gob.ar\/wp-content\/uploads\/2024\/08\/IMG_7429.jpg\" data-orig-size=\"1500,1000\" data-comments-opened=\"0\" data-image-meta=\"{&quot;aperture&quot;:&quot;5.6&quot;,&quot;credit&quot;:&quot;&quot;,&quot;camera&quot;:&quot;Canon EOS Rebel T6i&quot;,&quot;caption&quot;:&quot;&quot;,&quot;created_timestamp&quot;:&quot;1724257946&quot;,&quot;copyright&quot;:&quot;&quot;,&quot;focal_length&quot;:&quot;28&quot;,&quot;iso&quot;:&quot;800&quot;,&quot;shutter_speed&quot;:&quot;0.00625&quot;,&quot;title&quot;:&quot;&quot;,&quot;orientation&quot;:&quot;0&quot;}\" data-image-title=\"IMG_7429\" data-image-description=\"\" data-image-caption=\"\" data-medium-file=\"https:\/\/www.legistdf.gob.ar\/wp-content\/uploads\/2024\/08\/IMG_7429-300x200.jpg\" data-large-file=\"https:\/\/www.legistdf.gob.ar\/wp-content\/uploads\/2024\/08\/IMG_7429-1024x683.jpg\" \/><\/a>\n\t\t\t<\/dt><\/dl><dl class='gallery-item'>\n\t\t\t<dt class='gallery-icon landscape'>\n\t\t\t\t<a href='https:\/\/www.legistdf.gob.ar\/index.php\/2024\/08\/22\/economia-dictamen-para-el-regimen-especial-de-presentacion-espontanea-y-regularizacion-de-deudas\/img_7537-4\/'><img loading=\"lazy\" decoding=\"async\" width=\"150\" height=\"150\" src=\"https:\/\/www.legistdf.gob.ar\/wp-content\/uploads\/2024\/08\/IMG_7537-150x150.jpg\" class=\"attachment-thumbnail size-thumbnail\" alt=\"\" srcset=\"https:\/\/www.legistdf.gob.ar\/wp-content\/uploads\/2024\/08\/IMG_7537-150x150.jpg 150w, https:\/\/www.legistdf.gob.ar\/wp-content\/uploads\/2024\/08\/IMG_7537-64x64.jpg 64w\" sizes=\"(max-width: 150px) 100vw, 150px\" data-attachment-id=\"43801\" data-permalink=\"https:\/\/www.legistdf.gob.ar\/index.php\/2024\/08\/22\/economia-dictamen-para-el-regimen-especial-de-presentacion-espontanea-y-regularizacion-de-deudas\/img_7537-4\/\" data-orig-file=\"https:\/\/www.legistdf.gob.ar\/wp-content\/uploads\/2024\/08\/IMG_7537.jpg\" data-orig-size=\"1500,1000\" data-comments-opened=\"0\" data-image-meta=\"{&quot;aperture&quot;:&quot;5.6&quot;,&quot;credit&quot;:&quot;&quot;,&quot;camera&quot;:&quot;Canon EOS Rebel T6i&quot;,&quot;caption&quot;:&quot;&quot;,&quot;created_timestamp&quot;:&quot;1724331235&quot;,&quot;copyright&quot;:&quot;&quot;,&quot;focal_length&quot;:&quot;35&quot;,&quot;iso&quot;:&quot;1600&quot;,&quot;shutter_speed&quot;:&quot;0.005&quot;,&quot;title&quot;:&quot;&quot;,&quot;orientation&quot;:&quot;0&quot;}\" data-image-title=\"IMG_7537\" data-image-description=\"\" data-image-caption=\"\" data-medium-file=\"https:\/\/www.legistdf.gob.ar\/wp-content\/uploads\/2024\/08\/IMG_7537-300x200.jpg\" data-large-file=\"https:\/\/www.legistdf.gob.ar\/wp-content\/uploads\/2024\/08\/IMG_7537-1024x683.jpg\" \/><\/a>\n\t\t\t<\/dt><\/dl><br style=\"clear: both\" \/>\n\t\t<\/div>\n\n<p>&nbsp;<\/p>\n<p style=\"text-align: right\"><em><span style=\"font-family: arial, helvetica, sans-serif;font-size: 12pt\">AH-ZV<\/span><\/em><\/p>\n","protected":false},"excerpt":{"rendered":"<p>Ushuaia, mi\u00e9rcoles 11 de septiembre de 2024.- Las y los integrantes de las Comisiones de Legislaci\u00f3n General N\u00ba 1, de Econom\u00eda N\u00ba 2 y de Salud y Acci\u00f3n Social N\u00ba 5, a reunirse ma\u00f1ana a las 11, 14 y 15 h, respectivamente. &nbsp; En primer t\u00e9rmino las y los Legisladores que conforman parte de la [&hellip;]<\/p>\n","protected":false},"author":352,"featured_media":42549,"comment_status":"closed","ping_status":"closed","sticky":false,"template":"","format":"standard","meta":{"jetpack_post_was_ever_published":false,"_jetpack_newsletter_access":"","_jetpack_dont_email_post_to_subs":false,"_jetpack_newsletter_tier_id":0,"footnotes":"","jetpack_publicize_message":"","jetpack_publicize_feature_enabled":true,"jetpack_social_post_already_shared":true,"jetpack_social_options":{"image_generator_settings":{"template":"highway","enabled":false}}},"categories":[1],"tags":[3140,84,315,1816,1824,85,82,48],"jetpack_publicize_connections":[],"jetpack_sharing_enabled":true,"jetpack_featured_media_url":"https:\/\/www.legistdf.gob.ar\/wp-content\/uploads\/2024\/04\/DSC_6100-A.jpg","jetpack-related-posts":[],"_links":{"self":[{"href":"https:\/\/www.legistdf.gob.ar\/index.php\/wp-json\/wp\/v2\/posts\/43931"}],"collection":[{"href":"https:\/\/www.legistdf.gob.ar\/index.php\/wp-json\/wp\/v2\/posts"}],"about":[{"href":"https:\/\/www.legistdf.gob.ar\/index.php\/wp-json\/wp\/v2\/types\/post"}],"author":[{"embeddable":true,"href":"https:\/\/www.legistdf.gob.ar\/index.php\/wp-json\/wp\/v2\/users\/352"}],"replies":[{"embeddable":true,"href":"https:\/\/www.legistdf.gob.ar\/index.php\/wp-json\/wp\/v2\/comments?post=43931"}],"version-history":[{"count":1,"href":"https:\/\/www.legistdf.gob.ar\/index.php\/wp-json\/wp\/v2\/posts\/43931\/revisions"}],"predecessor-version":[{"id":43932,"href":"https:\/\/www.legistdf.gob.ar\/index.php\/wp-json\/wp\/v2\/posts\/43931\/revisions\/43932"}],"wp:featuredmedia":[{"embeddable":true,"href":"https:\/\/www.legistdf.gob.ar\/index.php\/wp-json\/wp\/v2\/media\/42549"}],"wp:attachment":[{"href":"https:\/\/www.legistdf.gob.ar\/index.php\/wp-json\/wp\/v2\/media?parent=43931"}],"wp:term":[{"taxonomy":"category","embeddable":true,"href":"https:\/\/www.legistdf.gob.ar\/index.php\/wp-json\/wp\/v2\/categories?post=43931"},{"taxonomy":"post_tag","embeddable":true,"href":"https:\/\/www.legistdf.gob.ar\/index.php\/wp-json\/wp\/v2\/tags?post=43931"}],"curies":[{"name":"wp","href":"https:\/\/api.w.org\/{rel}","templated":true}]}}