{"id":44090,"date":"2024-09-19T15:17:16","date_gmt":"2024-09-19T18:17:16","guid":{"rendered":"https:\/\/www.legistdf.gob.ar\/?p=44090"},"modified":"2024-09-19T15:17:16","modified_gmt":"2024-09-19T18:17:16","slug":"sesion-se-busca-que-las-juventudes-participen-activamente-de-la-vida-politica-dijo-vuoto","status":"publish","type":"post","link":"https:\/\/www.legistdf.gob.ar\/index.php\/2024\/09\/19\/sesion-se-busca-que-las-juventudes-participen-activamente-de-la-vida-politica-dijo-vuoto\/","title":{"rendered":"SESI\u00d3N: \u201cSe busca que las juventudes participen activamente de la vida pol\u00edtica\u201d, dijo Vuoto"},"content":{"rendered":"<p><span style=\"font-family: arial, helvetica, sans-serif;font-size: 14pt\"><strong>Ushuaia, jueves 19 de septiembre de 2024.- Con el voto de las y los Legisladores de los distintos bloques pol\u00edticos, se sancion\u00f3 la <a href=\"https:\/\/www.legistdf.gob.ar\/lp\/novedadesip\/Asuntos%20Entrados%202024\/As.%20N%BA%20402-24.pdf\" target=\"_blank\" rel=\"noopener\">iniciativa presentada<\/a> por la referente del PJ, Mar\u00eda Victoria Vuoto, denominada \u201cJ\u00f3venes Legislando\u201d. \u201cEste programa es una herramienta fundamental para promover el ingreso de las juventudes a la vida pol\u00edtica institucional y a la pr\u00e1ctica legislativa\u201d, sostuvo la Legisladora.<a href=\"https:\/\/www.legistdf.gob.ar\/wp-content\/uploads\/2024\/09\/IMG_5789.jpg\"><img loading=\"lazy\" decoding=\"async\" data-attachment-id=\"44025\" data-permalink=\"https:\/\/www.legistdf.gob.ar\/index.php\/2024\/09\/19\/galeria-imagenes-de-la-5a-sesion-ordinaria\/img_5789-2\/\" data-orig-file=\"https:\/\/www.legistdf.gob.ar\/wp-content\/uploads\/2024\/09\/IMG_5789.jpg\" data-orig-size=\"1500,1000\" data-comments-opened=\"0\" data-image-meta=\"{&quot;aperture&quot;:&quot;5.6&quot;,&quot;credit&quot;:&quot;&quot;,&quot;camera&quot;:&quot;Canon EOS 6D&quot;,&quot;caption&quot;:&quot;&quot;,&quot;created_timestamp&quot;:&quot;1726746197&quot;,&quot;copyright&quot;:&quot;&quot;,&quot;focal_length&quot;:&quot;50&quot;,&quot;iso&quot;:&quot;1000&quot;,&quot;shutter_speed&quot;:&quot;0.0055555555555556&quot;,&quot;title&quot;:&quot;&quot;,&quot;orientation&quot;:&quot;0&quot;}\" data-image-title=\"IMG_5789\" data-image-description=\"\" data-image-caption=\"\" data-medium-file=\"https:\/\/www.legistdf.gob.ar\/wp-content\/uploads\/2024\/09\/IMG_5789-300x200.jpg\" data-large-file=\"https:\/\/www.legistdf.gob.ar\/wp-content\/uploads\/2024\/09\/IMG_5789-1024x683.jpg\" class=\"alignright wp-image-44025 size-medium\" src=\"https:\/\/www.legistdf.gob.ar\/wp-content\/uploads\/2024\/09\/IMG_5789-300x200.jpg\" alt=\"\" width=\"300\" height=\"200\" srcset=\"https:\/\/www.legistdf.gob.ar\/wp-content\/uploads\/2024\/09\/IMG_5789-300x200.jpg 300w, https:\/\/www.legistdf.gob.ar\/wp-content\/uploads\/2024\/09\/IMG_5789-1024x683.jpg 1024w, https:\/\/www.legistdf.gob.ar\/wp-content\/uploads\/2024\/09\/IMG_5789-768x512.jpg 768w, https:\/\/www.legistdf.gob.ar\/wp-content\/uploads\/2024\/09\/IMG_5789-160x107.jpg 160w, https:\/\/www.legistdf.gob.ar\/wp-content\/uploads\/2024\/09\/IMG_5789.jpg 1500w\" sizes=\"(max-width: 300px) 100vw, 300px\" \/><\/a><\/strong><\/span><\/p>\n<p><span style=\"font-family: arial, helvetica, sans-serif;font-size: 12pt\">\u00a0\u00a0<\/span><\/p>\n<p><span style=\"font-family: arial, helvetica, sans-serif;font-size: 12pt\">Hay que recordar que el proyecto de Ley adquiri\u00f3 estado parlamentario en 2022 y fue debatida en las Comisiones de Educaci\u00f3n N\u00ba 4 y de Legislaci\u00f3n General N\u00ba 1. Dada la tem\u00e1tica, se convoc\u00f3 oportunamente a integrantes de centros de estudiantes, alumnas y alumnos de distintos colegios como as\u00ed tambi\u00e9n a funcionarios del \u00e1rea de juventudes de la Administraci\u00f3n Central.<\/span><\/p>\n<p>&nbsp;<\/p>\n<p><span style=\"font-family: arial, helvetica, sans-serif;font-size: 12pt\">Por su parte, Vuoto dijo que \u201cse busca que las y los j\u00f3venes, que forman parte de las generaciones de gobernantes del futuro, participen de acciones que las y los se motiven a una conciencia responsable como sujetos activos de las instituciones de la Provincia\u201d, explic\u00f3.<\/span><\/p>\n<p>&nbsp;<\/p>\n<div id=\"attachment_44091\" style=\"width: 310px\" class=\"wp-caption alignleft\"><a href=\"https:\/\/www.legistdf.gob.ar\/wp-content\/uploads\/2024\/09\/IMG_8477.jpg\"><img loading=\"lazy\" decoding=\"async\" aria-describedby=\"caption-attachment-44091\" data-attachment-id=\"44091\" data-permalink=\"https:\/\/www.legistdf.gob.ar\/index.php\/2024\/09\/19\/sesion-se-busca-que-las-juventudes-participen-activamente-de-la-vida-politica-dijo-vuoto\/img_8477-5\/\" data-orig-file=\"https:\/\/www.legistdf.gob.ar\/wp-content\/uploads\/2024\/09\/IMG_8477.jpg\" data-orig-size=\"1500,1000\" data-comments-opened=\"0\" data-image-meta=\"{&quot;aperture&quot;:&quot;2.8&quot;,&quot;credit&quot;:&quot;&quot;,&quot;camera&quot;:&quot;Canon EOS 6D&quot;,&quot;caption&quot;:&quot;&quot;,&quot;created_timestamp&quot;:&quot;1694518814&quot;,&quot;copyright&quot;:&quot;&quot;,&quot;focal_length&quot;:&quot;24&quot;,&quot;iso&quot;:&quot;250&quot;,&quot;shutter_speed&quot;:&quot;0.00625&quot;,&quot;title&quot;:&quot;&quot;,&quot;orientation&quot;:&quot;0&quot;}\" data-image-title=\"IMG_8477\" data-image-description=\"\" data-image-caption=\"\" data-medium-file=\"https:\/\/www.legistdf.gob.ar\/wp-content\/uploads\/2024\/09\/IMG_8477-300x200.jpg\" data-large-file=\"https:\/\/www.legistdf.gob.ar\/wp-content\/uploads\/2024\/09\/IMG_8477-1024x683.jpg\" class=\"wp-image-44091 size-medium\" src=\"https:\/\/www.legistdf.gob.ar\/wp-content\/uploads\/2024\/09\/IMG_8477-300x200.jpg\" alt=\"\" width=\"300\" height=\"200\" srcset=\"https:\/\/www.legistdf.gob.ar\/wp-content\/uploads\/2024\/09\/IMG_8477-300x200.jpg 300w, https:\/\/www.legistdf.gob.ar\/wp-content\/uploads\/2024\/09\/IMG_8477-1024x683.jpg 1024w, https:\/\/www.legistdf.gob.ar\/wp-content\/uploads\/2024\/09\/IMG_8477-768x512.jpg 768w, https:\/\/www.legistdf.gob.ar\/wp-content\/uploads\/2024\/09\/IMG_8477-160x107.jpg 160w, https:\/\/www.legistdf.gob.ar\/wp-content\/uploads\/2024\/09\/IMG_8477.jpg 1500w\" sizes=\"(max-width: 300px) 100vw, 300px\" \/><\/a><p id=\"caption-attachment-44091\" class=\"wp-caption-text\">fotograf\u00eda de archivo<\/p><\/div>\n<p><span style=\"font-family: arial, helvetica, sans-serif;font-size: 12pt\">Adem\u00e1s consider\u00f3 que \u201ceste programa es una herramienta fundamental para promover el ingreso a la vida pol\u00edtica institucional y a la pr\u00e1ctica legislativa, afianzando los principios de la misma, fortaleciendo la autonom\u00eda de las y los j\u00f3venes respecto de los derechos y deberes como ciudadanos\u201d, narr\u00f3 la referente del Partido Justicialista.<\/span><\/p>\n<p>&nbsp;<\/p>\n<p><span style=\"font-family: arial, helvetica, sans-serif;font-size: 12pt\">Desde el bloque de FORJA, el legislador Federico Greve, indic\u00f3 que el objetivo es incluir a los j\u00f3venes en todo lo referido a la materia legislativa, con la posibilidad de que \u201clos y las chicas puedan participar no solamente de las Comisiones y Sesiones, sino que logren presentar un proyecto de Ley de su inter\u00e9s y que ingrese a la C\u00e1mara como asunto de particulares\u201d.<\/span><\/p>\n<p>&nbsp;<\/p>\n<p><span style=\"font-family: arial, helvetica, sans-serif;font-size: 12pt\">Por otro lado, la normativa espec\u00edfica la creaci\u00f3n de la Direcci\u00f3n de Parlamento Joven que elaborar\u00e1 y articular\u00e1 las acciones de promoci\u00f3n para el Programa en coordinaci\u00f3n con las instituciones educativas de nivel secundario de la Provincia. Finalmente, desde ambos bloques expresaron el trabajo de la Secretar\u00eda de Juventudes de la Provincia.\u00a0<\/span><\/p>\n<p>&nbsp;<\/p>\n\n\t\t<style type=\"text\/css\">\n\t\t\t#gallery-1 {\n\t\t\t\tmargin: auto;\n\t\t\t}\n\t\t\t#gallery-1 .gallery-item {\n\t\t\t\tfloat: left;\n\t\t\t\tmargin-top: 10px;\n\t\t\t\ttext-align: center;\n\t\t\t\twidth: 33%;\n\t\t\t}\n\t\t\t#gallery-1 img {\n\t\t\t\tborder: 2px solid #cfcfcf;\n\t\t\t}\n\t\t\t#gallery-1 .gallery-caption {\n\t\t\t\tmargin-left: 0;\n\t\t\t}\n\t\t\t\/* see gallery_shortcode() in wp-includes\/media.php *\/\n\t\t<\/style>\n\t\t<div data-carousel-extra='{\"blog_id\":1,\"permalink\":\"https:\\\/\\\/www.legistdf.gob.ar\\\/index.php\\\/2024\\\/09\\\/19\\\/sesion-se-busca-que-las-juventudes-participen-activamente-de-la-vida-politica-dijo-vuoto\\\/\"}' id='gallery-1' class='gallery galleryid-44090 gallery-columns-3 gallery-size-thumbnail'><dl class='gallery-item'>\n\t\t\t<dt class='gallery-icon landscape'>\n\t\t\t\t<a href='https:\/\/www.legistdf.gob.ar\/index.php\/2024\/09\/19\/galeria-imagenes-de-la-5a-sesion-ordinaria\/img_8247-3\/'><img loading=\"lazy\" decoding=\"async\" width=\"150\" height=\"150\" src=\"https:\/\/www.legistdf.gob.ar\/wp-content\/uploads\/2024\/09\/IMG_8247-1-150x150.jpg\" class=\"attachment-thumbnail size-thumbnail\" alt=\"\" srcset=\"https:\/\/www.legistdf.gob.ar\/wp-content\/uploads\/2024\/09\/IMG_8247-1-150x150.jpg 150w, https:\/\/www.legistdf.gob.ar\/wp-content\/uploads\/2024\/09\/IMG_8247-1-64x64.jpg 64w\" sizes=\"(max-width: 150px) 100vw, 150px\" data-attachment-id=\"44085\" data-permalink=\"https:\/\/www.legistdf.gob.ar\/index.php\/2024\/09\/19\/galeria-imagenes-de-la-5a-sesion-ordinaria\/img_8247-3\/\" data-orig-file=\"https:\/\/www.legistdf.gob.ar\/wp-content\/uploads\/2024\/09\/IMG_8247-1.jpg\" data-orig-size=\"1500,1000\" data-comments-opened=\"0\" data-image-meta=\"{&quot;aperture&quot;:&quot;5.6&quot;,&quot;credit&quot;:&quot;&quot;,&quot;camera&quot;:&quot;Canon EOS Rebel T6i&quot;,&quot;caption&quot;:&quot;&quot;,&quot;created_timestamp&quot;:&quot;1726750488&quot;,&quot;copyright&quot;:&quot;&quot;,&quot;focal_length&quot;:&quot;10&quot;,&quot;iso&quot;:&quot;1600&quot;,&quot;shutter_speed&quot;:&quot;0.005&quot;,&quot;title&quot;:&quot;&quot;,&quot;orientation&quot;:&quot;0&quot;}\" data-image-title=\"IMG_8247\" data-image-description=\"\" data-image-caption=\"\" data-medium-file=\"https:\/\/www.legistdf.gob.ar\/wp-content\/uploads\/2024\/09\/IMG_8247-1-300x200.jpg\" data-large-file=\"https:\/\/www.legistdf.gob.ar\/wp-content\/uploads\/2024\/09\/IMG_8247-1-1024x683.jpg\" \/><\/a>\n\t\t\t<\/dt><\/dl><dl class='gallery-item'>\n\t\t\t<dt class='gallery-icon landscape'>\n\t\t\t\t<a href='https:\/\/www.legistdf.gob.ar\/index.php\/2024\/09\/19\/galeria-imagenes-de-la-5a-sesion-ordinaria\/img_5789-2\/'><img loading=\"lazy\" decoding=\"async\" width=\"150\" height=\"150\" src=\"https:\/\/www.legistdf.gob.ar\/wp-content\/uploads\/2024\/09\/IMG_5789-150x150.jpg\" class=\"attachment-thumbnail size-thumbnail\" alt=\"\" srcset=\"https:\/\/www.legistdf.gob.ar\/wp-content\/uploads\/2024\/09\/IMG_5789-150x150.jpg 150w, https:\/\/www.legistdf.gob.ar\/wp-content\/uploads\/2024\/09\/IMG_5789-64x64.jpg 64w\" sizes=\"(max-width: 150px) 100vw, 150px\" data-attachment-id=\"44025\" data-permalink=\"https:\/\/www.legistdf.gob.ar\/index.php\/2024\/09\/19\/galeria-imagenes-de-la-5a-sesion-ordinaria\/img_5789-2\/\" data-orig-file=\"https:\/\/www.legistdf.gob.ar\/wp-content\/uploads\/2024\/09\/IMG_5789.jpg\" data-orig-size=\"1500,1000\" data-comments-opened=\"0\" data-image-meta=\"{&quot;aperture&quot;:&quot;5.6&quot;,&quot;credit&quot;:&quot;&quot;,&quot;camera&quot;:&quot;Canon EOS 6D&quot;,&quot;caption&quot;:&quot;&quot;,&quot;created_timestamp&quot;:&quot;1726746197&quot;,&quot;copyright&quot;:&quot;&quot;,&quot;focal_length&quot;:&quot;50&quot;,&quot;iso&quot;:&quot;1000&quot;,&quot;shutter_speed&quot;:&quot;0.0055555555555556&quot;,&quot;title&quot;:&quot;&quot;,&quot;orientation&quot;:&quot;0&quot;}\" data-image-title=\"IMG_5789\" data-image-description=\"\" data-image-caption=\"\" data-medium-file=\"https:\/\/www.legistdf.gob.ar\/wp-content\/uploads\/2024\/09\/IMG_5789-300x200.jpg\" data-large-file=\"https:\/\/www.legistdf.gob.ar\/wp-content\/uploads\/2024\/09\/IMG_5789-1024x683.jpg\" \/><\/a>\n\t\t\t<\/dt><\/dl><dl class='gallery-item'>\n\t\t\t<dt class='gallery-icon landscape'>\n\t\t\t\t<a href='https:\/\/www.legistdf.gob.ar\/index.php\/2024\/09\/19\/sesion-se-busca-que-las-juventudes-participen-activamente-de-la-vida-politica-dijo-vuoto\/img_8477-5\/'><img loading=\"lazy\" decoding=\"async\" width=\"150\" height=\"150\" src=\"https:\/\/www.legistdf.gob.ar\/wp-content\/uploads\/2024\/09\/IMG_8477-150x150.jpg\" class=\"attachment-thumbnail size-thumbnail\" alt=\"\" srcset=\"https:\/\/www.legistdf.gob.ar\/wp-content\/uploads\/2024\/09\/IMG_8477-150x150.jpg 150w, https:\/\/www.legistdf.gob.ar\/wp-content\/uploads\/2024\/09\/IMG_8477-64x64.jpg 64w\" sizes=\"(max-width: 150px) 100vw, 150px\" data-attachment-id=\"44091\" data-permalink=\"https:\/\/www.legistdf.gob.ar\/index.php\/2024\/09\/19\/sesion-se-busca-que-las-juventudes-participen-activamente-de-la-vida-politica-dijo-vuoto\/img_8477-5\/\" data-orig-file=\"https:\/\/www.legistdf.gob.ar\/wp-content\/uploads\/2024\/09\/IMG_8477.jpg\" data-orig-size=\"1500,1000\" data-comments-opened=\"0\" data-image-meta=\"{&quot;aperture&quot;:&quot;2.8&quot;,&quot;credit&quot;:&quot;&quot;,&quot;camera&quot;:&quot;Canon EOS 6D&quot;,&quot;caption&quot;:&quot;&quot;,&quot;created_timestamp&quot;:&quot;1694518814&quot;,&quot;copyright&quot;:&quot;&quot;,&quot;focal_length&quot;:&quot;24&quot;,&quot;iso&quot;:&quot;250&quot;,&quot;shutter_speed&quot;:&quot;0.00625&quot;,&quot;title&quot;:&quot;&quot;,&quot;orientation&quot;:&quot;0&quot;}\" data-image-title=\"IMG_8477\" data-image-description=\"\" data-image-caption=\"\" data-medium-file=\"https:\/\/www.legistdf.gob.ar\/wp-content\/uploads\/2024\/09\/IMG_8477-300x200.jpg\" data-large-file=\"https:\/\/www.legistdf.gob.ar\/wp-content\/uploads\/2024\/09\/IMG_8477-1024x683.jpg\" \/><\/a>\n\t\t\t<\/dt><\/dl><br style=\"clear: both\" \/>\n\t\t<\/div>\n\n<p>&nbsp;<\/p>\n<p style=\"text-align: right\"><em><span style=\"font-family: arial, helvetica, sans-serif;font-size: 12pt\">ZV-NEGM<\/span><\/em><\/p>\n<p style=\"text-align: right\"><a href=\"https:\/\/www.legistdf.gob.ar\/index.php\/2024\/09\/19\/galeria-imagenes-de-la-5a-sesion-ordinaria\/\" target=\"_blank\" rel=\"noopener\"><span style=\"font-size: 12pt;font-family: arial, helvetica, sans-serif\"><em>Galer\u00eda de im\u00e1genes<\/em><\/span><\/a><\/p>\n","protected":false},"excerpt":{"rendered":"<p>Ushuaia, jueves 19 de septiembre de 2024.- Con el voto de las y los Legisladores de los distintos bloques pol\u00edticos, se sancion\u00f3 la iniciativa presentada por la referente del PJ, Mar\u00eda Victoria Vuoto, denominada \u201cJ\u00f3venes Legislando\u201d. \u201cEste programa es una herramienta fundamental para promover el ingreso de las juventudes a la vida pol\u00edtica institucional y [&hellip;]<\/p>\n","protected":false},"author":352,"featured_media":44091,"comment_status":"closed","ping_status":"closed","sticky":false,"template":"","format":"standard","meta":{"jetpack_post_was_ever_published":false,"_jetpack_newsletter_access":"","_jetpack_dont_email_post_to_subs":false,"_jetpack_newsletter_tier_id":0,"footnotes":"","jetpack_publicize_message":"","jetpack_publicize_feature_enabled":true,"jetpack_social_post_already_shared":true,"jetpack_social_options":{"image_generator_settings":{"template":"highway","enabled":false}}},"categories":[1],"tags":[341,3051,2168],"jetpack_publicize_connections":[],"jetpack_sharing_enabled":true,"jetpack_featured_media_url":"https:\/\/www.legistdf.gob.ar\/wp-content\/uploads\/2024\/09\/IMG_8477.jpg","jetpack-related-posts":[],"_links":{"self":[{"href":"https:\/\/www.legistdf.gob.ar\/index.php\/wp-json\/wp\/v2\/posts\/44090"}],"collection":[{"href":"https:\/\/www.legistdf.gob.ar\/index.php\/wp-json\/wp\/v2\/posts"}],"about":[{"href":"https:\/\/www.legistdf.gob.ar\/index.php\/wp-json\/wp\/v2\/types\/post"}],"author":[{"embeddable":true,"href":"https:\/\/www.legistdf.gob.ar\/index.php\/wp-json\/wp\/v2\/users\/352"}],"replies":[{"embeddable":true,"href":"https:\/\/www.legistdf.gob.ar\/index.php\/wp-json\/wp\/v2\/comments?post=44090"}],"version-history":[{"count":1,"href":"https:\/\/www.legistdf.gob.ar\/index.php\/wp-json\/wp\/v2\/posts\/44090\/revisions"}],"predecessor-version":[{"id":44092,"href":"https:\/\/www.legistdf.gob.ar\/index.php\/wp-json\/wp\/v2\/posts\/44090\/revisions\/44092"}],"wp:featuredmedia":[{"embeddable":true,"href":"https:\/\/www.legistdf.gob.ar\/index.php\/wp-json\/wp\/v2\/media\/44091"}],"wp:attachment":[{"href":"https:\/\/www.legistdf.gob.ar\/index.php\/wp-json\/wp\/v2\/media?parent=44090"}],"wp:term":[{"taxonomy":"category","embeddable":true,"href":"https:\/\/www.legistdf.gob.ar\/index.php\/wp-json\/wp\/v2\/categories?post=44090"},{"taxonomy":"post_tag","embeddable":true,"href":"https:\/\/www.legistdf.gob.ar\/index.php\/wp-json\/wp\/v2\/tags?post=44090"}],"curies":[{"name":"wp","href":"https:\/\/api.w.org\/{rel}","templated":true}]}}